{"id":1572,"date":"2023-10-16T17:15:20","date_gmt":"2023-10-16T15:15:20","guid":{"rendered":"https:\/\/www.espace-ombrage.com\/blog\/?p=1572"},"modified":"2025-10-06T14:51:32","modified_gmt":"2025-10-06T12:51:32","slug":"quel-type-de-mat-pour-une-toile-tendue","status":"publish","type":"post","link":"https:\/\/www.espace-ombrage.com\/blog\/quel-type-de-mat-pour-une-toile-tendue\/","title":{"rendered":"Quel type de m\u00e2t pour une toile tendue ?"},"content":{"rendered":"\t\t<div data-elementor-type=\"wp-post\" data-elementor-id=\"1572\" class=\"elementor elementor-1572\" data-elementor-post-type=\"post\">\n\t\t\t\t\t\t<section class=\"elementor-section elementor-top-section elementor-element elementor-element-264ae524 elementor-section-full_width elementor-section-content-bottom elementor-hidden-tablet elementor-section-height-default elementor-section-height-default\" data-id=\"264ae524\" data-element_type=\"section\">\n\t\t\t\t\t\t<div class=\"elementor-container elementor-column-gap-narrow\">\n\t\t\t\t\t<div class=\"elementor-column elementor-col-50 elementor-top-column elementor-element elementor-element-fccf8e5\" data-id=\"fccf8e5\" data-element_type=\"column\" data-settings=\"{&quot;background_background&quot;:&quot;classic&quot;}\">\n\t\t\t<div class=\"elementor-widget-wrap elementor-element-populated\">\n\t\t\t\t\t\t<div class=\"elementor-element elementor-element-4b2ff838 elementor-widget__width-initial elementor-widget elementor-widget-heading\" data-id=\"4b2ff838\" data-element_type=\"widget\" data-widget_type=\"heading.default\">\n\t\t\t\t<div class=\"elementor-widget-container\">\n\t\t\t\t\t<h1 class=\"elementor-heading-title elementor-size-default\">Quel type de m\u00e2t pour une toile tendue ?<\/h1>\t\t\t\t<\/div>\n\t\t\t\t<\/div>\n\t\t\t\t\t<\/div>\n\t\t<\/div>\n\t\t\t\t<div class=\"elementor-column elementor-col-25 elementor-top-column elementor-element elementor-element-399c9ad\" data-id=\"399c9ad\" data-element_type=\"column\">\n\t\t\t<div class=\"elementor-widget-wrap elementor-element-populated\">\n\t\t\t\t\t\t<div class=\"elementor-element elementor-element-4bca0a35 elementor-hidden-tablet elementor-hidden-mobile elementor-widget elementor-widget-image\" data-id=\"4bca0a35\" data-element_type=\"widget\" data-widget_type=\"image.default\">\n\t\t\t\t<div class=\"elementor-widget-container\">\n\t\t\t\t\t\t\t\t\t\t\t\t\t\t\t<img fetchpriority=\"high\" decoding=\"async\" width=\"1180\" height=\"700\" src=\"https:\/\/www.espace-ombrage.com\/blog\/wp-content\/uploads\/2022\/07\/coloris-poteau-toile-ombrage.png\" class=\"attachment-full size-full wp-image-160\" alt=\"Les 3 coloris disponibles de piquet de toile ombrage chez Espace Ombrage\" srcset=\"https:\/\/www.espace-ombrage.com\/blog\/wp-content\/uploads\/2022\/07\/coloris-poteau-toile-ombrage.png 1180w, https:\/\/www.espace-ombrage.com\/blog\/wp-content\/uploads\/2022\/07\/coloris-poteau-toile-ombrage-300x178.png 300w, https:\/\/www.espace-ombrage.com\/blog\/wp-content\/uploads\/2022\/07\/coloris-poteau-toile-ombrage-1024x607.png 1024w, https:\/\/www.espace-ombrage.com\/blog\/wp-content\/uploads\/2022\/07\/coloris-poteau-toile-ombrage-768x456.png 768w\" sizes=\"(max-width: 1180px) 100vw, 1180px\" \/>\t\t\t\t\t\t\t\t\t\t\t\t\t\t\t<\/div>\n\t\t\t\t<\/div>\n\t\t\t\t\t<\/div>\n\t\t<\/div>\n\t\t\t\t<div class=\"elementor-column elementor-col-25 elementor-top-column elementor-element elementor-element-6b018590\" data-id=\"6b018590\" data-element_type=\"column\">\n\t\t\t<div class=\"elementor-widget-wrap elementor-element-populated\">\n\t\t\t\t\t\t<div class=\"elementor-element elementor-element-6c38ef92 elementor-widget-mobile__width-initial animated-slow elementor-widget-tablet__width-initial elementor-invisible elementor-widget elementor-widget-spacer\" data-id=\"6c38ef92\" data-element_type=\"widget\" data-settings=\"{&quot;_animation&quot;:&quot;fadeInRight&quot;}\" data-widget_type=\"spacer.default\">\n\t\t\t\t<div class=\"elementor-widget-container\">\n\t\t\t\t\t\t\t<div class=\"elementor-spacer\">\n\t\t\t<div class=\"elementor-spacer-inner\"><\/div>\n\t\t<\/div>\n\t\t\t\t\t\t<\/div>\n\t\t\t\t<\/div>\n\t\t\t\t\t<\/div>\n\t\t<\/div>\n\t\t\t\t\t<\/div>\n\t\t<\/section>\n\t\t\t\t<section class=\"elementor-section elementor-top-section elementor-element elementor-element-647d5c5a elementor-section-boxed elementor-section-height-default elementor-section-height-default elementor-invisible\" data-id=\"647d5c5a\" data-element_type=\"section\" data-settings=\"{&quot;animation&quot;:&quot;fadeIn&quot;}\">\n\t\t\t\t\t\t<div class=\"elementor-container elementor-column-gap-default\">\n\t\t\t\t\t<div class=\"elementor-column elementor-col-100 elementor-top-column elementor-element elementor-element-50fd5275\" data-id=\"50fd5275\" data-element_type=\"column\">\n\t\t\t<div class=\"elementor-widget-wrap elementor-element-populated\">\n\t\t\t\t\t\t<div class=\"elementor-element elementor-element-4ac89457 elementor-widget__width-initial elementor-widget elementor-widget-text-editor\" data-id=\"4ac89457\" data-element_type=\"widget\" data-widget_type=\"text-editor.default\">\n\t\t\t\t<div class=\"elementor-widget-container\">\n\t\t\t\t\t\t\t\t\t<p>Les\u00a0<strong>mats pour voile ombrage<\/strong> sont essentiels pour assurer une installation solide et durable de votre voile d&rsquo;ombrage. Disponibles chez Espace Ombrage,<span style=\"text-decoration: underline;\"> <a href=\"https:\/\/www.espace-ombrage.com\/blog\/pourquoi-choisir-le-mat-espace-ombrage\/\" target=\"_blank\" rel=\"noopener\">les poteaux en aluminium recycl\u00e9<\/a><\/span>\u00a0d\u2019un seul tenant se d\u00e9clinent en plusieurs options d&#8217;embase, notamment \u00e0 sceller, \u00e0 visser, en platines murales ou \u00e0 lester. Ils sont propos\u00e9s en diff\u00e9rentes tailles pour convenir \u00e0 vos besoins, que ce soit en\u00a0version classique\u00a0de 2,60 m hors-sol ou en\u00a0version XL avec 3 m hors-sol (uniquement pour les mod\u00e8les \u00e0 visser ou \u00e0 fixer avec des platines murales). Ces piquets sont con\u00e7us pour garantir une stabilit\u00e9 optimale \u00e0 vos toiles solaires lors de leur mise en tension.<\/p>\t\t\t\t\t\t\t\t<\/div>\n\t\t\t\t<\/div>\n\t\t\t\t<div class=\"elementor-element elementor-element-6981c03b elementor-align-center elementor-widget elementor-widget-button\" data-id=\"6981c03b\" data-element_type=\"widget\" data-widget_type=\"button.default\">\n\t\t\t\t<div class=\"elementor-widget-container\">\n\t\t\t\t\t\t\t\t\t<div class=\"elementor-button-wrapper\">\n\t\t\t\t\t<a class=\"elementor-button elementor-button-link elementor-size-sm\" href=\"https:\/\/www.espace-ombrage.com\/fr\/mats-et-accessoires\/10-mat-reglable-pour-voile-d-ombrage.html\" target=\"_blank\">\n\t\t\t\t\t\t<span class=\"elementor-button-content-wrapper\">\n\t\t\t\t\t\t\t\t\t<span class=\"elementor-button-text\">Je veux mon mat pour voile d'ombrage<\/span>\n\t\t\t\t\t<\/span>\n\t\t\t\t\t<\/a>\n\t\t\t\t<\/div>\n\t\t\t\t\t\t\t\t<\/div>\n\t\t\t\t<\/div>\n\t\t\t\t\t<\/div>\n\t\t<\/div>\n\t\t\t\t\t<\/div>\n\t\t<\/section>\n\t\t\t\t<section class=\"elementor-section elementor-top-section elementor-element elementor-element-14eefc74 elementor-section-full_width elementor-reverse-tablet elementor-reverse-mobile elementor-section-height-default elementor-section-height-default elementor-invisible\" data-id=\"14eefc74\" data-element_type=\"section\" data-settings=\"{&quot;background_background&quot;:&quot;gradient&quot;,&quot;animation&quot;:&quot;fadeIn&quot;}\">\n\t\t\t\t\t\t<div class=\"elementor-container elementor-column-gap-no\">\n\t\t\t\t\t<div class=\"elementor-column elementor-col-50 elementor-top-column elementor-element elementor-element-78b1db35\" data-id=\"78b1db35\" data-element_type=\"column\">\n\t\t\t<div class=\"elementor-widget-wrap elementor-element-populated\">\n\t\t\t\t\t\t<div class=\"elementor-element elementor-element-3562f9bd elementor-widget elementor-widget-heading\" data-id=\"3562f9bd\" data-element_type=\"widget\" data-widget_type=\"heading.default\">\n\t\t\t\t<div class=\"elementor-widget-container\">\n\t\t\t\t\t<h2 class=\"elementor-heading-title elementor-size-default\">Quel m\u00e2t pour voile d\u2019ombrage choisir selon son environnement ?<\/h2>\t\t\t\t<\/div>\n\t\t\t\t<\/div>\n\t\t\t\t<div class=\"elementor-element elementor-element-646c02c7 elementor-widget elementor-widget-text-editor\" data-id=\"646c02c7\" data-element_type=\"widget\" data-widget_type=\"text-editor.default\">\n\t\t\t\t<div class=\"elementor-widget-container\">\n\t\t\t\t\t\t\t\t\t<span style=\"text-decoration: underline;\"><strong><a href=\"https:\/\/www.espace-ombrage.com\/fr\/3-voile-d-ombrage\" target=\"_blank\" rel=\"noopener\">Les toiles tendues<\/a><\/strong><\/span>\u00a0sont habituellement fix\u00e9es avec une ou plusieurs accroches murales et sur des <strong>piquets pour voiles d\u2019ombrage<\/strong>. Ces derniers peuvent \u00eatre en diff\u00e9rents mat\u00e9riaux comme l\u2019acier, le bois ou l\u2019aluminium. Si vous souhaitez un m\u00e2t de qualit\u00e9, nous vous conseillons de choisir un poteau en aluminium qui tiendra dans le temps.\n\nChez<span style=\"text-decoration: underline;\"><a href=\"https:\/\/www.espace-ombrage.com\/fr\/\" target=\"_blank\" rel=\"noopener\">\u00a0Espace Ombrage,<\/a><\/span>\u00a0nous vous proposons des m\u00e2ts r\u00e9glables en hauteur. Ils sont disponibles en 3 coloris, le brun pour un look naturel et discret, l&rsquo;anthracite qui rappelle les huisseries, sols et toitures, et enfin l\u2019aluminium pour un aspect marin sur votre terrasse.\n\nSelon son environnement, il faut \u00e9galement s\u00e9lectionner le type d\u2019embase pour le piquet, voici un petit tour des diff\u00e9rentes options disponibles :\t\t\t\t\t\t\t\t<\/div>\n\t\t\t\t<\/div>\n\t\t\t\t<div class=\"elementor-element elementor-element-20b94745 elementor-widget elementor-widget-heading\" data-id=\"20b94745\" data-element_type=\"widget\" data-widget_type=\"heading.default\">\n\t\t\t\t<div class=\"elementor-widget-container\">\n\t\t\t\t\t<h3 class=\"elementor-heading-title elementor-size-default\">Le piquet pour toile d\u2019ombrage \u00e0 sceller<\/h3>\t\t\t\t<\/div>\n\t\t\t\t<\/div>\n\t\t\t\t<div class=\"elementor-element elementor-element-3b550900 elementor-widget elementor-widget-text-editor\" data-id=\"3b550900\" data-element_type=\"widget\" data-widget_type=\"text-editor.default\">\n\t\t\t\t<div class=\"elementor-widget-container\">\n\t\t\t\t\t\t\t\t\t<p><span style=\"text-align: inherit;\"><strong>L\u2019embase \u00e0 sceller <\/strong><strong>pour<\/strong><strong> un mat r\u00e9glabl<\/strong><strong>e<\/strong> est la solution la plus r\u00e9sistante et la plus esth\u00e9tique pour un poteau de toile d\u2019ombrage. Il s\u2019enfile dans un fourreau en PVC qui lui est scell\u00e9 dans un massif b\u00e9ton. Un renfort de 100cm s\u2019enfile \u00e0 l\u2019int\u00e9rieur et vient renforcer le mat. L\u2019avantage de cette version est que le m\u00e2t peut se retirer dans sa totalit\u00e9 en hiver.<\/span><\/p>\n<p>Gr\u00e2ce \u00e0 son fourreau droit d\u2019un c\u00f4t\u00e9 et biseaut\u00e9 de l\u2019autre, vous aurez la possibilit\u00e9 d\u2019incliner ou non votre piquet \u00e0 82\u00b0. L\u2019inclinaison donne un c\u00f4t\u00e9 dynamique \u00e0 l&rsquo;installation, augmente la zone d\u2019ombrage et lui donne une meilleure r\u00e9sistance (+8%). Rassurez-vous le m\u00e2t est \u00e9galement pens\u00e9 pour r\u00e9sister aux forces de traction lorsqu\u2019il est positionn\u00e9 de fa\u00e7on verticale.<\/p>\t\t\t\t\t\t\t\t<\/div>\n\t\t\t\t<\/div>\n\t\t\t\t\t<\/div>\n\t\t<\/div>\n\t\t\t\t<div class=\"elementor-column elementor-col-50 elementor-top-column elementor-element elementor-element-a8d315d\" data-id=\"a8d315d\" data-element_type=\"column\" data-settings=\"{&quot;background_background&quot;:&quot;classic&quot;}\">\n\t\t\t<div class=\"elementor-widget-wrap elementor-element-populated\">\n\t\t\t\t\t\t<div class=\"elementor-element elementor-element-1d8cc49d elementor-widget-mobile__width-initial elementor-widget elementor-widget-spacer\" data-id=\"1d8cc49d\" data-element_type=\"widget\" data-widget_type=\"spacer.default\">\n\t\t\t\t<div class=\"elementor-widget-container\">\n\t\t\t\t\t\t\t<div class=\"elementor-spacer\">\n\t\t\t<div class=\"elementor-spacer-inner\"><\/div>\n\t\t<\/div>\n\t\t\t\t\t\t<\/div>\n\t\t\t\t<\/div>\n\t\t\t\t\t<\/div>\n\t\t<\/div>\n\t\t\t\t\t<\/div>\n\t\t<\/section>\n\t\t\t\t<section class=\"elementor-section elementor-top-section elementor-element elementor-element-5560bf7a elementor-section-full_width elementor-section-height-default elementor-section-height-default elementor-invisible\" data-id=\"5560bf7a\" data-element_type=\"section\" data-settings=\"{&quot;animation&quot;:&quot;fadeIn&quot;}\">\n\t\t\t\t\t\t<div class=\"elementor-container elementor-column-gap-no\">\n\t\t\t\t\t<div class=\"elementor-column elementor-col-50 elementor-top-column elementor-element elementor-element-1274cc3c elementor-hidden-tablet elementor-hidden-mobile\" data-id=\"1274cc3c\" data-element_type=\"column\" data-settings=\"{&quot;background_background&quot;:&quot;classic&quot;}\">\n\t\t\t<div class=\"elementor-widget-wrap elementor-element-populated\">\n\t\t\t\t\t\t<div class=\"elementor-element elementor-element-67b61c91 elementor-widget elementor-widget-image\" data-id=\"67b61c91\" data-element_type=\"widget\" data-widget_type=\"image.default\">\n\t\t\t\t<div class=\"elementor-widget-container\">\n\t\t\t\t\t\t\t\t\t\t\t\t\t\t\t<img decoding=\"async\" width=\"1080\" height=\"1080\" src=\"https:\/\/www.espace-ombrage.com\/blog\/wp-content\/uploads\/2024\/07\/voile-ombrage-colorees.png\" class=\"attachment-full size-full wp-image-3972\" alt=\"Voiles ombrage imperm\u00e9ables color\u00e9es au bord d\u2019une piscine\" srcset=\"https:\/\/www.espace-ombrage.com\/blog\/wp-content\/uploads\/2024\/07\/voile-ombrage-colorees.png 1080w, https:\/\/www.espace-ombrage.com\/blog\/wp-content\/uploads\/2024\/07\/voile-ombrage-colorees-300x300.png 300w, https:\/\/www.espace-ombrage.com\/blog\/wp-content\/uploads\/2024\/07\/voile-ombrage-colorees-1024x1024.png 1024w, https:\/\/www.espace-ombrage.com\/blog\/wp-content\/uploads\/2024\/07\/voile-ombrage-colorees-150x150.png 150w, https:\/\/www.espace-ombrage.com\/blog\/wp-content\/uploads\/2024\/07\/voile-ombrage-colorees-768x768.png 768w\" sizes=\"(max-width: 1080px) 100vw, 1080px\" \/>\t\t\t\t\t\t\t\t\t\t\t\t\t\t\t<\/div>\n\t\t\t\t<\/div>\n\t\t\t\t\t<\/div>\n\t\t<\/div>\n\t\t\t\t<div class=\"elementor-column elementor-col-50 elementor-top-column elementor-element elementor-element-44e67fe0\" data-id=\"44e67fe0\" data-element_type=\"column\">\n\t\t\t<div class=\"elementor-widget-wrap elementor-element-populated\">\n\t\t\t\t\t\t<div class=\"elementor-element elementor-element-5842fe48 elementor-widget elementor-widget-heading\" data-id=\"5842fe48\" data-element_type=\"widget\" data-widget_type=\"heading.default\">\n\t\t\t\t<div class=\"elementor-widget-container\">\n\t\t\t\t\t<h3 class=\"elementor-heading-title elementor-size-default\">Le poteau \u00e0 visser pour voile de jardin<\/h3>\t\t\t\t<\/div>\n\t\t\t\t<\/div>\n\t\t\t\t<div class=\"elementor-element elementor-element-15d8f787 elementor-widget elementor-widget-text-editor\" data-id=\"15d8f787\" data-element_type=\"widget\" data-widget_type=\"text-editor.default\">\n\t\t\t\t<div class=\"elementor-widget-container\">\n\t\t\t\t\t\t\t\t\t<p>L&rsquo;utilisation d&rsquo;un <strong>mat r\u00e9glable \u00e0 visser<\/strong> est l&rsquo;une des premi\u00e8res options envisag\u00e9es pour installer une voile d&rsquo;ombrage en raison de sa facilit\u00e9 d&rsquo;installation. C&rsquo;est la solution id\u00e9ale lorsque vous ne pouvez pas creuser dans le sol pour faire un plot b\u00e9ton, il s\u2019adapte sur une terrasse en b\u00e9ton ou en bois (\u00e0 condition de de se fixer aux poutres de structure de la terrasse). Vous avez le choix entre deux types de base (inclin\u00e9e \u00e0 82\u00b0 ou bien droite \u00e0 90\u00b0) pour personnaliser votre installation et votre espace ext\u00e9rieur.<\/p>\t\t\t\t\t\t\t\t<\/div>\n\t\t\t\t<\/div>\n\t\t\t\t<div class=\"elementor-element elementor-element-6acc1dc elementor-widget elementor-widget-heading\" data-id=\"6acc1dc\" data-element_type=\"widget\" data-widget_type=\"heading.default\">\n\t\t\t\t<div class=\"elementor-widget-container\">\n\t\t\t\t\t<h3 class=\"elementor-heading-title elementor-size-default\">Le mat de voile d\u2019ombrage avec une option afin de fixer sans percer<\/h3>\t\t\t\t<\/div>\n\t\t\t\t<\/div>\n\t\t\t\t<div class=\"elementor-element elementor-element-971c052 elementor-widget elementor-widget-text-editor\" data-id=\"971c052\" data-element_type=\"widget\" data-widget_type=\"text-editor.default\">\n\t\t\t\t<div class=\"elementor-widget-container\">\n\t\t\t\t\t\t\t\t\t<p>Dans des situations sp\u00e9cifiques o\u00f9 <a href=\"https:\/\/www.espace-ombrage.com\/blog\/comment-fixer-une-voile-dombrage-sans-percer\/\" target=\"_blank\" rel=\"noopener\"><span style=\"text-decoration: underline;\">la fixation au sol ou au mur n&rsquo;est pas possible<\/span><\/a>, comme dans le cas d\u2019une location, d\u2019un toit-terrasses, ou d\u2019un lieu public, Espace Ombrage propose des<strong>\u00a0<span style=\"text-decoration: underline;\"><a href=\"https:\/\/www.espace-ombrage.com\/fr\/mats-et-accessoires\/6811-support-pour-lest-en-acier-galvanise.html\" target=\"_blank\" rel=\"noopener\">supports \u00e0 lester<\/a><\/span><\/strong>, en acier galvanis\u00e9. Vous pouvez ainsi fixer votre piquet \u00e0 visser sur ce support, qui est maintenu en place par des dalles de b\u00e9ton (16 \u00e0 20 dalles de 25kg). Ce syst\u00e8me \u00e9limine ainsi le besoin de percer des trous et peut \u00eatre facilement mis en beaut\u00e9 en cr\u00e9ant un coffrage.<\/p>\t\t\t\t\t\t\t\t<\/div>\n\t\t\t\t<\/div>\n\t\t\t\t<div class=\"elementor-element elementor-element-4cca1d4 elementor-widget elementor-widget-heading\" data-id=\"4cca1d4\" data-element_type=\"widget\" data-widget_type=\"heading.default\">\n\t\t\t\t<div class=\"elementor-widget-container\">\n\t\t\t\t\t<h3 class=\"elementor-heading-title elementor-size-default\">Le mat de voile d\u2019ombrage avec une option afin de fixer sans percer<\/h3>\t\t\t\t<\/div>\n\t\t\t\t<\/div>\n\t\t\t\t<div class=\"elementor-element elementor-element-de4e409 elementor-widget elementor-widget-text-editor\" data-id=\"de4e409\" data-element_type=\"widget\" data-widget_type=\"text-editor.default\">\n\t\t\t\t<div class=\"elementor-widget-container\">\n\t\t\t\t\t\t\t\t\t<p>Si vous n\u2019avez pas la possibilit\u00e9 de percer votre sol, que ce soit <a href=\"https:\/\/www.espace-ombrage.com\/fr\/faq\/faqs\/preserver-l-etancheite-de-sa-terrasse\" target=\"_blank\" rel=\"noopener\"><span style=\"text-decoration: underline;\">\u00e0 cause de l\u2019\u00e9tanch\u00e9it\u00e9 en place<\/span><\/a> ou tout simplement parce que vous ne voulez pas vous emb\u00eater \u00e0 percer votre sol, le mat \u00e0 platines murales est la solution parfaite pour pallier \u00e0 vos contraintes. En effet, ce syst\u00e8me peut se fixer sur un muret de 70 cm au minimum (\u00e9cart n\u00e9cessaire entre les deux platines pour assurer sa viabilit\u00e9). Sur ces platines il y a des anneaux, dans lesquels vous ins\u00e9rerez le poteau. Les platines sont orientables afin de positionner le mat <span style=\"text-decoration: underline;\">face aux axes de tension des toiles d\u2019ombrage<\/span>.\u00a0<\/p>\t\t\t\t\t\t\t\t<\/div>\n\t\t\t\t<\/div>\n\t\t\t\t\t<\/div>\n\t\t<\/div>\n\t\t\t\t\t<\/div>\n\t\t<\/section>\n\t\t\t\t<section class=\"elementor-section elementor-top-section elementor-element elementor-element-74bb6dd5 elementor-section-full_width elementor-section-height-default elementor-section-height-default elementor-invisible\" data-id=\"74bb6dd5\" data-element_type=\"section\" data-settings=\"{&quot;animation&quot;:&quot;fadeIn&quot;,&quot;background_background&quot;:&quot;classic&quot;}\">\n\t\t\t\t\t\t<div class=\"elementor-container elementor-column-gap-no\">\n\t\t\t\t\t<div class=\"elementor-column elementor-col-50 elementor-top-column elementor-element elementor-element-7669f897\" data-id=\"7669f897\" data-element_type=\"column\">\n\t\t\t<div class=\"elementor-widget-wrap elementor-element-populated\">\n\t\t\t\t\t\t<div class=\"elementor-element elementor-element-11ac7fdd elementor-widget elementor-widget-heading\" data-id=\"11ac7fdd\" data-element_type=\"widget\" data-widget_type=\"heading.default\">\n\t\t\t\t<div class=\"elementor-widget-container\">\n\t\t\t\t\t<h2 class=\"elementor-heading-title elementor-size-default\">Pourquoi choisir un mat pour fixer ses voiles d\u2019ombrage ?<\/h2>\t\t\t\t<\/div>\n\t\t\t\t<\/div>\n\t\t\t\t<div class=\"elementor-element elementor-element-71927b95 elementor-widget elementor-widget-text-editor\" data-id=\"71927b95\" data-element_type=\"widget\" data-widget_type=\"text-editor.default\">\n\t\t\t\t<div class=\"elementor-widget-container\">\n\t\t\t\t\t\t\t\t\t<p style=\"font-size: 16px; text-align: left;\">Le <strong><a href=\"https:\/\/www.espace-ombrage.com\/fr\/14-mats-et-accessoires\" target=\"_blank\" rel=\"noopener\"><span style=\"text-decoration: underline;\">piquet pour voile d&rsquo;ombrage<\/span><\/a>\u00a0<\/strong>pr\u00e9sente divers avantages pour ombrager votre espace ext\u00e9rieur :\u00a0<\/p>\n<ul>\n<li>Tout d&rsquo;abord, il vous offre la possibilit\u00e9 de r\u00e9gler la hauteur de votre voile facilement et rapidement. Nos poteaux Espace Ombrage se distinguent par leur practicit\u00e9, permettant un ajustement simple de la hauteur de fixation de votre toile gr\u00e2ce au syst\u00e8me de <a href=\"https:\/\/www.espace-ombrage.com\/fr\/mats-et-accessoires\/14-coulisse-pour-mat-reglable.html\" target=\"_blank\" rel=\"noopener\"><span style=\"text-decoration: underline;\">coulisse<\/span><\/a>. Vous r\u00e9glerez ainsi la hauteur de votre voile en fonction de la hauteur du soleil (id\u00e9al pour les d\u00e9buts et fins de journ\u00e9e).<\/li>\n<li>Une installation bien tendue garantit une bonne r\u00e9sistance de vos voiles avec moins de prise au vent<\/li>\n<li>Sa version \u00e0 sceller est amovible l\u2019hiver<\/li>\n<li>Enfin, d\u2019un point de vue esth\u00e9tique, le poteau pour voile d&rsquo;ombrage peut mettre en valeur votre ext\u00e9rieur avec un c\u00f4t\u00e9 dynamique et design. Selon son coloris, il contribuera \u00e0 l\u2019ambiance sur votre terrasse : ambiance maritime, nature ou tendance.<\/li>\n<\/ul>\t\t\t\t\t\t\t\t<\/div>\n\t\t\t\t<\/div>\n\t\t\t\t\t<\/div>\n\t\t<\/div>\n\t\t\t\t<div class=\"elementor-column elementor-col-50 elementor-top-column elementor-element elementor-element-47090be1 elementor-hidden-tablet elementor-hidden-mobile\" data-id=\"47090be1\" data-element_type=\"column\" data-settings=\"{&quot;background_background&quot;:&quot;classic&quot;}\">\n\t\t\t<div class=\"elementor-widget-wrap elementor-element-populated\">\n\t\t\t\t\t\t<div class=\"elementor-element elementor-element-7e1d9147 elementor-widget elementor-widget-image\" data-id=\"7e1d9147\" data-element_type=\"widget\" data-widget_type=\"image.default\">\n\t\t\t\t<div class=\"elementor-widget-container\">\n\t\t\t\t\t\t\t\t\t\t\t\t\t\t\t<img decoding=\"async\" width=\"1080\" height=\"1080\" src=\"https:\/\/www.espace-ombrage.com\/blog\/wp-content\/uploads\/2024\/03\/voile-solaire-bien-orientee.png\" class=\"attachment-full size-full wp-image-3587\" alt=\"Une voile d\u2019ombrage de protection jardin\" srcset=\"https:\/\/www.espace-ombrage.com\/blog\/wp-content\/uploads\/2024\/03\/voile-solaire-bien-orientee.png 1080w, https:\/\/www.espace-ombrage.com\/blog\/wp-content\/uploads\/2024\/03\/voile-solaire-bien-orientee-300x300.png 300w, https:\/\/www.espace-ombrage.com\/blog\/wp-content\/uploads\/2024\/03\/voile-solaire-bien-orientee-1024x1024.png 1024w, https:\/\/www.espace-ombrage.com\/blog\/wp-content\/uploads\/2024\/03\/voile-solaire-bien-orientee-150x150.png 150w, https:\/\/www.espace-ombrage.com\/blog\/wp-content\/uploads\/2024\/03\/voile-solaire-bien-orientee-768x768.png 768w\" sizes=\"(max-width: 1080px) 100vw, 1080px\" \/>\t\t\t\t\t\t\t\t\t\t\t\t\t\t\t<\/div>\n\t\t\t\t<\/div>\n\t\t\t\t\t<\/div>\n\t\t<\/div>\n\t\t\t\t\t<\/div>\n\t\t<\/section>\n\t\t\t\t<section class=\"elementor-section elementor-top-section elementor-element elementor-element-f927933 elementor-section-full_width elementor-section-height-default elementor-section-height-default elementor-invisible\" data-id=\"f927933\" data-element_type=\"section\" data-settings=\"{&quot;animation&quot;:&quot;fadeIn&quot;,&quot;background_background&quot;:&quot;classic&quot;}\">\n\t\t\t\t\t\t<div class=\"elementor-container elementor-column-gap-no\">\n\t\t\t\t\t<div class=\"elementor-column elementor-col-100 elementor-top-column elementor-element elementor-element-4291f437\" data-id=\"4291f437\" data-element_type=\"column\">\n\t\t\t<div class=\"elementor-widget-wrap elementor-element-populated\">\n\t\t\t\t\t\t<div class=\"elementor-element elementor-element-74708fbd elementor-widget elementor-widget-heading\" data-id=\"74708fbd\" data-element_type=\"widget\" data-widget_type=\"heading.default\">\n\t\t\t\t<div class=\"elementor-widget-container\">\n\t\t\t\t\t<h2 class=\"elementor-heading-title elementor-size-default\">L\u2019installation d\u2019un poteau pour voile d\u2019ombrage<\/h2>\t\t\t\t<\/div>\n\t\t\t\t<\/div>\n\t\t\t\t<div class=\"elementor-element elementor-element-7e04119a elementor-widget elementor-widget-text-editor\" data-id=\"7e04119a\" data-element_type=\"widget\" data-widget_type=\"text-editor.default\">\n\t\t\t\t<div class=\"elementor-widget-container\">\n\t\t\t\t\t\t\t\t\t<p>En fonction du mod\u00e8le d&#8217;embase que vous avez s\u00e9lectionn\u00e9, la proc\u00e9dure d&rsquo;installation du <a href=\"https:\/\/www.espace-ombrage.com\/fr\/22-kit-mat-poteau-pour-voile-d-ombrage\" target=\"_blank\" rel=\"noopener\"><span style=\"text-decoration: underline;\"><strong>m\u00e2t pour voile ombrage<\/strong><\/span><\/a> sera diff\u00e9rente.<\/p>\n<p>Pour une embase \u00e0 sceller, vous devez pr\u00e9voir un trou de dimensions 40 x 40 x 80 cm dans lequel vous coulerez du b\u00e9ton autour du fourreau pr\u00e9vu \u00e0 cet effet. Vous aurez le choix d&rsquo;incliner ou de maintenir le piquet droit en fonction de la position de l&rsquo;une ou l&rsquo;autre extr\u00e9mit\u00e9 du fourreau : pour l&rsquo;inclinaison, placez la partie biseaut\u00e9e vers le haut, au ras du sol. Pour une installation droite, positionnez la partie droite vers le haut.<\/p>\n<p><iframe title=\"YouTube video player\" src=\"https:\/\/www.youtube.com\/embed\/X53e4MIn0_0?si=GuAOGeiVphS6e_Jq\" width=\"560\" height=\"315\" frameborder=\"0\" allowfullscreen=\"allowfullscreen\"><\/iframe><\/p>\n<p><em>Dans cette vid\u00e9o nous voyons les diff\u00e9rentes \u00e9tapes pour installer un m\u00e2t \u00e0 sceller pour toile solaire. Nous indiquons :<\/em><\/p>\n<ul>\n<li><em>comment cr\u00e9er le massif b\u00e9ton<\/em><\/li>\n<li><em>comment sceller le fourreau<\/em><\/li>\n<li><em>comment ins\u00e9rer le renfort et le profil du poteau<\/em><\/li>\n<li><em>comment installer les tendeurs et la <a href=\"https:\/\/www.espace-ombrage.com\/fr\/content\/50-protection-soleil-voile-ombrage\" target=\"_blank\" rel=\"noopener\"><span style=\"text-decoration: underline;\"><strong>toile solaire<\/strong><\/span><\/a><\/em><\/li>\n<\/ul>\n<p class=\"has-text-align-left\">Si vous optez pour une embase con\u00e7ue pour un m\u00e2t \u00e0 visser, commencez par vous munir de tiges filet\u00e9es d&rsquo;un diam\u00e8tre de 12 mm et d&rsquo;une profondeur minimale de 150 mm. Identifiez l&#8217;emplacement et l&rsquo;orientation souhait\u00e9s pour votre poteau, puis percez quatre trous d&rsquo;une profondeur de 12 \u00e0 14 cm. Ensuite, fixez vos tiges filet\u00e9es dans ces trous \u00e0 l&rsquo;aide d&rsquo;une cartouche de scellement chimique.<\/p>\n<p><iframe title=\"YouTube video player\" src=\"https:\/\/www.youtube.com\/embed\/uMmzC53GQuo?si=LgnJMysWyD9qxxt9\" width=\"560\" height=\"315\" frameborder=\"0\" allowfullscreen=\"allowfullscreen\"><\/iframe><\/p>\n<p class=\"has-text-align-left\"><em>Dans cette vid\u00e9o nous voyons les diff\u00e9rentes \u00e9tapes pour installer un piquet \u00e0 visser. Nous indiquons :<\/em><\/p>\n<ul>\n<li><em>comment positionner la platine \u00e0 visser<\/em><\/li>\n<li><em>comment fixer l&#8217;embase du poteau<\/em><\/li>\n<li><em>comment ins\u00e9rer le profil du piquet<\/em><\/li>\n<li><em>comment installer les syst\u00e8mes de tension et la <a href=\"https:\/\/www.espace-ombrage.com\/fr\/content\/47-voile-d-ombrage-toiles-tendues-toiles-d-ombrage-voiles-d-ombre\" target=\"_blank\" rel=\"noopener\"><span style=\"text-decoration: underline;\"><strong>toile tendue<\/strong><\/span><\/a><\/em><\/li>\n<\/ul>\n<p>Pour une embase destin\u00e9e \u00e0 un <strong>piquet fix\u00e9 sur un mur<\/strong>, vous aurez besoin de tiges filet\u00e9es M10 d&rsquo;une longueur de 80 mm. Assurez-vous de positionner correctement vos platines \u00e0 l&rsquo;horizontale et de les espacer d&rsquo;au moins 60 \u00e0 70 cm. Percez les emplacements pr\u00e9vus pour fixer vos tiges filet\u00e9es.<\/p>\n<p><iframe title=\"YouTube video player\" src=\"https:\/\/www.youtube.com\/embed\/vGeNF23CZ3s?si=M8y1dSgWP52SxCXv\" width=\"560\" height=\"315\" frameborder=\"0\" allowfullscreen=\"allowfullscreen\"><\/iframe><\/p>\n<p class=\"has-text-align-left\"><em>Dans cette vid\u00e9o nous voyons les diff\u00e9rentes \u00e9tapes pour installer un poteau pour voile d&rsquo;ombrage sur platines murales. Nous indiquons :<\/em><\/p>\n<ul>\n<li><em>comment fixer les platines sur le mur<\/em><\/li>\n<li><em>comment sceller les tiges filet\u00e9es<\/em><\/li>\n<li><em>comment placer les anneaux orientables<\/em><\/li>\n<li><em>comment installer les caoutchoucs et ins\u00e9rer le profil du m\u00e2t<\/em><\/li>\n<li><em>comment installer les <a href=\"https:\/\/www.espace-ombrage.com\/fr\/13-fixations-pour-voile-d-ombrage\" target=\"_blank\" rel=\"noopener\"><span style=\"text-decoration: underline;\"><strong>fixations pour voile d&rsquo;ombrage<\/strong><\/span><\/a><\/em><\/li>\n<\/ul>\t\t\t\t\t\t\t\t<\/div>\n\t\t\t\t<\/div>\n\t\t\t\t\t<\/div>\n\t\t<\/div>\n\t\t\t\t\t<\/div>\n\t\t<\/section>\n\t\t\t\t<section class=\"elementor-section elementor-top-section elementor-element elementor-element-6650af8e elementor-section-full_width elementor-section-height-min-height elementor-section-items-stretch elementor-section-content-middle elementor-section-height-default elementor-invisible\" data-id=\"6650af8e\" data-element_type=\"section\" data-settings=\"{&quot;animation&quot;:&quot;fadeIn&quot;,&quot;background_background&quot;:&quot;classic&quot;}\">\n\t\t\t\t\t\t<div class=\"elementor-container elementor-column-gap-no\">\n\t\t\t\t\t<div class=\"elementor-column elementor-col-50 elementor-top-column elementor-element elementor-element-4afa772d\" data-id=\"4afa772d\" data-element_type=\"column\" data-settings=\"{&quot;background_background&quot;:&quot;classic&quot;}\">\n\t\t\t<div class=\"elementor-widget-wrap elementor-element-populated\">\n\t\t\t\t\t\t<div class=\"elementor-element elementor-element-47986d1e elementor-widget elementor-widget-text-editor\" data-id=\"47986d1e\" data-element_type=\"widget\" data-widget_type=\"text-editor.default\">\n\t\t\t\t<div class=\"elementor-widget-container\">\n\t\t\t\t\t\t\t\t\t<p>Vous souhaitez recevoir un projet en 3D et un devis pour \u00e9quiper votre terrasse? Envoyez-nous un plan de votre terrasse \u00e0 couvrir, qu\u2019il soit \u00e0 main lev\u00e9e ou un plan d\u2019architecte que vous avez ainsi que quelques photos et <a href=\"https:\/\/www.espace-ombrage.com\/fr\/content\/161-espace-pro\">demandez une \u00e9tude r\u00e9alis\u00e9e par nos experts.<\/a> Vous aurez un retour sous 72h, avec une projection en 3D de votre projet et un devis.\u00a0<\/p><p>Notre \u00e9quipe reste disponible par email \u00e0 <a href=\"mailto:contact@espace-ombrage.com\"><b>contact@espace-ombrage.com<\/b><\/a> ou par t\u00e9l\u00e9phone au <b>+33 3 62 27 60 60<\/b> pour r\u00e9pondre \u00e0 vos questions et vous accompagner dans votre projet.<\/p>\t\t\t\t\t\t\t\t<\/div>\n\t\t\t\t<\/div>\n\t\t\t\t\t<\/div>\n\t\t<\/div>\n\t\t\t\t<div class=\"elementor-column elementor-col-50 elementor-top-column elementor-element elementor-element-420064bf elementor-hidden-tablet elementor-hidden-mobile\" data-id=\"420064bf\" data-element_type=\"column\" data-settings=\"{&quot;background_background&quot;:&quot;classic&quot;}\">\n\t\t\t<div class=\"elementor-widget-wrap elementor-element-populated\">\n\t\t\t\t\t\t<div class=\"elementor-element elementor-element-218687d7 elementor-widget elementor-widget-image\" data-id=\"218687d7\" data-element_type=\"widget\" data-widget_type=\"image.default\">\n\t\t\t\t<div class=\"elementor-widget-container\">\n\t\t\t\t\t\t\t\t\t\t\t\t\t\t\t<img loading=\"lazy\" decoding=\"async\" width=\"1080\" height=\"1080\" src=\"https:\/\/www.espace-ombrage.com\/blog\/wp-content\/uploads\/2024\/07\/voile-pour-region-venteuse.png\" class=\"attachment-full size-full wp-image-4122\" alt=\"Une voile \u00e0 enrouleur pour r\u00e9gion venteuse\" srcset=\"https:\/\/www.espace-ombrage.com\/blog\/wp-content\/uploads\/2024\/07\/voile-pour-region-venteuse.png 1080w, https:\/\/www.espace-ombrage.com\/blog\/wp-content\/uploads\/2024\/07\/voile-pour-region-venteuse-300x300.png 300w, https:\/\/www.espace-ombrage.com\/blog\/wp-content\/uploads\/2024\/07\/voile-pour-region-venteuse-1024x1024.png 1024w, https:\/\/www.espace-ombrage.com\/blog\/wp-content\/uploads\/2024\/07\/voile-pour-region-venteuse-150x150.png 150w, https:\/\/www.espace-ombrage.com\/blog\/wp-content\/uploads\/2024\/07\/voile-pour-region-venteuse-768x768.png 768w\" sizes=\"(max-width: 1080px) 100vw, 1080px\" \/>\t\t\t\t\t\t\t\t\t\t\t\t\t\t\t<\/div>\n\t\t\t\t<\/div>\n\t\t\t\t\t<\/div>\n\t\t<\/div>\n\t\t\t\t\t<\/div>\n\t\t<\/section>\n\t\t\t\t<section class=\"elementor-section elementor-top-section elementor-element elementor-element-77b5894b elementor-section-boxed elementor-section-height-default elementor-section-height-default\" data-id=\"77b5894b\" data-element_type=\"section\">\n\t\t\t\t\t\t<div class=\"elementor-container elementor-column-gap-default\">\n\t\t\t\t\t<div class=\"elementor-column elementor-col-100 elementor-top-column elementor-element elementor-element-5082a818\" data-id=\"5082a818\" data-element_type=\"column\">\n\t\t\t<div class=\"elementor-widget-wrap elementor-element-populated\">\n\t\t\t\t\t\t<div class=\"elementor-element elementor-element-7ad9ef9f elementor-post-navigation-borders-yes elementor-widget elementor-widget-post-navigation\" data-id=\"7ad9ef9f\" data-element_type=\"widget\" data-widget_type=\"post-navigation.default\">\n\t\t\t\t<div class=\"elementor-widget-container\">\n\t\t\t\t\t\t\t<div class=\"elementor-post-navigation\">\n\t\t\t<div class=\"elementor-post-navigation__prev elementor-post-navigation__link\">\n\t\t\t\t<a href=\"https:\/\/www.espace-ombrage.com\/blog\/quelle-est-la-meilleure-voile-dombrage\/\" rel=\"prev\"><span class=\"post-navigation__arrow-wrapper post-navigation__arrow-prev\"><i class=\"fa fa-caret-left\" aria-hidden=\"true\"><\/i><span class=\"elementor-screen-only\">Pr\u00e9c\u00e9dent<\/span><\/span><span class=\"elementor-post-navigation__link__prev\"><span class=\"post-navigation__prev--label\">Pr\u00e9c\u00e9dent<\/span><span class=\"post-navigation__prev--title\">Quelle est la meilleure voile d\u2019ombrage ?<\/span><\/span><\/a>\t\t\t<\/div>\n\t\t\t\t\t\t\t<div class=\"elementor-post-navigation__separator-wrapper\">\n\t\t\t\t\t<div class=\"elementor-post-navigation__separator\"><\/div>\n\t\t\t\t<\/div>\n\t\t\t\t\t\t<div class=\"elementor-post-navigation__next elementor-post-navigation__link\">\n\t\t\t\t<a href=\"https:\/\/www.espace-ombrage.com\/blog\/quand-installer-une-voile-dombrage\/\" rel=\"next\"><span class=\"elementor-post-navigation__link__next\"><span class=\"post-navigation__next--label\">Suivant<\/span><span class=\"post-navigation__next--title\">Quand installer une voile d\u2019ombrage ?<\/span><\/span><span class=\"post-navigation__arrow-wrapper post-navigation__arrow-next\"><i class=\"fa fa-caret-right\" aria-hidden=\"true\"><\/i><span class=\"elementor-screen-only\">Suivant<\/span><\/span><\/a>\t\t\t<\/div>\n\t\t<\/div>\n\t\t\t\t\t\t<\/div>\n\t\t\t\t<\/div>\n\t\t\t\t\t<\/div>\n\t\t<\/div>\n\t\t\t\t\t<\/div>\n\t\t<\/section>\n\t\t\t\t<section class=\"elementor-section elementor-top-section elementor-element elementor-element-4f72be9 elementor-section-boxed elementor-section-height-default elementor-section-height-default\" data-id=\"4f72be9\" data-element_type=\"section\">\n\t\t\t\t\t\t<div class=\"elementor-container elementor-column-gap-default\">\n\t\t\t\t\t<div class=\"elementor-column elementor-col-100 elementor-top-column elementor-element elementor-element-c2e189c\" data-id=\"c2e189c\" data-element_type=\"column\">\n\t\t\t<div class=\"elementor-widget-wrap elementor-element-populated\">\n\t\t\t\t\t\t<div class=\"elementor-element elementor-element-b8fd0f3 elementor-widget elementor-widget-html\" data-id=\"b8fd0f3\" data-element_type=\"widget\" data-widget_type=\"html.default\">\n\t\t\t\t<div class=\"elementor-widget-container\">\n\t\t\t\t\t<script type=\"application\/ld+json\">\n{\n  \"@context\": \"https:\/\/schema.org\",\n  \"@type\": \"VideoObject\",\n  \"name\": \"Comment installer un m\u00e2t r\u00e9glable \u00e0 sceller pour voile d'ombrage\",\n  \"description\": \"Espace Ombrage vous invite \u00e0 d\u00e9couvrir comment installer un m\u00e2t pour voile d'ombrage \u00e0 sceller.  00:00 Introduction 00:10 Comment sceller le fourreau 00:39 Comment ins\u00e9rer le renfort et le profil du m\u00e2t\",\n  \"thumbnailUrl\": \"https:\/\/i.ytimg.com\/vi\/X53e4MIn0_0\/hqdefault.jpg\",\n  \"uploadDate\": \"2021-09-16\",\n  \"duration\": \"PT1M20S\",\n  \"embedUrl\": \"https:\/\/www.youtube.com\/embed\/X53e4MIn0_0?si=W4COhq0mSCpwfAo0\"\n}\n<\/script>\t\t\t\t<\/div>\n\t\t\t\t<\/div>\n\t\t\t\t<div class=\"elementor-element elementor-element-8e614c8 elementor-widget elementor-widget-html\" data-id=\"8e614c8\" data-element_type=\"widget\" data-widget_type=\"html.default\">\n\t\t\t\t<div class=\"elementor-widget-container\">\n\t\t\t\t\t<script type=\"application\/ld+json\">\n{\n  \"@context\": \"https:\/\/schema.org\",\n  \"@type\": \"VideoObject\",\n  \"name\": \"Comment installer un m\u00e2t r\u00e9glable \u00e0 visser pour voile d'ombrage\",\n  \"description\": \"Espace Ombrage vous invite \u00e0 d\u00e9couvrir l'installation d'un piquet pour toile tendue \u00e0 visser. 00:00 Introduction 00:10 Comment placer la platine et la fixer 00:45 Comment installer le profil du poteau r\u00e9glable\",\n  \"thumbnailUrl\": \"https:\/\/i.ytimg.com\/vi\/uMmzC53GQuo\/maxresdefault.jpg\",\n  \"uploadDate\": \"2021-09-16\",\n  \"duration\": \"PT1M22S\",\n  \"embedUrl\": \"https:\/\/www.youtube.com\/embed\/uMmzC53GQuo?si=ON7CVp7rlxxft2oA\"\n}\n<\/script>\t\t\t\t<\/div>\n\t\t\t\t<\/div>\n\t\t\t\t<div class=\"elementor-element elementor-element-51d2366 elementor-widget elementor-widget-html\" data-id=\"51d2366\" data-element_type=\"widget\" data-widget_type=\"html.default\">\n\t\t\t\t<div class=\"elementor-widget-container\">\n\t\t\t\t\t<script type=\"application\/ld+json\">\n{\n  \"@context\": \"https:\/\/schema.org\",\n  \"@type\": \"VideoObject\",\n  \"name\": \"Comment installer un m\u00e2t r\u00e9glable platines murales pour voile d'ombrage ?\",\n  \"description\": \"Espace Ombrage vous invite \u00e0 d\u00e9couvrir l'installation du m\u00e2t r\u00e9glable platines murales pour voile d'ombrage. 00:00 Comment installer les platines ? 01:11 Comment installer le profil du piquet et les accessoires ?\",\n  \"thumbnailUrl\": \"https:\/\/i.ytimg.com\/vi\/vGeNF23CZ3s\/hqdefault.jpg\",\n  \"uploadDate\": \"2021-09-17\",\n  \"duration\": \"PT1M51S\",\n  \"embedUrl\": \"https:\/\/www.youtube.com\/embed\/vGeNF23CZ3s?si=ugJahCYrTtjhh10Q\"\n}\n<\/script>\t\t\t\t<\/div>\n\t\t\t\t<\/div>\n\t\t\t\t\t<\/div>\n\t\t<\/div>\n\t\t\t\t\t<\/div>\n\t\t<\/section>\n\t\t\t\t<\/div>\n\t\t","protected":false},"excerpt":{"rendered":"<p>Les poteaux sont essentiels pour assurer une installation solide et durable de votre voile d&rsquo;ombrage. Disponibles chez Espace Ombrage, les poteaux en aluminium recycl\u00e9 d\u2019un seul tenant se d\u00e9clinent en plusieurs options d&#8217;embase, notamment \u00e0 sceller, \u00e0 visser, en platines murales ou \u00e0 lester.<\/p>\n","protected":false},"author":2,"featured_media":160,"comment_status":"open","ping_status":"open","sticky":false,"template":"elementor_header_footer","format":"standard","meta":{"footnotes":""},"categories":[3,5],"tags":[],"class_list":["post-1572","post","type-post","status-publish","format-standard","has-post-thumbnail","hentry","category-les-actualites","category-nos-conseils"],"yoast_head":"<!-- This site is optimized with the Yoast SEO plugin v23.6 - https:\/\/yoast.com\/wordpress\/plugins\/seo\/ -->\n<title>Quel type de m\u00e2t pour une toile tendue ? : Poteau et piquet voile d&#039;ombrage | Espace Ombrage<\/title>\n<meta name=\"description\" content=\"Les poteaux sont essentiels pour assurer une installation solide et durable de votre voile d&#039;ombrage. Disponibles chez Espace Ombrage, les poteaux en aluminium recycl\u00e9 d\u2019un seul tenant se d\u00e9clinent en plusieurs options d&#039;embase, notamment \u00e0 sceller, \u00e0 visser, en platines murales ou \u00e0 lester.\" \/>\n<meta name=\"robots\" content=\"index, follow, max-snippet:-1, max-image-preview:large, max-video-preview:-1\" \/>\n<link rel=\"canonical\" href=\"https:\/\/www.espace-ombrage.com\/blog\/quel-type-de-mat-pour-une-toile-tendue\/\" \/>\n<meta property=\"og:locale\" content=\"fr_FR\" \/>\n<meta property=\"og:type\" content=\"article\" \/>\n<meta property=\"og:title\" content=\"Quel type de m\u00e2t pour une toile tendue ? : Poteau et piquet voile d&#039;ombrage | Espace Ombrage\" \/>\n<meta property=\"og:description\" content=\"Les poteaux sont essentiels pour assurer une installation solide et durable de votre voile d&#039;ombrage. Disponibles chez Espace Ombrage, les poteaux en aluminium recycl\u00e9 d\u2019un seul tenant se d\u00e9clinent en plusieurs options d&#039;embase, notamment \u00e0 sceller, \u00e0 visser, en platines murales ou \u00e0 lester.\" \/>\n<meta property=\"og:url\" content=\"https:\/\/www.espace-ombrage.com\/blog\/quel-type-de-mat-pour-une-toile-tendue\/\" \/>\n<meta property=\"og:site_name\" content=\"Espace Ombrage\" \/>\n<meta property=\"article:published_time\" content=\"2023-10-16T15:15:20+00:00\" \/>\n<meta property=\"article:modified_time\" content=\"2025-10-06T12:51:32+00:00\" \/>\n<meta property=\"og:image\" content=\"https:\/\/www.espace-ombrage.com\/blog\/wp-content\/uploads\/2022\/07\/coloris-poteau-toile-ombrage.png\" \/>\n\t<meta property=\"og:image:width\" content=\"1180\" \/>\n\t<meta property=\"og:image:height\" content=\"700\" \/>\n\t<meta property=\"og:image:type\" content=\"image\/png\" \/>\n<meta name=\"author\" content=\"admin-ombrage\" \/>\n<meta name=\"twitter:card\" content=\"summary_large_image\" \/>\n<meta name=\"twitter:label1\" content=\"\u00c9crit par\" \/>\n\t<meta name=\"twitter:data1\" content=\"admin-ombrage\" \/>\n\t<meta name=\"twitter:label2\" content=\"Dur\u00e9e de lecture estim\u00e9e\" \/>\n\t<meta name=\"twitter:data2\" content=\"8 minutes\" \/>\n<script type=\"application\/ld+json\" class=\"yoast-schema-graph\">{\"@context\":\"https:\/\/schema.org\",\"@graph\":[{\"@type\":\"WebPage\",\"@id\":\"https:\/\/www.espace-ombrage.com\/blog\/quel-type-de-mat-pour-une-toile-tendue\/\",\"url\":\"https:\/\/www.espace-ombrage.com\/blog\/quel-type-de-mat-pour-une-toile-tendue\/\",\"name\":\"Quel type de m\u00e2t pour une toile tendue ? : Poteau et piquet voile d'ombrage | Espace Ombrage\",\"isPartOf\":{\"@id\":\"https:\/\/www.espace-ombrage.com\/blog\/#website\"},\"primaryImageOfPage\":{\"@id\":\"https:\/\/www.espace-ombrage.com\/blog\/quel-type-de-mat-pour-une-toile-tendue\/#primaryimage\"},\"image\":{\"@id\":\"https:\/\/www.espace-ombrage.com\/blog\/quel-type-de-mat-pour-une-toile-tendue\/#primaryimage\"},\"thumbnailUrl\":\"https:\/\/www.espace-ombrage.com\/blog\/wp-content\/uploads\/2022\/07\/coloris-poteau-toile-ombrage.png\",\"datePublished\":\"2023-10-16T15:15:20+00:00\",\"dateModified\":\"2025-10-06T12:51:32+00:00\",\"author\":{\"@id\":\"https:\/\/www.espace-ombrage.com\/blog\/#\/schema\/person\/9b223e71f82520b376e08b8d0d4c7691\"},\"description\":\"Les poteaux sont essentiels pour assurer une installation solide et durable de votre voile d'ombrage. Disponibles chez Espace Ombrage, les poteaux en aluminium recycl\u00e9 d\u2019un seul tenant se d\u00e9clinent en plusieurs options d'embase, notamment \u00e0 sceller, \u00e0 visser, en platines murales ou \u00e0 lester.\",\"breadcrumb\":{\"@id\":\"https:\/\/www.espace-ombrage.com\/blog\/quel-type-de-mat-pour-une-toile-tendue\/#breadcrumb\"},\"inLanguage\":\"fr-FR\",\"potentialAction\":[{\"@type\":\"ReadAction\",\"target\":[\"https:\/\/www.espace-ombrage.com\/blog\/quel-type-de-mat-pour-une-toile-tendue\/\"]}]},{\"@type\":\"ImageObject\",\"inLanguage\":\"fr-FR\",\"@id\":\"https:\/\/www.espace-ombrage.com\/blog\/quel-type-de-mat-pour-une-toile-tendue\/#primaryimage\",\"url\":\"https:\/\/www.espace-ombrage.com\/blog\/wp-content\/uploads\/2022\/07\/coloris-poteau-toile-ombrage.png\",\"contentUrl\":\"https:\/\/www.espace-ombrage.com\/blog\/wp-content\/uploads\/2022\/07\/coloris-poteau-toile-ombrage.png\",\"width\":1180,\"height\":700,\"caption\":\"Les 3 coloris disponibles de piquet de toile ombrage chez Espace Ombrage\"},{\"@type\":\"BreadcrumbList\",\"@id\":\"https:\/\/www.espace-ombrage.com\/blog\/quel-type-de-mat-pour-une-toile-tendue\/#breadcrumb\",\"itemListElement\":[{\"@type\":\"ListItem\",\"position\":1,\"name\":\"Espace Ombrage\",\"item\":\"https:\/\/www.espace-ombrage.com\/blog\/\"},{\"@type\":\"ListItem\",\"position\":2,\"name\":\"Quel type de m\u00e2t pour une toile tendue ?\",\"item\":\"https:\/\/www.espace-ombrage.com\/blog\/quel-type-de-mat-pour-une-toile-tendue\/\"}]},{\"@type\":\"WebSite\",\"@id\":\"https:\/\/www.espace-ombrage.com\/blog\/#website\",\"url\":\"https:\/\/www.espace-ombrage.com\/blog\/\",\"name\":\"Espace Ombrage\",\"description\":\"\",\"potentialAction\":[{\"@type\":\"SearchAction\",\"target\":{\"@type\":\"EntryPoint\",\"urlTemplate\":\"https:\/\/www.espace-ombrage.com\/blog\/?s={search_term_string}\"},\"query-input\":{\"@type\":\"PropertyValueSpecification\",\"valueRequired\":true,\"valueName\":\"search_term_string\"}}],\"inLanguage\":\"fr-FR\"},{\"@type\":\"Person\",\"@id\":\"https:\/\/www.espace-ombrage.com\/blog\/#\/schema\/person\/9b223e71f82520b376e08b8d0d4c7691\",\"name\":\"admin-ombrage\",\"image\":{\"@type\":\"ImageObject\",\"inLanguage\":\"fr-FR\",\"@id\":\"https:\/\/www.espace-ombrage.com\/blog\/#\/schema\/person\/image\/\",\"url\":\"https:\/\/secure.gravatar.com\/avatar\/da964888ae868660e9f41df5c83a352c8bbcfeb83d9ed86d4d1d93ca7b092bac?s=96&d=mm&r=g\",\"contentUrl\":\"https:\/\/secure.gravatar.com\/avatar\/da964888ae868660e9f41df5c83a352c8bbcfeb83d9ed86d4d1d93ca7b092bac?s=96&d=mm&r=g\",\"caption\":\"admin-ombrage\"},\"url\":\"https:\/\/www.espace-ombrage.com\/blog\/author\/admin-ombrage\/\"}]}<\/script>\n<!-- \/ Yoast SEO plugin. -->","yoast_head_json":{"title":"Quel type de m\u00e2t pour une toile tendue ? : Poteau et piquet voile d'ombrage | Espace Ombrage","description":"Les poteaux sont essentiels pour assurer une installation solide et durable de votre voile d'ombrage. Disponibles chez Espace Ombrage, les poteaux en aluminium recycl\u00e9 d\u2019un seul tenant se d\u00e9clinent en plusieurs options d'embase, notamment \u00e0 sceller, \u00e0 visser, en platines murales ou \u00e0 lester.","robots":{"index":"index","follow":"follow","max-snippet":"max-snippet:-1","max-image-preview":"max-image-preview:large","max-video-preview":"max-video-preview:-1"},"canonical":"https:\/\/www.espace-ombrage.com\/blog\/quel-type-de-mat-pour-une-toile-tendue\/","og_locale":"fr_FR","og_type":"article","og_title":"Quel type de m\u00e2t pour une toile tendue ? : Poteau et piquet voile d'ombrage | Espace Ombrage","og_description":"Les poteaux sont essentiels pour assurer une installation solide et durable de votre voile d'ombrage. Disponibles chez Espace Ombrage, les poteaux en aluminium recycl\u00e9 d\u2019un seul tenant se d\u00e9clinent en plusieurs options d'embase, notamment \u00e0 sceller, \u00e0 visser, en platines murales ou \u00e0 lester.","og_url":"https:\/\/www.espace-ombrage.com\/blog\/quel-type-de-mat-pour-une-toile-tendue\/","og_site_name":"Espace Ombrage","article_published_time":"2023-10-16T15:15:20+00:00","article_modified_time":"2025-10-06T12:51:32+00:00","og_image":[{"width":1180,"height":700,"url":"https:\/\/www.espace-ombrage.com\/blog\/wp-content\/uploads\/2022\/07\/coloris-poteau-toile-ombrage.png","type":"image\/png"}],"author":"admin-ombrage","twitter_card":"summary_large_image","twitter_misc":{"\u00c9crit par":"admin-ombrage","Dur\u00e9e de lecture estim\u00e9e":"8 minutes"},"schema":{"@context":"https:\/\/schema.org","@graph":[{"@type":"WebPage","@id":"https:\/\/www.espace-ombrage.com\/blog\/quel-type-de-mat-pour-une-toile-tendue\/","url":"https:\/\/www.espace-ombrage.com\/blog\/quel-type-de-mat-pour-une-toile-tendue\/","name":"Quel type de m\u00e2t pour une toile tendue ? : Poteau et piquet voile d'ombrage | Espace Ombrage","isPartOf":{"@id":"https:\/\/www.espace-ombrage.com\/blog\/#website"},"primaryImageOfPage":{"@id":"https:\/\/www.espace-ombrage.com\/blog\/quel-type-de-mat-pour-une-toile-tendue\/#primaryimage"},"image":{"@id":"https:\/\/www.espace-ombrage.com\/blog\/quel-type-de-mat-pour-une-toile-tendue\/#primaryimage"},"thumbnailUrl":"https:\/\/www.espace-ombrage.com\/blog\/wp-content\/uploads\/2022\/07\/coloris-poteau-toile-ombrage.png","datePublished":"2023-10-16T15:15:20+00:00","dateModified":"2025-10-06T12:51:32+00:00","author":{"@id":"https:\/\/www.espace-ombrage.com\/blog\/#\/schema\/person\/9b223e71f82520b376e08b8d0d4c7691"},"description":"Les poteaux sont essentiels pour assurer une installation solide et durable de votre voile d'ombrage. Disponibles chez Espace Ombrage, les poteaux en aluminium recycl\u00e9 d\u2019un seul tenant se d\u00e9clinent en plusieurs options d'embase, notamment \u00e0 sceller, \u00e0 visser, en platines murales ou \u00e0 lester.","breadcrumb":{"@id":"https:\/\/www.espace-ombrage.com\/blog\/quel-type-de-mat-pour-une-toile-tendue\/#breadcrumb"},"inLanguage":"fr-FR","potentialAction":[{"@type":"ReadAction","target":["https:\/\/www.espace-ombrage.com\/blog\/quel-type-de-mat-pour-une-toile-tendue\/"]}]},{"@type":"ImageObject","inLanguage":"fr-FR","@id":"https:\/\/www.espace-ombrage.com\/blog\/quel-type-de-mat-pour-une-toile-tendue\/#primaryimage","url":"https:\/\/www.espace-ombrage.com\/blog\/wp-content\/uploads\/2022\/07\/coloris-poteau-toile-ombrage.png","contentUrl":"https:\/\/www.espace-ombrage.com\/blog\/wp-content\/uploads\/2022\/07\/coloris-poteau-toile-ombrage.png","width":1180,"height":700,"caption":"Les 3 coloris disponibles de piquet de toile ombrage chez Espace Ombrage"},{"@type":"BreadcrumbList","@id":"https:\/\/www.espace-ombrage.com\/blog\/quel-type-de-mat-pour-une-toile-tendue\/#breadcrumb","itemListElement":[{"@type":"ListItem","position":1,"name":"Espace Ombrage","item":"https:\/\/www.espace-ombrage.com\/blog\/"},{"@type":"ListItem","position":2,"name":"Quel type de m\u00e2t pour une toile tendue ?","item":"https:\/\/www.espace-ombrage.com\/blog\/quel-type-de-mat-pour-une-toile-tendue\/"}]},{"@type":"WebSite","@id":"https:\/\/www.espace-ombrage.com\/blog\/#website","url":"https:\/\/www.espace-ombrage.com\/blog\/","name":"Espace Ombrage","description":"","potentialAction":[{"@type":"SearchAction","target":{"@type":"EntryPoint","urlTemplate":"https:\/\/www.espace-ombrage.com\/blog\/?s={search_term_string}"},"query-input":{"@type":"PropertyValueSpecification","valueRequired":true,"valueName":"search_term_string"}}],"inLanguage":"fr-FR"},{"@type":"Person","@id":"https:\/\/www.espace-ombrage.com\/blog\/#\/schema\/person\/9b223e71f82520b376e08b8d0d4c7691","name":"admin-ombrage","image":{"@type":"ImageObject","inLanguage":"fr-FR","@id":"https:\/\/www.espace-ombrage.com\/blog\/#\/schema\/person\/image\/","url":"https:\/\/secure.gravatar.com\/avatar\/da964888ae868660e9f41df5c83a352c8bbcfeb83d9ed86d4d1d93ca7b092bac?s=96&d=mm&r=g","contentUrl":"https:\/\/secure.gravatar.com\/avatar\/da964888ae868660e9f41df5c83a352c8bbcfeb83d9ed86d4d1d93ca7b092bac?s=96&d=mm&r=g","caption":"admin-ombrage"},"url":"https:\/\/www.espace-ombrage.com\/blog\/author\/admin-ombrage\/"}]}},"_links":{"self":[{"href":"https:\/\/www.espace-ombrage.com\/blog\/wp-json\/wp\/v2\/posts\/1572","targetHints":{"allow":["GET"]}}],"collection":[{"href":"https:\/\/www.espace-ombrage.com\/blog\/wp-json\/wp\/v2\/posts"}],"about":[{"href":"https:\/\/www.espace-ombrage.com\/blog\/wp-json\/wp\/v2\/types\/post"}],"author":[{"embeddable":true,"href":"https:\/\/www.espace-ombrage.com\/blog\/wp-json\/wp\/v2\/users\/2"}],"replies":[{"embeddable":true,"href":"https:\/\/www.espace-ombrage.com\/blog\/wp-json\/wp\/v2\/comments?post=1572"}],"version-history":[{"count":41,"href":"https:\/\/www.espace-ombrage.com\/blog\/wp-json\/wp\/v2\/posts\/1572\/revisions"}],"predecessor-version":[{"id":5808,"href":"https:\/\/www.espace-ombrage.com\/blog\/wp-json\/wp\/v2\/posts\/1572\/revisions\/5808"}],"wp:featuredmedia":[{"embeddable":true,"href":"https:\/\/www.espace-ombrage.com\/blog\/wp-json\/wp\/v2\/media\/160"}],"wp:attachment":[{"href":"https:\/\/www.espace-ombrage.com\/blog\/wp-json\/wp\/v2\/media?parent=1572"}],"wp:term":[{"taxonomy":"category","embeddable":true,"href":"https:\/\/www.espace-ombrage.com\/blog\/wp-json\/wp\/v2\/categories?post=1572"},{"taxonomy":"post_tag","embeddable":true,"href":"https:\/\/www.espace-ombrage.com\/blog\/wp-json\/wp\/v2\/tags?post=1572"}],"curies":[{"name":"wp","href":"https:\/\/api.w.org\/{rel}","templated":true}]}}