{"id":2826,"date":"2024-01-09T15:15:29","date_gmt":"2024-01-09T14:15:29","guid":{"rendered":"https:\/\/www.espace-ombrage.com\/blog\/?p=2826"},"modified":"2024-10-31T11:36:53","modified_gmt":"2024-10-31T10:36:53","slug":"comment-proteger-sa-terrasse-des-intemperies","status":"publish","type":"post","link":"https:\/\/www.espace-ombrage.com\/blog\/comment-proteger-sa-terrasse-des-intemperies\/","title":{"rendered":"Restaurateur : comment prot\u00e9ger votre terrasse des intemp\u00e9ries toute l&rsquo;ann\u00e9e ?"},"content":{"rendered":"\t\t<div data-elementor-type=\"wp-post\" data-elementor-id=\"2826\" class=\"elementor elementor-2826\" data-elementor-post-type=\"post\">\n\t\t\t\t\t\t<section class=\"elementor-section elementor-top-section elementor-element elementor-element-5de4b5cf elementor-section-full_width elementor-section-content-bottom elementor-hidden-tablet elementor-section-height-default elementor-section-height-default\" data-id=\"5de4b5cf\" data-element_type=\"section\">\n\t\t\t\t\t\t<div class=\"elementor-container elementor-column-gap-narrow\">\n\t\t\t\t\t<div class=\"elementor-column elementor-col-50 elementor-top-column elementor-element elementor-element-1fec1e4c\" data-id=\"1fec1e4c\" data-element_type=\"column\" data-settings=\"{&quot;background_background&quot;:&quot;classic&quot;}\">\n\t\t\t<div class=\"elementor-widget-wrap elementor-element-populated\">\n\t\t\t\t\t\t<div class=\"elementor-element elementor-element-62d39bd0 elementor-widget__width-initial elementor-widget elementor-widget-heading\" data-id=\"62d39bd0\" data-element_type=\"widget\" data-widget_type=\"heading.default\">\n\t\t\t\t<div class=\"elementor-widget-container\">\n\t\t\t\t\t<h1 class=\"elementor-heading-title elementor-size-default\">Restaurateur : comment prot\u00e9ger votre terrasse des intemp\u00e9ries toute l'ann\u00e9e ? \n<\/h1>\t\t\t\t<\/div>\n\t\t\t\t<\/div>\n\t\t\t\t\t<\/div>\n\t\t<\/div>\n\t\t\t\t<div class=\"elementor-column elementor-col-25 elementor-top-column elementor-element elementor-element-5ecaf42\" data-id=\"5ecaf42\" data-element_type=\"column\">\n\t\t\t<div class=\"elementor-widget-wrap elementor-element-populated\">\n\t\t\t\t\t\t<div class=\"elementor-element elementor-element-4a6848cf elementor-hidden-tablet elementor-hidden-mobile elementor-widget elementor-widget-image\" data-id=\"4a6848cf\" data-element_type=\"widget\" data-widget_type=\"image.default\">\n\t\t\t\t<div class=\"elementor-widget-container\">\n\t\t\t\t\t\t\t\t\t\t\t\t\t\t\t<img fetchpriority=\"high\" decoding=\"async\" width=\"1180\" height=\"700\" src=\"https:\/\/www.espace-ombrage.com\/blog\/wp-content\/uploads\/2016\/01\/terrasse-microperforee-choix.png\" class=\"attachment-full size-full wp-image-571\" alt=\"Toile ombrage ajour\u00e9e sable poteau\" srcset=\"https:\/\/www.espace-ombrage.com\/blog\/wp-content\/uploads\/2016\/01\/terrasse-microperforee-choix.png 1180w, https:\/\/www.espace-ombrage.com\/blog\/wp-content\/uploads\/2016\/01\/terrasse-microperforee-choix-300x178.png 300w, https:\/\/www.espace-ombrage.com\/blog\/wp-content\/uploads\/2016\/01\/terrasse-microperforee-choix-1024x607.png 1024w, https:\/\/www.espace-ombrage.com\/blog\/wp-content\/uploads\/2016\/01\/terrasse-microperforee-choix-768x456.png 768w\" sizes=\"(max-width: 1180px) 100vw, 1180px\" \/>\t\t\t\t\t\t\t\t\t\t\t\t\t\t\t<\/div>\n\t\t\t\t<\/div>\n\t\t\t\t\t<\/div>\n\t\t<\/div>\n\t\t\t\t<div class=\"elementor-column elementor-col-25 elementor-top-column elementor-element elementor-element-5db6eb48\" data-id=\"5db6eb48\" data-element_type=\"column\">\n\t\t\t<div class=\"elementor-widget-wrap elementor-element-populated\">\n\t\t\t\t\t\t<div class=\"elementor-element elementor-element-44d9e562 elementor-widget-mobile__width-initial animated-slow elementor-widget-tablet__width-initial elementor-invisible elementor-widget elementor-widget-spacer\" data-id=\"44d9e562\" data-element_type=\"widget\" data-settings=\"{&quot;_animation&quot;:&quot;fadeInRight&quot;}\" data-widget_type=\"spacer.default\">\n\t\t\t\t<div class=\"elementor-widget-container\">\n\t\t\t\t\t\t\t<div class=\"elementor-spacer\">\n\t\t\t<div class=\"elementor-spacer-inner\"><\/div>\n\t\t<\/div>\n\t\t\t\t\t\t<\/div>\n\t\t\t\t<\/div>\n\t\t\t\t\t<\/div>\n\t\t<\/div>\n\t\t\t\t\t<\/div>\n\t\t<\/section>\n\t\t\t\t<section class=\"elementor-section elementor-top-section elementor-element elementor-element-333720f0 elementor-section-boxed elementor-section-height-default elementor-section-height-default elementor-invisible\" data-id=\"333720f0\" data-element_type=\"section\" data-settings=\"{&quot;animation&quot;:&quot;fadeIn&quot;}\">\n\t\t\t\t\t\t<div class=\"elementor-container elementor-column-gap-default\">\n\t\t\t\t\t<div class=\"elementor-column elementor-col-100 elementor-top-column elementor-element elementor-element-12b59467\" data-id=\"12b59467\" data-element_type=\"column\">\n\t\t\t<div class=\"elementor-widget-wrap elementor-element-populated\">\n\t\t\t\t\t\t<div class=\"elementor-element elementor-element-3f2f9051 elementor-widget__width-initial elementor-widget elementor-widget-text-editor\" data-id=\"3f2f9051\" data-element_type=\"widget\" data-widget_type=\"text-editor.default\">\n\t\t\t\t<div class=\"elementor-widget-container\">\n\t\t\t\t\t\t\t\t\t<p>Vous avez une terrasse \u00e0 ombrager pour votre restaurant et souhaitez optimiser l\u2019espace en limitant votre investissement ? Avez-vous pens\u00e9 \u00e0 des <a href=\"https:\/\/www.espace-ombrage.com\/fr\/3-voile-d-ombrage\"><strong><u>voiles d\u2019ombrage professionnel<\/u><\/strong> <\/a>afin de prot\u00e9ger vos clients du soleil et cr\u00e9er des \u00eelots de fra\u00eecheur ? Cette solution d\u2019ombrage design et pratique ravira vos clients pendant leur repas.<\/p>\t\t\t\t\t\t\t\t<\/div>\n\t\t\t\t<\/div>\n\t\t\t\t\t<\/div>\n\t\t<\/div>\n\t\t\t\t\t<\/div>\n\t\t<\/section>\n\t\t\t\t<section class=\"elementor-section elementor-top-section elementor-element elementor-element-78b1a118 elementor-section-full_width elementor-reverse-tablet elementor-reverse-mobile elementor-section-height-default elementor-section-height-default elementor-invisible\" data-id=\"78b1a118\" data-element_type=\"section\" data-settings=\"{&quot;background_background&quot;:&quot;gradient&quot;,&quot;animation&quot;:&quot;fadeIn&quot;}\">\n\t\t\t\t\t\t<div class=\"elementor-container elementor-column-gap-no\">\n\t\t\t\t\t<div class=\"elementor-column elementor-col-50 elementor-top-column elementor-element elementor-element-49aefdac\" data-id=\"49aefdac\" data-element_type=\"column\">\n\t\t\t<div class=\"elementor-widget-wrap elementor-element-populated\">\n\t\t\t\t\t\t<div class=\"elementor-element elementor-element-2c6a385d elementor-widget elementor-widget-heading\" data-id=\"2c6a385d\" data-element_type=\"widget\" data-widget_type=\"heading.default\">\n\t\t\t\t<div class=\"elementor-widget-container\">\n\t\t\t\t\t<h2 class=\"elementor-heading-title elementor-size-default\">Voiles d\u2019ombrage : les solutions pour prot\u00e9ger la terrasse de votre restaurant<\/h2>\t\t\t\t<\/div>\n\t\t\t\t<\/div>\n\t\t\t\t<div class=\"elementor-element elementor-element-ff7bf2f elementor-widget elementor-widget-text-editor\" data-id=\"ff7bf2f\" data-element_type=\"widget\" data-widget_type=\"text-editor.default\">\n\t\t\t\t<div class=\"elementor-widget-container\">\n\t\t\t\t\t\t\t\t\t<p>Il existe plusieurs solutions adapt\u00e9es aux <a href=\"https:\/\/www.espace-ombrage.com\/fr\/content\/212-voiles-d-ombrage-pour-hotels-et-restaurants\" target=\"_blank\" rel=\"noopener\"><span style=\"text-decoration: underline;\">terrasses de restaurants<\/span><\/a> pour se prot\u00e9ger des UVs et des intemp\u00e9ries selon le besoin que vous avez (protection aux vents, \u00e0 la pluie, au soleil seulement, petit ou gros budget, esth\u00e9tisme, etc.).\u00a0<\/p>\t\t\t\t\t\t\t\t<\/div>\n\t\t\t\t<\/div>\n\t\t\t\t<div class=\"elementor-element elementor-element-67dd1e9a elementor-widget elementor-widget-heading\" data-id=\"67dd1e9a\" data-element_type=\"widget\" data-widget_type=\"heading.default\">\n\t\t\t\t<div class=\"elementor-widget-container\">\n\t\t\t\t\t<p class=\"elementor-heading-title elementor-size-default\">Voile d\u2019ombrage ajour\u00e9e<\/p>\t\t\t\t<\/div>\n\t\t\t\t<\/div>\n\t\t\t\t<div class=\"elementor-element elementor-element-1f1aabca elementor-widget elementor-widget-text-editor\" data-id=\"1f1aabca\" data-element_type=\"widget\" data-widget_type=\"text-editor.default\">\n\t\t\t\t<div class=\"elementor-widget-container\">\n\t\t\t\t\t\t\t\t\tCette <strong>voile de terrasse<\/strong> assurera une excellente protection UV &#8211; soit jusqu\u2019\u00e0 97% des rayons solaires filtr\u00e9s. De plus, gr\u00e2ce \u00e0 son tissu ajour\u00e9, l\u2019air et l\u2019eau pourront traverser la toile terrasse et elle pourra rester en place avec des vents allant jusqu&rsquo;\u00e0 80km\/h sans crainte.\t\t\t\t\t\t\t\t<\/div>\n\t\t\t\t<\/div>\n\t\t\t\t<div class=\"elementor-element elementor-element-4c78b324 elementor-widget elementor-widget-heading\" data-id=\"4c78b324\" data-element_type=\"widget\" data-widget_type=\"heading.default\">\n\t\t\t\t<div class=\"elementor-widget-container\">\n\t\t\t\t\t<p class=\"elementor-heading-title elementor-size-default\">Toile d\u2019ombrage avec enrouleur manuel<\/p>\t\t\t\t<\/div>\n\t\t\t\t<\/div>\n\t\t\t\t<div class=\"elementor-element elementor-element-73403c2a elementor-widget elementor-widget-text-editor\" data-id=\"73403c2a\" data-element_type=\"widget\" data-widget_type=\"text-editor.default\">\n\t\t\t\t<div class=\"elementor-widget-container\">\n\t\t\t\t\t\t\t\t\t<p>L\u2019enrouleur permettra d\u2019enrouler ou d\u00e9rouler la voile d\u2019ombrage selon le besoin. Par exemple, si vous souhaitez \u00e0 tout moment de la journ\u00e9e, faire entrer le soleil sur votre terrasse, en l\u2019espace de 2 minutes votre toile pourra \u00eatre enroul\u00e9e. Et si le soleil devient trop \u00e9blouissant, hop vous d\u00e9roulez la voile \u00e0 enrouleur ! C\u2019est pour cela que cette <a href=\"https:\/\/www.espace-ombrage.com\/fr\/voile-ombrage-sur-mesure-enrouleur\"><strong><u>voile d\u2019ombrage enroulable<\/u><\/strong><\/a> s\u00e9duit pour sa praticit\u00e9 au quotidien.<\/p>\t\t\t\t\t\t\t\t<\/div>\n\t\t\t\t<\/div>\n\t\t\t\t<div class=\"elementor-element elementor-element-703202fe elementor-widget elementor-widget-heading\" data-id=\"703202fe\" data-element_type=\"widget\" data-widget_type=\"heading.default\">\n\t\t\t\t<div class=\"elementor-widget-container\">\n\t\t\t\t\t<p class=\"elementor-heading-title elementor-size-default\">Voile d\u2019ombrage \u00e0 enrouleur motoris\u00e9\n<\/p>\t\t\t\t<\/div>\n\t\t\t\t<\/div>\n\t\t\t\t<div class=\"elementor-element elementor-element-ef43f00 elementor-widget elementor-widget-text-editor\" data-id=\"ef43f00\" data-element_type=\"widget\" data-widget_type=\"text-editor.default\">\n\t\t\t\t<div class=\"elementor-widget-container\">\n\t\t\t\t\t\t\t\t\tD\u00e9taill\u00e9e plus bas, la <strong>voile d\u2019ombrage motoris\u00e9e<\/strong> est une bonne alternative \u00e0 la pergola bioclimatique. L\u2019investissement est \u00e9galement plus accessible.\t\t\t\t\t\t\t\t<\/div>\n\t\t\t\t<\/div>\n\t\t\t\t\t<\/div>\n\t\t<\/div>\n\t\t\t\t<div class=\"elementor-column elementor-col-50 elementor-top-column elementor-element elementor-element-60a39f60\" data-id=\"60a39f60\" data-element_type=\"column\" data-settings=\"{&quot;background_background&quot;:&quot;classic&quot;}\">\n\t\t\t<div class=\"elementor-widget-wrap elementor-element-populated\">\n\t\t\t\t\t\t<div class=\"elementor-element elementor-element-5d5140e2 elementor-widget-mobile__width-initial elementor-widget elementor-widget-spacer\" data-id=\"5d5140e2\" data-element_type=\"widget\" data-widget_type=\"spacer.default\">\n\t\t\t\t<div class=\"elementor-widget-container\">\n\t\t\t\t\t\t\t<div class=\"elementor-spacer\">\n\t\t\t<div class=\"elementor-spacer-inner\"><\/div>\n\t\t<\/div>\n\t\t\t\t\t\t<\/div>\n\t\t\t\t<\/div>\n\t\t\t\t\t<\/div>\n\t\t<\/div>\n\t\t\t\t\t<\/div>\n\t\t<\/section>\n\t\t\t\t<section class=\"elementor-section elementor-top-section elementor-element elementor-element-1e74bdf0 elementor-section-full_width elementor-section-height-default elementor-section-height-default elementor-invisible\" data-id=\"1e74bdf0\" data-element_type=\"section\" data-settings=\"{&quot;animation&quot;:&quot;fadeIn&quot;}\">\n\t\t\t\t\t\t<div class=\"elementor-container elementor-column-gap-no\">\n\t\t\t\t\t<div class=\"elementor-column elementor-col-50 elementor-top-column elementor-element elementor-element-35ca791a elementor-hidden-tablet elementor-hidden-mobile\" data-id=\"35ca791a\" data-element_type=\"column\" data-settings=\"{&quot;background_background&quot;:&quot;classic&quot;}\">\n\t\t\t<div class=\"elementor-widget-wrap elementor-element-populated\">\n\t\t\t\t\t\t<div class=\"elementor-element elementor-element-73c33580 elementor-widget elementor-widget-image\" data-id=\"73c33580\" data-element_type=\"widget\" data-widget_type=\"image.default\">\n\t\t\t\t<div class=\"elementor-widget-container\">\n\t\t\t\t\t\t\t\t\t\t\t\t\t\t\t<img decoding=\"async\" width=\"834\" height=\"626\" src=\"https:\/\/www.espace-ombrage.com\/blog\/wp-content\/uploads\/2023\/11\/voile-ombrage-resitante.jpeg\" class=\"attachment-full size-full wp-image-1624\" alt=\"Voile d\u2019ombrage rectangulaire r\u00e9sistante au vent avec poteau\" srcset=\"https:\/\/www.espace-ombrage.com\/blog\/wp-content\/uploads\/2023\/11\/voile-ombrage-resitante.jpeg 834w, https:\/\/www.espace-ombrage.com\/blog\/wp-content\/uploads\/2023\/11\/voile-ombrage-resitante-300x225.jpeg 300w, https:\/\/www.espace-ombrage.com\/blog\/wp-content\/uploads\/2023\/11\/voile-ombrage-resitante-768x576.jpeg 768w\" sizes=\"(max-width: 834px) 100vw, 834px\" \/>\t\t\t\t\t\t\t\t\t\t\t\t\t\t\t<\/div>\n\t\t\t\t<\/div>\n\t\t\t\t\t<\/div>\n\t\t<\/div>\n\t\t\t\t<div class=\"elementor-column elementor-col-50 elementor-top-column elementor-element elementor-element-348ebc6d\" data-id=\"348ebc6d\" data-element_type=\"column\">\n\t\t\t<div class=\"elementor-widget-wrap elementor-element-populated\">\n\t\t\t\t\t\t<div class=\"elementor-element elementor-element-23bb2198 elementor-widget elementor-widget-heading\" data-id=\"23bb2198\" data-element_type=\"widget\" data-widget_type=\"heading.default\">\n\t\t\t\t<div class=\"elementor-widget-container\">\n\t\t\t\t\t<p class=\"elementor-heading-title elementor-size-default\">Toiles d\u2019ombrage imperm\u00e9ables<\/p>\t\t\t\t<\/div>\n\t\t\t\t<\/div>\n\t\t\t\t<div class=\"elementor-element elementor-element-7b958597 elementor-widget elementor-widget-text-editor\" data-id=\"7b958597\" data-element_type=\"widget\" data-widget_type=\"text-editor.default\">\n\t\t\t\t<div class=\"elementor-widget-container\">\n\t\t\t\t\t\t\t\t\t<p>Ces voiles d\u2019ombrage sont particuli\u00e8rement int\u00e9ressantes pour permettre \u00e0 vos clients de d\u00e9jeuner en terrasse \u00e0 l\u2019abri du soleil et des pluies passag\u00e8res.\u00a0\u00a0<\/p><p>En s\u00e9lectionnant un tissu acrylique ou polyester, vous optez pour une toile qui prot\u00e9gera des ond\u00e9es. Attention, lorsque vous choisissez ce type de toile, il faut absolument pr\u00e9voir une pente de 20 \u00e0 25% pour l&rsquo;\u00e9vacuation de l\u2019eau de pluie. Cette r\u00e8gle est tr\u00e8s importante car si l\u2019inclinaison n\u2019est pas r\u00e9alis\u00e9e, l\u2019eau stagne au centre de vos voiles et cela les d\u00e9formera de mani\u00e8re irr\u00e9versible. D\u00e9couvrez plus de conseils sur la pente \u00e0 cr\u00e9er sur notre FAQ d\u00e9di\u00e9e : <a href=\"https:\/\/www.espace-ombrage.com\/fr\/faq\/faqs\/pente-voile-de-jardin\"><u>ICI<\/u><\/a><\/p>\t\t\t\t\t\t\t\t<\/div>\n\t\t\t\t<\/div>\n\t\t\t\t<div class=\"elementor-element elementor-element-26db205a elementor-widget elementor-widget-heading\" data-id=\"26db205a\" data-element_type=\"widget\" data-widget_type=\"heading.default\">\n\t\t\t\t<div class=\"elementor-widget-container\">\n\t\t\t\t\t<p class=\"elementor-heading-title elementor-size-default\">Pergola avec une toile tendue<\/p>\t\t\t\t<\/div>\n\t\t\t\t<\/div>\n\t\t\t\t<div class=\"elementor-element elementor-element-3647de05 elementor-widget elementor-widget-text-editor\" data-id=\"3647de05\" data-element_type=\"widget\" data-widget_type=\"text-editor.default\">\n\t\t\t\t<div class=\"elementor-widget-container\">\n\t\t\t\t\t\t\t\t\t<p>Une structure en m\u00e9tal ou bois permet de tendre une <b>toile pour pergola<\/b>. La toile pergola est ainsi tendue \u00e0 l\u2019aide d\u2019un sandow \u00e0 l\u2019int\u00e9rieur de la structure existante. Le tissu choisi peut \u00eatre en acrylique pour avoir une <b>toile imperm\u00e9able pour pergola <\/b>(\u00e0 condition d\u2019avoir une pente suffisante pour l\u2019\u00e9vacuation de l\u2019eau) ou ajour\u00e9 (pour bien r\u00e9sister aux vents et laisser passer la lumi\u00e8re). La toile de pergola aura des bords droits et des \u0153illets en inox tous les 25cm afin d\u2019\u00eatre bien fix\u00e9e.\u00a0<\/p><p><i><u>Rappel<\/u> <\/i><i>: une toile d\u2019ombrage pour pergola se distingue des voiles d\u2019ombrage dites \u201cclassiques\u201d car elle n\u2019a pas de courbures n\u00e9gatives et se fixe avec des \u0153illets et un sandow autour d\u2019une structure existante.\u00a0<\/i><\/p>\t\t\t\t\t\t\t\t<\/div>\n\t\t\t\t<\/div>\n\t\t\t\t\t<\/div>\n\t\t<\/div>\n\t\t\t\t\t<\/div>\n\t\t<\/section>\n\t\t\t\t<section class=\"elementor-section elementor-top-section elementor-element elementor-element-667ee23f elementor-section-full_width elementor-reverse-tablet elementor-reverse-mobile elementor-section-height-default elementor-section-height-default elementor-invisible\" data-id=\"667ee23f\" data-element_type=\"section\" data-settings=\"{&quot;background_background&quot;:&quot;classic&quot;,&quot;animation&quot;:&quot;fadeIn&quot;}\">\n\t\t\t\t\t\t<div class=\"elementor-container elementor-column-gap-no\">\n\t\t\t\t\t<div class=\"elementor-column elementor-col-50 elementor-top-column elementor-element elementor-element-2098ddc4\" data-id=\"2098ddc4\" data-element_type=\"column\">\n\t\t\t<div class=\"elementor-widget-wrap elementor-element-populated\">\n\t\t\t\t\t\t<div class=\"elementor-element elementor-element-38f711ca elementor-widget-divider--view-line elementor-widget elementor-widget-divider\" data-id=\"38f711ca\" data-element_type=\"widget\" data-widget_type=\"divider.default\">\n\t\t\t\t<div class=\"elementor-widget-container\">\n\t\t\t\t\t\t\t<div class=\"elementor-divider\">\n\t\t\t<span class=\"elementor-divider-separator\">\n\t\t\t\t\t\t<\/span>\n\t\t<\/div>\n\t\t\t\t\t\t<\/div>\n\t\t\t\t<\/div>\n\t\t\t\t<div class=\"elementor-element elementor-element-37609f12 elementor-widget elementor-widget-heading\" data-id=\"37609f12\" data-element_type=\"widget\" data-widget_type=\"heading.default\">\n\t\t\t\t<div class=\"elementor-widget-container\">\n\t\t\t\t\t<p class=\"elementor-heading-title elementor-size-default\">Toile en fibre de coco naturelle : \n<\/p>\t\t\t\t<\/div>\n\t\t\t\t<\/div>\n\t\t\t\t<div class=\"elementor-element elementor-element-935f983 elementor-widget elementor-widget-text-editor\" data-id=\"935f983\" data-element_type=\"widget\" data-widget_type=\"text-editor.default\">\n\t\t\t\t<div class=\"elementor-widget-container\">\n\t\t\t\t\t\t\t\t\t<p>Les <a href=\"https:\/\/www.espace-ombrage.com\/fr\/3-voile-d-ombrage\"><strong>toiles d&rsquo;ombrage<\/strong><\/a> ne se limitent plus \u00e0 la simple fonction de protection solaire. Elles sont devenues des \u00e9l\u00e9ments incontournables du design ext\u00e9rieur, et parmi les choix les plus tendances du moment pour styliser une terrasse de restaurant se trouve la <strong><a href=\"https:\/\/www.espace-ombrage.com\/fr\/voile-d-ombrage-resistante-au-vent\/9678-toile-ombrage-fibre-coco-naturelle.html\"><u>voile en fibre de coco naturelle<\/u><\/a>.<\/strong> Elle apporte un vrai c\u00f4t\u00e9 d\u00e9co et esth\u00e9tique \u00e0 votre espace ext\u00e9rieur gr\u00e2ce \u00e0 son maillage a\u00e9r\u00e9. Attention n\u00e9anmoins, car elle ne fait que tamiser la lumi\u00e8re et ne filtre aucun rayons UVs.<\/p>\t\t\t\t\t\t\t\t<\/div>\n\t\t\t\t<\/div>\n\t\t\t\t<div class=\"elementor-element elementor-element-42247cea elementor-widget elementor-widget-heading\" data-id=\"42247cea\" data-element_type=\"widget\" data-widget_type=\"heading.default\">\n\t\t\t\t<div class=\"elementor-widget-container\">\n\t\t\t\t\t<p class=\"elementor-heading-title elementor-size-default\">Toile tendue avec un c\u00e2ble sur tout le p\u00e9riph\u00e9rique  : <\/p>\t\t\t\t<\/div>\n\t\t\t\t<\/div>\n\t\t\t\t<div class=\"elementor-element elementor-element-6258bcba elementor-widget elementor-widget-text-editor\" data-id=\"6258bcba\" data-element_type=\"widget\" data-widget_type=\"text-editor.default\">\n\t\t\t\t<div class=\"elementor-widget-container\">\n\t\t\t\t\t\t\t\t\t<p>Cette voile d\u2019ombrage sp\u00e9ciale est uniquement destin\u00e9e aux professionnels car elle r\u00e9siste \u00e0 des vents sup\u00e9rieurs \u00e0 80 km\/h et permet de couvrir des surfaces plus grandes compar\u00e9es aux voiles classiques. Un c\u00e2ble p\u00e9riph\u00e9rique en inox est tendu gr\u00e2ce \u00e0 des ridoirs int\u00e9gr\u00e9s.\u00a0<\/p><p><i><u>Info<\/u> : <\/i><i>pour une voile \u201cclassique\u201d, la surface en un seul tenant ne peut d\u00e9passer 28m2 de surface et ne peut avoir des c\u00f4t\u00e9s sup\u00e9rieurs \u00e0 7,50m.\u00a0<\/i><\/p><p>Cette voile est disponible en tissu ajour\u00e9e Australe 340 mais aussi en PVC afin d\u2019assurer une protection tout temps. La toile en PVC assure une couverture \u00e9tanche. Elle peut \u00eatre install\u00e9e de fa\u00e7on permanente. Pour la version Australe 340, il est pr\u00e9f\u00e9rable d\u2019hiverner votre toile. Ces voiles sont <a href=\"https:\/\/www.espace-ombrage.com\/fr\/content\/161-espace-pro\"><b><u>propos\u00e9es sur devis<\/u><\/b><\/a> car r\u00e9serv\u00e9es aux professionnels.<\/p>\t\t\t\t\t\t\t\t<\/div>\n\t\t\t\t<\/div>\n\t\t\t\t<div class=\"elementor-element elementor-element-4a3701d5 elementor-widget-divider--view-line elementor-widget elementor-widget-divider\" data-id=\"4a3701d5\" data-element_type=\"widget\" data-widget_type=\"divider.default\">\n\t\t\t\t<div class=\"elementor-widget-container\">\n\t\t\t\t\t\t\t<div class=\"elementor-divider\">\n\t\t\t<span class=\"elementor-divider-separator\">\n\t\t\t\t\t\t<\/span>\n\t\t<\/div>\n\t\t\t\t\t\t<\/div>\n\t\t\t\t<\/div>\n\t\t\t\t\t<\/div>\n\t\t<\/div>\n\t\t\t\t<div class=\"elementor-column elementor-col-50 elementor-top-column elementor-element elementor-element-6a8572f9\" data-id=\"6a8572f9\" data-element_type=\"column\" data-settings=\"{&quot;background_background&quot;:&quot;classic&quot;}\">\n\t\t\t<div class=\"elementor-widget-wrap elementor-element-populated\">\n\t\t\t\t\t\t<div class=\"elementor-element elementor-element-274b43a3 elementor-widget elementor-widget-spacer\" data-id=\"274b43a3\" data-element_type=\"widget\" data-widget_type=\"spacer.default\">\n\t\t\t\t<div class=\"elementor-widget-container\">\n\t\t\t\t\t\t\t<div class=\"elementor-spacer\">\n\t\t\t<div class=\"elementor-spacer-inner\"><\/div>\n\t\t<\/div>\n\t\t\t\t\t\t<\/div>\n\t\t\t\t<\/div>\n\t\t\t\t\t<\/div>\n\t\t<\/div>\n\t\t\t\t\t<\/div>\n\t\t<\/section>\n\t\t\t\t<section class=\"elementor-section elementor-top-section elementor-element elementor-element-36cb0e87 elementor-section-boxed elementor-section-height-default elementor-section-height-default elementor-invisible\" data-id=\"36cb0e87\" data-element_type=\"section\" data-settings=\"{&quot;animation&quot;:&quot;fadeIn&quot;}\">\n\t\t\t\t\t\t<div class=\"elementor-container elementor-column-gap-default\">\n\t\t\t\t\t<div class=\"elementor-column elementor-col-100 elementor-top-column elementor-element elementor-element-76c2aa07\" data-id=\"76c2aa07\" data-element_type=\"column\">\n\t\t\t<div class=\"elementor-widget-wrap elementor-element-populated\">\n\t\t\t\t\t\t<div class=\"elementor-element elementor-element-7e2160ca elementor-widget elementor-widget-heading\" data-id=\"7e2160ca\" data-element_type=\"widget\" data-widget_type=\"heading.default\">\n\t\t\t\t<div class=\"elementor-widget-container\">\n\t\t\t\t\t<h3 class=\"elementor-heading-title elementor-size-default\">Les avantages des voiles d\u2019ombrage professionnel\u200b<\/h3>\t\t\t\t<\/div>\n\t\t\t\t<\/div>\n\t\t\t\t<div class=\"elementor-element elementor-element-42b6d4b1 elementor-widget__width-initial elementor-widget elementor-widget-text-editor\" data-id=\"42b6d4b1\" data-element_type=\"widget\" data-widget_type=\"text-editor.default\">\n\t\t\t\t<div class=\"elementor-widget-container\">\n\t\t\t\t\t\t\t\t\tSachez que vous avez plusieurs avantages \u00e0 installer des <a href=\"https:\/\/www.espace-ombrage.com\/fr\/3-voile-d-ombrage\"><b><u>voiles d\u2019ombrage<\/u><\/b><\/a> sur votre terrasse afin de prolonger les salles de votre \u00e9tablissement :\n<ul>\n \t<li>Contrairement \u00e0 la <strong>pergola bioclimatique<\/strong>, une voile d&rsquo;ombrage est une installation d\u00e9montable et ne n\u00e9cessite pas de demande d\u2019autorisation de travaux. V\u00e9rifiez n\u00e9anmoins le PLU (=Plan Local d\u2019Urbanisme) de votre commune.<\/li>\n \t<li aria-level=\"1\">Personnalisez votre terrasse en choisissant des coloris des<a href=\"https:\/\/www.espace-ombrage.com\/fr\/content\/180-voile-d-ombrage-sur-mesure\"> <strong><u>voiles d\u2019ombrage sur mesure<\/u><\/strong><\/a> ou voiles standards proches de votre univers et de votre identit\u00e9 visuelle pour augmenter votre visibilit\u00e9 et vous d\u00e9marquer.<\/li>\n \t<li aria-level=\"1\">Apportez une touche design \u00e0 votre terrasse en donnant une ambiance dynamique th\u00e9matique. Vous pouvez par exemple cr\u00e9er une ambiance marine avec des voiles coloris Navy et <a href=\"https:\/\/www.espace-ombrage.com\/fr\/mats-et-accessoires\/10-mat-reglable-pour-voile-d-ombrage.html\"><strong><u>mat voile d\u2019ombrage<\/u><\/strong><\/a> en aluminium ou bien cr\u00e9er une atmosph\u00e8re nature avec des coloris Sable et Terre. Le choix de tapis et coussins assortis apporteront la touche finale. D\u00e9couvrez plus de conseils sur le\u00a0 choix du coloris sur notre FAQ d\u00e9di\u00e9e : <a href=\"https:\/\/www.espace-ombrage.com\/fr\/faq\/faqs\/choix-coloris-toile-de-terrasse\"><u>ICI<\/u><\/a><\/li>\n \t<li aria-level=\"1\">Cr\u00e9ez des <b>espaces cosy et chaleureux<\/b> \u00e0 l\u2019abri des regards indiscrets et am\u00e9liorez l\u2019exp\u00e9rience de vos clients.<\/li>\n \t<li aria-level=\"1\"><b>Augmentez le nombre de couverts<\/b> en terrasse gr\u00e2ce \u00e0 une <b>augmentation des zones d\u2019ombre<\/b>. Les voiles d\u2019ombrage ont en effet des superficies sup\u00e9rieures au parasol et ont moins de <strong>piquets<\/strong> install\u00e9s sur la terrasse.<\/li>\n \t<li aria-level=\"1\">R\u00e9duisez la chaleur sur la terrasse en cr\u00e9ant un <b>\u00eelot de fra\u00eecheur <\/b>sous les voiles afin de cr\u00e9er une exp\u00e9rience de bien \u00eatre et d\u00e9tente pour vos clients<\/li>\n<\/ul>\t\t\t\t\t\t\t\t<\/div>\n\t\t\t\t<\/div>\n\t\t\t\t\t<\/div>\n\t\t<\/div>\n\t\t\t\t\t<\/div>\n\t\t<\/section>\n\t\t\t\t<section class=\"elementor-section elementor-top-section elementor-element elementor-element-47911309 elementor-section-full_width elementor-reverse-tablet elementor-reverse-mobile elementor-section-height-default elementor-section-height-default elementor-invisible\" data-id=\"47911309\" data-element_type=\"section\" data-settings=\"{&quot;background_background&quot;:&quot;classic&quot;,&quot;animation&quot;:&quot;fadeIn&quot;}\">\n\t\t\t\t\t\t<div class=\"elementor-container elementor-column-gap-no\">\n\t\t\t\t\t<div class=\"elementor-column elementor-col-50 elementor-top-column elementor-element elementor-element-4141d0ad\" data-id=\"4141d0ad\" data-element_type=\"column\">\n\t\t\t<div class=\"elementor-widget-wrap elementor-element-populated\">\n\t\t\t\t\t\t<div class=\"elementor-element elementor-element-2571efb3 elementor-widget elementor-widget-heading\" data-id=\"2571efb3\" data-element_type=\"widget\" data-widget_type=\"heading.default\">\n\t\t\t\t<div class=\"elementor-widget-container\">\n\t\t\t\t\t<h3 class=\"elementor-heading-title elementor-size-default\">Quelques conseils pour bien choisir votre voile d\u2019ombrage professionnel<\/h3>\t\t\t\t<\/div>\n\t\t\t\t<\/div>\n\t\t\t\t<div class=\"elementor-element elementor-element-40160025 elementor-widget-divider--view-line elementor-widget elementor-widget-divider\" data-id=\"40160025\" data-element_type=\"widget\" data-widget_type=\"divider.default\">\n\t\t\t\t<div class=\"elementor-widget-container\">\n\t\t\t\t\t\t\t<div class=\"elementor-divider\">\n\t\t\t<span class=\"elementor-divider-separator\">\n\t\t\t\t\t\t<\/span>\n\t\t<\/div>\n\t\t\t\t\t\t<\/div>\n\t\t\t\t<\/div>\n\t\t\t\t<div class=\"elementor-element elementor-element-35e23e2c elementor-widget elementor-widget-heading\" data-id=\"35e23e2c\" data-element_type=\"widget\" data-widget_type=\"heading.default\">\n\t\t\t\t<div class=\"elementor-widget-container\">\n\t\t\t\t\t<h4 class=\"elementor-heading-title elementor-size-default\">Prolongez la p\u00e9riode d\u2019utilisation de votre terrasse en installant des toiles professionnelles imperm\u00e9ables<\/h4>\t\t\t\t<\/div>\n\t\t\t\t<\/div>\n\t\t\t\t<div class=\"elementor-element elementor-element-29cb9f02 elementor-widget elementor-widget-text-editor\" data-id=\"29cb9f02\" data-element_type=\"widget\" data-widget_type=\"text-editor.default\">\n\t\t\t\t<div class=\"elementor-widget-container\">\n\t\t\t\t\t\t\t\t\t<p>Nombreuses solutions sont adapt\u00e9es pour la p\u00e9riode estivale, il existe n\u00e9anmoins des solutions adapt\u00e9es pour prot\u00e9ger la terrasse des intemp\u00e9ries toute l\u2019ann\u00e9e. Par exemple, les toiles avec c\u00e2ble sur tout le p\u00e9riph\u00e9rique dont nous avons parl\u00e9 plus haut dans cet article r\u00e9pondent parfaitement \u00e0 ce besoin. Ces toiles permanentes en poly\u00e9thyl\u00e8ne ou PVC prot\u00e9geront autant des UVs que des intemp\u00e9ries.<\/p>\t\t\t\t\t\t\t\t<\/div>\n\t\t\t\t<\/div>\n\t\t\t\t<div class=\"elementor-element elementor-element-230b8183 elementor-widget elementor-widget-heading\" data-id=\"230b8183\" data-element_type=\"widget\" data-widget_type=\"heading.default\">\n\t\t\t\t<div class=\"elementor-widget-container\">\n\t\t\t\t\t<h4 class=\"elementor-heading-title elementor-size-default\">Optez pour une voile d\u2019ombrage motoris\u00e9e pour sa large couverture et sa praticit\u00e9\n<\/h4>\t\t\t\t<\/div>\n\t\t\t\t<\/div>\n\t\t\t\t<div class=\"elementor-element elementor-element-7fc1a234 elementor-widget elementor-widget-text-editor\" data-id=\"7fc1a234\" data-element_type=\"widget\" data-widget_type=\"text-editor.default\">\n\t\t\t\t<div class=\"elementor-widget-container\">\n\t\t\t\t\t\t\t\t\tSi vous recherchez une solution haut de gamme et pratique, orientez vous vers une <a href=\"https:\/\/www.espace-ombrage.com\/fr\/voile-d-ombrage-electrique\/3932-voile-a-enrouleur-motorise.html\"><strong><u>voile d\u2019ombrage \u00e9lectrique<\/u><\/strong><\/a>. Celle-ci pourra avoir une surface allant jusqu&rsquo;\u00e0 55m2. Sa motorisation permettra de ranger la voile en fin de journ\u00e9e ou selon la m\u00e9t\u00e9o. Sachez qu\u2019une alimentation \u00e9lectrique en 3 points est \u00e0 pr\u00e9voir pour les moteurs. La t\u00e9l\u00e9commande facilite grandement l\u2019usage de la voile, l&rsquo;\u00e9olienne et le capteur de luminosit\u00e9 pourra piloter la voile de fa\u00e7on automatique selon les r\u00e9glages d\u00e9finis et les conditions m\u00e9t\u00e9orologiques.\t\t\t\t\t\t\t\t<\/div>\n\t\t\t\t<\/div>\n\t\t\t\t<div class=\"elementor-element elementor-element-26b11124 elementor-widget elementor-widget-heading\" data-id=\"26b11124\" data-element_type=\"widget\" data-widget_type=\"heading.default\">\n\t\t\t\t<div class=\"elementor-widget-container\">\n\t\t\t\t\t<h4 class=\"elementor-heading-title elementor-size-default\">La voile d\u2019ombrage avec enrouleur - un vrai plus<\/h4>\t\t\t\t<\/div>\n\t\t\t\t<\/div>\n\t\t\t\t<div class=\"elementor-element elementor-element-27efca72 elementor-widget elementor-widget-text-editor\" data-id=\"27efca72\" data-element_type=\"widget\" data-widget_type=\"text-editor.default\">\n\t\t\t\t<div class=\"elementor-widget-container\">\n\t\t\t\t\t\t\t\t\t<p>Pensez \u00e0 l\u2019<b>option enrouleur <\/b>qu\u2019il soit manuel ou motoris\u00e9 qui permettra un enroulement et d\u00e9roulement facilit\u00e9 afin de s\u2019adapter aux souhaits de vos clients et \u00e0 la m\u00e9t\u00e9o au quotidien. C\u2019est au moment de la fabrication qu\u2019une voile est faite pour une version enrouleur. Pensez y donc pr\u00e9alablement<\/p>\t\t\t\t\t\t\t\t<\/div>\n\t\t\t\t<\/div>\n\t\t\t\t\t<\/div>\n\t\t<\/div>\n\t\t\t\t<div class=\"elementor-column elementor-col-50 elementor-top-column elementor-element elementor-element-509f4f08\" data-id=\"509f4f08\" data-element_type=\"column\" data-settings=\"{&quot;background_background&quot;:&quot;classic&quot;}\">\n\t\t\t<div class=\"elementor-widget-wrap elementor-element-populated\">\n\t\t\t\t\t\t<div class=\"elementor-element elementor-element-1b418d61 elementor-widget elementor-widget-spacer\" data-id=\"1b418d61\" data-element_type=\"widget\" data-widget_type=\"spacer.default\">\n\t\t\t\t<div class=\"elementor-widget-container\">\n\t\t\t\t\t\t\t<div class=\"elementor-spacer\">\n\t\t\t<div class=\"elementor-spacer-inner\"><\/div>\n\t\t<\/div>\n\t\t\t\t\t\t<\/div>\n\t\t\t\t<\/div>\n\t\t\t\t\t<\/div>\n\t\t<\/div>\n\t\t\t\t\t<\/div>\n\t\t<\/section>\n\t\t\t\t<section class=\"elementor-section elementor-top-section elementor-element elementor-element-32e0c8d7 elementor-section-full_width elementor-section-height-default elementor-section-height-default elementor-invisible\" data-id=\"32e0c8d7\" data-element_type=\"section\" data-settings=\"{&quot;animation&quot;:&quot;fadeIn&quot;}\">\n\t\t\t\t\t\t<div class=\"elementor-container elementor-column-gap-no\">\n\t\t\t\t\t<div class=\"elementor-column elementor-col-50 elementor-top-column elementor-element elementor-element-40230194\" data-id=\"40230194\" data-element_type=\"column\" data-settings=\"{&quot;background_background&quot;:&quot;classic&quot;}\">\n\t\t\t<div class=\"elementor-widget-wrap elementor-element-populated\">\n\t\t\t\t\t\t<div class=\"elementor-element elementor-element-122ed63e elementor-widget elementor-widget-spacer\" data-id=\"122ed63e\" data-element_type=\"widget\" data-widget_type=\"spacer.default\">\n\t\t\t\t<div class=\"elementor-widget-container\">\n\t\t\t\t\t\t\t<div class=\"elementor-spacer\">\n\t\t\t<div class=\"elementor-spacer-inner\"><\/div>\n\t\t<\/div>\n\t\t\t\t\t\t<\/div>\n\t\t\t\t<\/div>\n\t\t\t\t\t<\/div>\n\t\t<\/div>\n\t\t\t\t<div class=\"elementor-column elementor-col-50 elementor-top-column elementor-element elementor-element-264076f3\" data-id=\"264076f3\" data-element_type=\"column\">\n\t\t\t<div class=\"elementor-widget-wrap elementor-element-populated\">\n\t\t\t\t\t\t<div class=\"elementor-element elementor-element-1a359c6b elementor-widget elementor-widget-heading\" data-id=\"1a359c6b\" data-element_type=\"widget\" data-widget_type=\"heading.default\">\n\t\t\t\t<div class=\"elementor-widget-container\">\n\t\t\t\t\t<h4 class=\"elementor-heading-title elementor-size-default\">La voile d\u2019ombrage quadrilat\u00e8re - un format \u00e0 haute couvrance<\/h4>\t\t\t\t<\/div>\n\t\t\t\t<\/div>\n\t\t\t\t<div class=\"elementor-element elementor-element-2bfce175 elementor-widget elementor-widget-text-editor\" data-id=\"2bfce175\" data-element_type=\"widget\" data-widget_type=\"text-editor.default\">\n\t\t\t\t<div class=\"elementor-widget-container\">\n\t\t\t\t\t\t\t\t\tLorsque vous souhaitez \u00e9quiper votre terrasse de restaurant avec des voiles, privil\u00e9giez la <a href=\"https:\/\/www.espace-ombrage.com\/fr\/content\/121-voile-ombrage-rectangulaire\"><strong><u>voile d\u2019ombrage rectangulaire<\/u><\/strong><\/a>. En effet, une <strong>toile rectangle <\/strong>sera toujours plus couvrante qu\u2019une <a href=\"https:\/\/www.espace-ombrage.com\/fr\/content\/130-voiles-dombrage-triangle-rectangle\"><strong><u>voile d\u2019ombrage triangle<\/u><\/strong><\/a>.\t\t\t\t\t\t\t\t<\/div>\n\t\t\t\t<\/div>\n\t\t\t\t<div class=\"elementor-element elementor-element-f8adcba elementor-widget elementor-widget-heading\" data-id=\"f8adcba\" data-element_type=\"widget\" data-widget_type=\"heading.default\">\n\t\t\t\t<div class=\"elementor-widget-container\">\n\t\t\t\t\t<h4 class=\"elementor-heading-title elementor-size-default\">Optez pour la toile tendue ajour\u00e9e qui laisse passer l\u2019air et l\u2019eau.<\/h4>\t\t\t\t<\/div>\n\t\t\t\t<\/div>\n\t\t\t\t<div class=\"elementor-element elementor-element-caac422 elementor-widget elementor-widget-text-editor\" data-id=\"caac422\" data-element_type=\"widget\" data-widget_type=\"text-editor.default\">\n\t\t\t\t<div class=\"elementor-widget-container\">\n\t\t\t\t\t\t\t\t\t<p>Elle r\u00e9siste mieux au vent et n\u00e9cessite moins d&rsquo;attention. De plus, il n\u2019est pas obligatoire de cr\u00e9er une pente pour l\u2019\u00e9vacuation de l\u2019eau contrairement aux toiles imperm\u00e9ables. C\u2019est une voile qui a peu de contrainte et qui r\u00e9siste le mieux dans le temps.<\/p>\t\t\t\t\t\t\t\t<\/div>\n\t\t\t\t<\/div>\n\t\t\t\t<div class=\"elementor-element elementor-element-76bca962 elementor-widget elementor-widget-heading\" data-id=\"76bca962\" data-element_type=\"widget\" data-widget_type=\"heading.default\">\n\t\t\t\t<div class=\"elementor-widget-container\">\n\t\t\t\t\t<h4 class=\"elementor-heading-title elementor-size-default\">Pensez au coloris de la voile ombrage et l\u2019esth\u00e9tisme global <\/h4>\t\t\t\t<\/div>\n\t\t\t\t<\/div>\n\t\t\t\t<div class=\"elementor-element elementor-element-330d56c0 elementor-widget elementor-widget-text-editor\" data-id=\"330d56c0\" data-element_type=\"widget\" data-widget_type=\"text-editor.default\">\n\t\t\t\t<div class=\"elementor-widget-container\">\n\t\t\t\t\t\t\t\t\t<p>Prenez un coloris assorti \u00e0 votre univers de d\u00e9co tout en \u00e9vitant les coloris trop clairs. En effet, plus le coloris de de la toile est fonc\u00e9, plus vous limiterez la r\u00e9verb\u00e9ration du soleil au sol. Les coloris fonc\u00e9s procureront ainsi un sentiment de fra\u00eecheur plus marqu\u00e9.<\/p>\t\t\t\t\t\t\t\t<\/div>\n\t\t\t\t<\/div>\n\t\t\t\t<div class=\"elementor-element elementor-element-7c458a29 elementor-widget elementor-widget-heading\" data-id=\"7c458a29\" data-element_type=\"widget\" data-widget_type=\"heading.default\">\n\t\t\t\t<div class=\"elementor-widget-container\">\n\t\t\t\t\t<h4 class=\"elementor-heading-title elementor-size-default\">Adaptez vos points d\u2019accroche pour toile solaire<\/h4>\t\t\t\t<\/div>\n\t\t\t\t<\/div>\n\t\t\t\t<div class=\"elementor-element elementor-element-1834b8f elementor-widget elementor-widget-text-editor\" data-id=\"1834b8f\" data-element_type=\"widget\" data-widget_type=\"text-editor.default\">\n\t\t\t\t<div class=\"elementor-widget-container\">\n\t\t\t\t\t\t\t\t\tFixez vos voiles en fa\u00e7ade et sur des <strong>poteaux pour voile d\u2019ombrage r\u00e9glables<\/strong>. Ceux-ci sont disponibles dans des versions \u00e0 visser sur une dalle b\u00e9ton, \u00e0 sceller dans un plot b\u00e9ton cr\u00e9\u00e9 dans la terre ou le sable, viss\u00e9s avec des platines murales (sur une fa\u00e7ade en contrebas ou un muret) et enfin fix\u00e9s sur un support \u00e0 lester lorsqu\u2019il n\u2019est pas possible de se fixer au sol ou au mur.\t\t\t\t\t\t\t\t<\/div>\n\t\t\t\t<\/div>\n\t\t\t\t<div class=\"elementor-element elementor-element-7eb994f elementor-widget elementor-widget-button\" data-id=\"7eb994f\" data-element_type=\"widget\" data-settings=\"{&quot;motion_fx_motion_fx_mouse&quot;:&quot;yes&quot;}\" data-widget_type=\"button.default\">\n\t\t\t\t<div class=\"elementor-widget-container\">\n\t\t\t\t\t\t\t\t\t<div class=\"elementor-button-wrapper\">\n\t\t\t\t\t<a class=\"elementor-button elementor-button-link elementor-size-sm\" href=\"https:\/\/www.espace-ombrage.com\/fr\/fixations-pour-voile-d-ombrage\/13-fixation-murale-longue.html\" target=\"_blank\">\n\t\t\t\t\t\t<span class=\"elementor-button-content-wrapper\">\n\t\t\t\t\t\t\t\t\t<span class=\"elementor-button-text\">Encore plus facile \u00e0 accrocher avec des fixations murales<\/span>\n\t\t\t\t\t<\/span>\n\t\t\t\t\t<\/a>\n\t\t\t\t<\/div>\n\t\t\t\t\t\t\t\t<\/div>\n\t\t\t\t<\/div>\n\t\t\t\t\t<\/div>\n\t\t<\/div>\n\t\t\t\t\t<\/div>\n\t\t<\/section>\n\t\t\t\t<section class=\"elementor-section elementor-top-section elementor-element elementor-element-48fb2f07 elementor-section-full_width elementor-section-height-min-height elementor-section-items-stretch elementor-section-content-middle elementor-section-height-default elementor-invisible\" data-id=\"48fb2f07\" data-element_type=\"section\" data-settings=\"{&quot;animation&quot;:&quot;fadeIn&quot;,&quot;background_background&quot;:&quot;classic&quot;}\">\n\t\t\t\t\t\t<div class=\"elementor-container elementor-column-gap-no\">\n\t\t\t\t\t<div class=\"elementor-column elementor-col-50 elementor-top-column elementor-element elementor-element-237db2c0\" data-id=\"237db2c0\" data-element_type=\"column\" data-settings=\"{&quot;background_background&quot;:&quot;classic&quot;}\">\n\t\t\t<div class=\"elementor-widget-wrap elementor-element-populated\">\n\t\t\t\t\t\t<div class=\"elementor-element elementor-element-33899440 elementor-widget elementor-widget-text-editor\" data-id=\"33899440\" data-element_type=\"widget\" data-widget_type=\"text-editor.default\">\n\t\t\t\t<div class=\"elementor-widget-container\">\n\t\t\t\t\t\t\t\t\t<p>Vous souhaitez recevoir un projet en 3D et un devis pour \u00e9quiper votre terrasse? Envoyez-nous un plan de votre terrasse \u00e0 couvrir, qu\u2019il soit \u00e0 main lev\u00e9e ou un plan d\u2019architecte que vous avez ainsi que quelques photos et <a href=\"https:\/\/www.espace-ombrage.com\/fr\/content\/161-espace-pro\">demandez une \u00e9tude r\u00e9alis\u00e9e par nos experts.<\/a> Vous aurez un retour sous 72h, avec une projection en 3D de votre projet et un devis.\u00a0<\/p><p>Notre \u00e9quipe reste disponible par email \u00e0 <a href=\"mailto:contact@espace-ombrage.com\"><b>contact@espace-ombrage.com<\/b><\/a> ou par t\u00e9l\u00e9phone au <b>+33 3 62 27 60 60<\/b> pour r\u00e9pondre \u00e0 vos questions et vous accompagner dans votre projet.<\/p>\t\t\t\t\t\t\t\t<\/div>\n\t\t\t\t<\/div>\n\t\t\t\t\t<\/div>\n\t\t<\/div>\n\t\t\t\t<div class=\"elementor-column elementor-col-50 elementor-top-column elementor-element elementor-element-3994b757 elementor-hidden-tablet elementor-hidden-mobile\" data-id=\"3994b757\" data-element_type=\"column\" data-settings=\"{&quot;background_background&quot;:&quot;classic&quot;}\">\n\t\t\t<div class=\"elementor-widget-wrap elementor-element-populated\">\n\t\t\t\t\t\t<div class=\"elementor-element elementor-element-7334df34 elementor-widget elementor-widget-image\" data-id=\"7334df34\" data-element_type=\"widget\" data-widget_type=\"image.default\">\n\t\t\t\t<div class=\"elementor-widget-container\">\n\t\t\t\t\t\t\t\t\t\t\t\t\t\t\t<img decoding=\"async\" width=\"540\" height=\"540\" src=\"https:\/\/www.espace-ombrage.com\/blog\/wp-content\/uploads\/2023\/08\/australe-340-enrouleur.jpg\" class=\"attachment-full size-full wp-image-1495\" alt=\"Toile d&#039;ombrage ajour\u00e9e \u00e0 enrouleur sur balcon\" srcset=\"https:\/\/www.espace-ombrage.com\/blog\/wp-content\/uploads\/2023\/08\/australe-340-enrouleur.jpg 540w, https:\/\/www.espace-ombrage.com\/blog\/wp-content\/uploads\/2023\/08\/australe-340-enrouleur-300x300.jpg 300w, https:\/\/www.espace-ombrage.com\/blog\/wp-content\/uploads\/2023\/08\/australe-340-enrouleur-150x150.jpg 150w\" sizes=\"(max-width: 540px) 100vw, 540px\" \/>\t\t\t\t\t\t\t\t\t\t\t\t\t\t\t<\/div>\n\t\t\t\t<\/div>\n\t\t\t\t\t<\/div>\n\t\t<\/div>\n\t\t\t\t\t<\/div>\n\t\t<\/section>\n\t\t\t\t<section class=\"elementor-section elementor-top-section elementor-element elementor-element-4c9c4fd7 elementor-section-boxed elementor-section-height-default elementor-section-height-default\" data-id=\"4c9c4fd7\" data-element_type=\"section\">\n\t\t\t\t\t\t<div class=\"elementor-container elementor-column-gap-default\">\n\t\t\t\t\t<div class=\"elementor-column elementor-col-100 elementor-top-column elementor-element elementor-element-45673f6e\" data-id=\"45673f6e\" data-element_type=\"column\">\n\t\t\t<div class=\"elementor-widget-wrap elementor-element-populated\">\n\t\t\t\t\t\t<div class=\"elementor-element elementor-element-14de6a58 elementor-post-navigation-borders-yes elementor-widget elementor-widget-post-navigation\" data-id=\"14de6a58\" data-element_type=\"widget\" data-widget_type=\"post-navigation.default\">\n\t\t\t\t<div class=\"elementor-widget-container\">\n\t\t\t\t\t\t\t<div class=\"elementor-post-navigation\">\n\t\t\t<div class=\"elementor-post-navigation__prev elementor-post-navigation__link\">\n\t\t\t\t<a href=\"https:\/\/www.espace-ombrage.com\/blog\/quelles-voiles-dombrage-choisir-en-tant-que-professionnel\/\" rel=\"prev\"><span class=\"post-navigation__arrow-wrapper post-navigation__arrow-prev\"><i class=\"fa fa-caret-left\" aria-hidden=\"true\"><\/i><span class=\"elementor-screen-only\">Pr\u00e9c\u00e9dent<\/span><\/span><span class=\"elementor-post-navigation__link__prev\"><span class=\"post-navigation__prev--label\">Pr\u00e9c\u00e9dent<\/span><span class=\"post-navigation__prev--title\">Quelles voiles d\u2019ombrage choisir en tant que professionnel ?<\/span><\/span><\/a>\t\t\t<\/div>\n\t\t\t\t\t\t\t<div class=\"elementor-post-navigation__separator-wrapper\">\n\t\t\t\t\t<div class=\"elementor-post-navigation__separator\"><\/div>\n\t\t\t\t<\/div>\n\t\t\t\t\t\t<div class=\"elementor-post-navigation__next elementor-post-navigation__link\">\n\t\t\t\t<a href=\"https:\/\/www.espace-ombrage.com\/blog\/duree-de-vie-voile-ombrage\/\" rel=\"next\"><span class=\"elementor-post-navigation__link__next\"><span class=\"post-navigation__next--label\">Suivant<\/span><span class=\"post-navigation__next--title\">Quelle est la dur\u00e9e de vie d&rsquo;une voile d&rsquo;ombrage ?<\/span><\/span><span class=\"post-navigation__arrow-wrapper post-navigation__arrow-next\"><i class=\"fa fa-caret-right\" aria-hidden=\"true\"><\/i><span class=\"elementor-screen-only\">Suivant<\/span><\/span><\/a>\t\t\t<\/div>\n\t\t<\/div>\n\t\t\t\t\t\t<\/div>\n\t\t\t\t<\/div>\n\t\t\t\t\t<\/div>\n\t\t<\/div>\n\t\t\t\t\t<\/div>\n\t\t<\/section>\n\t\t\t\t<\/div>\n\t\t","protected":false},"excerpt":{"rendered":"<p>Vous avez une terrasse \u00e0 ombrager pour votre restaurant et souhaitez optimiser l\u2019espace en limitant votre investissement ? Avez-vous pens\u00e9 \u00e0 des voiles d\u2019ombrage professionnel afin de prot\u00e9ger vos clients du soleil et cr\u00e9er des \u00eelots de fra\u00eecheur ? Cette solution d\u2019ombrage design et pratique ravira vos clients pendant leur repas.<\/p>\n","protected":false},"author":2,"featured_media":571,"comment_status":"open","ping_status":"open","sticky":false,"template":"elementor_header_footer","format":"standard","meta":{"footnotes":""},"categories":[10,3,5],"tags":[],"class_list":["post-2826","post","type-post","status-publish","format-standard","has-post-thumbnail","hentry","category-espace-ombrage-en-b2b","category-les-actualites","category-nos-conseils"],"yoast_head":"<!-- This site is optimized with the Yoast SEO plugin v23.6 - https:\/\/yoast.com\/wordpress\/plugins\/seo\/ -->\n<title>Restaurateur : comment prot\u00e9ger votre terrasse des intemp\u00e9ries toute l&#039;ann\u00e9e ? - Espace Ombrage<\/title>\n<meta name=\"description\" content=\"Vous avez une terrasse \u00e0 ombrager pour votre restaurant et souhaitez optimiser l\u2019espace en limitant votre investissement ? Avez-vous pens\u00e9 \u00e0 des voiles d\u2019ombrage professionnel afin de prot\u00e9ger vos clients du soleil et cr\u00e9er des \u00eelots de fra\u00eecheur ? Cette solution d\u2019ombrage design et pratique ravira vos clients pendant leur repas.\" \/>\n<meta name=\"robots\" content=\"index, follow, max-snippet:-1, max-image-preview:large, max-video-preview:-1\" \/>\n<link rel=\"canonical\" href=\"https:\/\/www.espace-ombrage.com\/blog\/comment-proteger-sa-terrasse-des-intemperies\/\" \/>\n<meta property=\"og:locale\" content=\"fr_FR\" \/>\n<meta property=\"og:type\" content=\"article\" \/>\n<meta property=\"og:title\" content=\"Restaurateur : comment prot\u00e9ger votre terrasse des intemp\u00e9ries toute l&#039;ann\u00e9e ? - Espace Ombrage\" \/>\n<meta property=\"og:description\" content=\"Vous avez une terrasse \u00e0 ombrager pour votre restaurant et souhaitez optimiser l\u2019espace en limitant votre investissement ? Avez-vous pens\u00e9 \u00e0 des voiles d\u2019ombrage professionnel afin de prot\u00e9ger vos clients du soleil et cr\u00e9er des \u00eelots de fra\u00eecheur ? Cette solution d\u2019ombrage design et pratique ravira vos clients pendant leur repas.\" \/>\n<meta property=\"og:url\" content=\"https:\/\/www.espace-ombrage.com\/blog\/comment-proteger-sa-terrasse-des-intemperies\/\" \/>\n<meta property=\"og:site_name\" content=\"Espace Ombrage\" \/>\n<meta property=\"article:published_time\" content=\"2024-01-09T14:15:29+00:00\" \/>\n<meta property=\"article:modified_time\" content=\"2024-10-31T10:36:53+00:00\" \/>\n<meta property=\"og:image\" content=\"https:\/\/www.espace-ombrage.com\/blog\/wp-content\/uploads\/2016\/01\/terrasse-microperforee-choix.png\" \/>\n\t<meta property=\"og:image:width\" content=\"1180\" \/>\n\t<meta property=\"og:image:height\" content=\"700\" \/>\n\t<meta property=\"og:image:type\" content=\"image\/png\" \/>\n<meta name=\"author\" content=\"admin-ombrage\" \/>\n<meta name=\"twitter:card\" content=\"summary_large_image\" \/>\n<meta name=\"twitter:label1\" content=\"\u00c9crit par\" \/>\n\t<meta name=\"twitter:data1\" content=\"admin-ombrage\" \/>\n\t<meta name=\"twitter:label2\" content=\"Dur\u00e9e de lecture estim\u00e9e\" \/>\n\t<meta name=\"twitter:data2\" content=\"9 minutes\" \/>\n<script type=\"application\/ld+json\" class=\"yoast-schema-graph\">{\"@context\":\"https:\/\/schema.org\",\"@graph\":[{\"@type\":\"WebPage\",\"@id\":\"https:\/\/www.espace-ombrage.com\/blog\/comment-proteger-sa-terrasse-des-intemperies\/\",\"url\":\"https:\/\/www.espace-ombrage.com\/blog\/comment-proteger-sa-terrasse-des-intemperies\/\",\"name\":\"Restaurateur : comment prot\u00e9ger votre terrasse des intemp\u00e9ries toute l'ann\u00e9e ? - Espace Ombrage\",\"isPartOf\":{\"@id\":\"https:\/\/www.espace-ombrage.com\/blog\/#website\"},\"primaryImageOfPage\":{\"@id\":\"https:\/\/www.espace-ombrage.com\/blog\/comment-proteger-sa-terrasse-des-intemperies\/#primaryimage\"},\"image\":{\"@id\":\"https:\/\/www.espace-ombrage.com\/blog\/comment-proteger-sa-terrasse-des-intemperies\/#primaryimage\"},\"thumbnailUrl\":\"https:\/\/www.espace-ombrage.com\/blog\/wp-content\/uploads\/2016\/01\/terrasse-microperforee-choix.png\",\"datePublished\":\"2024-01-09T14:15:29+00:00\",\"dateModified\":\"2024-10-31T10:36:53+00:00\",\"author\":{\"@id\":\"https:\/\/www.espace-ombrage.com\/blog\/#\/schema\/person\/9b223e71f82520b376e08b8d0d4c7691\"},\"description\":\"Vous avez une terrasse \u00e0 ombrager pour votre restaurant et souhaitez optimiser l\u2019espace en limitant votre investissement ? Avez-vous pens\u00e9 \u00e0 des voiles d\u2019ombrage professionnel afin de prot\u00e9ger vos clients du soleil et cr\u00e9er des \u00eelots de fra\u00eecheur ? Cette solution d\u2019ombrage design et pratique ravira vos clients pendant leur repas.\",\"breadcrumb\":{\"@id\":\"https:\/\/www.espace-ombrage.com\/blog\/comment-proteger-sa-terrasse-des-intemperies\/#breadcrumb\"},\"inLanguage\":\"fr-FR\",\"potentialAction\":[{\"@type\":\"ReadAction\",\"target\":[\"https:\/\/www.espace-ombrage.com\/blog\/comment-proteger-sa-terrasse-des-intemperies\/\"]}]},{\"@type\":\"ImageObject\",\"inLanguage\":\"fr-FR\",\"@id\":\"https:\/\/www.espace-ombrage.com\/blog\/comment-proteger-sa-terrasse-des-intemperies\/#primaryimage\",\"url\":\"https:\/\/www.espace-ombrage.com\/blog\/wp-content\/uploads\/2016\/01\/terrasse-microperforee-choix.png\",\"contentUrl\":\"https:\/\/www.espace-ombrage.com\/blog\/wp-content\/uploads\/2016\/01\/terrasse-microperforee-choix.png\",\"width\":1180,\"height\":700,\"caption\":\"Toile ombrage ajour\u00e9e sable poteau\"},{\"@type\":\"BreadcrumbList\",\"@id\":\"https:\/\/www.espace-ombrage.com\/blog\/comment-proteger-sa-terrasse-des-intemperies\/#breadcrumb\",\"itemListElement\":[{\"@type\":\"ListItem\",\"position\":1,\"name\":\"Espace Ombrage\",\"item\":\"https:\/\/www.espace-ombrage.com\/blog\/\"},{\"@type\":\"ListItem\",\"position\":2,\"name\":\"Restaurateur : comment prot\u00e9ger votre terrasse des intemp\u00e9ries toute l&rsquo;ann\u00e9e ?\",\"item\":\"https:\/\/www.espace-ombrage.com\/blog\/comment-proteger-sa-terrasse-des-intemperies\/\"}]},{\"@type\":\"WebSite\",\"@id\":\"https:\/\/www.espace-ombrage.com\/blog\/#website\",\"url\":\"https:\/\/www.espace-ombrage.com\/blog\/\",\"name\":\"Espace Ombrage\",\"description\":\"\",\"potentialAction\":[{\"@type\":\"SearchAction\",\"target\":{\"@type\":\"EntryPoint\",\"urlTemplate\":\"https:\/\/www.espace-ombrage.com\/blog\/?s={search_term_string}\"},\"query-input\":{\"@type\":\"PropertyValueSpecification\",\"valueRequired\":true,\"valueName\":\"search_term_string\"}}],\"inLanguage\":\"fr-FR\"},{\"@type\":\"Person\",\"@id\":\"https:\/\/www.espace-ombrage.com\/blog\/#\/schema\/person\/9b223e71f82520b376e08b8d0d4c7691\",\"name\":\"admin-ombrage\",\"image\":{\"@type\":\"ImageObject\",\"inLanguage\":\"fr-FR\",\"@id\":\"https:\/\/www.espace-ombrage.com\/blog\/#\/schema\/person\/image\/\",\"url\":\"https:\/\/secure.gravatar.com\/avatar\/da964888ae868660e9f41df5c83a352c8bbcfeb83d9ed86d4d1d93ca7b092bac?s=96&d=mm&r=g\",\"contentUrl\":\"https:\/\/secure.gravatar.com\/avatar\/da964888ae868660e9f41df5c83a352c8bbcfeb83d9ed86d4d1d93ca7b092bac?s=96&d=mm&r=g\",\"caption\":\"admin-ombrage\"},\"url\":\"https:\/\/www.espace-ombrage.com\/blog\/author\/admin-ombrage\/\"}]}<\/script>\n<!-- \/ Yoast SEO plugin. -->","yoast_head_json":{"title":"Restaurateur : comment prot\u00e9ger votre terrasse des intemp\u00e9ries toute l'ann\u00e9e ? - Espace Ombrage","description":"Vous avez une terrasse \u00e0 ombrager pour votre restaurant et souhaitez optimiser l\u2019espace en limitant votre investissement ? Avez-vous pens\u00e9 \u00e0 des voiles d\u2019ombrage professionnel afin de prot\u00e9ger vos clients du soleil et cr\u00e9er des \u00eelots de fra\u00eecheur ? Cette solution d\u2019ombrage design et pratique ravira vos clients pendant leur repas.","robots":{"index":"index","follow":"follow","max-snippet":"max-snippet:-1","max-image-preview":"max-image-preview:large","max-video-preview":"max-video-preview:-1"},"canonical":"https:\/\/www.espace-ombrage.com\/blog\/comment-proteger-sa-terrasse-des-intemperies\/","og_locale":"fr_FR","og_type":"article","og_title":"Restaurateur : comment prot\u00e9ger votre terrasse des intemp\u00e9ries toute l'ann\u00e9e ? - Espace Ombrage","og_description":"Vous avez une terrasse \u00e0 ombrager pour votre restaurant et souhaitez optimiser l\u2019espace en limitant votre investissement ? Avez-vous pens\u00e9 \u00e0 des voiles d\u2019ombrage professionnel afin de prot\u00e9ger vos clients du soleil et cr\u00e9er des \u00eelots de fra\u00eecheur ? Cette solution d\u2019ombrage design et pratique ravira vos clients pendant leur repas.","og_url":"https:\/\/www.espace-ombrage.com\/blog\/comment-proteger-sa-terrasse-des-intemperies\/","og_site_name":"Espace Ombrage","article_published_time":"2024-01-09T14:15:29+00:00","article_modified_time":"2024-10-31T10:36:53+00:00","og_image":[{"width":1180,"height":700,"url":"https:\/\/www.espace-ombrage.com\/blog\/wp-content\/uploads\/2016\/01\/terrasse-microperforee-choix.png","type":"image\/png"}],"author":"admin-ombrage","twitter_card":"summary_large_image","twitter_misc":{"\u00c9crit par":"admin-ombrage","Dur\u00e9e de lecture estim\u00e9e":"9 minutes"},"schema":{"@context":"https:\/\/schema.org","@graph":[{"@type":"WebPage","@id":"https:\/\/www.espace-ombrage.com\/blog\/comment-proteger-sa-terrasse-des-intemperies\/","url":"https:\/\/www.espace-ombrage.com\/blog\/comment-proteger-sa-terrasse-des-intemperies\/","name":"Restaurateur : comment prot\u00e9ger votre terrasse des intemp\u00e9ries toute l'ann\u00e9e ? - Espace Ombrage","isPartOf":{"@id":"https:\/\/www.espace-ombrage.com\/blog\/#website"},"primaryImageOfPage":{"@id":"https:\/\/www.espace-ombrage.com\/blog\/comment-proteger-sa-terrasse-des-intemperies\/#primaryimage"},"image":{"@id":"https:\/\/www.espace-ombrage.com\/blog\/comment-proteger-sa-terrasse-des-intemperies\/#primaryimage"},"thumbnailUrl":"https:\/\/www.espace-ombrage.com\/blog\/wp-content\/uploads\/2016\/01\/terrasse-microperforee-choix.png","datePublished":"2024-01-09T14:15:29+00:00","dateModified":"2024-10-31T10:36:53+00:00","author":{"@id":"https:\/\/www.espace-ombrage.com\/blog\/#\/schema\/person\/9b223e71f82520b376e08b8d0d4c7691"},"description":"Vous avez une terrasse \u00e0 ombrager pour votre restaurant et souhaitez optimiser l\u2019espace en limitant votre investissement ? Avez-vous pens\u00e9 \u00e0 des voiles d\u2019ombrage professionnel afin de prot\u00e9ger vos clients du soleil et cr\u00e9er des \u00eelots de fra\u00eecheur ? Cette solution d\u2019ombrage design et pratique ravira vos clients pendant leur repas.","breadcrumb":{"@id":"https:\/\/www.espace-ombrage.com\/blog\/comment-proteger-sa-terrasse-des-intemperies\/#breadcrumb"},"inLanguage":"fr-FR","potentialAction":[{"@type":"ReadAction","target":["https:\/\/www.espace-ombrage.com\/blog\/comment-proteger-sa-terrasse-des-intemperies\/"]}]},{"@type":"ImageObject","inLanguage":"fr-FR","@id":"https:\/\/www.espace-ombrage.com\/blog\/comment-proteger-sa-terrasse-des-intemperies\/#primaryimage","url":"https:\/\/www.espace-ombrage.com\/blog\/wp-content\/uploads\/2016\/01\/terrasse-microperforee-choix.png","contentUrl":"https:\/\/www.espace-ombrage.com\/blog\/wp-content\/uploads\/2016\/01\/terrasse-microperforee-choix.png","width":1180,"height":700,"caption":"Toile ombrage ajour\u00e9e sable poteau"},{"@type":"BreadcrumbList","@id":"https:\/\/www.espace-ombrage.com\/blog\/comment-proteger-sa-terrasse-des-intemperies\/#breadcrumb","itemListElement":[{"@type":"ListItem","position":1,"name":"Espace Ombrage","item":"https:\/\/www.espace-ombrage.com\/blog\/"},{"@type":"ListItem","position":2,"name":"Restaurateur : comment prot\u00e9ger votre terrasse des intemp\u00e9ries toute l&rsquo;ann\u00e9e ?","item":"https:\/\/www.espace-ombrage.com\/blog\/comment-proteger-sa-terrasse-des-intemperies\/"}]},{"@type":"WebSite","@id":"https:\/\/www.espace-ombrage.com\/blog\/#website","url":"https:\/\/www.espace-ombrage.com\/blog\/","name":"Espace Ombrage","description":"","potentialAction":[{"@type":"SearchAction","target":{"@type":"EntryPoint","urlTemplate":"https:\/\/www.espace-ombrage.com\/blog\/?s={search_term_string}"},"query-input":{"@type":"PropertyValueSpecification","valueRequired":true,"valueName":"search_term_string"}}],"inLanguage":"fr-FR"},{"@type":"Person","@id":"https:\/\/www.espace-ombrage.com\/blog\/#\/schema\/person\/9b223e71f82520b376e08b8d0d4c7691","name":"admin-ombrage","image":{"@type":"ImageObject","inLanguage":"fr-FR","@id":"https:\/\/www.espace-ombrage.com\/blog\/#\/schema\/person\/image\/","url":"https:\/\/secure.gravatar.com\/avatar\/da964888ae868660e9f41df5c83a352c8bbcfeb83d9ed86d4d1d93ca7b092bac?s=96&d=mm&r=g","contentUrl":"https:\/\/secure.gravatar.com\/avatar\/da964888ae868660e9f41df5c83a352c8bbcfeb83d9ed86d4d1d93ca7b092bac?s=96&d=mm&r=g","caption":"admin-ombrage"},"url":"https:\/\/www.espace-ombrage.com\/blog\/author\/admin-ombrage\/"}]}},"_links":{"self":[{"href":"https:\/\/www.espace-ombrage.com\/blog\/wp-json\/wp\/v2\/posts\/2826","targetHints":{"allow":["GET"]}}],"collection":[{"href":"https:\/\/www.espace-ombrage.com\/blog\/wp-json\/wp\/v2\/posts"}],"about":[{"href":"https:\/\/www.espace-ombrage.com\/blog\/wp-json\/wp\/v2\/types\/post"}],"author":[{"embeddable":true,"href":"https:\/\/www.espace-ombrage.com\/blog\/wp-json\/wp\/v2\/users\/2"}],"replies":[{"embeddable":true,"href":"https:\/\/www.espace-ombrage.com\/blog\/wp-json\/wp\/v2\/comments?post=2826"}],"version-history":[{"count":64,"href":"https:\/\/www.espace-ombrage.com\/blog\/wp-json\/wp\/v2\/posts\/2826\/revisions"}],"predecessor-version":[{"id":4950,"href":"https:\/\/www.espace-ombrage.com\/blog\/wp-json\/wp\/v2\/posts\/2826\/revisions\/4950"}],"wp:featuredmedia":[{"embeddable":true,"href":"https:\/\/www.espace-ombrage.com\/blog\/wp-json\/wp\/v2\/media\/571"}],"wp:attachment":[{"href":"https:\/\/www.espace-ombrage.com\/blog\/wp-json\/wp\/v2\/media?parent=2826"}],"wp:term":[{"taxonomy":"category","embeddable":true,"href":"https:\/\/www.espace-ombrage.com\/blog\/wp-json\/wp\/v2\/categories?post=2826"},{"taxonomy":"post_tag","embeddable":true,"href":"https:\/\/www.espace-ombrage.com\/blog\/wp-json\/wp\/v2\/tags?post=2826"}],"curies":[{"name":"wp","href":"https:\/\/api.w.org\/{rel}","templated":true}]}}