{"id":3045,"date":"2024-02-16T12:00:00","date_gmt":"2024-02-16T11:00:00","guid":{"rendered":"https:\/\/www.espace-ombrage.com\/blog\/?p=3045"},"modified":"2025-03-11T18:09:56","modified_gmt":"2025-03-11T17:09:56","slug":"comment-se-proteger-du-soleil-sur-une-terrasse-avec-un-voile-ombrage","status":"publish","type":"post","link":"https:\/\/www.espace-ombrage.com\/blog\/comment-se-proteger-du-soleil-sur-une-terrasse-avec-un-voile-ombrage\/","title":{"rendered":"Comment se prot\u00e9ger du soleil sur une terrasse avec un voile ombrage ?"},"content":{"rendered":"\t\t<div data-elementor-type=\"wp-post\" data-elementor-id=\"3045\" class=\"elementor elementor-3045\" data-elementor-post-type=\"post\">\n\t\t\t\t\t\t<section class=\"elementor-section elementor-top-section elementor-element elementor-element-5a57b19b elementor-section-full_width elementor-section-content-bottom elementor-hidden-tablet elementor-section-height-default elementor-section-height-default\" data-id=\"5a57b19b\" data-element_type=\"section\">\n\t\t\t\t\t\t<div class=\"elementor-container elementor-column-gap-narrow\">\n\t\t\t\t\t<div class=\"elementor-column elementor-col-50 elementor-top-column elementor-element elementor-element-273887b1\" data-id=\"273887b1\" data-element_type=\"column\" data-settings=\"{&quot;background_background&quot;:&quot;classic&quot;}\">\n\t\t\t<div class=\"elementor-widget-wrap elementor-element-populated\">\n\t\t\t\t\t\t<div class=\"elementor-element elementor-element-4ed5009d elementor-widget__width-initial elementor-widget elementor-widget-heading\" data-id=\"4ed5009d\" data-element_type=\"widget\" data-widget_type=\"heading.default\">\n\t\t\t\t<div class=\"elementor-widget-container\">\n\t\t\t\t\t<h1 class=\"elementor-heading-title elementor-size-default\">Comment se prot\u00e9ger du soleil sur une terrasse avec un voile ombrage ?<\/h1>\t\t\t\t<\/div>\n\t\t\t\t<\/div>\n\t\t\t\t\t<\/div>\n\t\t<\/div>\n\t\t\t\t<div class=\"elementor-column elementor-col-25 elementor-top-column elementor-element elementor-element-62aa1da\" data-id=\"62aa1da\" data-element_type=\"column\">\n\t\t\t<div class=\"elementor-widget-wrap elementor-element-populated\">\n\t\t\t\t\t\t<div class=\"elementor-element elementor-element-73ed32f elementor-hidden-tablet elementor-hidden-mobile elementor-widget elementor-widget-image\" data-id=\"73ed32f\" data-element_type=\"widget\" data-widget_type=\"image.default\">\n\t\t\t\t<div class=\"elementor-widget-container\">\n\t\t\t\t\t\t\t\t\t\t\t\t\t\t\t<img fetchpriority=\"high\" decoding=\"async\" width=\"768\" height=\"456\" src=\"https:\/\/www.espace-ombrage.com\/blog\/wp-content\/uploads\/2023\/12\/terrasse-ombragee-voile-client.png\" class=\"attachment-full size-full wp-image-2273\" alt=\"Terrasse avec des voiles d&#039;ombrage d&#039;un client satisfait\" srcset=\"https:\/\/www.espace-ombrage.com\/blog\/wp-content\/uploads\/2023\/12\/terrasse-ombragee-voile-client.png 768w, https:\/\/www.espace-ombrage.com\/blog\/wp-content\/uploads\/2023\/12\/terrasse-ombragee-voile-client-300x178.png 300w\" sizes=\"(max-width: 768px) 100vw, 768px\" \/>\t\t\t\t\t\t\t\t\t\t\t\t\t\t\t<\/div>\n\t\t\t\t<\/div>\n\t\t\t\t\t<\/div>\n\t\t<\/div>\n\t\t\t\t<div class=\"elementor-column elementor-col-25 elementor-top-column elementor-element elementor-element-4efee24f\" data-id=\"4efee24f\" data-element_type=\"column\">\n\t\t\t<div class=\"elementor-widget-wrap elementor-element-populated\">\n\t\t\t\t\t\t<div class=\"elementor-element elementor-element-7fdc4fe elementor-widget-mobile__width-initial animated-slow elementor-widget-tablet__width-initial elementor-invisible elementor-widget elementor-widget-spacer\" data-id=\"7fdc4fe\" data-element_type=\"widget\" data-settings=\"{&quot;_animation&quot;:&quot;fadeInRight&quot;}\" data-widget_type=\"spacer.default\">\n\t\t\t\t<div class=\"elementor-widget-container\">\n\t\t\t\t\t\t\t<div class=\"elementor-spacer\">\n\t\t\t<div class=\"elementor-spacer-inner\"><\/div>\n\t\t<\/div>\n\t\t\t\t\t\t<\/div>\n\t\t\t\t<\/div>\n\t\t\t\t\t<\/div>\n\t\t<\/div>\n\t\t\t\t\t<\/div>\n\t\t<\/section>\n\t\t\t\t<section class=\"elementor-section elementor-top-section elementor-element elementor-element-ed31be7 elementor-section-boxed elementor-section-height-default elementor-section-height-default elementor-invisible\" data-id=\"ed31be7\" data-element_type=\"section\" data-settings=\"{&quot;animation&quot;:&quot;fadeIn&quot;}\">\n\t\t\t\t\t\t<div class=\"elementor-container elementor-column-gap-default\">\n\t\t\t\t\t<div class=\"elementor-column elementor-col-100 elementor-top-column elementor-element elementor-element-70f3be0\" data-id=\"70f3be0\" data-element_type=\"column\">\n\t\t\t<div class=\"elementor-widget-wrap elementor-element-populated\">\n\t\t\t\t\t\t<div class=\"elementor-element elementor-element-fa4646c elementor-widget__width-initial elementor-widget elementor-widget-text-editor\" data-id=\"fa4646c\" data-element_type=\"widget\" data-widget_type=\"text-editor.default\">\n\t\t\t\t<div class=\"elementor-widget-container\">\n\t\t\t\t\t\t\t\t\t<p>Installer une <a href=\"https:\/\/www.espace-ombrage.com\/fr\/3-voile-d-ombrage\" target=\"_blank\" rel=\"noopener\"><strong><u>voile d\u2019ombrage<\/u><\/strong><\/a> fixe ou \u00e0 <a href=\"https:\/\/www.espace-ombrage.com\/fr\/39-voile-enrouleur\" target=\"_blank\" rel=\"noopener\"><strong><u>enrouleur<\/u><\/strong> <\/a>sur sa terrasse permet de cr\u00e9er des <strong>\u00eelots de fra\u00eecheur<\/strong> et de <strong>prot\u00e9ger des UVs<\/strong> tout en am\u00e9nageant un espace ext\u00e9rieur agr\u00e9able et <strong>d\u00e9co<\/strong>. D\u00e9couvrez un bel exemple en Provence !<\/p>\t\t\t\t\t\t\t\t<\/div>\n\t\t\t\t<\/div>\n\t\t\t\t<div class=\"elementor-element elementor-element-fd85dce elementor-align-center elementor-widget elementor-widget-button\" data-id=\"fd85dce\" data-element_type=\"widget\" data-widget_type=\"button.default\">\n\t\t\t\t<div class=\"elementor-widget-container\">\n\t\t\t\t\t\t\t\t\t<div class=\"elementor-button-wrapper\">\n\t\t\t\t\t<a class=\"elementor-button elementor-button-link elementor-size-sm\" href=\"https:\/\/www.espace-ombrage.com\/fr\/content\/9-contact\" target=\"_blank\">\n\t\t\t\t\t\t<span class=\"elementor-button-content-wrapper\">\n\t\t\t\t\t\t\t\t\t<span class=\"elementor-button-text\">Contactez-nous pour votre voile ombrage<\/span>\n\t\t\t\t\t<\/span>\n\t\t\t\t\t<\/a>\n\t\t\t\t<\/div>\n\t\t\t\t\t\t\t\t<\/div>\n\t\t\t\t<\/div>\n\t\t\t\t\t<\/div>\n\t\t<\/div>\n\t\t\t\t\t<\/div>\n\t\t<\/section>\n\t\t\t\t<section class=\"elementor-section elementor-top-section elementor-element elementor-element-3a613042 elementor-section-full_width elementor-reverse-tablet elementor-reverse-mobile elementor-section-height-default elementor-section-height-default elementor-invisible\" data-id=\"3a613042\" data-element_type=\"section\" data-settings=\"{&quot;background_background&quot;:&quot;gradient&quot;,&quot;animation&quot;:&quot;fadeIn&quot;}\">\n\t\t\t\t\t\t<div class=\"elementor-container elementor-column-gap-no\">\n\t\t\t\t\t<div class=\"elementor-column elementor-col-50 elementor-top-column elementor-element elementor-element-54ff6455\" data-id=\"54ff6455\" data-element_type=\"column\">\n\t\t\t<div class=\"elementor-widget-wrap elementor-element-populated\">\n\t\t\t\t\t\t<div class=\"elementor-element elementor-element-b12e424 elementor-widget elementor-widget-spacer\" data-id=\"b12e424\" data-element_type=\"widget\" data-widget_type=\"spacer.default\">\n\t\t\t\t<div class=\"elementor-widget-container\">\n\t\t\t\t\t\t\t<div class=\"elementor-spacer\">\n\t\t\t<div class=\"elementor-spacer-inner\"><\/div>\n\t\t<\/div>\n\t\t\t\t\t\t<\/div>\n\t\t\t\t<\/div>\n\t\t\t\t<div class=\"elementor-element elementor-element-53a9cd01 elementor-widget elementor-widget-text-editor\" data-id=\"53a9cd01\" data-element_type=\"widget\" data-widget_type=\"text-editor.default\">\n\t\t\t\t<div class=\"elementor-widget-container\">\n\t\t\t\t\t\t\t\t\t<p>Nous vous proposons ici une visite de terrasse ombrag\u00e9e en Provence gr\u00e2ce \u00e0 l\u2019installation d\u2019une <strong>toile ombrage<\/strong> et o\u00f9 il fait bon vivre.<\/p><p>Situ\u00e9 entre un parc naturel pr\u00e9serv\u00e9 et un charmant village, cet ancien mas a \u00e9t\u00e9 m\u00e9tamorphos\u00e9 par J\u00e9r\u00f4me, qui a su relever le d\u00e9fi d\u2019allier le charme de l&rsquo;authentique au confort du contemporain. Les r\u00e9novations effectu\u00e9es ont permis d&rsquo;agrandir les ouvertures et de multiplier les terrasses \u00e0 ombrager, offrant ainsi une vue imprenable sur la nature environnante et cr\u00e9ant des espaces \u00e0 vivre harmonieux. Pour am\u00e9nager le tout, J\u00e9r\u00f4me a pens\u00e9 \u00e0 installer des <strong>toiles de jardin<\/strong> afin de profiter au maximum de ses espaces ext\u00e9rieurs avec ses proches, m\u00eame lorsqu\u2019il fait tr\u00e8s chaud.<\/p>\t\t\t\t\t\t\t\t<\/div>\n\t\t\t\t<\/div>\n\t\t\t\t<div class=\"elementor-element elementor-element-90203a6 elementor-align-center elementor-widget elementor-widget-button\" data-id=\"90203a6\" data-element_type=\"widget\" data-widget_type=\"button.default\">\n\t\t\t\t<div class=\"elementor-widget-container\">\n\t\t\t\t\t\t\t\t\t<div class=\"elementor-button-wrapper\">\n\t\t\t\t\t<a class=\"elementor-button elementor-button-link elementor-size-sm\" href=\"https:\/\/www.espace-ombrage.com\/fr\/49-voile-d-ombrage-rectangulaire\" target=\"_blank\">\n\t\t\t\t\t\t<span class=\"elementor-button-content-wrapper\">\n\t\t\t\t\t\t\t\t\t<span class=\"elementor-button-text\">Je veux am\u00e9nager ma terrasse<\/span>\n\t\t\t\t\t<\/span>\n\t\t\t\t\t<\/a>\n\t\t\t\t<\/div>\n\t\t\t\t\t\t\t\t<\/div>\n\t\t\t\t<\/div>\n\t\t\t\t\t<\/div>\n\t\t<\/div>\n\t\t\t\t<div class=\"elementor-column elementor-col-50 elementor-top-column elementor-element elementor-element-515c8c9\" data-id=\"515c8c9\" data-element_type=\"column\" data-settings=\"{&quot;background_background&quot;:&quot;classic&quot;}\">\n\t\t\t<div class=\"elementor-widget-wrap elementor-element-populated\">\n\t\t\t\t\t\t<div class=\"elementor-element elementor-element-d95775c elementor-widget-mobile__width-initial elementor-widget elementor-widget-spacer\" data-id=\"d95775c\" data-element_type=\"widget\" data-widget_type=\"spacer.default\">\n\t\t\t\t<div class=\"elementor-widget-container\">\n\t\t\t\t\t\t\t<div class=\"elementor-spacer\">\n\t\t\t<div class=\"elementor-spacer-inner\"><\/div>\n\t\t<\/div>\n\t\t\t\t\t\t<\/div>\n\t\t\t\t<\/div>\n\t\t\t\t\t<\/div>\n\t\t<\/div>\n\t\t\t\t\t<\/div>\n\t\t<\/section>\n\t\t\t\t<section class=\"elementor-section elementor-top-section elementor-element elementor-element-7df146bb elementor-section-full_width elementor-section-height-default elementor-section-height-default elementor-invisible\" data-id=\"7df146bb\" data-element_type=\"section\" data-settings=\"{&quot;animation&quot;:&quot;fadeIn&quot;}\">\n\t\t\t\t\t\t<div class=\"elementor-container elementor-column-gap-no\">\n\t\t\t\t\t<div class=\"elementor-column elementor-col-50 elementor-top-column elementor-element elementor-element-74ffc8fe elementor-hidden-tablet elementor-hidden-mobile\" data-id=\"74ffc8fe\" data-element_type=\"column\" data-settings=\"{&quot;background_background&quot;:&quot;classic&quot;}\">\n\t\t\t<div class=\"elementor-widget-wrap elementor-element-populated\">\n\t\t\t\t\t\t<div class=\"elementor-element elementor-element-454b6505 elementor-widget elementor-widget-image\" data-id=\"454b6505\" data-element_type=\"widget\" data-widget_type=\"image.default\">\n\t\t\t\t<div class=\"elementor-widget-container\">\n\t\t\t\t\t\t\t\t\t\t\t\t\t\t\t<img decoding=\"async\" width=\"1920\" height=\"2560\" src=\"https:\/\/www.espace-ombrage.com\/blog\/wp-content\/uploads\/2024\/02\/toile-d-ombrage-impermeable-ficelle-scaled.jpg\" class=\"attachment-full size-full wp-image-3058\" alt=\"Voile d&#039;ombrage triangulaire ajour\u00e9e en soir\u00e9e avec guirlandes\" srcset=\"https:\/\/www.espace-ombrage.com\/blog\/wp-content\/uploads\/2024\/02\/toile-d-ombrage-impermeable-ficelle-scaled.jpg 1920w, https:\/\/www.espace-ombrage.com\/blog\/wp-content\/uploads\/2024\/02\/toile-d-ombrage-impermeable-ficelle-225x300.jpg 225w, https:\/\/www.espace-ombrage.com\/blog\/wp-content\/uploads\/2024\/02\/toile-d-ombrage-impermeable-ficelle-768x1024.jpg 768w, https:\/\/www.espace-ombrage.com\/blog\/wp-content\/uploads\/2024\/02\/toile-d-ombrage-impermeable-ficelle-1152x1536.jpg 1152w, https:\/\/www.espace-ombrage.com\/blog\/wp-content\/uploads\/2024\/02\/toile-d-ombrage-impermeable-ficelle-1536x2048.jpg 1536w, https:\/\/www.espace-ombrage.com\/blog\/wp-content\/uploads\/2024\/02\/toile-d-ombrage-impermeable-ficelle-1200x1600.jpg 1200w, https:\/\/www.espace-ombrage.com\/blog\/wp-content\/uploads\/2024\/02\/toile-d-ombrage-impermeable-ficelle-1980x2640.jpg 1980w\" sizes=\"(max-width: 1920px) 100vw, 1920px\" \/>\t\t\t\t\t\t\t\t\t\t\t\t\t\t\t<\/div>\n\t\t\t\t<\/div>\n\t\t\t\t\t<\/div>\n\t\t<\/div>\n\t\t\t\t<div class=\"elementor-column elementor-col-50 elementor-top-column elementor-element elementor-element-52c23ccf\" data-id=\"52c23ccf\" data-element_type=\"column\">\n\t\t\t<div class=\"elementor-widget-wrap elementor-element-populated\">\n\t\t\t\t\t\t<div class=\"elementor-element elementor-element-4b2532d elementor-widget elementor-widget-heading\" data-id=\"4b2532d\" data-element_type=\"widget\" data-widget_type=\"heading.default\">\n\t\t\t\t<div class=\"elementor-widget-container\">\n\t\t\t\t\t<h2 class=\"elementor-heading-title elementor-size-default\">Toile d\u2019ombrage : le confort d\u2019\u00eatre \u00e0 l\u2019ombre pendant les repas<\/h2>\t\t\t\t<\/div>\n\t\t\t\t<\/div>\n\t\t\t\t<div class=\"elementor-element elementor-element-1010b638 elementor-widget elementor-widget-text-editor\" data-id=\"1010b638\" data-element_type=\"widget\" data-widget_type=\"text-editor.default\">\n\t\t\t\t<div class=\"elementor-widget-container\">\n\t\t\t\t\t\t\t\t\t<p>\u00c0 proximit\u00e9 de la cuisine, une <strong>voile d&rsquo;ombrage<\/strong> en forme de trap\u00e8ze a \u00e9t\u00e9 soigneusement install\u00e9e pour d\u00e9corer la terrasse et permettre de partager des repas conviviaux \u00e0 l&rsquo;ombre. Cet espace est essentiel pour profiter de d\u00e9jeuners en plein air lors des journ\u00e9es chaudes de l&rsquo;\u00e9t\u00e9 proven\u00e7al. J\u00e9r\u00f4me privil\u00e9gie les produits locaux pour r\u00e9galer ses convives, proposant des salades de l\u00e9gumes grill\u00e9s, des tomates juteuses et des desserts \u00e0 base de figues et de miel. La <a href=\"https:\/\/www.espace-ombrage.com\/fr\/voile-ombrage-sur-mesure-enrouleur\" target=\"_blank\" rel=\"noopener\"><strong><u>toile solaire \u00e0 enrouleur<\/u><\/strong><\/a> est dot\u00e9e d&rsquo;un syst\u00e8me d&rsquo;enroulement pratique, permettant de la ranger en quelques secondes pour profiter du soleil en journ\u00e9e si l\u2019envie vous prend, admirer le ciel \u00e9toil\u00e9 en soir\u00e9e, ou prot\u00e9ger l\u2019installation lorsque le mistral souffle sur la r\u00e9gion. La <strong>voile de terrasse <\/strong>r\u00e9siste ainsi sans crainte \u00e0 ce vent nomm\u00e9 \u00ab\u00a0mistrau\u00a0\u00bb en proven\u00e7al.<\/p><p>J\u00e9r\u00f4me a fait un choix judicieux en optant pour une <a href=\"https:\/\/www.espace-ombrage.com\/fr\/9-voile-d-ombrage-resistante-au-vent\" target=\"_blank\" rel=\"noopener\"><strong><u>toile d\u2019ombrage ajour\u00e9e<\/u><\/strong><\/a> qui r\u00e9siste aux vents tout en laissant passer la lumi\u00e8re. Cela pr\u00e9serve la luminosit\u00e9 de la maison, tout en se sentant au frais sous la <b>toile<\/b>. Le coloris sable de la <strong>toile de terrasse<\/strong> se fond harmonieusement avec les teintes naturelles de pierre pr\u00e9sentes, cr\u00e9ant une atmosph\u00e8re cosy en accord avec le paysage environnant.<\/p>\t\t\t\t\t\t\t\t<\/div>\n\t\t\t\t<\/div>\n\t\t\t\t\t<\/div>\n\t\t<\/div>\n\t\t\t\t\t<\/div>\n\t\t<\/section>\n\t\t\t\t<section class=\"elementor-section elementor-top-section elementor-element elementor-element-2a56615e elementor-section-full_width elementor-reverse-tablet elementor-reverse-mobile elementor-section-height-default elementor-section-height-default elementor-invisible\" data-id=\"2a56615e\" data-element_type=\"section\" data-settings=\"{&quot;background_background&quot;:&quot;classic&quot;,&quot;animation&quot;:&quot;fadeIn&quot;}\">\n\t\t\t\t\t\t<div class=\"elementor-container elementor-column-gap-no\">\n\t\t\t\t\t<div class=\"elementor-column elementor-col-50 elementor-top-column elementor-element elementor-element-4c90c338\" data-id=\"4c90c338\" data-element_type=\"column\">\n\t\t\t<div class=\"elementor-widget-wrap elementor-element-populated\">\n\t\t\t\t\t\t<div class=\"elementor-element elementor-element-1fa72fef elementor-widget-divider--view-line elementor-widget elementor-widget-divider\" data-id=\"1fa72fef\" data-element_type=\"widget\" data-widget_type=\"divider.default\">\n\t\t\t\t<div class=\"elementor-widget-container\">\n\t\t\t\t\t\t\t<div class=\"elementor-divider\">\n\t\t\t<span class=\"elementor-divider-separator\">\n\t\t\t\t\t\t<\/span>\n\t\t<\/div>\n\t\t\t\t\t\t<\/div>\n\t\t\t\t<\/div>\n\t\t\t\t<div class=\"elementor-element elementor-element-14ce72f elementor-widget elementor-widget-heading\" data-id=\"14ce72f\" data-element_type=\"widget\" data-widget_type=\"heading.default\">\n\t\t\t\t<div class=\"elementor-widget-container\">\n\t\t\t\t\t<h3 class=\"elementor-heading-title elementor-size-default\">Les baies vitr\u00e9es prot\u00e9g\u00e9es des rayons solaires par les voiles d\u2019ombrage tendues sur les terrasses<\/h3>\t\t\t\t<\/div>\n\t\t\t\t<\/div>\n\t\t\t\t<div class=\"elementor-element elementor-element-77bb1673 elementor-widget elementor-widget-text-editor\" data-id=\"77bb1673\" data-element_type=\"widget\" data-widget_type=\"text-editor.default\">\n\t\t\t\t<div class=\"elementor-widget-container\">\n\t\t\t\t\t\t\t\t\t<p>Les <strong>toiles solaires<\/strong> ont \u00e9t\u00e9 install\u00e9es dans le but de prot\u00e9ger les espaces de vie ext\u00e9rieurs, mais aussi de prot\u00e9ger les baies vitr\u00e9es afin d\u2019agir comme un v\u00e9ritable <b>climatiseur naturel <\/b>en att\u00e9nuant la chaleur dans vos espaces de vies int\u00e9rieurs.<\/p><p>\u00a0<\/p>\t\t\t\t\t\t\t\t<\/div>\n\t\t\t\t<\/div>\n\t\t\t\t<div class=\"elementor-element elementor-element-1b8f486 elementor-widget elementor-widget-heading\" data-id=\"1b8f486\" data-element_type=\"widget\" data-widget_type=\"heading.default\">\n\t\t\t\t<div class=\"elementor-widget-container\">\n\t\t\t\t\t<h2 class=\"elementor-heading-title elementor-size-default\">Des moments de farniente au bord de l\u2019eau prot\u00e9g\u00e9s gr\u00e2ce \u00e0 une toile d\u2019ombrage \u00e0 enrouleur<\/h2>\t\t\t\t<\/div>\n\t\t\t\t<\/div>\n\t\t\t\t<div class=\"elementor-element elementor-element-46485c68 elementor-widget elementor-widget-text-editor\" data-id=\"46485c68\" data-element_type=\"widget\" data-widget_type=\"text-editor.default\">\n\t\t\t\t<div class=\"elementor-widget-container\">\n\t\t\t\t\t\t\t\t\t<p>Pour des moments de d\u00e9tente au bord de la piscine, une zone d&rsquo;ombrage a \u00e9t\u00e9 am\u00e9nag\u00e9e. La <a href=\"https:\/\/www.espace-ombrage.com\/fr\/content\/180-voile-d-ombrage-sur-mesure\" target=\"_blank\" rel=\"noopener\"><strong><u>toile de jardin<\/u><\/strong><\/a> a \u00e9t\u00e9 install\u00e9e entre quatre <u><a href=\"https:\/\/www.espace-ombrage.com\/fr\/mats-et-accessoires\/10-mat-reglable-pour-voile-d-ombrage.html\" target=\"_blank\" rel=\"noopener\"><strong>poteaux pour voile d\u2019ombrage<\/strong><\/a> <\/u>en aluminium recycl\u00e9. Les <strong>m\u00e2ts de toile tendue<\/strong> ont \u00e9t\u00e9 scell\u00e9s dans des plots b\u00e9ton cr\u00e9\u00e9s dans la terre. La <strong>toile terrasse<\/strong> prot\u00e8ge \u00e0 97% des rayons UVs nocifs pour la peau et cr\u00e9e une v\u00e9ritable oasis de fra\u00eecheur de plus en plus indispensable avec des \u00e9t\u00e9s devenus tr\u00e8s chauds. La <strong>voile ombrage<\/strong> est \u00e9quip\u00e9e d&rsquo;un enrouleur, ce qui permet de la laisser install\u00e9e tout au long de l&rsquo;ann\u00e9e et de l\u2019enrouler apr\u00e8s usage. Une <span style=\"text-decoration: underline;\"><a href=\"https:\/\/www.espace-ombrage.com\/fr\/rangement-et-entretien\/6774-housse-sur-mesure-voile-a-enrouleur.html\" target=\"_blank\" rel=\"noopener\">housse de protection sur mesure<\/a><\/span> est pos\u00e9e pour les mois d\u2019hiver afin de prolonger la dur\u00e9e de vie de la <strong>voile d\u2019ombrage ajour\u00e9e<\/strong>.<\/p>\t\t\t\t\t\t\t\t<\/div>\n\t\t\t\t<\/div>\n\t\t\t\t<div class=\"elementor-element elementor-element-4612883c elementor-widget-divider--view-line elementor-widget elementor-widget-divider\" data-id=\"4612883c\" data-element_type=\"widget\" data-widget_type=\"divider.default\">\n\t\t\t\t<div class=\"elementor-widget-container\">\n\t\t\t\t\t\t\t<div class=\"elementor-divider\">\n\t\t\t<span class=\"elementor-divider-separator\">\n\t\t\t\t\t\t<\/span>\n\t\t<\/div>\n\t\t\t\t\t\t<\/div>\n\t\t\t\t<\/div>\n\t\t\t\t\t<\/div>\n\t\t<\/div>\n\t\t\t\t<div class=\"elementor-column elementor-col-50 elementor-top-column elementor-element elementor-element-531290c5\" data-id=\"531290c5\" data-element_type=\"column\" data-settings=\"{&quot;background_background&quot;:&quot;classic&quot;}\">\n\t\t\t<div class=\"elementor-widget-wrap elementor-element-populated\">\n\t\t\t\t\t\t<div class=\"elementor-element elementor-element-22124328 elementor-widget elementor-widget-spacer\" data-id=\"22124328\" data-element_type=\"widget\" data-widget_type=\"spacer.default\">\n\t\t\t\t<div class=\"elementor-widget-container\">\n\t\t\t\t\t\t\t<div class=\"elementor-spacer\">\n\t\t\t<div class=\"elementor-spacer-inner\"><\/div>\n\t\t<\/div>\n\t\t\t\t\t\t<\/div>\n\t\t\t\t<\/div>\n\t\t\t\t\t<\/div>\n\t\t<\/div>\n\t\t\t\t\t<\/div>\n\t\t<\/section>\n\t\t\t\t<section class=\"elementor-section elementor-top-section elementor-element elementor-element-308591dc elementor-section-full_width elementor-section-height-default elementor-section-height-default elementor-invisible\" data-id=\"308591dc\" data-element_type=\"section\" data-settings=\"{&quot;animation&quot;:&quot;fadeIn&quot;}\">\n\t\t\t\t\t\t<div class=\"elementor-container elementor-column-gap-no\">\n\t\t\t\t\t<div class=\"elementor-column elementor-col-100 elementor-top-column elementor-element elementor-element-51b0e5e7\" data-id=\"51b0e5e7\" data-element_type=\"column\">\n\t\t\t<div class=\"elementor-widget-wrap elementor-element-populated\">\n\t\t\t\t\t\t<div class=\"elementor-element elementor-element-0007d65 elementor-widget elementor-widget-heading\" data-id=\"0007d65\" data-element_type=\"widget\" data-widget_type=\"heading.default\">\n\t\t\t\t<div class=\"elementor-widget-container\">\n\t\t\t\t\t<h3 class=\"elementor-heading-title elementor-size-default\">La convivialit\u00e9 et la famille au centre de cette terrasse ombrag\u00e9e par une voile d\u2019ombrage imperm\u00e9able<\/h3>\t\t\t\t<\/div>\n\t\t\t\t<\/div>\n\t\t\t\t<div class=\"elementor-element elementor-element-63db78cc elementor-widget elementor-widget-text-editor\" data-id=\"63db78cc\" data-element_type=\"widget\" data-widget_type=\"text-editor.default\">\n\t\t\t\t<div class=\"elementor-widget-container\">\n\t\t\t\t\t\t\t\t\t<p>\u00c0 proximit\u00e9 du salon, un espace de d\u00e9tente et de convivialit\u00e9 a \u00e9t\u00e9 cr\u00e9\u00e9. Une <u><a href=\"https:\/\/www.espace-ombrage.com\/fr\/voile-d-ombrage-deperlante\/9398-voile-impermeable-solar-200.html\" target=\"_blank\" rel=\"noopener\"><strong>toile d\u2019ombrage imperm\u00e9able<\/strong><\/a> <\/u>de coloris ficelle est tendue pendant la belle saison, orn\u00e9e d&rsquo;une guirlande de lampions pour une touche d\u00e9corative et un esprit guinguette estival. C&rsquo;est ici que la famille partage d&rsquo;agr\u00e9ables moments, que ce soit en jouant \u00e0 la p\u00e9tanque ou en pr\u00e9parant le d\u00eener sur le barbecue \u00e0 proximit\u00e9. Chacun raconte ses aventures de la journ\u00e9e, que ce soient des randonn\u00e9es sur les sentiers p\u00e9destres, des visites de villages proven\u00e7aux pittoresques ou des balades dans les nombreuses brocantes alentour.<\/p><p>Cette terrasse ombrag\u00e9e incarne \u00e0 merveille l&rsquo;art de vivre en Provence, o\u00f9 la beaut\u00e9 de la nature, la convivialit\u00e9 et la gastronomie locale se rencontrent pour cr\u00e9er un cadre de vie exceptionnel. Elle est le reflet de la passion et de l&rsquo;attention aux d\u00e9tails de J\u00e9r\u00f4me, offrant \u00e0 ses proches et \u00e0 ses invit\u00e9s un lieu o\u00f9 il fait bon vivre et se ressourcer dans la douceur du climat proven\u00e7al.<\/p>\t\t\t\t\t\t\t\t<\/div>\n\t\t\t\t<\/div>\n\t\t\t\t\t<\/div>\n\t\t<\/div>\n\t\t\t\t\t<\/div>\n\t\t<\/section>\n\t\t\t\t<section class=\"elementor-section elementor-top-section elementor-element elementor-element-1628b34c elementor-section-full_width elementor-section-height-min-height elementor-section-items-stretch elementor-section-content-middle elementor-section-height-default elementor-invisible\" data-id=\"1628b34c\" data-element_type=\"section\" data-settings=\"{&quot;animation&quot;:&quot;fadeIn&quot;,&quot;background_background&quot;:&quot;classic&quot;}\">\n\t\t\t\t\t\t<div class=\"elementor-container elementor-column-gap-no\">\n\t\t\t\t\t<div class=\"elementor-column elementor-col-50 elementor-top-column elementor-element elementor-element-30cbbc63\" data-id=\"30cbbc63\" data-element_type=\"column\" data-settings=\"{&quot;background_background&quot;:&quot;classic&quot;}\">\n\t\t\t<div class=\"elementor-widget-wrap elementor-element-populated\">\n\t\t\t\t\t\t<div class=\"elementor-element elementor-element-7a0afaed elementor-widget elementor-widget-text-editor\" data-id=\"7a0afaed\" data-element_type=\"widget\" data-widget_type=\"text-editor.default\">\n\t\t\t\t<div class=\"elementor-widget-container\">\n\t\t\t\t\t\t\t\t\t<p>Vous souhaitez recevoir un projet en 3D et un devis pour une bonne <strong>protection du soleil de votre terrasse<\/strong> ? Il est temps de vous \u00e9quiper. Envoyez-nous un plan de votre terrasse \u00e0 couvrir, qu\u2019il soit \u00e0 main lev\u00e9e ou un plan d\u2019architecte ainsi que quelques photos et <a href=\"https:\/\/www.espace-ombrage.com\/fr\/content\/161-espace-pro\">demandez une \u00e9tude r\u00e9alis\u00e9e par nos experts.<\/a> Vous aurez un retour sous 72h, avec une projection en 3D de votre projet et un devis.\u00a0<\/p><p>Notre \u00e9quipe reste disponible par email \u00e0 <a href=\"mailto:contact@espace-ombrage.com\"><b>contact@espace-ombrage.com<\/b><\/a> ou par t\u00e9l\u00e9phone au <b>+33 3 62 27 60 60<\/b> pour r\u00e9pondre \u00e0 vos questions et vous accompagner dans votre projet.<\/p>\t\t\t\t\t\t\t\t<\/div>\n\t\t\t\t<\/div>\n\t\t\t\t\t<\/div>\n\t\t<\/div>\n\t\t\t\t<div class=\"elementor-column elementor-col-50 elementor-top-column elementor-element elementor-element-5d1801d6 elementor-hidden-tablet elementor-hidden-mobile\" data-id=\"5d1801d6\" data-element_type=\"column\" data-settings=\"{&quot;background_background&quot;:&quot;classic&quot;}\">\n\t\t\t<div class=\"elementor-widget-wrap elementor-element-populated\">\n\t\t\t\t\t\t<div class=\"elementor-element elementor-element-6280e872 elementor-widget elementor-widget-image\" data-id=\"6280e872\" data-element_type=\"widget\" data-widget_type=\"image.default\">\n\t\t\t\t<div class=\"elementor-widget-container\">\n\t\t\t\t\t\t\t\t\t\t\t\t\t\t\t<img decoding=\"async\" width=\"300\" height=\"300\" src=\"https:\/\/www.espace-ombrage.com\/blog\/wp-content\/uploads\/2021\/09\/toile-triangle-hotel.jpg\" class=\"attachment-full size-full wp-image-2533\" alt=\"Toiles d&#039;ombrage triangles ajour\u00e9es noirs et blanc pour terrasse h\u00f4tel\" srcset=\"https:\/\/www.espace-ombrage.com\/blog\/wp-content\/uploads\/2021\/09\/toile-triangle-hotel.jpg 300w, https:\/\/www.espace-ombrage.com\/blog\/wp-content\/uploads\/2021\/09\/toile-triangle-hotel-150x150.jpg 150w\" sizes=\"(max-width: 300px) 100vw, 300px\" \/>\t\t\t\t\t\t\t\t\t\t\t\t\t\t\t<\/div>\n\t\t\t\t<\/div>\n\t\t\t\t\t<\/div>\n\t\t<\/div>\n\t\t\t\t\t<\/div>\n\t\t<\/section>\n\t\t\t\t<section class=\"elementor-section elementor-top-section elementor-element elementor-element-36cca63d elementor-section-boxed elementor-section-height-default elementor-section-height-default\" data-id=\"36cca63d\" data-element_type=\"section\">\n\t\t\t\t\t\t<div class=\"elementor-container elementor-column-gap-default\">\n\t\t\t\t\t<div class=\"elementor-column elementor-col-100 elementor-top-column elementor-element elementor-element-1995ea30\" data-id=\"1995ea30\" data-element_type=\"column\">\n\t\t\t<div class=\"elementor-widget-wrap elementor-element-populated\">\n\t\t\t\t\t\t<div class=\"elementor-element elementor-element-e9763c2 elementor-post-navigation-borders-yes elementor-widget elementor-widget-post-navigation\" data-id=\"e9763c2\" data-element_type=\"widget\" data-widget_type=\"post-navigation.default\">\n\t\t\t\t<div class=\"elementor-widget-container\">\n\t\t\t\t\t\t\t<div class=\"elementor-post-navigation\">\n\t\t\t<div class=\"elementor-post-navigation__prev elementor-post-navigation__link\">\n\t\t\t\t<a href=\"https:\/\/www.espace-ombrage.com\/blog\/voile-dombrage-une-etude-personnalisee-pour-votre-projet-professionnel\/\" rel=\"prev\"><span class=\"post-navigation__arrow-wrapper post-navigation__arrow-prev\"><i class=\"fa fa-caret-left\" aria-hidden=\"true\"><\/i><span class=\"elementor-screen-only\">Pr\u00e9c\u00e9dent<\/span><\/span><span class=\"elementor-post-navigation__link__prev\"><span class=\"post-navigation__prev--label\">Pr\u00e9c\u00e9dent<\/span><span class=\"post-navigation__prev--title\">Voile d&rsquo;ombrage : une \u00e9tude personnalis\u00e9e pour votre projet professionnel<\/span><\/span><\/a>\t\t\t<\/div>\n\t\t\t\t\t\t\t<div class=\"elementor-post-navigation__separator-wrapper\">\n\t\t\t\t\t<div class=\"elementor-post-navigation__separator\"><\/div>\n\t\t\t\t<\/div>\n\t\t\t\t\t\t<div class=\"elementor-post-navigation__next elementor-post-navigation__link\">\n\t\t\t\t<a href=\"https:\/\/www.espace-ombrage.com\/blog\/architecte-comment-ombrager-les-exterieurs-de-vos-clients\/\" rel=\"next\"><span class=\"elementor-post-navigation__link__next\"><span class=\"post-navigation__next--label\">Suivant<\/span><span class=\"post-navigation__next--title\">Architecte : comment ombrager les ext\u00e9rieurs de vos clients ?<\/span><\/span><span class=\"post-navigation__arrow-wrapper post-navigation__arrow-next\"><i class=\"fa fa-caret-right\" aria-hidden=\"true\"><\/i><span class=\"elementor-screen-only\">Suivant<\/span><\/span><\/a>\t\t\t<\/div>\n\t\t<\/div>\n\t\t\t\t\t\t<\/div>\n\t\t\t\t<\/div>\n\t\t\t\t\t<\/div>\n\t\t<\/div>\n\t\t\t\t\t<\/div>\n\t\t<\/section>\n\t\t\t\t<\/div>\n\t\t","protected":false},"excerpt":{"rendered":"<p>Installer une voile d\u2019ombrage fixe ou \u00e0 enrouleur sur sa terrasse permet de cr\u00e9er des \u00eelots de fra\u00eecheur et de prot\u00e9ger des UVs tout en am\u00e9nageant un espace ext\u00e9rieur agr\u00e9able et d\u00e9co. D\u00e9couvrez un bel exemple en Provence !<\/p>\n","protected":false},"author":2,"featured_media":2273,"comment_status":"open","ping_status":"open","sticky":false,"template":"elementor_header_footer","format":"standard","meta":{"footnotes":""},"categories":[7,5],"tags":[],"class_list":["post-3045","post","type-post","status-publish","format-standard","has-post-thumbnail","hentry","category-entretenir-et-amenager-son-jardin","category-nos-conseils"],"yoast_head":"<!-- This site is optimized with the Yoast SEO plugin v23.6 - https:\/\/yoast.com\/wordpress\/plugins\/seo\/ -->\n<title>Comment se prot\u00e9ger du soleil sur une terrasse avec une voile, toile ombrage ? | Espace Ombrage<\/title>\n<meta name=\"robots\" content=\"index, follow, max-snippet:-1, max-image-preview:large, max-video-preview:-1\" \/>\n<link rel=\"canonical\" href=\"https:\/\/www.espace-ombrage.com\/blog\/comment-se-proteger-du-soleil-sur-une-terrasse-avec-un-voile-ombrage\/\" \/>\n<meta property=\"og:locale\" content=\"fr_FR\" \/>\n<meta property=\"og:type\" content=\"article\" \/>\n<meta property=\"og:title\" content=\"Comment se prot\u00e9ger du soleil sur une terrasse avec une voile, toile ombrage ? | Espace Ombrage\" \/>\n<meta property=\"og:description\" content=\"Installer une voile d\u2019ombrage fixe ou \u00e0 enrouleur sur sa terrasse permet de cr\u00e9er des \u00eelots de fra\u00eecheur et de prot\u00e9ger des UVs tout en am\u00e9nageant un espace ext\u00e9rieur agr\u00e9able et d\u00e9co. D\u00e9couvrez un bel exemple en Provence !\" \/>\n<meta property=\"og:url\" content=\"https:\/\/www.espace-ombrage.com\/blog\/comment-se-proteger-du-soleil-sur-une-terrasse-avec-un-voile-ombrage\/\" \/>\n<meta property=\"og:site_name\" content=\"Espace Ombrage\" \/>\n<meta property=\"article:published_time\" content=\"2024-02-16T11:00:00+00:00\" \/>\n<meta property=\"article:modified_time\" content=\"2025-03-11T17:09:56+00:00\" \/>\n<meta property=\"og:image\" content=\"https:\/\/www.espace-ombrage.com\/blog\/wp-content\/uploads\/2023\/12\/terrasse-ombragee-voile-client.png\" \/>\n\t<meta property=\"og:image:width\" content=\"768\" \/>\n\t<meta property=\"og:image:height\" content=\"456\" \/>\n\t<meta property=\"og:image:type\" content=\"image\/png\" \/>\n<meta name=\"author\" content=\"admin-ombrage\" \/>\n<meta name=\"twitter:card\" content=\"summary_large_image\" \/>\n<meta name=\"twitter:label1\" content=\"\u00c9crit par\" \/>\n\t<meta name=\"twitter:data1\" content=\"admin-ombrage\" \/>\n\t<meta name=\"twitter:label2\" content=\"Dur\u00e9e de lecture estim\u00e9e\" \/>\n\t<meta name=\"twitter:data2\" content=\"5 minutes\" \/>\n<script type=\"application\/ld+json\" class=\"yoast-schema-graph\">{\"@context\":\"https:\/\/schema.org\",\"@graph\":[{\"@type\":\"WebPage\",\"@id\":\"https:\/\/www.espace-ombrage.com\/blog\/comment-se-proteger-du-soleil-sur-une-terrasse-avec-un-voile-ombrage\/\",\"url\":\"https:\/\/www.espace-ombrage.com\/blog\/comment-se-proteger-du-soleil-sur-une-terrasse-avec-un-voile-ombrage\/\",\"name\":\"Comment se prot\u00e9ger du soleil sur une terrasse avec une voile, toile ombrage ? | Espace Ombrage\",\"isPartOf\":{\"@id\":\"https:\/\/www.espace-ombrage.com\/blog\/#website\"},\"primaryImageOfPage\":{\"@id\":\"https:\/\/www.espace-ombrage.com\/blog\/comment-se-proteger-du-soleil-sur-une-terrasse-avec-un-voile-ombrage\/#primaryimage\"},\"image\":{\"@id\":\"https:\/\/www.espace-ombrage.com\/blog\/comment-se-proteger-du-soleil-sur-une-terrasse-avec-un-voile-ombrage\/#primaryimage\"},\"thumbnailUrl\":\"https:\/\/www.espace-ombrage.com\/blog\/wp-content\/uploads\/2023\/12\/terrasse-ombragee-voile-client.png\",\"datePublished\":\"2024-02-16T11:00:00+00:00\",\"dateModified\":\"2025-03-11T17:09:56+00:00\",\"author\":{\"@id\":\"https:\/\/www.espace-ombrage.com\/blog\/#\/schema\/person\/9b223e71f82520b376e08b8d0d4c7691\"},\"breadcrumb\":{\"@id\":\"https:\/\/www.espace-ombrage.com\/blog\/comment-se-proteger-du-soleil-sur-une-terrasse-avec-un-voile-ombrage\/#breadcrumb\"},\"inLanguage\":\"fr-FR\",\"potentialAction\":[{\"@type\":\"ReadAction\",\"target\":[\"https:\/\/www.espace-ombrage.com\/blog\/comment-se-proteger-du-soleil-sur-une-terrasse-avec-un-voile-ombrage\/\"]}]},{\"@type\":\"ImageObject\",\"inLanguage\":\"fr-FR\",\"@id\":\"https:\/\/www.espace-ombrage.com\/blog\/comment-se-proteger-du-soleil-sur-une-terrasse-avec-un-voile-ombrage\/#primaryimage\",\"url\":\"https:\/\/www.espace-ombrage.com\/blog\/wp-content\/uploads\/2023\/12\/terrasse-ombragee-voile-client.png\",\"contentUrl\":\"https:\/\/www.espace-ombrage.com\/blog\/wp-content\/uploads\/2023\/12\/terrasse-ombragee-voile-client.png\",\"width\":768,\"height\":456,\"caption\":\"Terrasse avec des voiles d'ombrage d'un client satisfait\"},{\"@type\":\"BreadcrumbList\",\"@id\":\"https:\/\/www.espace-ombrage.com\/blog\/comment-se-proteger-du-soleil-sur-une-terrasse-avec-un-voile-ombrage\/#breadcrumb\",\"itemListElement\":[{\"@type\":\"ListItem\",\"position\":1,\"name\":\"Espace Ombrage\",\"item\":\"https:\/\/www.espace-ombrage.com\/blog\/\"},{\"@type\":\"ListItem\",\"position\":2,\"name\":\"Comment se prot\u00e9ger du soleil sur une terrasse avec un voile ombrage ?\",\"item\":\"https:\/\/www.espace-ombrage.com\/blog\/comment-se-proteger-du-soleil-sur-une-terrasse-avec-un-voile-ombrage\/\"}]},{\"@type\":\"WebSite\",\"@id\":\"https:\/\/www.espace-ombrage.com\/blog\/#website\",\"url\":\"https:\/\/www.espace-ombrage.com\/blog\/\",\"name\":\"Espace Ombrage\",\"description\":\"\",\"potentialAction\":[{\"@type\":\"SearchAction\",\"target\":{\"@type\":\"EntryPoint\",\"urlTemplate\":\"https:\/\/www.espace-ombrage.com\/blog\/?s={search_term_string}\"},\"query-input\":{\"@type\":\"PropertyValueSpecification\",\"valueRequired\":true,\"valueName\":\"search_term_string\"}}],\"inLanguage\":\"fr-FR\"},{\"@type\":\"Person\",\"@id\":\"https:\/\/www.espace-ombrage.com\/blog\/#\/schema\/person\/9b223e71f82520b376e08b8d0d4c7691\",\"name\":\"admin-ombrage\",\"image\":{\"@type\":\"ImageObject\",\"inLanguage\":\"fr-FR\",\"@id\":\"https:\/\/www.espace-ombrage.com\/blog\/#\/schema\/person\/image\/\",\"url\":\"https:\/\/secure.gravatar.com\/avatar\/da964888ae868660e9f41df5c83a352c8bbcfeb83d9ed86d4d1d93ca7b092bac?s=96&d=mm&r=g\",\"contentUrl\":\"https:\/\/secure.gravatar.com\/avatar\/da964888ae868660e9f41df5c83a352c8bbcfeb83d9ed86d4d1d93ca7b092bac?s=96&d=mm&r=g\",\"caption\":\"admin-ombrage\"},\"url\":\"https:\/\/www.espace-ombrage.com\/blog\/author\/admin-ombrage\/\"}]}<\/script>\n<!-- \/ Yoast SEO plugin. -->","yoast_head_json":{"title":"Comment se prot\u00e9ger du soleil sur une terrasse avec une voile, toile ombrage ? | Espace Ombrage","robots":{"index":"index","follow":"follow","max-snippet":"max-snippet:-1","max-image-preview":"max-image-preview:large","max-video-preview":"max-video-preview:-1"},"canonical":"https:\/\/www.espace-ombrage.com\/blog\/comment-se-proteger-du-soleil-sur-une-terrasse-avec-un-voile-ombrage\/","og_locale":"fr_FR","og_type":"article","og_title":"Comment se prot\u00e9ger du soleil sur une terrasse avec une voile, toile ombrage ? | Espace Ombrage","og_description":"Installer une voile d\u2019ombrage fixe ou \u00e0 enrouleur sur sa terrasse permet de cr\u00e9er des \u00eelots de fra\u00eecheur et de prot\u00e9ger des UVs tout en am\u00e9nageant un espace ext\u00e9rieur agr\u00e9able et d\u00e9co. D\u00e9couvrez un bel exemple en Provence !","og_url":"https:\/\/www.espace-ombrage.com\/blog\/comment-se-proteger-du-soleil-sur-une-terrasse-avec-un-voile-ombrage\/","og_site_name":"Espace Ombrage","article_published_time":"2024-02-16T11:00:00+00:00","article_modified_time":"2025-03-11T17:09:56+00:00","og_image":[{"width":768,"height":456,"url":"https:\/\/www.espace-ombrage.com\/blog\/wp-content\/uploads\/2023\/12\/terrasse-ombragee-voile-client.png","type":"image\/png"}],"author":"admin-ombrage","twitter_card":"summary_large_image","twitter_misc":{"\u00c9crit par":"admin-ombrage","Dur\u00e9e de lecture estim\u00e9e":"5 minutes"},"schema":{"@context":"https:\/\/schema.org","@graph":[{"@type":"WebPage","@id":"https:\/\/www.espace-ombrage.com\/blog\/comment-se-proteger-du-soleil-sur-une-terrasse-avec-un-voile-ombrage\/","url":"https:\/\/www.espace-ombrage.com\/blog\/comment-se-proteger-du-soleil-sur-une-terrasse-avec-un-voile-ombrage\/","name":"Comment se prot\u00e9ger du soleil sur une terrasse avec une voile, toile ombrage ? | Espace Ombrage","isPartOf":{"@id":"https:\/\/www.espace-ombrage.com\/blog\/#website"},"primaryImageOfPage":{"@id":"https:\/\/www.espace-ombrage.com\/blog\/comment-se-proteger-du-soleil-sur-une-terrasse-avec-un-voile-ombrage\/#primaryimage"},"image":{"@id":"https:\/\/www.espace-ombrage.com\/blog\/comment-se-proteger-du-soleil-sur-une-terrasse-avec-un-voile-ombrage\/#primaryimage"},"thumbnailUrl":"https:\/\/www.espace-ombrage.com\/blog\/wp-content\/uploads\/2023\/12\/terrasse-ombragee-voile-client.png","datePublished":"2024-02-16T11:00:00+00:00","dateModified":"2025-03-11T17:09:56+00:00","author":{"@id":"https:\/\/www.espace-ombrage.com\/blog\/#\/schema\/person\/9b223e71f82520b376e08b8d0d4c7691"},"breadcrumb":{"@id":"https:\/\/www.espace-ombrage.com\/blog\/comment-se-proteger-du-soleil-sur-une-terrasse-avec-un-voile-ombrage\/#breadcrumb"},"inLanguage":"fr-FR","potentialAction":[{"@type":"ReadAction","target":["https:\/\/www.espace-ombrage.com\/blog\/comment-se-proteger-du-soleil-sur-une-terrasse-avec-un-voile-ombrage\/"]}]},{"@type":"ImageObject","inLanguage":"fr-FR","@id":"https:\/\/www.espace-ombrage.com\/blog\/comment-se-proteger-du-soleil-sur-une-terrasse-avec-un-voile-ombrage\/#primaryimage","url":"https:\/\/www.espace-ombrage.com\/blog\/wp-content\/uploads\/2023\/12\/terrasse-ombragee-voile-client.png","contentUrl":"https:\/\/www.espace-ombrage.com\/blog\/wp-content\/uploads\/2023\/12\/terrasse-ombragee-voile-client.png","width":768,"height":456,"caption":"Terrasse avec des voiles d'ombrage d'un client satisfait"},{"@type":"BreadcrumbList","@id":"https:\/\/www.espace-ombrage.com\/blog\/comment-se-proteger-du-soleil-sur-une-terrasse-avec-un-voile-ombrage\/#breadcrumb","itemListElement":[{"@type":"ListItem","position":1,"name":"Espace Ombrage","item":"https:\/\/www.espace-ombrage.com\/blog\/"},{"@type":"ListItem","position":2,"name":"Comment se prot\u00e9ger du soleil sur une terrasse avec un voile ombrage ?","item":"https:\/\/www.espace-ombrage.com\/blog\/comment-se-proteger-du-soleil-sur-une-terrasse-avec-un-voile-ombrage\/"}]},{"@type":"WebSite","@id":"https:\/\/www.espace-ombrage.com\/blog\/#website","url":"https:\/\/www.espace-ombrage.com\/blog\/","name":"Espace Ombrage","description":"","potentialAction":[{"@type":"SearchAction","target":{"@type":"EntryPoint","urlTemplate":"https:\/\/www.espace-ombrage.com\/blog\/?s={search_term_string}"},"query-input":{"@type":"PropertyValueSpecification","valueRequired":true,"valueName":"search_term_string"}}],"inLanguage":"fr-FR"},{"@type":"Person","@id":"https:\/\/www.espace-ombrage.com\/blog\/#\/schema\/person\/9b223e71f82520b376e08b8d0d4c7691","name":"admin-ombrage","image":{"@type":"ImageObject","inLanguage":"fr-FR","@id":"https:\/\/www.espace-ombrage.com\/blog\/#\/schema\/person\/image\/","url":"https:\/\/secure.gravatar.com\/avatar\/da964888ae868660e9f41df5c83a352c8bbcfeb83d9ed86d4d1d93ca7b092bac?s=96&d=mm&r=g","contentUrl":"https:\/\/secure.gravatar.com\/avatar\/da964888ae868660e9f41df5c83a352c8bbcfeb83d9ed86d4d1d93ca7b092bac?s=96&d=mm&r=g","caption":"admin-ombrage"},"url":"https:\/\/www.espace-ombrage.com\/blog\/author\/admin-ombrage\/"}]}},"_links":{"self":[{"href":"https:\/\/www.espace-ombrage.com\/blog\/wp-json\/wp\/v2\/posts\/3045","targetHints":{"allow":["GET"]}}],"collection":[{"href":"https:\/\/www.espace-ombrage.com\/blog\/wp-json\/wp\/v2\/posts"}],"about":[{"href":"https:\/\/www.espace-ombrage.com\/blog\/wp-json\/wp\/v2\/types\/post"}],"author":[{"embeddable":true,"href":"https:\/\/www.espace-ombrage.com\/blog\/wp-json\/wp\/v2\/users\/2"}],"replies":[{"embeddable":true,"href":"https:\/\/www.espace-ombrage.com\/blog\/wp-json\/wp\/v2\/comments?post=3045"}],"version-history":[{"count":44,"href":"https:\/\/www.espace-ombrage.com\/blog\/wp-json\/wp\/v2\/posts\/3045\/revisions"}],"predecessor-version":[{"id":5410,"href":"https:\/\/www.espace-ombrage.com\/blog\/wp-json\/wp\/v2\/posts\/3045\/revisions\/5410"}],"wp:featuredmedia":[{"embeddable":true,"href":"https:\/\/www.espace-ombrage.com\/blog\/wp-json\/wp\/v2\/media\/2273"}],"wp:attachment":[{"href":"https:\/\/www.espace-ombrage.com\/blog\/wp-json\/wp\/v2\/media?parent=3045"}],"wp:term":[{"taxonomy":"category","embeddable":true,"href":"https:\/\/www.espace-ombrage.com\/blog\/wp-json\/wp\/v2\/categories?post=3045"},{"taxonomy":"post_tag","embeddable":true,"href":"https:\/\/www.espace-ombrage.com\/blog\/wp-json\/wp\/v2\/tags?post=3045"}],"curies":[{"name":"wp","href":"https:\/\/api.w.org\/{rel}","templated":true}]}}