{"id":3063,"date":"2024-02-23T12:00:00","date_gmt":"2024-02-23T11:00:00","guid":{"rendered":"https:\/\/www.espace-ombrage.com\/blog\/?p=3063"},"modified":"2024-10-31T11:34:00","modified_gmt":"2024-10-31T10:34:00","slug":"architecte-comment-ombrager-les-exterieurs-de-vos-clients","status":"publish","type":"post","link":"https:\/\/www.espace-ombrage.com\/blog\/architecte-comment-ombrager-les-exterieurs-de-vos-clients\/","title":{"rendered":"Architecte : comment ombrager les ext\u00e9rieurs de vos clients ?"},"content":{"rendered":"\t\t<div data-elementor-type=\"wp-post\" data-elementor-id=\"3063\" class=\"elementor elementor-3063\" data-elementor-post-type=\"post\">\n\t\t\t\t\t\t<section class=\"elementor-section elementor-top-section elementor-element elementor-element-4c1d7e46 elementor-section-full_width elementor-section-content-bottom elementor-hidden-tablet elementor-section-height-default elementor-section-height-default\" data-id=\"4c1d7e46\" data-element_type=\"section\">\n\t\t\t\t\t\t<div class=\"elementor-container elementor-column-gap-narrow\">\n\t\t\t\t\t<div class=\"elementor-column elementor-col-50 elementor-top-column elementor-element elementor-element-62b70c5a\" data-id=\"62b70c5a\" data-element_type=\"column\" data-settings=\"{&quot;background_background&quot;:&quot;classic&quot;}\">\n\t\t\t<div class=\"elementor-widget-wrap elementor-element-populated\">\n\t\t\t\t\t\t<div class=\"elementor-element elementor-element-5f92b213 elementor-widget__width-initial elementor-widget elementor-widget-heading\" data-id=\"5f92b213\" data-element_type=\"widget\" data-widget_type=\"heading.default\">\n\t\t\t\t<div class=\"elementor-widget-container\">\n\t\t\t\t\t<h1 class=\"elementor-heading-title elementor-size-default\">Architecte : comment ombrager les ext\u00e9rieurs de vos clients ?<\/h1>\t\t\t\t<\/div>\n\t\t\t\t<\/div>\n\t\t\t\t\t<\/div>\n\t\t<\/div>\n\t\t\t\t<div class=\"elementor-column elementor-col-25 elementor-top-column elementor-element elementor-element-1c464d4d\" data-id=\"1c464d4d\" data-element_type=\"column\">\n\t\t\t<div class=\"elementor-widget-wrap elementor-element-populated\">\n\t\t\t\t\t\t<div class=\"elementor-element elementor-element-366b2102 elementor-hidden-tablet elementor-hidden-mobile elementor-widget elementor-widget-image\" data-id=\"366b2102\" data-element_type=\"widget\" data-widget_type=\"image.default\">\n\t\t\t\t<div class=\"elementor-widget-container\">\n\t\t\t\t\t\t\t\t\t\t\t\t\t\t\t<img fetchpriority=\"high\" decoding=\"async\" width=\"1024\" height=\"576\" src=\"https:\/\/www.espace-ombrage.com\/blog\/wp-content\/uploads\/2019\/05\/Australe-340-Sable.jpg\" class=\"attachment-full size-full wp-image-549\" alt=\"Terrasse ext\u00e9rieur d&#039;un client d\u2019architecte avec des voiles d&#039;ombrage\" srcset=\"https:\/\/www.espace-ombrage.com\/blog\/wp-content\/uploads\/2019\/05\/Australe-340-Sable.jpg 1024w, https:\/\/www.espace-ombrage.com\/blog\/wp-content\/uploads\/2019\/05\/Australe-340-Sable-300x169.jpg 300w, https:\/\/www.espace-ombrage.com\/blog\/wp-content\/uploads\/2019\/05\/Australe-340-Sable-768x432.jpg 768w\" sizes=\"(max-width: 1024px) 100vw, 1024px\" \/>\t\t\t\t\t\t\t\t\t\t\t\t\t\t\t<\/div>\n\t\t\t\t<\/div>\n\t\t\t\t\t<\/div>\n\t\t<\/div>\n\t\t\t\t<div class=\"elementor-column elementor-col-25 elementor-top-column elementor-element elementor-element-25f8e00e\" data-id=\"25f8e00e\" data-element_type=\"column\">\n\t\t\t<div class=\"elementor-widget-wrap elementor-element-populated\">\n\t\t\t\t\t\t<div class=\"elementor-element elementor-element-76086a92 elementor-widget-mobile__width-initial animated-slow elementor-widget-tablet__width-initial elementor-invisible elementor-widget elementor-widget-spacer\" data-id=\"76086a92\" data-element_type=\"widget\" data-settings=\"{&quot;_animation&quot;:&quot;fadeInRight&quot;}\" data-widget_type=\"spacer.default\">\n\t\t\t\t<div class=\"elementor-widget-container\">\n\t\t\t\t\t\t\t<div class=\"elementor-spacer\">\n\t\t\t<div class=\"elementor-spacer-inner\"><\/div>\n\t\t<\/div>\n\t\t\t\t\t\t<\/div>\n\t\t\t\t<\/div>\n\t\t\t\t\t<\/div>\n\t\t<\/div>\n\t\t\t\t\t<\/div>\n\t\t<\/section>\n\t\t\t\t<section class=\"elementor-section elementor-top-section elementor-element elementor-element-3f4f34c0 elementor-section-boxed elementor-section-height-default elementor-section-height-default elementor-invisible\" data-id=\"3f4f34c0\" data-element_type=\"section\" data-settings=\"{&quot;animation&quot;:&quot;fadeIn&quot;}\">\n\t\t\t\t\t\t<div class=\"elementor-container elementor-column-gap-default\">\n\t\t\t\t\t<div class=\"elementor-column elementor-col-100 elementor-top-column elementor-element elementor-element-5e6ab9f9\" data-id=\"5e6ab9f9\" data-element_type=\"column\">\n\t\t\t<div class=\"elementor-widget-wrap elementor-element-populated\">\n\t\t\t\t\t\t<div class=\"elementor-element elementor-element-c12b405 elementor-widget__width-initial elementor-widget elementor-widget-text-editor\" data-id=\"c12b405\" data-element_type=\"widget\" data-widget_type=\"text-editor.default\">\n\t\t\t\t<div class=\"elementor-widget-container\">\n\t\t\t\t\t\t\t\t\t<p>Cr\u00e9er des zones d\u2019ombre dans les espaces ext\u00e9rieurs est devenu un d\u00e9fi majeur, que ce soit chez les particuliers comme pour les professionnels ou les communes. En plus de r\u00e9duire la chaleur, il y a \u00e9videmment une attente esth\u00e9tique de la part de vos clients. Nous allons donc nous pencher sur les diff\u00e9rentes solutions et vous apporter des \u00e9l\u00e9ments de r\u00e9ponses quant \u00e0 vos projets et plus sp\u00e9cifiquement sur la partie des zones d\u2019ombrage \u00e0 cr\u00e9er.<\/p>\t\t\t\t\t\t\t\t<\/div>\n\t\t\t\t<\/div>\n\t\t\t\t\t<\/div>\n\t\t<\/div>\n\t\t\t\t\t<\/div>\n\t\t<\/section>\n\t\t\t\t<section class=\"elementor-section elementor-top-section elementor-element elementor-element-4917cc6c elementor-section-full_width elementor-reverse-tablet elementor-reverse-mobile elementor-section-height-default elementor-section-height-default elementor-invisible\" data-id=\"4917cc6c\" data-element_type=\"section\" data-settings=\"{&quot;background_background&quot;:&quot;gradient&quot;,&quot;animation&quot;:&quot;fadeIn&quot;}\">\n\t\t\t\t\t\t<div class=\"elementor-container elementor-column-gap-no\">\n\t\t\t\t\t<div class=\"elementor-column elementor-col-50 elementor-top-column elementor-element elementor-element-574f7ac7\" data-id=\"574f7ac7\" data-element_type=\"column\">\n\t\t\t<div class=\"elementor-widget-wrap elementor-element-populated\">\n\t\t\t\t\t\t<div class=\"elementor-element elementor-element-1cd5a156 elementor-widget elementor-widget-heading\" data-id=\"1cd5a156\" data-element_type=\"widget\" data-widget_type=\"heading.default\">\n\t\t\t\t<div class=\"elementor-widget-container\">\n\t\t\t\t\t<h2 class=\"elementor-heading-title elementor-size-default\">Les diff\u00e9rentes solutions d\u2019ombrage existantes<\/h2>\t\t\t\t<\/div>\n\t\t\t\t<\/div>\n\t\t\t\t<div class=\"elementor-element elementor-element-62ec0509 elementor-widget elementor-widget-text-editor\" data-id=\"62ec0509\" data-element_type=\"widget\" data-widget_type=\"text-editor.default\">\n\t\t\t\t<div class=\"elementor-widget-container\">\n\t\t\t\t\t\t\t\t\t<p>Faisons un premier \u00e9tat des lieux non exhaustif des diff\u00e9rents produits d\u2019ombrage disponibles sur le march\u00e9 :<\/p><ul><li aria-level=\"1\"><b>Parasol<\/b><\/li><\/ul><p>La solution la plus simple \u00e0 mettre en place. En effet, le parasol est facile \u00e0 installer et \u00e0 d\u00e9placer. Il permet de cr\u00e9er des zones sp\u00e9cifiques d\u2019ombrage, au-dessus d\u2019un salon de jardin ou d\u2019une table \u00e0 manger par exemple. C\u2019est toutefois un produit sujet aux vents et dont la surface de couverture est assez restreinte.<\/p><ul><li aria-level=\"1\"><a href=\"https:\/\/www.espace-ombrage.com\/fr\/3-voile-d-ombrage\" target=\"_blank\" rel=\"noopener\"><strong><u>Voile d\u2019ombrage<\/u><\/strong><\/a><\/li><\/ul><p>Une r\u00e9ponse pour l\u2019ombrage qui se r\u00e9pand de plus en plus, que ce soit dans les maisons ou m\u00eame dans les espaces publics (<a href=\"https:\/\/www.espace-ombrage.com\/fr\/content\/210-voiles-d-ombrage-pour-municipalite-creche-et-sante-publique\" target=\"_blank\" rel=\"noopener\"><u>\u00e9coles, mairies<\/u><\/a>, <u><a href=\"https:\/\/www.espace-ombrage.com\/fr\/content\/212-voiles-d-ombrage-pour-hotels-et-restaurants\" target=\"_blank\" rel=\"noopener\">restaurants<\/a><\/u>, etc). C\u2019est d\u2019ailleurs sur ces solutions d\u2019ombrage que nous allons nous attarder.<\/p>\t\t\t\t\t\t\t\t<\/div>\n\t\t\t\t<\/div>\n\t\t\t\t\t<\/div>\n\t\t<\/div>\n\t\t\t\t<div class=\"elementor-column elementor-col-50 elementor-top-column elementor-element elementor-element-778ceb98\" data-id=\"778ceb98\" data-element_type=\"column\" data-settings=\"{&quot;background_background&quot;:&quot;classic&quot;}\">\n\t\t\t<div class=\"elementor-widget-wrap elementor-element-populated\">\n\t\t\t\t\t\t<div class=\"elementor-element elementor-element-197c2e08 elementor-widget-mobile__width-initial elementor-widget elementor-widget-spacer\" data-id=\"197c2e08\" data-element_type=\"widget\" data-widget_type=\"spacer.default\">\n\t\t\t\t<div class=\"elementor-widget-container\">\n\t\t\t\t\t\t\t<div class=\"elementor-spacer\">\n\t\t\t<div class=\"elementor-spacer-inner\"><\/div>\n\t\t<\/div>\n\t\t\t\t\t\t<\/div>\n\t\t\t\t<\/div>\n\t\t\t\t\t<\/div>\n\t\t<\/div>\n\t\t\t\t\t<\/div>\n\t\t<\/section>\n\t\t\t\t<section class=\"elementor-section elementor-top-section elementor-element elementor-element-394a9c27 elementor-section-full_width elementor-section-height-default elementor-section-height-default elementor-invisible\" data-id=\"394a9c27\" data-element_type=\"section\" data-settings=\"{&quot;animation&quot;:&quot;fadeIn&quot;}\">\n\t\t\t\t\t\t<div class=\"elementor-container elementor-column-gap-no\">\n\t\t\t\t\t<div class=\"elementor-column elementor-col-50 elementor-top-column elementor-element elementor-element-2d4e080 elementor-hidden-tablet elementor-hidden-mobile\" data-id=\"2d4e080\" data-element_type=\"column\" data-settings=\"{&quot;background_background&quot;:&quot;classic&quot;}\">\n\t\t\t<div class=\"elementor-widget-wrap elementor-element-populated\">\n\t\t\t\t\t\t<div class=\"elementor-element elementor-element-1b6e50fa elementor-widget elementor-widget-image\" data-id=\"1b6e50fa\" data-element_type=\"widget\" data-widget_type=\"image.default\">\n\t\t\t\t<div class=\"elementor-widget-container\">\n\t\t\t\t\t\t\t\t\t\t\t\t\t\t\t<img decoding=\"async\" width=\"1080\" height=\"1080\" src=\"https:\/\/www.espace-ombrage.com\/blog\/wp-content\/uploads\/2024\/02\/toile-pour-pergola-metal-coloris-sable.png\" class=\"attachment-full size-full wp-image-3070\" alt=\"toile de pergola ajour\u00e9e pour terrasse bois\" srcset=\"https:\/\/www.espace-ombrage.com\/blog\/wp-content\/uploads\/2024\/02\/toile-pour-pergola-metal-coloris-sable.png 1080w, https:\/\/www.espace-ombrage.com\/blog\/wp-content\/uploads\/2024\/02\/toile-pour-pergola-metal-coloris-sable-300x300.png 300w, https:\/\/www.espace-ombrage.com\/blog\/wp-content\/uploads\/2024\/02\/toile-pour-pergola-metal-coloris-sable-1024x1024.png 1024w, https:\/\/www.espace-ombrage.com\/blog\/wp-content\/uploads\/2024\/02\/toile-pour-pergola-metal-coloris-sable-150x150.png 150w, https:\/\/www.espace-ombrage.com\/blog\/wp-content\/uploads\/2024\/02\/toile-pour-pergola-metal-coloris-sable-768x768.png 768w\" sizes=\"(max-width: 1080px) 100vw, 1080px\" \/>\t\t\t\t\t\t\t\t\t\t\t\t\t\t\t<\/div>\n\t\t\t\t<\/div>\n\t\t\t\t\t<\/div>\n\t\t<\/div>\n\t\t\t\t<div class=\"elementor-column elementor-col-50 elementor-top-column elementor-element elementor-element-1f063447\" data-id=\"1f063447\" data-element_type=\"column\">\n\t\t\t<div class=\"elementor-widget-wrap elementor-element-populated\">\n\t\t\t\t\t\t<div class=\"elementor-element elementor-element-3846a958 elementor-widget elementor-widget-text-editor\" data-id=\"3846a958\" data-element_type=\"widget\" data-widget_type=\"text-editor.default\">\n\t\t\t\t<div class=\"elementor-widget-container\">\n\t\t\t\t\t\t\t\t\t<ul><li aria-level=\"1\"><b>Store banne<\/b><\/li><\/ul><p>Une solution tr\u00e8s r\u00e9pandue et historique en France. C\u2019est une produit qui peut \u00eatre install\u00e9 au-dessus de baies vitr\u00e9es pour cr\u00e9er un ombrage amovible et discret sur une terrasse. Cette alternative est tout de m\u00eame consid\u00e9r\u00e9e comme dat\u00e9e et est \u00e9galement sujette aux vents.<\/p><p>\u00a0<\/p>\t\t\t\t\t\t\t\t<\/div>\n\t\t\t\t<\/div>\n\t\t\t\t<div class=\"elementor-element elementor-element-57513a10 elementor-widget elementor-widget-text-editor\" data-id=\"57513a10\" data-element_type=\"widget\" data-widget_type=\"text-editor.default\">\n\t\t\t\t<div class=\"elementor-widget-container\">\n\t\t\t\t\t\t\t\t\t<ul><li aria-level=\"1\"><b>Pergola<\/b><\/li><\/ul><p>La <b>pergola<\/b> est un produit tr\u00e8s en vogue avec la d\u00e9mocratisation des pergolas bioclimatiques. Elles permettent de d\u00e9limiter concr\u00e8tement les espaces ext\u00e9rieurs. C\u2019est un produit qui reste on\u00e9reux et difficilement adaptable.<\/p><p>NB : Espace Ombrage con\u00e7oit et fabrique des <a href=\"https:\/\/www.espace-ombrage.com\/fr\/content\/173-choisir-sa-toile-pergola-sur-mesure\" target=\"_blank\" rel=\"noopener\"><strong><u>toiles solaires adapt\u00e9es aux pergolas<\/u><\/strong><\/a><\/p>\t\t\t\t\t\t\t\t<\/div>\n\t\t\t\t<\/div>\n\t\t\t\t\t<\/div>\n\t\t<\/div>\n\t\t\t\t\t<\/div>\n\t\t<\/section>\n\t\t\t\t<section class=\"elementor-section elementor-top-section elementor-element elementor-element-79288ad6 elementor-section-full_width elementor-reverse-tablet elementor-reverse-mobile elementor-section-height-default elementor-section-height-default elementor-invisible\" data-id=\"79288ad6\" data-element_type=\"section\" data-settings=\"{&quot;background_background&quot;:&quot;classic&quot;,&quot;animation&quot;:&quot;fadeIn&quot;}\">\n\t\t\t\t\t\t<div class=\"elementor-container elementor-column-gap-no\">\n\t\t\t\t\t<div class=\"elementor-column elementor-col-50 elementor-top-column elementor-element elementor-element-6c9559ad\" data-id=\"6c9559ad\" data-element_type=\"column\">\n\t\t\t<div class=\"elementor-widget-wrap elementor-element-populated\">\n\t\t\t\t\t\t<div class=\"elementor-element elementor-element-52777cfb elementor-widget-divider--view-line elementor-widget elementor-widget-divider\" data-id=\"52777cfb\" data-element_type=\"widget\" data-widget_type=\"divider.default\">\n\t\t\t\t<div class=\"elementor-widget-container\">\n\t\t\t\t\t\t\t<div class=\"elementor-divider\">\n\t\t\t<span class=\"elementor-divider-separator\">\n\t\t\t\t\t\t<\/span>\n\t\t<\/div>\n\t\t\t\t\t\t<\/div>\n\t\t\t\t<\/div>\n\t\t\t\t<div class=\"elementor-element elementor-element-581501f elementor-widget elementor-widget-heading\" data-id=\"581501f\" data-element_type=\"widget\" data-widget_type=\"heading.default\">\n\t\t\t\t<div class=\"elementor-widget-container\">\n\t\t\t\t\t<h2 class=\"elementor-heading-title elementor-size-default\">La toile tendue, une r\u00e9ponse polyvalente<\/h2>\t\t\t\t<\/div>\n\t\t\t\t<\/div>\n\t\t\t\t<div class=\"elementor-element elementor-element-8cf8161 elementor-widget elementor-widget-text-editor\" data-id=\"8cf8161\" data-element_type=\"widget\" data-widget_type=\"text-editor.default\">\n\t\t\t\t<div class=\"elementor-widget-container\">\n\t\t\t\t\t\t\t\t\tLes <strong>toiles ombrage<\/strong> ont su conqu\u00e9rir les espaces de vie ext\u00e9rieur par leur c\u00f4t\u00e9 esth\u00e9tique et a\u00e9rien. Elles apparaissent donc comme une r\u00e9ponse ad\u00e9quate aux attentes de vos clients.\t\t\t\t\t\t\t\t<\/div>\n\t\t\t\t<\/div>\n\t\t\t\t<div class=\"elementor-element elementor-element-5e22b21 elementor-widget elementor-widget-heading\" data-id=\"5e22b21\" data-element_type=\"widget\" data-widget_type=\"heading.default\">\n\t\t\t\t<div class=\"elementor-widget-container\">\n\t\t\t\t\t<h3 class=\"elementor-heading-title elementor-size-default\">Des voiles d\u2019ombrage design et \u00e9l\u00e9gantes<\/h3>\t\t\t\t<\/div>\n\t\t\t\t<\/div>\n\t\t\t\t<div class=\"elementor-element elementor-element-c6b564f elementor-widget elementor-widget-text-editor\" data-id=\"c6b564f\" data-element_type=\"widget\" data-widget_type=\"text-editor.default\">\n\t\t\t\t<div class=\"elementor-widget-container\">\n\t\t\t\t\t\t\t\t\t<p>Chez <strong>Espace Ombrage<\/strong>, nous proposons un large choix de :<\/p><ul><li aria-level=\"1\">Tissus : toiles ajour\u00e9es, imperm\u00e9ables ou encore en fibres de coco<\/li><li aria-level=\"1\">Formes : Voiles d\u2019ombrage rectangulaires, triangulaires, ou m\u00eame trap\u00e8ze<\/li><li aria-level=\"1\">Coloris : Plus de 50 coloris disponibles<\/li><li aria-level=\"1\">Tailles : toile ombrage standard ou sur-mesure<\/li><li aria-level=\"1\">Options : Des <a href=\"https:\/\/www.espace-ombrage.com\/fr\/39-voile-enrouleur\" target=\"_blank\" rel=\"noopener\"><strong><u>toiles ombrage avec enrouleur<\/u><\/strong><\/a> manuel ou <a href=\"https:\/\/www.espace-ombrage.com\/fr\/voile-d-ombrage-electrique\/3932-voile-a-enrouleur-motorise.html\" target=\"_blank\" rel=\"noopener\"><strong><u>voile ombrage motoris\u00e9e<\/u><\/strong><\/a><\/li><\/ul><p>Cette libert\u00e9 vous permettra de r\u00e9pondre aux attentes de vos clients et surtout de pouvoir vous adapter aux contraintes techniques. En effet, vous pourrez cr\u00e9er des zones avec des <a href=\"https:\/\/www.espace-ombrage.com\/fr\/content\/130-voiles-dombrage-triangle-rectangle\" target=\"_blank\" rel=\"noopener\"><strong><u>voiles d\u2019ombrage triangulaires<\/u><\/strong><\/a> ou<a href=\"https:\/\/www.espace-ombrage.com\/fr\/content\/121-voile-ombrage-rectangulaire\" target=\"_blank\" rel=\"noopener\"><strong> <u>voiles d\u2019ombrage rectangulaires<\/u><\/strong><\/a> selon la taille de la zone \u00e0 couvrir. De plus, la superposition de toiles d&rsquo;ombrage apporte un rendu contemporain et graphique.<\/p>\t\t\t\t\t\t\t\t<\/div>\n\t\t\t\t<\/div>\n\t\t\t\t<div class=\"elementor-element elementor-element-5df012c7 elementor-widget-divider--view-line elementor-widget elementor-widget-divider\" data-id=\"5df012c7\" data-element_type=\"widget\" data-widget_type=\"divider.default\">\n\t\t\t\t<div class=\"elementor-widget-container\">\n\t\t\t\t\t\t\t<div class=\"elementor-divider\">\n\t\t\t<span class=\"elementor-divider-separator\">\n\t\t\t\t\t\t<\/span>\n\t\t<\/div>\n\t\t\t\t\t\t<\/div>\n\t\t\t\t<\/div>\n\t\t\t\t\t<\/div>\n\t\t<\/div>\n\t\t\t\t<div class=\"elementor-column elementor-col-50 elementor-top-column elementor-element elementor-element-3b28cc0b\" data-id=\"3b28cc0b\" data-element_type=\"column\" data-settings=\"{&quot;background_background&quot;:&quot;classic&quot;}\">\n\t\t\t<div class=\"elementor-widget-wrap elementor-element-populated\">\n\t\t\t\t\t\t<div class=\"elementor-element elementor-element-aee00a7 elementor-widget elementor-widget-spacer\" data-id=\"aee00a7\" data-element_type=\"widget\" data-widget_type=\"spacer.default\">\n\t\t\t\t<div class=\"elementor-widget-container\">\n\t\t\t\t\t\t\t<div class=\"elementor-spacer\">\n\t\t\t<div class=\"elementor-spacer-inner\"><\/div>\n\t\t<\/div>\n\t\t\t\t\t\t<\/div>\n\t\t\t\t<\/div>\n\t\t\t\t\t<\/div>\n\t\t<\/div>\n\t\t\t\t\t<\/div>\n\t\t<\/section>\n\t\t\t\t<section class=\"elementor-section elementor-top-section elementor-element elementor-element-075f80c elementor-section-full_width elementor-section-height-default elementor-section-height-default elementor-invisible\" data-id=\"075f80c\" data-element_type=\"section\" data-settings=\"{&quot;animation&quot;:&quot;fadeIn&quot;}\">\n\t\t\t\t\t\t<div class=\"elementor-container elementor-column-gap-no\">\n\t\t\t\t\t<div class=\"elementor-column elementor-col-50 elementor-top-column elementor-element elementor-element-56e2c86\" data-id=\"56e2c86\" data-element_type=\"column\" data-settings=\"{&quot;background_background&quot;:&quot;classic&quot;}\">\n\t\t\t<div class=\"elementor-widget-wrap elementor-element-populated\">\n\t\t\t\t\t\t<div class=\"elementor-element elementor-element-ec8c58f elementor-widget elementor-widget-spacer\" data-id=\"ec8c58f\" data-element_type=\"widget\" data-widget_type=\"spacer.default\">\n\t\t\t\t<div class=\"elementor-widget-container\">\n\t\t\t\t\t\t\t<div class=\"elementor-spacer\">\n\t\t\t<div class=\"elementor-spacer-inner\"><\/div>\n\t\t<\/div>\n\t\t\t\t\t\t<\/div>\n\t\t\t\t<\/div>\n\t\t\t\t\t<\/div>\n\t\t<\/div>\n\t\t\t\t<div class=\"elementor-column elementor-col-50 elementor-top-column elementor-element elementor-element-ca09092\" data-id=\"ca09092\" data-element_type=\"column\">\n\t\t\t<div class=\"elementor-widget-wrap elementor-element-populated\">\n\t\t\t\t\t\t<div class=\"elementor-element elementor-element-cf49f70 elementor-widget elementor-widget-heading\" data-id=\"cf49f70\" data-element_type=\"widget\" data-widget_type=\"heading.default\">\n\t\t\t\t<div class=\"elementor-widget-container\">\n\t\t\t\t\t<h3 class=\"elementor-heading-title elementor-size-default\">Comment choisir sa toile tendue pour terrasse ?<\/h3>\t\t\t\t<\/div>\n\t\t\t\t<\/div>\n\t\t\t\t<div class=\"elementor-element elementor-element-4399f70 elementor-widget elementor-widget-text-editor\" data-id=\"4399f70\" data-element_type=\"widget\" data-widget_type=\"text-editor.default\">\n\t\t\t\t<div class=\"elementor-widget-container\">\n\t\t\t\t\t\t\t\t\t<p>Une fa\u00e7on simple de le d\u00e9terminer est de se poser quelques questions pratiques :<\/p><ul><li aria-level=\"1\"><u>L\u2019usage prioritaire de la toile ombrage <\/u>:<\/li><\/ul><p>Ai-je besoin que la <a href=\"https:\/\/www.espace-ombrage.com\/fr\/10-voile-d-ombrage-deperlante\" target=\"_blank\" rel=\"noopener\"><u>voile d\u2019ombrage soit imperm\u00e9able<\/u><\/a> ?<\/p><p>Si non, plut\u00f4t s\u2019orienter vers un <a href=\"https:\/\/www.espace-ombrage.com\/fr\/9-voile-d-ombrage-resistante-au-vent\" target=\"_blank\" rel=\"noopener\">tissu de <strong><u>voile ombrage ajour\u00e9e<\/u><\/strong><\/a> qui r\u00e9siste mieux au vent et qui ne n\u00e9cessite pas de pente pour que l\u2019eau s\u2019\u00e9vacue. Si oui, s\u2019assurer que cette dite pente soit r\u00e9alisable et que la terrasse ne soit pas sujette \u00e0 des vents sup\u00e9rieurs \u00e0 60 km\/h.<\/p><ul><li aria-level=\"1\"><u>L\u2019aspect esth\u00e9tique<\/u> :<\/li><\/ul><p>Est-ce que je souhaite un ombrage homog\u00e8ne ?<\/p><p>Cette question est l\u00e9gitime puisque certains clients souhaitent privil\u00e9gier l\u2019aspect purement esth\u00e9tique d\u2019une voile d\u2019ombrage au d\u00e9triment de l\u2019ombre finale. Ainsi, les voiles d\u2019ombrage triangulaires seront plus adapt\u00e9es. Au contraire, si votre client souhaite avoir une zone d\u2019ombre plus compl\u00e8te, il semble alors opportun de s\u2019orienter vers une <u><a href=\"https:\/\/www.espace-ombrage.com\/fr\/49-voile-d-ombrage-rectangulaire\" target=\"_blank\" rel=\"noopener\"><strong>voile d\u2019ombrage rectangulaire<\/strong><\/a>.<\/u><\/p><ul><li aria-level=\"1\"><u>Le budget <\/u>:<\/li><\/ul><p>Quelles options ajouter pour la <strong>toile ombrage terrasse<\/strong> ?<\/p><p>Comme \u00e9voqu\u00e9 plus haut, nos toiles solaires peuvent \u00eatre cr\u00e9\u00e9es sur-mesure. Ces <span style=\"text-decoration: underline;\"><a href=\"https:\/\/www.espace-ombrage.com\/fr\/content\/180-voile-d-ombrage-sur-mesure\" target=\"_blank\" rel=\"noopener\"><strong>voiles d\u2019ombrage sur-mesure<\/strong><\/a><\/span> peuvent r\u00e9pondre \u00e0 vos besoins particuliers d\u2019ombrage si vous n\u2019avez pas de format standard qui s\u2019adapte \u00e0 votre projet. De plus, vous pouvez \u00e9galement configurer une toile ombrage avec enrouleur manuel.\u00a0<\/p><p>Voici la vid\u00e9o de pr\u00e9sentation ci-dessous qui vous d\u00e9montre le fonctionnement de l&rsquo;enroulement :<\/p>\t\t\t\t\t\t\t\t<\/div>\n\t\t\t\t<\/div>\n\t\t\t\t\t<\/div>\n\t\t<\/div>\n\t\t\t\t\t<\/div>\n\t\t<\/section>\n\t\t\t\t<section class=\"elementor-section elementor-top-section elementor-element elementor-element-136c53c8 elementor-section-boxed elementor-section-height-default elementor-section-height-default elementor-invisible\" data-id=\"136c53c8\" data-element_type=\"section\" data-settings=\"{&quot;animation&quot;:&quot;fadeIn&quot;}\">\n\t\t\t\t\t\t<div class=\"elementor-container elementor-column-gap-default\">\n\t\t\t\t\t<div class=\"elementor-column elementor-col-100 elementor-top-column elementor-element elementor-element-25fdfc00\" data-id=\"25fdfc00\" data-element_type=\"column\">\n\t\t\t<div class=\"elementor-widget-wrap elementor-element-populated\">\n\t\t\t\t\t\t<div class=\"elementor-element elementor-element-3229eda elementor-widget elementor-widget-video\" data-id=\"3229eda\" data-element_type=\"widget\" data-settings=\"{&quot;youtube_url&quot;:&quot;https:\\\/\\\/www.youtube.com\\\/watch?v=11RILdBcZ28&quot;,&quot;video_type&quot;:&quot;youtube&quot;,&quot;controls&quot;:&quot;yes&quot;}\" data-widget_type=\"video.default\">\n\t\t\t\t<div class=\"elementor-widget-container\">\n\t\t\t\t\t\t\t<div class=\"elementor-wrapper elementor-open-inline\">\n\t\t\t<div class=\"elementor-video\"><\/div>\t\t<\/div>\n\t\t\t\t\t\t<\/div>\n\t\t\t\t<\/div>\n\t\t\t\t<div class=\"elementor-element elementor-element-3998645a elementor-widget__width-initial elementor-widget elementor-widget-text-editor\" data-id=\"3998645a\" data-element_type=\"widget\" data-widget_type=\"text-editor.default\">\n\t\t\t\t<div class=\"elementor-widget-container\">\n\t\t\t\t\t\t\t\t\t<i>Dans cette vid\u00e9o nous vous indiquons comment enrouler et d\u00e9rouler votre <\/i><strong><i>voile d\u2019ombrage \u00e0 enrouleur<\/i><\/strong><i>, par \u00e9tape :<\/i>\n<ul>\n \t<li aria-level=\"1\"><i>D\u00e9crocher les angles r\u00e9tractables<\/i><\/li>\n \t<li aria-level=\"1\"><i>Enrouler la voile enrouleur<\/i><\/li>\n \t<li aria-level=\"1\"><i>Bloquer les angles r\u00e9tractables<\/i><\/li>\n<\/ul>\nFinalement, ces trois questions vous permettent de d\u00e9grossir le projet et apporter une premi\u00e8re r\u00e9ponse \u00e0 vos clients.\t\t\t\t\t\t\t\t<\/div>\n\t\t\t\t<\/div>\n\t\t\t\t\t<\/div>\n\t\t<\/div>\n\t\t\t\t\t<\/div>\n\t\t<\/section>\n\t\t\t\t<section class=\"elementor-section elementor-top-section elementor-element elementor-element-60b098da elementor-section-full_width elementor-reverse-tablet elementor-reverse-mobile elementor-section-height-default elementor-section-height-default elementor-invisible\" data-id=\"60b098da\" data-element_type=\"section\" data-settings=\"{&quot;background_background&quot;:&quot;classic&quot;,&quot;animation&quot;:&quot;fadeIn&quot;}\">\n\t\t\t\t\t\t<div class=\"elementor-container elementor-column-gap-no\">\n\t\t\t\t\t<div class=\"elementor-column elementor-col-50 elementor-top-column elementor-element elementor-element-34358166\" data-id=\"34358166\" data-element_type=\"column\">\n\t\t\t<div class=\"elementor-widget-wrap elementor-element-populated\">\n\t\t\t\t\t\t<div class=\"elementor-element elementor-element-3c20e6c9 elementor-widget elementor-widget-heading\" data-id=\"3c20e6c9\" data-element_type=\"widget\" data-widget_type=\"heading.default\">\n\t\t\t\t<div class=\"elementor-widget-container\">\n\t\t\t\t\t<h3 class=\"elementor-heading-title elementor-size-default\">Le mat pour voile d\u2019ombrage et les accessoires<\/h3>\t\t\t\t<\/div>\n\t\t\t\t<\/div>\n\t\t\t\t<div class=\"elementor-element elementor-element-cbb9de1 elementor-widget-divider--view-line elementor-widget elementor-widget-divider\" data-id=\"cbb9de1\" data-element_type=\"widget\" data-widget_type=\"divider.default\">\n\t\t\t\t<div class=\"elementor-widget-container\">\n\t\t\t\t\t\t\t<div class=\"elementor-divider\">\n\t\t\t<span class=\"elementor-divider-separator\">\n\t\t\t\t\t\t<\/span>\n\t\t<\/div>\n\t\t\t\t\t\t<\/div>\n\t\t\t\t<\/div>\n\t\t\t\t<div class=\"elementor-element elementor-element-5f72039 elementor-widget elementor-widget-text-editor\" data-id=\"5f72039\" data-element_type=\"widget\" data-widget_type=\"text-editor.default\">\n\t\t\t\t<div class=\"elementor-widget-container\">\n\t\t\t\t\t\t\t\t\t<p>En plus du type de voiles, la question peut \u00e9galement \u00eatre pos\u00e9e pour le <a href=\"https:\/\/www.espace-ombrage.com\/fr\/4-mats-et-fixations\" target=\"_blank\" rel=\"noopener\"><u>type de fixations<\/u><\/a> \u00e0 choisir.<\/p>\t\t\t\t\t\t\t\t<\/div>\n\t\t\t\t<\/div>\n\t\t\t\t<div class=\"elementor-element elementor-element-66377523 elementor-widget elementor-widget-heading\" data-id=\"66377523\" data-element_type=\"widget\" data-widget_type=\"heading.default\">\n\t\t\t\t<div class=\"elementor-widget-container\">\n\t\t\t\t\t<h4 class=\"elementor-heading-title elementor-size-default\">Le piquet pour voile d\u2019ombrage<\/h4>\t\t\t\t<\/div>\n\t\t\t\t<\/div>\n\t\t\t\t<div class=\"elementor-element elementor-element-17705aeb elementor-widget elementor-widget-text-editor\" data-id=\"17705aeb\" data-element_type=\"widget\" data-widget_type=\"text-editor.default\">\n\t\t\t\t<div class=\"elementor-widget-container\">\n\t\t\t\t\t\t\t\t\t<p>Selon l\u2019ambiance \u00e0 cr\u00e9er sur la terrasse, voici quelques pistes de r\u00e9flexion en ce qui concerne le choix d\u2019un <a href=\"https:\/\/www.espace-ombrage.com\/fr\/mats-et-accessoires\/10-mat-reglable-pour-voile-d-ombrage.html\" target=\"_blank\" rel=\"noopener\"><strong><u>poteau pour voile d\u2019ombrage<\/u><\/strong><\/a> :<\/p><ul><li aria-level=\"1\"><u>Les poteaux en bois<\/u> :<\/li><\/ul><p>Id\u00e9al pour garder un aspect naturel de bout en bout. Pour cela, nous vous recommandons de choisir un bois dur d\u2019une section cons\u00e9quente pour r\u00e9sister aux forces de traction de votre <strong>toile solaire<\/strong>.<\/p><ul><li aria-level=\"1\"><u>Les mats en acier<\/u> :<\/li><\/ul><p>Pour une r\u00e9sistance accrue. Ces <strong>poteaux pour toile tendue<\/strong> vous permettront d\u2019installer des voiles de surface plus importantes et semi permanentes.<\/p><ul><li aria-level=\"1\"><u>Les piquets en aluminium<\/u> :<\/li><\/ul><p>Pour r\u00e9pondre au maximum aux besoins de nos clients, les <strong>m\u00e2ts r\u00e9glables Espace Ombrage<\/strong> sont amovibles, disponibles dans trois coloris et 4 embases diff\u00e9rentes. Ils vous permettront de fixer la <b>toile solaire<\/b> et de cr\u00e9er des points d\u2019ancrage tout en r\u00e9pondant aux diff\u00e9rentes contraintes de sol (b\u00e9ton, terre, platines murales, \u00e9tanch\u00e9it\u00e9).<\/p>\t\t\t\t\t\t\t\t<\/div>\n\t\t\t\t<\/div>\n\t\t\t\t<div class=\"elementor-element elementor-element-05b018f elementor-widget elementor-widget-button\" data-id=\"05b018f\" data-element_type=\"widget\" data-settings=\"{&quot;motion_fx_motion_fx_mouse&quot;:&quot;yes&quot;}\" data-widget_type=\"button.default\">\n\t\t\t\t<div class=\"elementor-widget-container\">\n\t\t\t\t\t\t\t\t\t<div class=\"elementor-button-wrapper\">\n\t\t\t\t\t<a class=\"elementor-button elementor-button-link elementor-size-sm\" href=\"https:\/\/www.espace-ombrage.com\/fr\/mats-et-accessoires\/6811-support-pour-lest-en-acier-galvanise.html\" target=\"_blank\">\n\t\t\t\t\t\t<span class=\"elementor-button-content-wrapper\">\n\t\t\t\t\t\t\t\t\t<span class=\"elementor-button-text\">Adieu le probl\u00e8me d'\u00e9tanch\u00e9it\u00e9 gr\u00e2ce au support \u00e0 lester<\/span>\n\t\t\t\t\t<\/span>\n\t\t\t\t\t<\/a>\n\t\t\t\t<\/div>\n\t\t\t\t\t\t\t\t<\/div>\n\t\t\t\t<\/div>\n\t\t\t\t\t<\/div>\n\t\t<\/div>\n\t\t\t\t<div class=\"elementor-column elementor-col-50 elementor-top-column elementor-element elementor-element-230035b1\" data-id=\"230035b1\" data-element_type=\"column\" data-settings=\"{&quot;background_background&quot;:&quot;classic&quot;}\">\n\t\t\t<div class=\"elementor-widget-wrap elementor-element-populated\">\n\t\t\t\t\t\t<div class=\"elementor-element elementor-element-4094a063 elementor-widget elementor-widget-spacer\" data-id=\"4094a063\" data-element_type=\"widget\" data-widget_type=\"spacer.default\">\n\t\t\t\t<div class=\"elementor-widget-container\">\n\t\t\t\t\t\t\t<div class=\"elementor-spacer\">\n\t\t\t<div class=\"elementor-spacer-inner\"><\/div>\n\t\t<\/div>\n\t\t\t\t\t\t<\/div>\n\t\t\t\t<\/div>\n\t\t\t\t\t<\/div>\n\t\t<\/div>\n\t\t\t\t\t<\/div>\n\t\t<\/section>\n\t\t\t\t<section class=\"elementor-section elementor-top-section elementor-element elementor-element-1d0d33f0 elementor-section-full_width elementor-section-height-default elementor-section-height-default elementor-invisible\" data-id=\"1d0d33f0\" data-element_type=\"section\" data-settings=\"{&quot;animation&quot;:&quot;fadeIn&quot;}\">\n\t\t\t\t\t\t<div class=\"elementor-container elementor-column-gap-no\">\n\t\t\t\t\t<div class=\"elementor-column elementor-col-50 elementor-top-column elementor-element elementor-element-668e650c\" data-id=\"668e650c\" data-element_type=\"column\" data-settings=\"{&quot;background_background&quot;:&quot;classic&quot;}\">\n\t\t\t<div class=\"elementor-widget-wrap elementor-element-populated\">\n\t\t\t\t\t\t<div class=\"elementor-element elementor-element-2f8027d7 elementor-widget elementor-widget-spacer\" data-id=\"2f8027d7\" data-element_type=\"widget\" data-widget_type=\"spacer.default\">\n\t\t\t\t<div class=\"elementor-widget-container\">\n\t\t\t\t\t\t\t<div class=\"elementor-spacer\">\n\t\t\t<div class=\"elementor-spacer-inner\"><\/div>\n\t\t<\/div>\n\t\t\t\t\t\t<\/div>\n\t\t\t\t<\/div>\n\t\t\t\t\t<\/div>\n\t\t<\/div>\n\t\t\t\t<div class=\"elementor-column elementor-col-50 elementor-top-column elementor-element elementor-element-22e67a4f\" data-id=\"22e67a4f\" data-element_type=\"column\">\n\t\t\t<div class=\"elementor-widget-wrap elementor-element-populated\">\n\t\t\t\t\t\t<div class=\"elementor-element elementor-element-4c6dfed6 elementor-widget elementor-widget-text-editor\" data-id=\"4c6dfed6\" data-element_type=\"widget\" data-widget_type=\"text-editor.default\">\n\t\t\t\t<div class=\"elementor-widget-container\">\n\t\t\t\t\t\t\t\t\t<p>Nous avons d\u2019ailleurs r\u00e9dig\u00e9 un article \u00e0 ce sujet :<\/p>\t\t\t\t\t\t\t\t<\/div>\n\t\t\t\t<\/div>\n\t\t\t\t<div class=\"elementor-element elementor-element-3a31eaa7 elementor-align-left elementor-widget elementor-widget-button\" data-id=\"3a31eaa7\" data-element_type=\"widget\" data-settings=\"{&quot;motion_fx_motion_fx_mouse&quot;:&quot;yes&quot;}\" data-widget_type=\"button.default\">\n\t\t\t\t<div class=\"elementor-widget-container\">\n\t\t\t\t\t\t\t\t\t<div class=\"elementor-button-wrapper\">\n\t\t\t\t\t<a class=\"elementor-button elementor-button-link elementor-size-sm\" href=\"https:\/\/www.espace-ombrage.com\/blog\/pourquoi-choisir-le-mat-espace-ombrage\/\" target=\"_blank\">\n\t\t\t\t\t\t<span class=\"elementor-button-content-wrapper\">\n\t\t\t\t\t\t\t\t\t<span class=\"elementor-button-text\">Choisir votre mat pour voile d\u2019ombrage<\/span>\n\t\t\t\t\t<\/span>\n\t\t\t\t\t<\/a>\n\t\t\t\t<\/div>\n\t\t\t\t\t\t\t\t<\/div>\n\t\t\t\t<\/div>\n\t\t\t\t<div class=\"elementor-element elementor-element-1c3d522 elementor-widget elementor-widget-text-editor\" data-id=\"1c3d522\" data-element_type=\"widget\" data-widget_type=\"text-editor.default\">\n\t\t\t\t<div class=\"elementor-widget-container\">\n\t\t\t\t\t\t\t\t\t<p>Enfin, pour les murs, nous vous proposons :<\/p><ul><li aria-level=\"1\">Des <a href=\"https:\/\/www.espace-ombrage.com\/fr\/fixations-pour-voile-d-ombrage\/13-70845-fixation-murale-longue.html#\/131-version-standard_2_poulies_simples\/295-type_de_mur-beton_ou_pierre_ou_brique\" target=\"_blank\" rel=\"noopener\"><b><u>fixations pour mur b\u00e9ton<\/u><\/b><\/a> &#8211; chevilles \u00e0 expansion et pitons oeil)<\/li><li aria-level=\"1\">Des <a href=\"https:\/\/www.espace-ombrage.com\/fr\/fixations-pour-voile-d-ombrage\/13-fixation-murale-longue.html\" target=\"_blank\" rel=\"noopener\"><b><u>fixations pour mur bois<\/u><\/b><\/a> &#8211; pontet avec 4 vis<\/li><\/ul><p>Vous souhaitez recevoir un projet en 3D et un devis pour \u00e9quiper la terrasse de vos clients ? Envoyez-nous un plan de la terrasse \u00e0 couvrir ainsi que quelques photos et <a href=\"https:\/\/www.espace-ombrage.com\/fr\/content\/161-espace-pro\" target=\"_blank\" rel=\"noopener\"><b>demandez une \u00e9tude r\u00e9alis\u00e9e par nos experts<\/b>.<\/a> Vous aurez un retour sous 72h, accompagn\u00e9 d\u2019une projection en 3D du projet et un devis.<\/p><p>Notre \u00e9quipe reste disponible par email \u00e0 <a href=\"mailto:contact@espace-ombrage.com\" target=\"_blank\" rel=\"noopener\">contact@espace-ombrage.com<\/a> ou par t\u00e9l\u00e9phone au +33 3 62 27 60 60 pour r\u00e9pondre \u00e0 vos questions et vous accompagner dans votre projet.<\/p>\t\t\t\t\t\t\t\t<\/div>\n\t\t\t\t<\/div>\n\t\t\t\t\t<\/div>\n\t\t<\/div>\n\t\t\t\t\t<\/div>\n\t\t<\/section>\n\t\t\t\t<section class=\"elementor-section elementor-top-section elementor-element elementor-element-61087b70 elementor-section-boxed elementor-section-height-default elementor-section-height-default\" data-id=\"61087b70\" data-element_type=\"section\">\n\t\t\t\t\t\t<div class=\"elementor-container elementor-column-gap-default\">\n\t\t\t\t\t<div class=\"elementor-column elementor-col-100 elementor-top-column elementor-element elementor-element-665b9332\" data-id=\"665b9332\" data-element_type=\"column\">\n\t\t\t<div class=\"elementor-widget-wrap elementor-element-populated\">\n\t\t\t\t\t\t<div class=\"elementor-element elementor-element-3c0b588d elementor-post-navigation-borders-yes elementor-widget elementor-widget-post-navigation\" data-id=\"3c0b588d\" data-element_type=\"widget\" data-widget_type=\"post-navigation.default\">\n\t\t\t\t<div class=\"elementor-widget-container\">\n\t\t\t\t\t\t\t<div class=\"elementor-post-navigation\">\n\t\t\t<div class=\"elementor-post-navigation__prev elementor-post-navigation__link\">\n\t\t\t\t<a href=\"https:\/\/www.espace-ombrage.com\/blog\/comment-se-proteger-du-soleil-sur-une-terrasse-avec-un-voile-ombrage\/\" rel=\"prev\"><span class=\"post-navigation__arrow-wrapper post-navigation__arrow-prev\"><i class=\"fa fa-caret-left\" aria-hidden=\"true\"><\/i><span class=\"elementor-screen-only\">Pr\u00e9c\u00e9dent<\/span><\/span><span class=\"elementor-post-navigation__link__prev\"><span class=\"post-navigation__prev--label\">Pr\u00e9c\u00e9dent<\/span><span class=\"post-navigation__prev--title\">Comment se prot\u00e9ger du soleil sur une terrasse avec un voile ombrage ?<\/span><\/span><\/a>\t\t\t<\/div>\n\t\t\t\t\t\t\t<div class=\"elementor-post-navigation__separator-wrapper\">\n\t\t\t\t\t<div class=\"elementor-post-navigation__separator\"><\/div>\n\t\t\t\t<\/div>\n\t\t\t\t\t\t<div class=\"elementor-post-navigation__next elementor-post-navigation__link\">\n\t\t\t\t<a href=\"https:\/\/www.espace-ombrage.com\/blog\/comment-se-cacher-du-vis-a-vis-dans-son-jardin\/\" rel=\"next\"><span class=\"elementor-post-navigation__link__next\"><span class=\"post-navigation__next--label\">Suivant<\/span><span class=\"post-navigation__next--title\">Comment se cacher du vis-\u00e0-vis dans son jardin ?<\/span><\/span><span class=\"post-navigation__arrow-wrapper post-navigation__arrow-next\"><i class=\"fa fa-caret-right\" aria-hidden=\"true\"><\/i><span class=\"elementor-screen-only\">Suivant<\/span><\/span><\/a>\t\t\t<\/div>\n\t\t<\/div>\n\t\t\t\t\t\t<\/div>\n\t\t\t\t<\/div>\n\t\t\t\t<div class=\"elementor-element elementor-element-7310e61 elementor-widget elementor-widget-html\" data-id=\"7310e61\" data-element_type=\"widget\" data-widget_type=\"html.default\">\n\t\t\t\t<div class=\"elementor-widget-container\">\n\t\t\t\t\t<script type=\"application\/ld+json\">\n{\n  \"@context\": \"https:\/\/schema.org\",\n  \"@type\": \"VideoObject\",\n  \"name\": \"Comment enrouler et d\u00e9rouler une voile d'ombrage \u00e0 enrouleur ?\",\n  \"description\": \"Pour de\u0301rouler une voile d\u2019ombrage a\u0300 enrouleur, il faut man\u0153uvrer les cordes des deux co\u0302te\u0301s de la voile. Et ce de manie\u0300re successive si vous e\u0302tes seul ou simultane\u0301ment si vous re\u0301alisez la manipulation a\u0300 deux. A la fin du de\u0301roulement, tendez la voile a\u0300 chaque angle et bloquez la corde dans le taquet de la poulie. 00:00 Comment d\u00e9rouler et tendre une toile solaire 00:34 Comment enrouler une voile d'ombrage\",\n  \"thumbnailUrl\": \"https:\/\/yt3.ggpht.com\/ytc\/AIf8zZRTkN30LyXLwrybfYtXj-1bB_GVPD0ThTUdC_stxQ=s48-c-k-c0x00ffffff-no-rj\",\n  \"uploadDate\": \"2019-04-25\",\n  \"duration\": \"PT1M35S\",\n  \"embedUrl\": \"https:\/\/www.youtube.com\/embed\/11RILdBcZ28?si=1iMeK18o38veK8wm\"\n}\n<\/script>\t\t\t\t<\/div>\n\t\t\t\t<\/div>\n\t\t\t\t\t<\/div>\n\t\t<\/div>\n\t\t\t\t\t<\/div>\n\t\t<\/section>\n\t\t\t\t<\/div>\n\t\t","protected":false},"excerpt":{"rendered":"<p>Cr\u00e9er des zones d\u2019ombre dans les espaces ext\u00e9rieurs est devenu un d\u00e9fi majeur, que ce soit chez les particuliers comme pour les professionnels ou les communes. En plus de r\u00e9duire la chaleur, il y a \u00e9videmment une attente esth\u00e9tique de la part de vos clients. Nous allons donc nous pencher sur les diff\u00e9rentes solutions et vous apporter des \u00e9l\u00e9ments de r\u00e9ponses quant \u00e0 vos projets et plus sp\u00e9cifiquement sur la partie des zones d\u2019ombrage \u00e0 cr\u00e9er.<\/p>\n","protected":false},"author":2,"featured_media":549,"comment_status":"open","ping_status":"open","sticky":false,"template":"elementor_header_footer","format":"standard","meta":{"footnotes":""},"categories":[10,3,5],"tags":[],"class_list":["post-3063","post","type-post","status-publish","format-standard","has-post-thumbnail","hentry","category-espace-ombrage-en-b2b","category-les-actualites","category-nos-conseils"],"yoast_head":"<!-- This site is optimized with the Yoast SEO plugin v23.6 - https:\/\/yoast.com\/wordpress\/plugins\/seo\/ -->\n<title>Architecte : comment ombrager les ext\u00e9rieurs de vos clients ? - Espace Ombrage<\/title>\n<meta name=\"robots\" content=\"index, follow, max-snippet:-1, max-image-preview:large, max-video-preview:-1\" \/>\n<link rel=\"canonical\" href=\"https:\/\/www.espace-ombrage.com\/blog\/architecte-comment-ombrager-les-exterieurs-de-vos-clients\/\" \/>\n<meta property=\"og:locale\" content=\"fr_FR\" \/>\n<meta property=\"og:type\" content=\"article\" \/>\n<meta property=\"og:title\" content=\"Architecte : comment ombrager les ext\u00e9rieurs de vos clients ? - Espace Ombrage\" \/>\n<meta property=\"og:description\" content=\"Cr\u00e9er des zones d\u2019ombre dans les espaces ext\u00e9rieurs est devenu un d\u00e9fi majeur, que ce soit chez les particuliers comme pour les professionnels ou les communes. En plus de r\u00e9duire la chaleur, il y a \u00e9videmment une attente esth\u00e9tique de la part de vos clients. Nous allons donc nous pencher sur les diff\u00e9rentes solutions et vous apporter des \u00e9l\u00e9ments de r\u00e9ponses quant \u00e0 vos projets et plus sp\u00e9cifiquement sur la partie des zones d\u2019ombrage \u00e0 cr\u00e9er.\" \/>\n<meta property=\"og:url\" content=\"https:\/\/www.espace-ombrage.com\/blog\/architecte-comment-ombrager-les-exterieurs-de-vos-clients\/\" \/>\n<meta property=\"og:site_name\" content=\"Espace Ombrage\" \/>\n<meta property=\"article:published_time\" content=\"2024-02-23T11:00:00+00:00\" \/>\n<meta property=\"article:modified_time\" content=\"2024-10-31T10:34:00+00:00\" \/>\n<meta property=\"og:image\" content=\"https:\/\/www.espace-ombrage.com\/blog\/wp-content\/uploads\/2019\/05\/Australe-340-Sable.jpg\" \/>\n\t<meta property=\"og:image:width\" content=\"1024\" \/>\n\t<meta property=\"og:image:height\" content=\"576\" \/>\n\t<meta property=\"og:image:type\" content=\"image\/jpeg\" \/>\n<meta name=\"author\" content=\"admin-ombrage\" \/>\n<meta name=\"twitter:card\" content=\"summary_large_image\" \/>\n<meta name=\"twitter:label1\" content=\"\u00c9crit par\" \/>\n\t<meta name=\"twitter:data1\" content=\"admin-ombrage\" \/>\n\t<meta name=\"twitter:label2\" content=\"Dur\u00e9e de lecture estim\u00e9e\" \/>\n\t<meta name=\"twitter:data2\" content=\"6 minutes\" \/>\n<script type=\"application\/ld+json\" class=\"yoast-schema-graph\">{\"@context\":\"https:\/\/schema.org\",\"@graph\":[{\"@type\":\"WebPage\",\"@id\":\"https:\/\/www.espace-ombrage.com\/blog\/architecte-comment-ombrager-les-exterieurs-de-vos-clients\/\",\"url\":\"https:\/\/www.espace-ombrage.com\/blog\/architecte-comment-ombrager-les-exterieurs-de-vos-clients\/\",\"name\":\"Architecte : comment ombrager les ext\u00e9rieurs de vos clients ? - Espace Ombrage\",\"isPartOf\":{\"@id\":\"https:\/\/www.espace-ombrage.com\/blog\/#website\"},\"primaryImageOfPage\":{\"@id\":\"https:\/\/www.espace-ombrage.com\/blog\/architecte-comment-ombrager-les-exterieurs-de-vos-clients\/#primaryimage\"},\"image\":{\"@id\":\"https:\/\/www.espace-ombrage.com\/blog\/architecte-comment-ombrager-les-exterieurs-de-vos-clients\/#primaryimage\"},\"thumbnailUrl\":\"https:\/\/www.espace-ombrage.com\/blog\/wp-content\/uploads\/2019\/05\/Australe-340-Sable.jpg\",\"datePublished\":\"2024-02-23T11:00:00+00:00\",\"dateModified\":\"2024-10-31T10:34:00+00:00\",\"author\":{\"@id\":\"https:\/\/www.espace-ombrage.com\/blog\/#\/schema\/person\/9b223e71f82520b376e08b8d0d4c7691\"},\"breadcrumb\":{\"@id\":\"https:\/\/www.espace-ombrage.com\/blog\/architecte-comment-ombrager-les-exterieurs-de-vos-clients\/#breadcrumb\"},\"inLanguage\":\"fr-FR\",\"potentialAction\":[{\"@type\":\"ReadAction\",\"target\":[\"https:\/\/www.espace-ombrage.com\/blog\/architecte-comment-ombrager-les-exterieurs-de-vos-clients\/\"]}]},{\"@type\":\"ImageObject\",\"inLanguage\":\"fr-FR\",\"@id\":\"https:\/\/www.espace-ombrage.com\/blog\/architecte-comment-ombrager-les-exterieurs-de-vos-clients\/#primaryimage\",\"url\":\"https:\/\/www.espace-ombrage.com\/blog\/wp-content\/uploads\/2019\/05\/Australe-340-Sable.jpg\",\"contentUrl\":\"https:\/\/www.espace-ombrage.com\/blog\/wp-content\/uploads\/2019\/05\/Australe-340-Sable.jpg\",\"width\":1024,\"height\":576,\"caption\":\"Terrasse ext\u00e9rieur d'un client d\u2019architecte avec des voiles d'ombrage\"},{\"@type\":\"BreadcrumbList\",\"@id\":\"https:\/\/www.espace-ombrage.com\/blog\/architecte-comment-ombrager-les-exterieurs-de-vos-clients\/#breadcrumb\",\"itemListElement\":[{\"@type\":\"ListItem\",\"position\":1,\"name\":\"Espace Ombrage\",\"item\":\"https:\/\/www.espace-ombrage.com\/blog\/\"},{\"@type\":\"ListItem\",\"position\":2,\"name\":\"Architecte : comment ombrager les ext\u00e9rieurs de vos clients ?\",\"item\":\"https:\/\/www.espace-ombrage.com\/blog\/architecte-comment-ombrager-les-exterieurs-de-vos-clients\/\"}]},{\"@type\":\"WebSite\",\"@id\":\"https:\/\/www.espace-ombrage.com\/blog\/#website\",\"url\":\"https:\/\/www.espace-ombrage.com\/blog\/\",\"name\":\"Espace Ombrage\",\"description\":\"\",\"potentialAction\":[{\"@type\":\"SearchAction\",\"target\":{\"@type\":\"EntryPoint\",\"urlTemplate\":\"https:\/\/www.espace-ombrage.com\/blog\/?s={search_term_string}\"},\"query-input\":{\"@type\":\"PropertyValueSpecification\",\"valueRequired\":true,\"valueName\":\"search_term_string\"}}],\"inLanguage\":\"fr-FR\"},{\"@type\":\"Person\",\"@id\":\"https:\/\/www.espace-ombrage.com\/blog\/#\/schema\/person\/9b223e71f82520b376e08b8d0d4c7691\",\"name\":\"admin-ombrage\",\"image\":{\"@type\":\"ImageObject\",\"inLanguage\":\"fr-FR\",\"@id\":\"https:\/\/www.espace-ombrage.com\/blog\/#\/schema\/person\/image\/\",\"url\":\"https:\/\/secure.gravatar.com\/avatar\/da964888ae868660e9f41df5c83a352c8bbcfeb83d9ed86d4d1d93ca7b092bac?s=96&d=mm&r=g\",\"contentUrl\":\"https:\/\/secure.gravatar.com\/avatar\/da964888ae868660e9f41df5c83a352c8bbcfeb83d9ed86d4d1d93ca7b092bac?s=96&d=mm&r=g\",\"caption\":\"admin-ombrage\"},\"url\":\"https:\/\/www.espace-ombrage.com\/blog\/author\/admin-ombrage\/\"}]}<\/script>\n<!-- \/ Yoast SEO plugin. -->","yoast_head_json":{"title":"Architecte : comment ombrager les ext\u00e9rieurs de vos clients ? - Espace Ombrage","robots":{"index":"index","follow":"follow","max-snippet":"max-snippet:-1","max-image-preview":"max-image-preview:large","max-video-preview":"max-video-preview:-1"},"canonical":"https:\/\/www.espace-ombrage.com\/blog\/architecte-comment-ombrager-les-exterieurs-de-vos-clients\/","og_locale":"fr_FR","og_type":"article","og_title":"Architecte : comment ombrager les ext\u00e9rieurs de vos clients ? - Espace Ombrage","og_description":"Cr\u00e9er des zones d\u2019ombre dans les espaces ext\u00e9rieurs est devenu un d\u00e9fi majeur, que ce soit chez les particuliers comme pour les professionnels ou les communes. En plus de r\u00e9duire la chaleur, il y a \u00e9videmment une attente esth\u00e9tique de la part de vos clients. Nous allons donc nous pencher sur les diff\u00e9rentes solutions et vous apporter des \u00e9l\u00e9ments de r\u00e9ponses quant \u00e0 vos projets et plus sp\u00e9cifiquement sur la partie des zones d\u2019ombrage \u00e0 cr\u00e9er.","og_url":"https:\/\/www.espace-ombrage.com\/blog\/architecte-comment-ombrager-les-exterieurs-de-vos-clients\/","og_site_name":"Espace Ombrage","article_published_time":"2024-02-23T11:00:00+00:00","article_modified_time":"2024-10-31T10:34:00+00:00","og_image":[{"width":1024,"height":576,"url":"https:\/\/www.espace-ombrage.com\/blog\/wp-content\/uploads\/2019\/05\/Australe-340-Sable.jpg","type":"image\/jpeg"}],"author":"admin-ombrage","twitter_card":"summary_large_image","twitter_misc":{"\u00c9crit par":"admin-ombrage","Dur\u00e9e de lecture estim\u00e9e":"6 minutes"},"schema":{"@context":"https:\/\/schema.org","@graph":[{"@type":"WebPage","@id":"https:\/\/www.espace-ombrage.com\/blog\/architecte-comment-ombrager-les-exterieurs-de-vos-clients\/","url":"https:\/\/www.espace-ombrage.com\/blog\/architecte-comment-ombrager-les-exterieurs-de-vos-clients\/","name":"Architecte : comment ombrager les ext\u00e9rieurs de vos clients ? - Espace Ombrage","isPartOf":{"@id":"https:\/\/www.espace-ombrage.com\/blog\/#website"},"primaryImageOfPage":{"@id":"https:\/\/www.espace-ombrage.com\/blog\/architecte-comment-ombrager-les-exterieurs-de-vos-clients\/#primaryimage"},"image":{"@id":"https:\/\/www.espace-ombrage.com\/blog\/architecte-comment-ombrager-les-exterieurs-de-vos-clients\/#primaryimage"},"thumbnailUrl":"https:\/\/www.espace-ombrage.com\/blog\/wp-content\/uploads\/2019\/05\/Australe-340-Sable.jpg","datePublished":"2024-02-23T11:00:00+00:00","dateModified":"2024-10-31T10:34:00+00:00","author":{"@id":"https:\/\/www.espace-ombrage.com\/blog\/#\/schema\/person\/9b223e71f82520b376e08b8d0d4c7691"},"breadcrumb":{"@id":"https:\/\/www.espace-ombrage.com\/blog\/architecte-comment-ombrager-les-exterieurs-de-vos-clients\/#breadcrumb"},"inLanguage":"fr-FR","potentialAction":[{"@type":"ReadAction","target":["https:\/\/www.espace-ombrage.com\/blog\/architecte-comment-ombrager-les-exterieurs-de-vos-clients\/"]}]},{"@type":"ImageObject","inLanguage":"fr-FR","@id":"https:\/\/www.espace-ombrage.com\/blog\/architecte-comment-ombrager-les-exterieurs-de-vos-clients\/#primaryimage","url":"https:\/\/www.espace-ombrage.com\/blog\/wp-content\/uploads\/2019\/05\/Australe-340-Sable.jpg","contentUrl":"https:\/\/www.espace-ombrage.com\/blog\/wp-content\/uploads\/2019\/05\/Australe-340-Sable.jpg","width":1024,"height":576,"caption":"Terrasse ext\u00e9rieur d'un client d\u2019architecte avec des voiles d'ombrage"},{"@type":"BreadcrumbList","@id":"https:\/\/www.espace-ombrage.com\/blog\/architecte-comment-ombrager-les-exterieurs-de-vos-clients\/#breadcrumb","itemListElement":[{"@type":"ListItem","position":1,"name":"Espace Ombrage","item":"https:\/\/www.espace-ombrage.com\/blog\/"},{"@type":"ListItem","position":2,"name":"Architecte : comment ombrager les ext\u00e9rieurs de vos clients ?","item":"https:\/\/www.espace-ombrage.com\/blog\/architecte-comment-ombrager-les-exterieurs-de-vos-clients\/"}]},{"@type":"WebSite","@id":"https:\/\/www.espace-ombrage.com\/blog\/#website","url":"https:\/\/www.espace-ombrage.com\/blog\/","name":"Espace Ombrage","description":"","potentialAction":[{"@type":"SearchAction","target":{"@type":"EntryPoint","urlTemplate":"https:\/\/www.espace-ombrage.com\/blog\/?s={search_term_string}"},"query-input":{"@type":"PropertyValueSpecification","valueRequired":true,"valueName":"search_term_string"}}],"inLanguage":"fr-FR"},{"@type":"Person","@id":"https:\/\/www.espace-ombrage.com\/blog\/#\/schema\/person\/9b223e71f82520b376e08b8d0d4c7691","name":"admin-ombrage","image":{"@type":"ImageObject","inLanguage":"fr-FR","@id":"https:\/\/www.espace-ombrage.com\/blog\/#\/schema\/person\/image\/","url":"https:\/\/secure.gravatar.com\/avatar\/da964888ae868660e9f41df5c83a352c8bbcfeb83d9ed86d4d1d93ca7b092bac?s=96&d=mm&r=g","contentUrl":"https:\/\/secure.gravatar.com\/avatar\/da964888ae868660e9f41df5c83a352c8bbcfeb83d9ed86d4d1d93ca7b092bac?s=96&d=mm&r=g","caption":"admin-ombrage"},"url":"https:\/\/www.espace-ombrage.com\/blog\/author\/admin-ombrage\/"}]}},"_links":{"self":[{"href":"https:\/\/www.espace-ombrage.com\/blog\/wp-json\/wp\/v2\/posts\/3063","targetHints":{"allow":["GET"]}}],"collection":[{"href":"https:\/\/www.espace-ombrage.com\/blog\/wp-json\/wp\/v2\/posts"}],"about":[{"href":"https:\/\/www.espace-ombrage.com\/blog\/wp-json\/wp\/v2\/types\/post"}],"author":[{"embeddable":true,"href":"https:\/\/www.espace-ombrage.com\/blog\/wp-json\/wp\/v2\/users\/2"}],"replies":[{"embeddable":true,"href":"https:\/\/www.espace-ombrage.com\/blog\/wp-json\/wp\/v2\/comments?post=3063"}],"version-history":[{"count":50,"href":"https:\/\/www.espace-ombrage.com\/blog\/wp-json\/wp\/v2\/posts\/3063\/revisions"}],"predecessor-version":[{"id":4935,"href":"https:\/\/www.espace-ombrage.com\/blog\/wp-json\/wp\/v2\/posts\/3063\/revisions\/4935"}],"wp:featuredmedia":[{"embeddable":true,"href":"https:\/\/www.espace-ombrage.com\/blog\/wp-json\/wp\/v2\/media\/549"}],"wp:attachment":[{"href":"https:\/\/www.espace-ombrage.com\/blog\/wp-json\/wp\/v2\/media?parent=3063"}],"wp:term":[{"taxonomy":"category","embeddable":true,"href":"https:\/\/www.espace-ombrage.com\/blog\/wp-json\/wp\/v2\/categories?post=3063"},{"taxonomy":"post_tag","embeddable":true,"href":"https:\/\/www.espace-ombrage.com\/blog\/wp-json\/wp\/v2\/tags?post=3063"}],"curies":[{"name":"wp","href":"https:\/\/api.w.org\/{rel}","templated":true}]}}