{"id":38,"date":"2018-11-02T12:48:33","date_gmt":"2018-11-02T11:48:33","guid":{"rendered":"https:\/\/www.espace-ombrage.com\/blog\/2018\/11\/02\/nos-conseils-pour-hiverner-votre-voile-dombrage\/"},"modified":"2024-11-05T16:39:37","modified_gmt":"2024-11-05T15:39:37","slug":"nos-conseils-pour-hiverner-votre-voile-dombrage","status":"publish","type":"post","link":"https:\/\/www.espace-ombrage.com\/blog\/nos-conseils-pour-hiverner-votre-voile-dombrage\/","title":{"rendered":"Nos conseils pour hiverner votre voile d\u2019ombrage"},"content":{"rendered":"<p style=\"text-align: justify;\">L\u2019automne est d\u00e9j\u00e0 bel et bien entam\u00e9 et tout comme l\u2019hivernage des piscines, <b>vient ensuite l\u2019hivernage de votre <\/b><strong>voile d\u2019ombrage<\/strong>. Nous vous recommandons de ne pas laisser la <strong>toile ombrage<\/strong>\u00a0pendant l\u2019hiver afin de lui garantir un \u00e9tat excellent au printemps. Apr\u00e8s cela d\u00e9pend de votre localisation, mais si vous n\u2019allez pas vous en servir pendant l\u2019hiver, mieux vaut l\u2019hiverner pour augmenter sa dur\u00e9e de vie. Voici les quelques \u00e9tapes \u00e0 respecter.<\/p>\n<h2>Comment retirer les voiles ombrage en hiver ?<\/h2>\n<ul>\n<li style=\"text-align: justify;\">La premi\u00e8re op\u00e9ration de la mise en hivernage de votre installation consiste principalement au d\u00e9montage de votre <strong>voile ombrage<\/strong>. Pour cela, il suffit de d\u00e9tendre les diff\u00e9rentes cordes et tendeurs. Dans le cas d&rsquo;une <a href=\"https:\/\/www.espace-ombrage.com\/fr\/39-voile-enrouleur\"><span style=\"text-decoration: underline;\"><strong>voile d&rsquo;ombrage \u00e0 enrouleur<\/strong><\/span><\/a>, veillez \u00e0 bien s\u00e9parer les diff\u00e9rents \u00e9l\u00e9ments. Pour vous faciliter la t\u00e2che lors du remontage au printemps, nous vous pr\u00e9conisons de garder des rep\u00e8res pour marquer les angles de la <strong>toile solaire<\/strong>\u00a0en fonction de leur fixation. Pour cela, vous pouvez tout simplement utiliser un <span style=\"text-decoration: underline;\"><a href=\"https:\/\/www.leroymerlin.fr\/v3\/p\/produits\/decoration-eclairage\/stickers-cadre-affiche-et-miroir\/rouleau-adhesif-decoratif-l1308218881\" target=\"_blank\" rel=\"noopener noreferrer\">adh\u00e9sif<\/a><\/span> ou une cordelette.<\/li>\n<li style=\"text-align: justify;\">Une fois la <strong>toile<\/strong> mise au sol, il est fortement recommand\u00e9 de la nettoyer. Pour cela, prenez d&rsquo;une brosse douce et d&rsquo;eau ou appliquez un <a href=\"https:\/\/www.espace-ombrage.com\/fr\/rangement-et-entretien\/64-nettoyant.html\"><span style=\"text-decoration: underline;\">nettoyant<\/span><\/a> non agressif pour ne pas ab\u00eemer la <strong>voile<\/strong> et son coloris. Il ne faut surtout pas utiliser de d\u00e9tergeant ou de Karcher qui ab\u00eemeraient la voile. Avant de replier votre<strong> voile solaire<\/strong>, il faudra bien attendre que la <strong>voile de jardin<\/strong> soit s\u00e8che pour ne pas favoriser l&rsquo;apparition de moisissure.<\/li>\n<li style=\"text-align: justify;\">Dans le cas o\u00f9 vous poss\u00e9deriez une <strong>voile ombrage imperm\u00e9able<\/strong> <a href=\"https:\/\/www.espace-ombrage.com\/fr\/voile-d-ombrage-deperlante\/119-acryl-300.html\" target=\"_blank\" rel=\"noopener noreferrer\">Acryl 300,<\/a>\u00a0nous vous invitons \u00e0 remettre de <a href=\"https:\/\/www.espace-ombrage.com\/fr\/rangement-et-entretien\/61-impermeabilisant.html\"><span style=\"text-decoration: underline;\">l&rsquo;imperm\u00e9abilisant<\/span><\/a> afin de maintenir l&rsquo;int\u00e9grit\u00e9 de ses performances.<\/li>\n<\/ul>\n<h2>Comment plier et ranger les toiles de terrasse ?<\/h2>\n<figure id=\"attachment_226\" aria-describedby=\"caption-attachment-226\" style=\"width: 300px\" class=\"wp-caption aligncenter\"><img fetchpriority=\"high\" decoding=\"async\" class=\"wp-image-226\" title=\"ranger sa voile d'ombrage pour l'hiver\" src=\"https:\/\/www.espace-ombrage.com\/blog\/wp-content\/uploads\/2022\/07\/voile-microperforee-coloris-sapin-225x300.jpg\" alt=\"Voile ombrage ajoure pour jardin et terrasse\" width=\"300\" height=\"400\" srcset=\"https:\/\/www.espace-ombrage.com\/blog\/wp-content\/uploads\/2022\/07\/voile-microperforee-coloris-sapin-225x300.jpg 225w, https:\/\/www.espace-ombrage.com\/blog\/wp-content\/uploads\/2022\/07\/voile-microperforee-coloris-sapin-768x1024.jpg 768w, https:\/\/www.espace-ombrage.com\/blog\/wp-content\/uploads\/2022\/07\/voile-microperforee-coloris-sapin-1152x1536.jpg 1152w, https:\/\/www.espace-ombrage.com\/blog\/wp-content\/uploads\/2022\/07\/voile-microperforee-coloris-sapin-1536x2048.jpg 1536w, https:\/\/www.espace-ombrage.com\/blog\/wp-content\/uploads\/2022\/07\/voile-microperforee-coloris-sapin-1200x1600.jpg 1200w, https:\/\/www.espace-ombrage.com\/blog\/wp-content\/uploads\/2022\/07\/voile-microperforee-coloris-sapin-1980x2640.jpg 1980w, https:\/\/www.espace-ombrage.com\/blog\/wp-content\/uploads\/2022\/07\/voile-microperforee-coloris-sapin-scaled.jpg 1920w\" sizes=\"(max-width: 300px) 100vw, 300px\" \/><figcaption id=\"caption-attachment-226\" class=\"wp-caption-text\">Il est recommand\u00e9 de ranger sa voile en hiver.<\/figcaption><\/figure>\n<p style=\"text-align: justify;\">Une fois votre <strong>voile d&rsquo;ombrage<\/strong> nettoy\u00e9e, vous allez pouvoir proc\u00e9der \u00e0 son rangement. Attention, comme expliqu\u00e9 plus haut, il faut que cette derni\u00e8re soit enti\u00e8rement s\u00e8che afin de ne pas subir de dommages pendant l&rsquo;hiver.<\/p>\n<p style=\"text-align: justify;\">Lors de votre commande, nous vous avons fourni des sacs de rangement. Si ces derniers ne vous conviennent pas, nous avons une gamme plus \u00e9labor\u00e9e sur notre site. Ce sont des <span style=\"text-decoration: underline;\"><a href=\"https:\/\/www.espace-ombrage.com\/fr\/rangement-et-entretien\/63-sac-de-rangement.html\">sacs de rangement<\/a><\/span> d&rsquo;environ 120\u2009L qui pourront facilement accueillir plusieurs <strong>voiles<\/strong>.<\/p>\n<h2>Comment ranger les m\u00e2ts de voiles d&rsquo;ombrage en hiver ?<\/h2>\n<figure id=\"attachment_385\" aria-describedby=\"caption-attachment-385\" style=\"width: 300px\" class=\"wp-caption aligncenter\"><a href=\"https:\/\/www.espace-ombrage.com\/fr\/mats-et-accessoires\/10-mat-reglable-pour-voile-d-ombrage.html\"><img decoding=\"async\" class=\"wp-image-385\" title=\"poteau pour voile ombrage noir\" src=\"https:\/\/www.espace-ombrage.com\/blog\/wp-content\/uploads\/2013\/06\/poteau-voile-a-sceller-225x300.jpg\" alt=\"poteau pour voile ombrage noir\" width=\"300\" height=\"400\" srcset=\"https:\/\/www.espace-ombrage.com\/blog\/wp-content\/uploads\/2013\/06\/poteau-voile-a-sceller-225x300.jpg 225w, https:\/\/www.espace-ombrage.com\/blog\/wp-content\/uploads\/2013\/06\/poteau-voile-a-sceller-768x1024.jpg 768w, https:\/\/www.espace-ombrage.com\/blog\/wp-content\/uploads\/2013\/06\/poteau-voile-a-sceller-1152x1536.jpg 1152w, https:\/\/www.espace-ombrage.com\/blog\/wp-content\/uploads\/2013\/06\/poteau-voile-a-sceller-1200x1600.jpg 1200w, https:\/\/www.espace-ombrage.com\/blog\/wp-content\/uploads\/2013\/06\/poteau-voile-a-sceller.jpg 1512w\" sizes=\"(max-width: 300px) 100vw, 300px\" \/><\/a><figcaption id=\"caption-attachment-385\" class=\"wp-caption-text\">Le poteau pour voile d&rsquo;ombrage \u00e0 sceller peut se retirer l&rsquo;hiver. Un bouchon est pr\u00e9vu pour obstruer le fourreau.<\/figcaption><\/figure>\n<p style=\"text-align: justify;\">Cette \u00e9tape s&rsquo;adresse uniquement aux personnes poss\u00e9dant des <strong>m\u00e2ts pour toile tendue<\/strong>. Si vos fixations sont murales, vous pouvez les laisser sur vos murs sans crainte.<\/p>\n<p style=\"text-align: justify;\">Dans le cas des <strong>piquets<\/strong>, il peut \u00eatre recommand\u00e9 selon votre localisation de les retirer afin de les garder en bon \u00e9tat. Ces derniers sont en aluminium et vont donc r\u00e9sister facilement aux intemp\u00e9ries, mais dans l&rsquo;absolu, nous vous conseillons de les ranger. Tous nos <strong>poteaux de toile solaire<\/strong> sont amovibles et peuvent \u00eatre ranger par une seule personne, mais n&rsquo;h\u00e9sitez pas \u00e0 \u00eatre \u00e9paul\u00e9. Pour plus de facilit\u00e9 de rangement et de transport, nous vous fournissons \u00e9galement des <span style=\"text-decoration: underline;\"><a href=\"https:\/\/www.espace-ombrage.com\/fr\/rangement-et-entretien\/566-housse-de-protection-.html\" target=\"_blank\" rel=\"noopener noreferrer\">housses de protection<\/a><\/span> pour <strong>m\u00e2t pour toile ombrage<\/strong>. Si vous avez un m\u00e2t \u00e0 sceller ou un <a href=\"https:\/\/www.espace-ombrage.com\/fr\/mats-et-accessoires\/6824-mat-reglable-xl-avec-hauban.html\"><span style=\"text-decoration: underline;\">m\u00e2t XL<\/span><\/a>, choisissez la version 320x20cm et pour tout autre m\u00e2t de 260\u2009cm de long, choisissez la version 280x20cm. Veillez \u00e0 bien entreposer ses produits au sec pour conserver leur dur\u00e9e de vie.<\/p>\n<p style=\"text-align: justify;\">Si votre m\u00e2t est fix\u00e9 avec un fourreau, pensez \u00e0 boucher l&rsquo;ouverture \u00e0 l&rsquo;aide d&rsquo;un bouchon et\/ ou d&rsquo;un adh\u00e9sif. Cela \u00e9vitera une p\u00e9n\u00e9tration d&rsquo;eau et donc de gel en cas de basses temp\u00e9ratures. Si vous avez des embases \u00e0 visser, vous pouvez les cacher avec un coffrage en bois par exemple en y ajoutant des plantes autour.<\/p>\n<h2>Comment prot\u00e9ger sa voile \u00e0 enrouleur en hiver ?<\/h2>\n<p style=\"text-align: justify;\">Si vous avez achet\u00e9 ou si vous souhaitez acqu\u00e9rir <strong>une voile ombrage \u00e0 enrouleur<\/strong>, sachez qu&rsquo;il est possible de la garder accroch\u00e9e toute l&rsquo;ann\u00e9e. En effet, une voile enroul\u00e9e r\u00e9sistera \u00e0 des vents sup\u00e9rieurs \u00e0 80\u2009km\/h sans soucis. Donc en hiver, il est possible de ne pas d\u00e9crocher la voile dans la plupart des r\u00e9gions. Toutefois, en cas de vents tr\u00e8s violent, de neige, de pluies torrentielles ou encore de gr\u00eale, nous vous recommandons de ranger votre voile. Dans le cas contraire, vous pouvez la conserver enroul\u00e9e tout l&rsquo;hiver en la prot\u00e9geant d&rsquo;<span style=\"text-decoration: underline;\"><a href=\"https:\/\/www.espace-ombrage.com\/fr\/rangement-et-entretien\/6774-housse-sur-mesure-voile-a-enrouleur.html\" target=\"_blank\" rel=\"noopener noreferrer\">une housse sur-mesure<\/a><\/span>. Pour choisir la taille adapt\u00e9e, prenez les dimensions de la <strong>voile enroul\u00e9e<\/strong> (longueur\/circonf\u00e9rence) puis s\u00e9lectionnez la housse avec les bonnes dimensions. Vous l&rsquo;aurez compris, cet achat se fait en quatri\u00e8me temps, apr\u00e8s avoir command\u00e9, install\u00e9 puis enroul\u00e9 l\u00e0 o\u00f9 les <strong>voiles de terrasse<\/strong>. Les pr\u00e9conisations d&rsquo;entretien restent les m\u00eames que pour une voile classique.<\/p>\n<p style=\"text-align: justify;\">Notre \u00e9quipe reste \u00e9videmment \u00e0 vos c\u00f4t\u00e9s pour vous conseiller et vous accompagner, m\u00eame l&rsquo;hiver et au d\u00e9but du printemps pour les \u00e9tapes d&rsquo;hivernage et de mise en place de vos produits !<\/p>\n<p style=\"text-align: justify;\">N&rsquo;h\u00e9sitez pas \u00e0 nous solliciter \u00e0 <b>contact@espace-ombrage.com<\/b> ou au <b>03 62 27 60 60<\/b>.<\/p>\n","protected":false},"excerpt":{"rendered":"<p>L\u2019automne est d\u00e9j\u00e0 bel et bien entam\u00e9 et tout comme l\u2019hivernage des piscines, vient ensuite l\u2019hivernage de votre voile d\u2019ombrage. Nous vous recommandons de ne pas laisser la voile pendant l\u2019hiver afin de lui garantir un \u00e9tat excellent au printemps. Apr\u00e8s cela d\u00e9pend de votre localisation, mais si vous n\u2019allez pas vous en servir pendant l\u2019hiver, mieux vaut l\u2019hiverner pour augmenter sa dur\u00e9e de vie. Voici les quelques \u00e9tapes \u00e0 respecter.<\/p>\n","protected":false},"author":2,"featured_media":226,"comment_status":"open","ping_status":"open","sticky":false,"template":"","format":"standard","meta":{"footnotes":""},"categories":[5,2],"tags":[40],"class_list":["post-38","post","type-post","status-publish","format-standard","has-post-thumbnail","hentry","category-nos-conseils","category-cat1","tag-hivernage-voile-dombrage"],"yoast_head":"<!-- This site is optimized with the Yoast SEO plugin v23.6 - https:\/\/yoast.com\/wordpress\/plugins\/seo\/ -->\n<title>Nos conseils pour hiverner votre voile, toile d\u2019ombrage | Espace Ombrage<\/title>\n<meta name=\"description\" content=\"Nous vous recommandons de ne pas laisser la voile pendant l\u2019hiver afin de lui garantir un \u00e9tat excellent au printemps. La neige, le gel, la gr\u00eale et les orages endommagent les voiles d&#039;ombrage.\" \/>\n<meta name=\"robots\" content=\"index, follow, max-snippet:-1, max-image-preview:large, max-video-preview:-1\" \/>\n<link rel=\"canonical\" href=\"https:\/\/www.espace-ombrage.com\/blog\/nos-conseils-pour-hiverner-votre-voile-dombrage\/\" \/>\n<meta property=\"og:locale\" content=\"fr_FR\" \/>\n<meta property=\"og:type\" content=\"article\" \/>\n<meta property=\"og:title\" content=\"Nos conseils pour hiverner votre voile, toile d\u2019ombrage | Espace Ombrage\" \/>\n<meta property=\"og:description\" content=\"Nous vous recommandons de ne pas laisser la voile pendant l\u2019hiver afin de lui garantir un \u00e9tat excellent au printemps. La neige, le gel, la gr\u00eale et les orages endommagent les voiles d&#039;ombrage.\" \/>\n<meta property=\"og:url\" content=\"https:\/\/www.espace-ombrage.com\/blog\/nos-conseils-pour-hiverner-votre-voile-dombrage\/\" \/>\n<meta property=\"og:site_name\" content=\"Espace Ombrage\" \/>\n<meta property=\"article:published_time\" content=\"2018-11-02T11:48:33+00:00\" \/>\n<meta property=\"article:modified_time\" content=\"2024-11-05T15:39:37+00:00\" \/>\n<meta property=\"og:image\" content=\"https:\/\/www.espace-ombrage.com\/blog\/wp-content\/uploads\/2022\/07\/voile-microperforee-coloris-sapin-scaled.jpg\" \/>\n\t<meta property=\"og:image:width\" content=\"1920\" \/>\n\t<meta property=\"og:image:height\" content=\"2560\" \/>\n\t<meta property=\"og:image:type\" content=\"image\/jpeg\" \/>\n<meta name=\"author\" content=\"admin-ombrage\" \/>\n<meta name=\"twitter:card\" content=\"summary_large_image\" \/>\n<meta name=\"twitter:label1\" content=\"\u00c9crit par\" \/>\n\t<meta name=\"twitter:data1\" content=\"admin-ombrage\" \/>\n\t<meta name=\"twitter:label2\" content=\"Dur\u00e9e de lecture estim\u00e9e\" \/>\n\t<meta name=\"twitter:data2\" content=\"5 minutes\" \/>\n<script type=\"application\/ld+json\" class=\"yoast-schema-graph\">{\"@context\":\"https:\/\/schema.org\",\"@graph\":[{\"@type\":\"WebPage\",\"@id\":\"https:\/\/www.espace-ombrage.com\/blog\/nos-conseils-pour-hiverner-votre-voile-dombrage\/\",\"url\":\"https:\/\/www.espace-ombrage.com\/blog\/nos-conseils-pour-hiverner-votre-voile-dombrage\/\",\"name\":\"Nos conseils pour hiverner votre voile, toile d\u2019ombrage | Espace Ombrage\",\"isPartOf\":{\"@id\":\"https:\/\/www.espace-ombrage.com\/blog\/#website\"},\"primaryImageOfPage\":{\"@id\":\"https:\/\/www.espace-ombrage.com\/blog\/nos-conseils-pour-hiverner-votre-voile-dombrage\/#primaryimage\"},\"image\":{\"@id\":\"https:\/\/www.espace-ombrage.com\/blog\/nos-conseils-pour-hiverner-votre-voile-dombrage\/#primaryimage\"},\"thumbnailUrl\":\"https:\/\/www.espace-ombrage.com\/blog\/wp-content\/uploads\/2022\/07\/voile-microperforee-coloris-sapin-scaled.jpg\",\"datePublished\":\"2018-11-02T11:48:33+00:00\",\"dateModified\":\"2024-11-05T15:39:37+00:00\",\"author\":{\"@id\":\"https:\/\/www.espace-ombrage.com\/blog\/#\/schema\/person\/9b223e71f82520b376e08b8d0d4c7691\"},\"description\":\"Nous vous recommandons de ne pas laisser la voile pendant l\u2019hiver afin de lui garantir un \u00e9tat excellent au printemps. La neige, le gel, la gr\u00eale et les orages endommagent les voiles d'ombrage.\",\"breadcrumb\":{\"@id\":\"https:\/\/www.espace-ombrage.com\/blog\/nos-conseils-pour-hiverner-votre-voile-dombrage\/#breadcrumb\"},\"inLanguage\":\"fr-FR\",\"potentialAction\":[{\"@type\":\"ReadAction\",\"target\":[\"https:\/\/www.espace-ombrage.com\/blog\/nos-conseils-pour-hiverner-votre-voile-dombrage\/\"]}]},{\"@type\":\"ImageObject\",\"inLanguage\":\"fr-FR\",\"@id\":\"https:\/\/www.espace-ombrage.com\/blog\/nos-conseils-pour-hiverner-votre-voile-dombrage\/#primaryimage\",\"url\":\"https:\/\/www.espace-ombrage.com\/blog\/wp-content\/uploads\/2022\/07\/voile-microperforee-coloris-sapin-scaled.jpg\",\"contentUrl\":\"https:\/\/www.espace-ombrage.com\/blog\/wp-content\/uploads\/2022\/07\/voile-microperforee-coloris-sapin-scaled.jpg\",\"width\":1920,\"height\":2560,\"caption\":\"Voile ombrage ajouree noire pour terrasse\"},{\"@type\":\"BreadcrumbList\",\"@id\":\"https:\/\/www.espace-ombrage.com\/blog\/nos-conseils-pour-hiverner-votre-voile-dombrage\/#breadcrumb\",\"itemListElement\":[{\"@type\":\"ListItem\",\"position\":1,\"name\":\"Espace Ombrage\",\"item\":\"https:\/\/www.espace-ombrage.com\/blog\/\"},{\"@type\":\"ListItem\",\"position\":2,\"name\":\"Nos conseils pour hiverner votre voile d\u2019ombrage\",\"item\":\"https:\/\/www.espace-ombrage.com\/blog\/nos-conseils-pour-hiverner-votre-voile-dombrage\/\"}]},{\"@type\":\"WebSite\",\"@id\":\"https:\/\/www.espace-ombrage.com\/blog\/#website\",\"url\":\"https:\/\/www.espace-ombrage.com\/blog\/\",\"name\":\"Espace Ombrage\",\"description\":\"\",\"potentialAction\":[{\"@type\":\"SearchAction\",\"target\":{\"@type\":\"EntryPoint\",\"urlTemplate\":\"https:\/\/www.espace-ombrage.com\/blog\/?s={search_term_string}\"},\"query-input\":{\"@type\":\"PropertyValueSpecification\",\"valueRequired\":true,\"valueName\":\"search_term_string\"}}],\"inLanguage\":\"fr-FR\"},{\"@type\":\"Person\",\"@id\":\"https:\/\/www.espace-ombrage.com\/blog\/#\/schema\/person\/9b223e71f82520b376e08b8d0d4c7691\",\"name\":\"admin-ombrage\",\"image\":{\"@type\":\"ImageObject\",\"inLanguage\":\"fr-FR\",\"@id\":\"https:\/\/www.espace-ombrage.com\/blog\/#\/schema\/person\/image\/\",\"url\":\"https:\/\/secure.gravatar.com\/avatar\/da964888ae868660e9f41df5c83a352c8bbcfeb83d9ed86d4d1d93ca7b092bac?s=96&d=mm&r=g\",\"contentUrl\":\"https:\/\/secure.gravatar.com\/avatar\/da964888ae868660e9f41df5c83a352c8bbcfeb83d9ed86d4d1d93ca7b092bac?s=96&d=mm&r=g\",\"caption\":\"admin-ombrage\"},\"url\":\"https:\/\/www.espace-ombrage.com\/blog\/author\/admin-ombrage\/\"}]}<\/script>\n<!-- \/ Yoast SEO plugin. -->","yoast_head_json":{"title":"Nos conseils pour hiverner votre voile, toile d\u2019ombrage | Espace Ombrage","description":"Nous vous recommandons de ne pas laisser la voile pendant l\u2019hiver afin de lui garantir un \u00e9tat excellent au printemps. La neige, le gel, la gr\u00eale et les orages endommagent les voiles d'ombrage.","robots":{"index":"index","follow":"follow","max-snippet":"max-snippet:-1","max-image-preview":"max-image-preview:large","max-video-preview":"max-video-preview:-1"},"canonical":"https:\/\/www.espace-ombrage.com\/blog\/nos-conseils-pour-hiverner-votre-voile-dombrage\/","og_locale":"fr_FR","og_type":"article","og_title":"Nos conseils pour hiverner votre voile, toile d\u2019ombrage | Espace Ombrage","og_description":"Nous vous recommandons de ne pas laisser la voile pendant l\u2019hiver afin de lui garantir un \u00e9tat excellent au printemps. La neige, le gel, la gr\u00eale et les orages endommagent les voiles d'ombrage.","og_url":"https:\/\/www.espace-ombrage.com\/blog\/nos-conseils-pour-hiverner-votre-voile-dombrage\/","og_site_name":"Espace Ombrage","article_published_time":"2018-11-02T11:48:33+00:00","article_modified_time":"2024-11-05T15:39:37+00:00","og_image":[{"width":1920,"height":2560,"url":"https:\/\/www.espace-ombrage.com\/blog\/wp-content\/uploads\/2022\/07\/voile-microperforee-coloris-sapin-scaled.jpg","type":"image\/jpeg"}],"author":"admin-ombrage","twitter_card":"summary_large_image","twitter_misc":{"\u00c9crit par":"admin-ombrage","Dur\u00e9e de lecture estim\u00e9e":"5 minutes"},"schema":{"@context":"https:\/\/schema.org","@graph":[{"@type":"WebPage","@id":"https:\/\/www.espace-ombrage.com\/blog\/nos-conseils-pour-hiverner-votre-voile-dombrage\/","url":"https:\/\/www.espace-ombrage.com\/blog\/nos-conseils-pour-hiverner-votre-voile-dombrage\/","name":"Nos conseils pour hiverner votre voile, toile d\u2019ombrage | Espace Ombrage","isPartOf":{"@id":"https:\/\/www.espace-ombrage.com\/blog\/#website"},"primaryImageOfPage":{"@id":"https:\/\/www.espace-ombrage.com\/blog\/nos-conseils-pour-hiverner-votre-voile-dombrage\/#primaryimage"},"image":{"@id":"https:\/\/www.espace-ombrage.com\/blog\/nos-conseils-pour-hiverner-votre-voile-dombrage\/#primaryimage"},"thumbnailUrl":"https:\/\/www.espace-ombrage.com\/blog\/wp-content\/uploads\/2022\/07\/voile-microperforee-coloris-sapin-scaled.jpg","datePublished":"2018-11-02T11:48:33+00:00","dateModified":"2024-11-05T15:39:37+00:00","author":{"@id":"https:\/\/www.espace-ombrage.com\/blog\/#\/schema\/person\/9b223e71f82520b376e08b8d0d4c7691"},"description":"Nous vous recommandons de ne pas laisser la voile pendant l\u2019hiver afin de lui garantir un \u00e9tat excellent au printemps. La neige, le gel, la gr\u00eale et les orages endommagent les voiles d'ombrage.","breadcrumb":{"@id":"https:\/\/www.espace-ombrage.com\/blog\/nos-conseils-pour-hiverner-votre-voile-dombrage\/#breadcrumb"},"inLanguage":"fr-FR","potentialAction":[{"@type":"ReadAction","target":["https:\/\/www.espace-ombrage.com\/blog\/nos-conseils-pour-hiverner-votre-voile-dombrage\/"]}]},{"@type":"ImageObject","inLanguage":"fr-FR","@id":"https:\/\/www.espace-ombrage.com\/blog\/nos-conseils-pour-hiverner-votre-voile-dombrage\/#primaryimage","url":"https:\/\/www.espace-ombrage.com\/blog\/wp-content\/uploads\/2022\/07\/voile-microperforee-coloris-sapin-scaled.jpg","contentUrl":"https:\/\/www.espace-ombrage.com\/blog\/wp-content\/uploads\/2022\/07\/voile-microperforee-coloris-sapin-scaled.jpg","width":1920,"height":2560,"caption":"Voile ombrage ajouree noire pour terrasse"},{"@type":"BreadcrumbList","@id":"https:\/\/www.espace-ombrage.com\/blog\/nos-conseils-pour-hiverner-votre-voile-dombrage\/#breadcrumb","itemListElement":[{"@type":"ListItem","position":1,"name":"Espace Ombrage","item":"https:\/\/www.espace-ombrage.com\/blog\/"},{"@type":"ListItem","position":2,"name":"Nos conseils pour hiverner votre voile d\u2019ombrage","item":"https:\/\/www.espace-ombrage.com\/blog\/nos-conseils-pour-hiverner-votre-voile-dombrage\/"}]},{"@type":"WebSite","@id":"https:\/\/www.espace-ombrage.com\/blog\/#website","url":"https:\/\/www.espace-ombrage.com\/blog\/","name":"Espace Ombrage","description":"","potentialAction":[{"@type":"SearchAction","target":{"@type":"EntryPoint","urlTemplate":"https:\/\/www.espace-ombrage.com\/blog\/?s={search_term_string}"},"query-input":{"@type":"PropertyValueSpecification","valueRequired":true,"valueName":"search_term_string"}}],"inLanguage":"fr-FR"},{"@type":"Person","@id":"https:\/\/www.espace-ombrage.com\/blog\/#\/schema\/person\/9b223e71f82520b376e08b8d0d4c7691","name":"admin-ombrage","image":{"@type":"ImageObject","inLanguage":"fr-FR","@id":"https:\/\/www.espace-ombrage.com\/blog\/#\/schema\/person\/image\/","url":"https:\/\/secure.gravatar.com\/avatar\/da964888ae868660e9f41df5c83a352c8bbcfeb83d9ed86d4d1d93ca7b092bac?s=96&d=mm&r=g","contentUrl":"https:\/\/secure.gravatar.com\/avatar\/da964888ae868660e9f41df5c83a352c8bbcfeb83d9ed86d4d1d93ca7b092bac?s=96&d=mm&r=g","caption":"admin-ombrage"},"url":"https:\/\/www.espace-ombrage.com\/blog\/author\/admin-ombrage\/"}]}},"_links":{"self":[{"href":"https:\/\/www.espace-ombrage.com\/blog\/wp-json\/wp\/v2\/posts\/38","targetHints":{"allow":["GET"]}}],"collection":[{"href":"https:\/\/www.espace-ombrage.com\/blog\/wp-json\/wp\/v2\/posts"}],"about":[{"href":"https:\/\/www.espace-ombrage.com\/blog\/wp-json\/wp\/v2\/types\/post"}],"author":[{"embeddable":true,"href":"https:\/\/www.espace-ombrage.com\/blog\/wp-json\/wp\/v2\/users\/2"}],"replies":[{"embeddable":true,"href":"https:\/\/www.espace-ombrage.com\/blog\/wp-json\/wp\/v2\/comments?post=38"}],"version-history":[{"count":6,"href":"https:\/\/www.espace-ombrage.com\/blog\/wp-json\/wp\/v2\/posts\/38\/revisions"}],"predecessor-version":[{"id":2003,"href":"https:\/\/www.espace-ombrage.com\/blog\/wp-json\/wp\/v2\/posts\/38\/revisions\/2003"}],"wp:featuredmedia":[{"embeddable":true,"href":"https:\/\/www.espace-ombrage.com\/blog\/wp-json\/wp\/v2\/media\/226"}],"wp:attachment":[{"href":"https:\/\/www.espace-ombrage.com\/blog\/wp-json\/wp\/v2\/media?parent=38"}],"wp:term":[{"taxonomy":"category","embeddable":true,"href":"https:\/\/www.espace-ombrage.com\/blog\/wp-json\/wp\/v2\/categories?post=38"},{"taxonomy":"post_tag","embeddable":true,"href":"https:\/\/www.espace-ombrage.com\/blog\/wp-json\/wp\/v2\/tags?post=38"}],"curies":[{"name":"wp","href":"https:\/\/api.w.org\/{rel}","templated":true}]}}