{"id":3870,"date":"2024-05-24T12:00:00","date_gmt":"2024-05-24T10:00:00","guid":{"rendered":"https:\/\/www.espace-ombrage.com\/blog\/?p=3870"},"modified":"2025-09-03T12:13:47","modified_gmt":"2025-09-03T10:13:47","slug":"la-voile-dombrage-la-protection-solaire-ideale-pour-vos-roof-tops","status":"publish","type":"post","link":"https:\/\/www.espace-ombrage.com\/blog\/la-voile-dombrage-la-protection-solaire-ideale-pour-vos-roof-tops\/","title":{"rendered":"La voile d&rsquo;ombrage : la protection solaire id\u00e9ale pour vos roof tops"},"content":{"rendered":"\t\t<div data-elementor-type=\"wp-post\" data-elementor-id=\"3870\" class=\"elementor elementor-3870\" data-elementor-post-type=\"post\">\n\t\t\t\t\t\t<section class=\"elementor-section elementor-top-section elementor-element elementor-element-3b0a8cf9 elementor-section-full_width elementor-section-content-bottom elementor-hidden-tablet elementor-section-height-default elementor-section-height-default\" data-id=\"3b0a8cf9\" data-element_type=\"section\">\n\t\t\t\t\t\t<div class=\"elementor-container elementor-column-gap-narrow\">\n\t\t\t\t\t<div class=\"elementor-column elementor-col-50 elementor-top-column elementor-element elementor-element-537c3f3d\" data-id=\"537c3f3d\" data-element_type=\"column\" data-settings=\"{&quot;background_background&quot;:&quot;classic&quot;}\">\n\t\t\t<div class=\"elementor-widget-wrap elementor-element-populated\">\n\t\t\t\t\t\t<div class=\"elementor-element elementor-element-67e77a03 elementor-widget__width-initial elementor-widget elementor-widget-heading\" data-id=\"67e77a03\" data-element_type=\"widget\" data-widget_type=\"heading.default\">\n\t\t\t\t<div class=\"elementor-widget-container\">\n\t\t\t\t\t<h1 class=\"elementor-heading-title elementor-size-default\">La voile d&rsquo;ombrage : la protection solaire id\u00e9ale pour vos roof tops<\/h1>\t\t\t\t<\/div>\n\t\t\t\t<\/div>\n\t\t\t\t\t<\/div>\n\t\t<\/div>\n\t\t\t\t<div class=\"elementor-column elementor-col-25 elementor-top-column elementor-element elementor-element-14ac7518\" data-id=\"14ac7518\" data-element_type=\"column\">\n\t\t\t<div class=\"elementor-widget-wrap elementor-element-populated\">\n\t\t\t\t\t\t<div class=\"elementor-element elementor-element-57df89a9 elementor-hidden-tablet elementor-hidden-mobile elementor-widget elementor-widget-image\" data-id=\"57df89a9\" data-element_type=\"widget\" data-widget_type=\"image.default\">\n\t\t\t\t<div class=\"elementor-widget-container\">\n\t\t\t\t\t\t\t\t\t\t\t\t\t\t\t<img fetchpriority=\"high\" decoding=\"async\" width=\"2560\" height=\"1920\" src=\"https:\/\/www.espace-ombrage.com\/blog\/wp-content\/uploads\/2023\/09\/Voile-ombrage-enroulee-terrasse-scaled.jpg\" class=\"attachment-full size-full wp-image-1532\" alt=\"Une voile solaire deco terrasse enroul\u00e9e sur un roof top\" srcset=\"https:\/\/www.espace-ombrage.com\/blog\/wp-content\/uploads\/2023\/09\/Voile-ombrage-enroulee-terrasse-scaled.jpg 2560w, https:\/\/www.espace-ombrage.com\/blog\/wp-content\/uploads\/2023\/09\/Voile-ombrage-enroulee-terrasse-300x225.jpg 300w, https:\/\/www.espace-ombrage.com\/blog\/wp-content\/uploads\/2023\/09\/Voile-ombrage-enroulee-terrasse-1024x768.jpg 1024w, https:\/\/www.espace-ombrage.com\/blog\/wp-content\/uploads\/2023\/09\/Voile-ombrage-enroulee-terrasse-768x576.jpg 768w, https:\/\/www.espace-ombrage.com\/blog\/wp-content\/uploads\/2023\/09\/Voile-ombrage-enroulee-terrasse-1536x1152.jpg 1536w, https:\/\/www.espace-ombrage.com\/blog\/wp-content\/uploads\/2023\/09\/Voile-ombrage-enroulee-terrasse-2048x1536.jpg 2048w, https:\/\/www.espace-ombrage.com\/blog\/wp-content\/uploads\/2023\/09\/Voile-ombrage-enroulee-terrasse-1200x900.jpg 1200w, https:\/\/www.espace-ombrage.com\/blog\/wp-content\/uploads\/2023\/09\/Voile-ombrage-enroulee-terrasse-1980x1485.jpg 1980w\" sizes=\"(max-width: 2560px) 100vw, 2560px\" \/>\t\t\t\t\t\t\t\t\t\t\t\t\t\t\t<\/div>\n\t\t\t\t<\/div>\n\t\t\t\t\t<\/div>\n\t\t<\/div>\n\t\t\t\t<div class=\"elementor-column elementor-col-25 elementor-top-column elementor-element elementor-element-7e70fa95\" data-id=\"7e70fa95\" data-element_type=\"column\">\n\t\t\t<div class=\"elementor-widget-wrap elementor-element-populated\">\n\t\t\t\t\t\t<div class=\"elementor-element elementor-element-783856ec elementor-widget-mobile__width-initial animated-slow elementor-widget-tablet__width-initial elementor-invisible elementor-widget elementor-widget-spacer\" data-id=\"783856ec\" data-element_type=\"widget\" data-settings=\"{&quot;_animation&quot;:&quot;fadeInRight&quot;}\" data-widget_type=\"spacer.default\">\n\t\t\t\t<div class=\"elementor-widget-container\">\n\t\t\t\t\t\t\t<div class=\"elementor-spacer\">\n\t\t\t<div class=\"elementor-spacer-inner\"><\/div>\n\t\t<\/div>\n\t\t\t\t\t\t<\/div>\n\t\t\t\t<\/div>\n\t\t\t\t\t<\/div>\n\t\t<\/div>\n\t\t\t\t\t<\/div>\n\t\t<\/section>\n\t\t\t\t<section class=\"elementor-section elementor-top-section elementor-element elementor-element-440c53b3 elementor-section-boxed elementor-section-height-default elementor-section-height-default elementor-invisible\" data-id=\"440c53b3\" data-element_type=\"section\" data-settings=\"{&quot;animation&quot;:&quot;fadeIn&quot;}\">\n\t\t\t\t\t\t<div class=\"elementor-container elementor-column-gap-default\">\n\t\t\t\t\t<div class=\"elementor-column elementor-col-100 elementor-top-column elementor-element elementor-element-492b30ad\" data-id=\"492b30ad\" data-element_type=\"column\">\n\t\t\t<div class=\"elementor-widget-wrap elementor-element-populated\">\n\t\t\t\t\t\t<div class=\"elementor-element elementor-element-605ab588 elementor-widget__width-initial elementor-widget elementor-widget-text-editor\" data-id=\"605ab588\" data-element_type=\"widget\" data-widget_type=\"text-editor.default\">\n\t\t\t\t<div class=\"elementor-widget-container\">\n\t\t\t\t\t\t\t\t\t<p>Que serait un <b>rooftop<\/b> sans une touche d&rsquo;\u00e9l\u00e9gance et de confort sous le soleil \u00e9clatant ? Les espaces ext\u00e9rieurs sur les toits urbains offrent un refuge recherch\u00e9, mais la chaleur intense peut parfois dissuader, m\u00eame les plus courageux, de profiter de ces zones de d\u00e9tente sur\u00e9lev\u00e9es. C&rsquo;est l\u00e0 que la <a href=\"https:\/\/www.espace-ombrage.com\/fr\/3-voile-d-ombrage\" target=\"_blank\" rel=\"noopener\"><span style=\"text-decoration: underline;\"><strong>voile d&rsquo;ombrage<\/strong><\/span><\/a> entre en jeu, offrant une solution \u00e0 la fois pratique et esth\u00e9tique pour prot\u00e9ger vos rooftops du soleil br\u00fblant tout en cr\u00e9ant un environnement agr\u00e9able et accueillant. En tant qu&rsquo;expert de toiles solaires, nous sommes l\u00e0 pour vous guider \u00e0 travers les avantages de cette protection solaire polyvalente, id\u00e9ale pour transformer vos espaces ext\u00e9rieurs en <b>\u00eelots de fra\u00eecheur<\/b>.<\/p>\t\t\t\t\t\t\t\t<\/div>\n\t\t\t\t<\/div>\n\t\t\t\t<div class=\"elementor-element elementor-element-a20da8a elementor-align-center elementor-widget elementor-widget-button\" data-id=\"a20da8a\" data-element_type=\"widget\" data-widget_type=\"button.default\">\n\t\t\t\t<div class=\"elementor-widget-container\">\n\t\t\t\t\t\t\t\t\t<div class=\"elementor-button-wrapper\">\n\t\t\t\t\t<a class=\"elementor-button elementor-button-link elementor-size-sm\" href=\"https:\/\/www.espace-ombrage.com\/fr\/content\/180-voile-d-ombrage-sur-mesure\" target=\"_blank\">\n\t\t\t\t\t\t<span class=\"elementor-button-content-wrapper\">\n\t\t\t\t\t\t\t\t\t<span class=\"elementor-button-text\">Choisir ma voile pour rooftop<\/span>\n\t\t\t\t\t<\/span>\n\t\t\t\t\t<\/a>\n\t\t\t\t<\/div>\n\t\t\t\t\t\t\t\t<\/div>\n\t\t\t\t<\/div>\n\t\t\t\t\t<\/div>\n\t\t<\/div>\n\t\t\t\t\t<\/div>\n\t\t<\/section>\n\t\t\t\t<section class=\"elementor-section elementor-top-section elementor-element elementor-element-573f4132 elementor-section-full_width elementor-reverse-tablet elementor-reverse-mobile elementor-section-height-default elementor-section-height-default elementor-invisible\" data-id=\"573f4132\" data-element_type=\"section\" data-settings=\"{&quot;background_background&quot;:&quot;gradient&quot;,&quot;animation&quot;:&quot;fadeIn&quot;}\">\n\t\t\t\t\t\t<div class=\"elementor-container elementor-column-gap-no\">\n\t\t\t\t\t<div class=\"elementor-column elementor-col-50 elementor-top-column elementor-element elementor-element-1472e3d2\" data-id=\"1472e3d2\" data-element_type=\"column\">\n\t\t\t<div class=\"elementor-widget-wrap elementor-element-populated\">\n\t\t\t\t\t\t<div class=\"elementor-element elementor-element-f4b9b09 elementor-widget elementor-widget-heading\" data-id=\"f4b9b09\" data-element_type=\"widget\" data-widget_type=\"heading.default\">\n\t\t\t\t<div class=\"elementor-widget-container\">\n\t\t\t\t\t<h2 class=\"elementor-heading-title elementor-size-default\">La configuration d\u2019une toile solaire sur un rooftop<\/h2>\t\t\t\t<\/div>\n\t\t\t\t<\/div>\n\t\t\t\t<div class=\"elementor-element elementor-element-51082cf elementor-widget elementor-widget-text-editor\" data-id=\"51082cf\" data-element_type=\"widget\" data-widget_type=\"text-editor.default\">\n\t\t\t\t<div class=\"elementor-widget-container\">\n\t\t\t\t\t\t\t\t\t<p>L&rsquo;installation d&rsquo;une <strong>toile solaire sur un rooftop<\/strong> n\u00e9cessite une approche m\u00e9ticuleuse pour garantir \u00e0 la fois la s\u00e9curit\u00e9 et l&rsquo;esth\u00e9tique de l\u2019installation. De la s\u00e9lection des<span style=\"text-decoration: underline;\"><strong><a href=\"https:\/\/www.espace-ombrage.com\/fr\/13-fixations-pour-voile-d-ombrage\" target=\"_blank\" rel=\"noopener\"> fixations pour voile d\u2019ombrage<\/a><\/strong><\/span> \u00e0 la tension pr\u00e9cise de la toile, chaque \u00e9tape est cruciale pour assurer une protection solaire efficace et un espace ext\u00e9rieur bien am\u00e9nag\u00e9.<\/p>\t\t\t\t\t\t\t\t<\/div>\n\t\t\t\t<\/div>\n\t\t\t\t<div class=\"elementor-element elementor-element-22fe448 elementor-widget elementor-widget-heading\" data-id=\"22fe448\" data-element_type=\"widget\" data-widget_type=\"heading.default\">\n\t\t\t\t<div class=\"elementor-widget-container\">\n\t\t\t\t\t<h3 class=\"elementor-heading-title elementor-size-default\">Les points d\u2019ancrages possibles pour votre toile tendue<\/h3>\t\t\t\t<\/div>\n\t\t\t\t<\/div>\n\t\t\t\t<div class=\"elementor-element elementor-element-104aa87b elementor-widget elementor-widget-text-editor\" data-id=\"104aa87b\" data-element_type=\"widget\" data-widget_type=\"text-editor.default\">\n\t\t\t\t<div class=\"elementor-widget-container\">\n\t\t\t\t\t\t\t\t\tPour assurer une installation optimale de votre <strong>toile tendue<\/strong>, il est essentiel de disposer de tous les \u00e9l\u00e9ments n\u00e9cessaires \u00e0 sa fixation. Nous vous guidons vers les produits adapt\u00e9s, assurant ainsi une installation durable et fiable dans le temps.\t\t\t\t\t\t\t\t<\/div>\n\t\t\t\t<\/div>\n\t\t\t\t\t<\/div>\n\t\t<\/div>\n\t\t\t\t<div class=\"elementor-column elementor-col-50 elementor-top-column elementor-element elementor-element-76cbe378\" data-id=\"76cbe378\" data-element_type=\"column\" data-settings=\"{&quot;background_background&quot;:&quot;classic&quot;}\">\n\t\t\t<div class=\"elementor-widget-wrap elementor-element-populated\">\n\t\t\t\t\t\t<div class=\"elementor-element elementor-element-762e853 elementor-widget-mobile__width-initial elementor-widget elementor-widget-spacer\" data-id=\"762e853\" data-element_type=\"widget\" data-widget_type=\"spacer.default\">\n\t\t\t\t<div class=\"elementor-widget-container\">\n\t\t\t\t\t\t\t<div class=\"elementor-spacer\">\n\t\t\t<div class=\"elementor-spacer-inner\"><\/div>\n\t\t<\/div>\n\t\t\t\t\t\t<\/div>\n\t\t\t\t<\/div>\n\t\t\t\t\t<\/div>\n\t\t<\/div>\n\t\t\t\t\t<\/div>\n\t\t<\/section>\n\t\t\t\t<section class=\"elementor-section elementor-top-section elementor-element elementor-element-300ca316 elementor-section-full_width elementor-section-height-default elementor-section-height-default elementor-invisible\" data-id=\"300ca316\" data-element_type=\"section\" data-settings=\"{&quot;animation&quot;:&quot;fadeIn&quot;}\">\n\t\t\t\t\t\t<div class=\"elementor-container elementor-column-gap-no\">\n\t\t\t\t\t<div class=\"elementor-column elementor-col-50 elementor-top-column elementor-element elementor-element-53ea1075 elementor-hidden-tablet elementor-hidden-mobile\" data-id=\"53ea1075\" data-element_type=\"column\" data-settings=\"{&quot;background_background&quot;:&quot;classic&quot;}\">\n\t\t\t<div class=\"elementor-widget-wrap elementor-element-populated\">\n\t\t\t\t\t\t<div class=\"elementor-element elementor-element-61bea6b3 elementor-widget elementor-widget-image\" data-id=\"61bea6b3\" data-element_type=\"widget\" data-widget_type=\"image.default\">\n\t\t\t\t<div class=\"elementor-widget-container\">\n\t\t\t\t\t\t\t\t\t\t\t\t\t\t\t<img decoding=\"async\" width=\"1023\" height=\"767\" src=\"https:\/\/www.espace-ombrage.com\/blog\/wp-content\/uploads\/2024\/01\/voiles-ombrage-professionnel-pvc-grise-terrasse-restaurant.jpeg\" class=\"attachment-full size-full wp-image-2656\" alt=\"Voile d\u2019ombrage pour professionnel en PVC avec c\u00e2ble pour terrasse ext\u00e9rieur d\u2019un restaurant\" srcset=\"https:\/\/www.espace-ombrage.com\/blog\/wp-content\/uploads\/2024\/01\/voiles-ombrage-professionnel-pvc-grise-terrasse-restaurant.jpeg 1023w, https:\/\/www.espace-ombrage.com\/blog\/wp-content\/uploads\/2024\/01\/voiles-ombrage-professionnel-pvc-grise-terrasse-restaurant-300x225.jpeg 300w, https:\/\/www.espace-ombrage.com\/blog\/wp-content\/uploads\/2024\/01\/voiles-ombrage-professionnel-pvc-grise-terrasse-restaurant-768x576.jpeg 768w\" sizes=\"(max-width: 1023px) 100vw, 1023px\" \/>\t\t\t\t\t\t\t\t\t\t\t\t\t\t\t<\/div>\n\t\t\t\t<\/div>\n\t\t\t\t\t<\/div>\n\t\t<\/div>\n\t\t\t\t<div class=\"elementor-column elementor-col-50 elementor-top-column elementor-element elementor-element-3559aea6\" data-id=\"3559aea6\" data-element_type=\"column\">\n\t\t\t<div class=\"elementor-widget-wrap elementor-element-populated\">\n\t\t\t\t\t\t<div class=\"elementor-element elementor-element-13489e8 elementor-widget elementor-widget-heading\" data-id=\"13489e8\" data-element_type=\"widget\" data-widget_type=\"heading.default\">\n\t\t\t\t<div class=\"elementor-widget-container\">\n\t\t\t\t\t<h4 class=\"elementor-heading-title elementor-size-default\">Les piquets pour voile d\u2019ombrage<\/h4>\t\t\t\t<\/div>\n\t\t\t\t<\/div>\n\t\t\t\t<div class=\"elementor-element elementor-element-24f3d1e9 elementor-widget elementor-widget-text-editor\" data-id=\"24f3d1e9\" data-element_type=\"widget\" data-widget_type=\"text-editor.default\">\n\t\t\t\t<div class=\"elementor-widget-container\">\n\t\t\t\t\t\t\t\t\t<ul>\n \t<li aria-level=\"1\"><span style=\"text-decoration: underline;\"><b><a href=\"https:\/\/www.espace-ombrage.com\/fr\/mats-et-accessoires\/10-mat-reglable-pour-voile-d-ombrage.html\" target=\"_blank\" rel=\"noopener\">L\u2019embase \u00e0 visser :<\/a><\/b><\/span> L&#8217;embase \u00e0 visser est con\u00e7ue pour les sols durs tels que les dalles de b\u00e9ton ou les terrasses sur lambourdes en bois. Disponible en deux versions, verticale (90\u00b0) ou inclin\u00e9e (82\u00b0), elle est dot\u00e9e d&rsquo;un renfort mesurant 50 cm de haut. Le <strong>m\u00e2t pour voile d\u2019ombrage<\/strong> ovo\u00efde se fixe solidement sur la platine, assurant une grande r\u00e9sistance.\n<b>Il est important de noter qu&rsquo;une installation n\u00e9cessite de percer le sol, donc l&rsquo;\u00e9tanch\u00e9it\u00e9 du sol doit \u00eatre prise en compte ou une reprise d&rsquo;\u00e9tanch\u00e9it\u00e9 doit \u00eatre envisag\u00e9e.\u00a0<\/b><\/li>\n \t<li aria-level=\"1\"><span style=\"text-decoration: underline;\"><b><a href=\"https:\/\/www.espace-ombrage.com\/fr\/mats-et-accessoires\/10-29572-mat-reglable-pour-voile-d-ombrage.html#\/142-type_d_embase-260cm_platines_murales\/153-systeme_de_tension-standard_2_poulies_simples\/2123-coloris_mat-thermolaque_anthracite_ral_7016\" target=\"_blank\" rel=\"noopener\">Les platines murales :<\/a><\/b><\/span> Les platines murales offrent une solution pratique pour appuyer le <strong>piquet<\/strong> contre un mur lorsque la fixation au sol n&rsquo;est pas possible. Elles se composent de deux platines murales munies d&rsquo;anneaux dans lesquels le <strong>poteau voile ombrage<\/strong> est ins\u00e9r\u00e9. Ces platines sont ajustables pour s&rsquo;aligner avec les axes de tension des voiles et n\u00e9cessitent un espacement de 70 cm entre elles pour une installation optimale.<\/li>\n \t<li aria-level=\"1\"><span style=\"text-decoration: underline;\"><b><a href=\"https:\/\/www.espace-ombrage.com\/fr\/mats-et-accessoires\/6811-support-pour-lest-en-acier-galvanise.html\" target=\"_blank\" rel=\"noopener\">Le support pour lest :<\/a><\/b><\/span> Le support pour lest repr\u00e9sente l\u2019ultime solution pour le <strong>piquet<\/strong> lorsque le <span style=\"text-decoration: underline;\"><strong><a href=\"https:\/\/www.espace-ombrage.com\/blog\/comment-fixer-une-voile-dombrage-sans-percer\/\" target=\"_blank\" rel=\"noopener\">per\u00e7age est impossible<\/a><\/strong><\/span>. Con\u00e7u pour s&rsquo;adapter \u00e0 l&#8217;embase \u00e0 visser, droite ou inclin\u00e9e, ce support est particuli\u00e8rement adapt\u00e9 pour surmonter les contraintes d&rsquo;un toit-terrasse. Il est recommand\u00e9 de lester ce support avec 16 \u00e0 20 dalles de b\u00e9ton de 25 kg chacune (mesurant 50 x 50 cm et d&rsquo;une \u00e9paisseur de 5 cm). <b>Cependant, il est imp\u00e9ratif de v\u00e9rifier au pr\u00e9alable que votre sol puisse supporter une telle charge.<\/b><\/li>\n<\/ul>\t\t\t\t\t\t\t\t<\/div>\n\t\t\t\t<\/div>\n\t\t\t\t\t<\/div>\n\t\t<\/div>\n\t\t\t\t\t<\/div>\n\t\t<\/section>\n\t\t\t\t<section class=\"elementor-section elementor-top-section elementor-element elementor-element-22b803d0 elementor-section-full_width elementor-reverse-tablet elementor-reverse-mobile elementor-section-height-default elementor-section-height-default elementor-invisible\" data-id=\"22b803d0\" data-element_type=\"section\" data-settings=\"{&quot;background_background&quot;:&quot;classic&quot;,&quot;animation&quot;:&quot;fadeIn&quot;}\">\n\t\t\t\t\t\t<div class=\"elementor-container elementor-column-gap-no\">\n\t\t\t\t\t<div class=\"elementor-column elementor-col-50 elementor-top-column elementor-element elementor-element-6d11e08\" data-id=\"6d11e08\" data-element_type=\"column\">\n\t\t\t<div class=\"elementor-widget-wrap elementor-element-populated\">\n\t\t\t\t\t\t<div class=\"elementor-element elementor-element-7144f0ff elementor-widget-divider--view-line elementor-widget elementor-widget-divider\" data-id=\"7144f0ff\" data-element_type=\"widget\" data-widget_type=\"divider.default\">\n\t\t\t\t<div class=\"elementor-widget-container\">\n\t\t\t\t\t\t\t<div class=\"elementor-divider\">\n\t\t\t<span class=\"elementor-divider-separator\">\n\t\t\t\t\t\t<\/span>\n\t\t<\/div>\n\t\t\t\t\t\t<\/div>\n\t\t\t\t<\/div>\n\t\t\t\t<div class=\"elementor-element elementor-element-5513259 elementor-widget elementor-widget-heading\" data-id=\"5513259\" data-element_type=\"widget\" data-widget_type=\"heading.default\">\n\t\t\t\t<div class=\"elementor-widget-container\">\n\t\t\t\t\t<h4 class=\"elementor-heading-title elementor-size-default\">Les fixations murales pour toile solaire<\/h4>\t\t\t\t<\/div>\n\t\t\t\t<\/div>\n\t\t\t\t<div class=\"elementor-element elementor-element-7f69b67c elementor-widget elementor-widget-text-editor\" data-id=\"7f69b67c\" data-element_type=\"widget\" data-widget_type=\"text-editor.default\">\n\t\t\t\t<div class=\"elementor-widget-container\">\n\t\t\t\t\t\t\t\t\t<ul><li aria-level=\"1\"><span style=\"text-decoration: underline;\"><b><a href=\"https:\/\/www.espace-ombrage.com\/fr\/mats-et-fixations\/12-fixation-murale-courte.html\" target=\"_blank\" rel=\"noopener\">La fixation courte<\/a><\/b><\/span>, \u00e9galement appel\u00e9e ridoir, est un dispositif en inox 316 r\u00e9put\u00e9 pour sa robustesse et sa long\u00e9vit\u00e9. Elle maintient la <strong>voile d&rsquo;ombrage<\/strong> \u00e0 une distance de 25 \u00e0 35 cm du point de fixation, assurant ainsi un \u00e9quilibre optimal. Le tendeur en inox est pr\u00e9conis\u00e9 sp\u00e9cifiquement pour les installations de voiles \u00e0 enrouleur, se fixant g\u00e9n\u00e9ralement \u00e0 l&rsquo;angle o\u00f9 se situe la poulie d&rsquo;enroulement, et peut \u00eatre install\u00e9 sur un mur en bois ou en b\u00e9ton.<\/li><li aria-level=\"1\"><span style=\"text-decoration: underline;\"><b><a href=\"https:\/\/www.espace-ombrage.com\/fr\/fixations-pour-voile-d-ombrage\/13-fixation-murale-longue.html\" target=\"_blank\" rel=\"noopener\">La fixation murale longue<\/a><\/b><\/span> offre une solution optimale pour tendre efficacement vos <strong>toiles de terrasse<\/strong> \u00e0 chaque angle, avec un espace de 45 \u00e0 250cm entre la voile et l&rsquo;ancrage. \u00c9quip\u00e9e d&rsquo;une corde nautique et de poulies, elle garantit une tension remarquable. Son syst\u00e8me nautique facilite le montage et le d\u00e9montage rapides de la voile, offrant une simplicit\u00e9 d&rsquo;utilisation. Disponible en deux versions, standard (avec poulies simples) et renforc\u00e9e (avec poulies doubles), elle est adapt\u00e9e respectivement aux <span style=\"text-decoration: underline;\"><strong><a href=\"https:\/\/www.espace-ombrage.com\/fr\/content\/128-voile-dombrage-pas-chere\" target=\"_blank\" rel=\"noopener\">voiles d\u2019ombrage pas ch\u00e8res<\/a><\/strong> <a href=\"https:\/\/www.espace-ombrage.com\/fr\/voile-d-ombrage-resistante-au-vent\/100-australe-220.html\" target=\"_blank\" rel=\"noopener\"><strong>Australe 220<\/strong><\/a><\/span> et <a href=\"https:\/\/www.espace-ombrage.com\/fr\/voile-d-ombrage-deperlante\/9398-voile-impermeable-solar-200.html\" target=\"_blank\" rel=\"noopener\"><span style=\"text-decoration: underline;\"><strong>Solar 200<\/strong><\/span><\/a>, ainsi qu&rsquo;aux voiles plus techniques <a href=\"https:\/\/www.espace-ombrage.com\/fr\/voile-d-ombrage-resistante-au-vent\/120-australe-340.html\" target=\"_blank\" rel=\"noopener\"><span style=\"text-decoration: underline;\"><strong>Australe 340<\/strong><\/span><\/a> et <a href=\"https:\/\/www.espace-ombrage.com\/fr\/voile-d-ombrage-deperlante\/143-acryl-300-enrouleur.html\" target=\"_blank\" rel=\"noopener\"><span style=\"text-decoration: underline;\"><strong>Acryl 300.<\/strong><\/span><\/a> Cette fixation convient aux murs en bois ou en b\u00e9ton, offrant une polyvalence d&rsquo;installation.<\/li><li aria-level=\"1\"><span style=\"text-decoration: underline;\"><b><a href=\"https:\/\/www.espace-ombrage.com\/fr\/fixations-pour-voile-d-ombrage\/145-fixation-murale-double-peau.html\" target=\"_blank\" rel=\"noopener\">La fixation double peau<\/a><\/b><\/span> repr\u00e9sente la solution id\u00e9ale pour installer votre voile solaire sur un mur \u00e9quip\u00e9 d&rsquo;une isolation ext\u00e9rieure. Gr\u00e2ce \u00e0 son syst\u00e8me de platines et de tires-fonds, elle permet de fixer votre voile sans compromettre l&rsquo;int\u00e9grit\u00e9 de votre mur ni de votre isolation. Cette option d&rsquo;accroche double peau est disponible pour les syst\u00e8mes de fixations longs standards et renforc\u00e9s, ainsi que pour le ridoir.<\/li><\/ul>\t\t\t\t\t\t\t\t<\/div>\n\t\t\t\t<\/div>\n\t\t\t\t<div class=\"elementor-element elementor-element-5ce0016b elementor-widget-divider--view-line elementor-widget elementor-widget-divider\" data-id=\"5ce0016b\" data-element_type=\"widget\" data-widget_type=\"divider.default\">\n\t\t\t\t<div class=\"elementor-widget-container\">\n\t\t\t\t\t\t\t<div class=\"elementor-divider\">\n\t\t\t<span class=\"elementor-divider-separator\">\n\t\t\t\t\t\t<\/span>\n\t\t<\/div>\n\t\t\t\t\t\t<\/div>\n\t\t\t\t<\/div>\n\t\t\t\t\t<\/div>\n\t\t<\/div>\n\t\t\t\t<div class=\"elementor-column elementor-col-50 elementor-top-column elementor-element elementor-element-286e02e9\" data-id=\"286e02e9\" data-element_type=\"column\" data-settings=\"{&quot;background_background&quot;:&quot;classic&quot;}\">\n\t\t\t<div class=\"elementor-widget-wrap elementor-element-populated\">\n\t\t\t\t\t\t<div class=\"elementor-element elementor-element-39352faa elementor-widget elementor-widget-spacer\" data-id=\"39352faa\" data-element_type=\"widget\" data-widget_type=\"spacer.default\">\n\t\t\t\t<div class=\"elementor-widget-container\">\n\t\t\t\t\t\t\t<div class=\"elementor-spacer\">\n\t\t\t<div class=\"elementor-spacer-inner\"><\/div>\n\t\t<\/div>\n\t\t\t\t\t\t<\/div>\n\t\t\t\t<\/div>\n\t\t\t\t\t<\/div>\n\t\t<\/div>\n\t\t\t\t\t<\/div>\n\t\t<\/section>\n\t\t\t\t<section class=\"elementor-section elementor-top-section elementor-element elementor-element-2dedfb9e elementor-section-boxed elementor-section-height-default elementor-section-height-default elementor-invisible\" data-id=\"2dedfb9e\" data-element_type=\"section\" data-settings=\"{&quot;animation&quot;:&quot;fadeIn&quot;}\">\n\t\t\t\t\t\t<div class=\"elementor-container elementor-column-gap-default\">\n\t\t\t\t\t<div class=\"elementor-column elementor-col-100 elementor-top-column elementor-element elementor-element-437ec8e4\" data-id=\"437ec8e4\" data-element_type=\"column\">\n\t\t\t<div class=\"elementor-widget-wrap elementor-element-populated\">\n\t\t\t\t\t\t<div class=\"elementor-element elementor-element-c6d1048 elementor-widget elementor-widget-heading\" data-id=\"c6d1048\" data-element_type=\"widget\" data-widget_type=\"heading.default\">\n\t\t\t\t<div class=\"elementor-widget-container\">\n\t\t\t\t\t<h2 class=\"elementor-heading-title elementor-size-default\">Le type de toile terrasse \u00e0 choisir pour votre balcon <\/h2>\t\t\t\t<\/div>\n\t\t\t\t<\/div>\n\t\t\t\t<div class=\"elementor-element elementor-element-341b47b1 elementor-widget__width-initial elementor-widget elementor-widget-text-editor\" data-id=\"341b47b1\" data-element_type=\"widget\" data-widget_type=\"text-editor.default\">\n\t\t\t\t<div class=\"elementor-widget-container\">\n\t\t\t\t\t\t\t\t\t<p>Pour votre espace en hauteur, il est susceptible d\u2019\u00eatre expos\u00e9 \u00e0 des vents forts, c\u2019est pourquoi nous vous recommandons chez Espace Ombrage de choisir une <span style=\"text-decoration: underline;\"><strong><a href=\"https:\/\/www.espace-ombrage.com\/fr\/39-voile-enrouleur\" target=\"_blank\" rel=\"noopener\">voile d\u2019ombrage \u00e0 enrouleur<\/a><\/strong><\/span>. Celle-ci s&rsquo;enroule en quelques instants gr\u00e2ce \u00e0 son syst\u00e8me et vous offre un confort d\u2019utilisation in\u00e9galable.\u00a0<\/p>\t\t\t\t\t\t\t\t<\/div>\n\t\t\t\t<\/div>\n\t\t\t\t<div class=\"elementor-element elementor-element-cc334a1 elementor-widget elementor-widget-video\" data-id=\"cc334a1\" data-element_type=\"widget\" data-settings=\"{&quot;youtube_url&quot;:&quot;https:\\\/\\\/www.youtube.com\\\/watch?v=aj6Kp7i-7DY&amp;t=4s&quot;,&quot;video_type&quot;:&quot;youtube&quot;,&quot;controls&quot;:&quot;yes&quot;}\" data-widget_type=\"video.default\">\n\t\t\t\t<div class=\"elementor-widget-container\">\n\t\t\t\t\t\t\t<div class=\"elementor-wrapper elementor-open-inline\">\n\t\t\t<div class=\"elementor-video\"><\/div>\t\t<\/div>\n\t\t\t\t\t\t<\/div>\n\t\t\t\t<\/div>\n\t\t\t\t<div class=\"elementor-element elementor-element-184fc6d9 elementor-widget elementor-widget-text-editor\" data-id=\"184fc6d9\" data-element_type=\"widget\" data-widget_type=\"text-editor.default\">\n\t\t\t\t<div class=\"elementor-widget-container\">\n\t\t\t\t\t\t\t\t\t<p><i>Cette vid\u00e9o vous montre l\u2019installation d\u2019une <\/i><strong><i>voile d\u2019ombrage imperm\u00e9able \u00e0 enrouleur<\/i><\/strong><i>. Nous vous expliquons :\u00a0<\/i><\/p><ul><li aria-level=\"1\"><i>comment rep\u00e9rez et accrocher les fixations<\/i><\/li><li aria-level=\"1\"><i>comment sceller un poteau de toile solaire\u00a0\u00a0<\/i><\/li><li aria-level=\"1\"><i>comment mettre en tension votre voile<\/i><\/li><\/ul><p>\u00a0<\/p>\t\t\t\t\t\t\t\t<\/div>\n\t\t\t\t<\/div>\n\t\t\t\t\t<\/div>\n\t\t<\/div>\n\t\t\t\t\t<\/div>\n\t\t<\/section>\n\t\t\t\t<section class=\"elementor-section elementor-top-section elementor-element elementor-element-5d9abdfa elementor-section-full_width elementor-reverse-tablet elementor-reverse-mobile elementor-section-height-default elementor-section-height-default elementor-invisible\" data-id=\"5d9abdfa\" data-element_type=\"section\" data-settings=\"{&quot;background_background&quot;:&quot;classic&quot;,&quot;animation&quot;:&quot;fadeIn&quot;}\">\n\t\t\t\t\t\t<div class=\"elementor-container elementor-column-gap-no\">\n\t\t\t\t\t<div class=\"elementor-column elementor-col-50 elementor-top-column elementor-element elementor-element-2495cc77\" data-id=\"2495cc77\" data-element_type=\"column\">\n\t\t\t<div class=\"elementor-widget-wrap elementor-element-populated\">\n\t\t\t\t\t\t<div class=\"elementor-element elementor-element-3b087921 elementor-widget elementor-widget-heading\" data-id=\"3b087921\" data-element_type=\"widget\" data-widget_type=\"heading.default\">\n\t\t\t\t<div class=\"elementor-widget-container\">\n\t\t\t\t\t<h3 class=\"elementor-heading-title elementor-size-default\">La voile ombrage ajour\u00e9e<\/h3>\t\t\t\t<\/div>\n\t\t\t\t<\/div>\n\t\t\t\t<div class=\"elementor-element elementor-element-1c00b75d elementor-widget elementor-widget-text-editor\" data-id=\"1c00b75d\" data-element_type=\"widget\" data-widget_type=\"text-editor.default\">\n\t\t\t\t<div class=\"elementor-widget-container\">\n\t\t\t\t\t\t\t\t\t<p>L&rsquo;Australe 340, notre <strong>voile ombrage r\u00e9sistante au vent<\/strong>, se d\u00e9marque par sa r\u00e9sistance accrue, en faisant ainsi le choix optimal pour les terrasses expos\u00e9es aux vents forts, atteignant jusqu&rsquo;\u00e0 80 km\/h. Inspir\u00e9e des m\u00e9thodes de construction navale, cette <strong>voile ajour\u00e9e<\/strong> garantit une durabilit\u00e9 exceptionnelle et un excellent rapport qualit\u00e9\/prix, m\u00eame dans des conditions m\u00e9t\u00e9orologiques extr\u00eames. Son design robuste lui permet de faire face aux \u00e9l\u00e9ments les plus rigoureux, assurant une protection solaire et une intimit\u00e9 durables pour votre espace ext\u00e9rieur, en vous offrant une tranquillit\u00e9 d&rsquo;esprit si vous optez pour la version enroul\u00e9e.<\/p>\t\t\t\t\t\t\t\t<\/div>\n\t\t\t\t<\/div>\n\t\t\t\t<div class=\"elementor-element elementor-element-a0ac026 elementor-widget elementor-widget-heading\" data-id=\"a0ac026\" data-element_type=\"widget\" data-widget_type=\"heading.default\">\n\t\t\t\t<div class=\"elementor-widget-container\">\n\t\t\t\t\t<h3 class=\"elementor-heading-title elementor-size-default\">La toile d\u00e9perlante <\/h3>\t\t\t\t<\/div>\n\t\t\t\t<\/div>\n\t\t\t\t<div class=\"elementor-element elementor-element-4341fb1e elementor-widget elementor-widget-text-editor\" data-id=\"4341fb1e\" data-element_type=\"widget\" data-widget_type=\"text-editor.default\">\n\t\t\t\t<div class=\"elementor-widget-container\">\n\t\t\t\t\t\t\t\t\t<p>La <strong>toile d&rsquo;ombrage imperm\u00e9able<\/strong> Acryl 300, inspir\u00e9e des techniques de construction navale, offre une protection optimale contre les rayons du soleil et les averses, gr\u00e2ce \u00e0 son tissu 100% acrylique imperm\u00e9able. Cette <strong>toile d\u00e9perlante<\/strong> se distingue \u00e9galement par sa facilit\u00e9 d&rsquo;entretien, gr\u00e2ce \u00e0 un traitement anti-salissure et anti-moisissure, vous permettant de la maintenir en parfait \u00e9tat avec peu d&rsquo;efforts. De plus, sa capacit\u00e9 \u00e0 s\u00e9cher rapidement assure une utilisation optimale m\u00eame apr\u00e8s les intemp\u00e9ries. Profitez d&rsquo;un produit fiable et durable, alliant performance et praticit\u00e9 pour sublimer et prot\u00e9ger votre espace ext\u00e9rieur.<\/p><p>La toile Acryl 300 n\u2019est pas la version recommand\u00e9e pour une terrasse sur\u00e9lev\u00e9e. En effet, elle ne laisse passer ni air ni eau et r\u00e9siste moins bien aux vents forts.<\/p>\t\t\t\t\t\t\t\t<\/div>\n\t\t\t\t<\/div>\n\t\t\t\t\t<\/div>\n\t\t<\/div>\n\t\t\t\t<div class=\"elementor-column elementor-col-50 elementor-top-column elementor-element elementor-element-2854bf9b\" data-id=\"2854bf9b\" data-element_type=\"column\" data-settings=\"{&quot;background_background&quot;:&quot;classic&quot;}\">\n\t\t\t<div class=\"elementor-widget-wrap elementor-element-populated\">\n\t\t\t\t\t\t<div class=\"elementor-element elementor-element-278cf5cf elementor-widget elementor-widget-spacer\" data-id=\"278cf5cf\" data-element_type=\"widget\" data-widget_type=\"spacer.default\">\n\t\t\t\t<div class=\"elementor-widget-container\">\n\t\t\t\t\t\t\t<div class=\"elementor-spacer\">\n\t\t\t<div class=\"elementor-spacer-inner\"><\/div>\n\t\t<\/div>\n\t\t\t\t\t\t<\/div>\n\t\t\t\t<\/div>\n\t\t\t\t\t<\/div>\n\t\t<\/div>\n\t\t\t\t\t<\/div>\n\t\t<\/section>\n\t\t\t\t<section class=\"elementor-section elementor-top-section elementor-element elementor-element-5db31575 elementor-section-full_width elementor-section-height-min-height elementor-section-items-stretch elementor-section-content-middle elementor-section-height-default elementor-invisible\" data-id=\"5db31575\" data-element_type=\"section\" data-settings=\"{&quot;animation&quot;:&quot;fadeIn&quot;,&quot;background_background&quot;:&quot;classic&quot;}\">\n\t\t\t\t\t\t<div class=\"elementor-container elementor-column-gap-no\">\n\t\t\t\t\t<div class=\"elementor-column elementor-col-50 elementor-top-column elementor-element elementor-element-76dac68f\" data-id=\"76dac68f\" data-element_type=\"column\" data-settings=\"{&quot;background_background&quot;:&quot;classic&quot;}\">\n\t\t\t<div class=\"elementor-widget-wrap elementor-element-populated\">\n\t\t\t\t\t\t<div class=\"elementor-element elementor-element-790e21c5 elementor-widget elementor-widget-text-editor\" data-id=\"790e21c5\" data-element_type=\"widget\" data-widget_type=\"text-editor.default\">\n\t\t\t\t<div class=\"elementor-widget-container\">\n\t\t\t\t\t\t\t\t\t<p>Vous souhaitez recevoir un projet en 3D et un devis pour \u00e9quiper votre toit-terrasse? Envoyez-nous un plan de votre terrasse \u00e0 couvrir, qu\u2019il soit \u00e0 main lev\u00e9e ou un plan d\u2019architecte que vous avez ainsi que quelques photos et <a href=\"https:\/\/www.espace-ombrage.com\/fr\/content\/161-espace-pro\">demandez une \u00e9tude r\u00e9alis\u00e9e par nos experts.<\/a> Vous aurez un retour sous 72h, avec une projection en 3D de votre projet et un devis.\u00a0<\/p><p>Notre \u00e9quipe reste disponible par email \u00e0 <a href=\"mailto:contact@espace-ombrage.com\"><b>contact@espace-ombrage.com<\/b><\/a> ou par t\u00e9l\u00e9phone au <b>+33 3 62 27 60 60<\/b> pour r\u00e9pondre \u00e0 vos questions et vous accompagner dans votre projet.<\/p>\t\t\t\t\t\t\t\t<\/div>\n\t\t\t\t<\/div>\n\t\t\t\t\t<\/div>\n\t\t<\/div>\n\t\t\t\t<div class=\"elementor-column elementor-col-50 elementor-top-column elementor-element elementor-element-4a9f0676 elementor-hidden-tablet elementor-hidden-mobile\" data-id=\"4a9f0676\" data-element_type=\"column\" data-settings=\"{&quot;background_background&quot;:&quot;classic&quot;}\">\n\t\t\t<div class=\"elementor-widget-wrap elementor-element-populated\">\n\t\t\t\t\t\t<div class=\"elementor-element elementor-element-4b90f240 elementor-widget elementor-widget-image\" data-id=\"4b90f240\" data-element_type=\"widget\" data-widget_type=\"image.default\">\n\t\t\t\t<div class=\"elementor-widget-container\">\n\t\t\t\t\t\t\t\t\t\t\t\t\t\t\t<img decoding=\"async\" width=\"540\" height=\"540\" src=\"https:\/\/www.espace-ombrage.com\/blog\/wp-content\/uploads\/2023\/08\/australe-340-enrouleur.jpg\" class=\"attachment-full size-full wp-image-1495\" alt=\"Toile d&#039;ombrage ajour\u00e9e \u00e0 enrouleur sur balcon\" srcset=\"https:\/\/www.espace-ombrage.com\/blog\/wp-content\/uploads\/2023\/08\/australe-340-enrouleur.jpg 540w, https:\/\/www.espace-ombrage.com\/blog\/wp-content\/uploads\/2023\/08\/australe-340-enrouleur-300x300.jpg 300w, https:\/\/www.espace-ombrage.com\/blog\/wp-content\/uploads\/2023\/08\/australe-340-enrouleur-150x150.jpg 150w\" sizes=\"(max-width: 540px) 100vw, 540px\" \/>\t\t\t\t\t\t\t\t\t\t\t\t\t\t\t<\/div>\n\t\t\t\t<\/div>\n\t\t\t\t\t<\/div>\n\t\t<\/div>\n\t\t\t\t\t<\/div>\n\t\t<\/section>\n\t\t\t\t<section class=\"elementor-section elementor-top-section elementor-element elementor-element-4877916b elementor-section-boxed elementor-section-height-default elementor-section-height-default\" data-id=\"4877916b\" data-element_type=\"section\">\n\t\t\t\t\t\t<div class=\"elementor-container elementor-column-gap-default\">\n\t\t\t\t\t<div class=\"elementor-column elementor-col-100 elementor-top-column elementor-element elementor-element-e011fda\" data-id=\"e011fda\" data-element_type=\"column\">\n\t\t\t<div class=\"elementor-widget-wrap elementor-element-populated\">\n\t\t\t\t\t\t<div class=\"elementor-element elementor-element-6ec204f elementor-post-navigation-borders-yes elementor-widget elementor-widget-post-navigation\" data-id=\"6ec204f\" data-element_type=\"widget\" data-widget_type=\"post-navigation.default\">\n\t\t\t\t<div class=\"elementor-widget-container\">\n\t\t\t\t\t\t\t<div class=\"elementor-post-navigation\">\n\t\t\t<div class=\"elementor-post-navigation__prev elementor-post-navigation__link\">\n\t\t\t\t<a href=\"https:\/\/www.espace-ombrage.com\/blog\/comment-faire-de-lombre-sur-une-terrasse-en-plein-sud\/\" rel=\"prev\"><span class=\"post-navigation__arrow-wrapper post-navigation__arrow-prev\"><i class=\"fa fa-caret-left\" aria-hidden=\"true\"><\/i><span class=\"elementor-screen-only\">Pr\u00e9c\u00e9dent<\/span><\/span><span class=\"elementor-post-navigation__link__prev\"><span class=\"post-navigation__prev--label\">Pr\u00e9c\u00e9dent<\/span><span class=\"post-navigation__prev--title\">Comment faire de l&rsquo;ombre sur une terrasse en plein sud ?<\/span><\/span><\/a>\t\t\t<\/div>\n\t\t\t\t\t\t\t<div class=\"elementor-post-navigation__separator-wrapper\">\n\t\t\t\t\t<div class=\"elementor-post-navigation__separator\"><\/div>\n\t\t\t\t<\/div>\n\t\t\t\t\t\t<div class=\"elementor-post-navigation__next elementor-post-navigation__link\">\n\t\t\t\t<a href=\"https:\/\/www.espace-ombrage.com\/blog\/quelle-solution-dombrage-pour-une-protection-solaire-optimale\/\" rel=\"next\"><span class=\"elementor-post-navigation__link__next\"><span class=\"post-navigation__next--label\">Suivant<\/span><span class=\"post-navigation__next--title\">Quelle solution d&rsquo;ombrage pour une protection solaire optimale ?<\/span><\/span><span class=\"post-navigation__arrow-wrapper post-navigation__arrow-next\"><i class=\"fa fa-caret-right\" aria-hidden=\"true\"><\/i><span class=\"elementor-screen-only\">Suivant<\/span><\/span><\/a>\t\t\t<\/div>\n\t\t<\/div>\n\t\t\t\t\t\t<\/div>\n\t\t\t\t<\/div>\n\t\t\t\t\t<\/div>\n\t\t<\/div>\n\t\t\t\t\t<\/div>\n\t\t<\/section>\n\t\t\t\t<section class=\"elementor-section elementor-top-section elementor-element elementor-element-a2971aa elementor-section-boxed elementor-section-height-default elementor-section-height-default\" data-id=\"a2971aa\" data-element_type=\"section\">\n\t\t\t\t\t\t<div class=\"elementor-container elementor-column-gap-default\">\n\t\t\t\t\t<div class=\"elementor-column elementor-col-100 elementor-top-column elementor-element elementor-element-b55bffb\" data-id=\"b55bffb\" data-element_type=\"column\">\n\t\t\t<div class=\"elementor-widget-wrap elementor-element-populated\">\n\t\t\t\t\t\t<div class=\"elementor-element elementor-element-9a13281 elementor-widget elementor-widget-html\" data-id=\"9a13281\" data-element_type=\"widget\" data-widget_type=\"html.default\">\n\t\t\t\t<div class=\"elementor-widget-container\">\n\t\t\t\t\t<script type=\"application\/ld+json\">\n{\n  \"@context\": \"https:\/\/schema.org\",\n  \"@type\": \"VideoObject\",\n  \"name\": \"Comment installer une voile d'ombrage \u00e0 enrouleur ? M\u00e2t V2 (Tutoriel VF - Espace Ombrage)\",\n  \"description\": \"Espace Ombrage vous pr\u00e9sente sa nouvelle vid\u00e9o tutoriel, comment installer une voile d'ombrage \u00e0 enrouleur. D\u00e9couvrez chaque \u00e9tape de l'installation et devenez des experts de la toile d'ombrage. 00:00 Introduction 00:17 Rep\u00e9rage des points de fixations 02:08 Installation des points de fixations 04:38 Pr\u00e9parer la voile et le m\u00e2t 06:53 Installation de la voile\n09:09 Fonctionnement de la voile 10:17 Astuces hivernage\",\n  \"thumbnailUrl\": \"https:\/\/i.ytimg.com\/vi\/aj6Kp7i-7DY\/maxresdefault.jpg\",\n  \"uploadDate\": \"2020-11-05\",\n  \"duration\": \"PT11M4S\",\n  \"embedUrl\": \"https:\/\/www.youtube.com\/embed\/aj6Kp7i-7DY?si=2r3O0S8G2_XOPffm\"\n}\n<\/script>\t\t\t\t<\/div>\n\t\t\t\t<\/div>\n\t\t\t\t\t<\/div>\n\t\t<\/div>\n\t\t\t\t\t<\/div>\n\t\t<\/section>\n\t\t\t\t<\/div>\n\t\t","protected":false},"excerpt":{"rendered":"<p>Apportez \u00e9l\u00e9gance et confort \u00e0 votre rooftop : la voile d\u2019ombrage transforme vos toits en v\u00e9ritables \u00eelots de fra\u00eecheur, pratiques et design.<\/p>\n","protected":false},"author":2,"featured_media":1532,"comment_status":"open","ping_status":"open","sticky":false,"template":"elementor_header_footer","format":"standard","meta":{"footnotes":""},"categories":[5,2],"tags":[138,34,136,141,139,137,23,135,140,142,16,125],"class_list":["post-3870","post","type-post","status-publish","format-standard","has-post-thumbnail","hentry","category-nos-conseils","category-cat1","tag-embase-a-visser","tag-fixation-murale-voile-ombrage","tag-fixation-pour-voile-ombrage","tag-piquet","tag-platine-murale","tag-points-dancrage","tag-protection-solaire","tag-rooftops","tag-support-pour-lest","tag-toile-solaire","tag-voile-dombrage","tag-voile-dombrage-enroulable"],"yoast_head":"<!-- This site is optimized with the Yoast SEO plugin v23.6 - https:\/\/yoast.com\/wordpress\/plugins\/seo\/ -->\n<title>La voile, toile d&#039;ombrage : Protection solaire id\u00e9ale pour vos roof tops | Espace Ombrage<\/title>\n<meta name=\"robots\" content=\"index, follow, max-snippet:-1, max-image-preview:large, max-video-preview:-1\" \/>\n<link rel=\"canonical\" href=\"https:\/\/www.espace-ombrage.com\/blog\/la-voile-dombrage-la-protection-solaire-ideale-pour-vos-roof-tops\/\" \/>\n<meta property=\"og:locale\" content=\"fr_FR\" \/>\n<meta property=\"og:type\" content=\"article\" \/>\n<meta property=\"og:title\" content=\"La voile, toile d&#039;ombrage : Protection solaire id\u00e9ale pour vos roof tops | Espace Ombrage\" \/>\n<meta property=\"og:description\" content=\"Apportez \u00e9l\u00e9gance et confort \u00e0 votre rooftop : la voile d\u2019ombrage transforme vos toits en v\u00e9ritables \u00eelots de fra\u00eecheur, pratiques et design.\" \/>\n<meta property=\"og:url\" content=\"https:\/\/www.espace-ombrage.com\/blog\/la-voile-dombrage-la-protection-solaire-ideale-pour-vos-roof-tops\/\" \/>\n<meta property=\"og:site_name\" content=\"Espace Ombrage\" \/>\n<meta property=\"article:published_time\" content=\"2024-05-24T10:00:00+00:00\" \/>\n<meta property=\"article:modified_time\" content=\"2025-09-03T10:13:47+00:00\" \/>\n<meta property=\"og:image\" content=\"https:\/\/www.espace-ombrage.com\/blog\/wp-content\/uploads\/2023\/09\/Voile-ombrage-enroulee-terrasse-scaled.jpg\" \/>\n\t<meta property=\"og:image:width\" content=\"2560\" \/>\n\t<meta property=\"og:image:height\" content=\"1920\" \/>\n\t<meta property=\"og:image:type\" content=\"image\/jpeg\" \/>\n<meta name=\"author\" content=\"admin-ombrage\" \/>\n<meta name=\"twitter:card\" content=\"summary_large_image\" \/>\n<meta name=\"twitter:label1\" content=\"\u00c9crit par\" \/>\n\t<meta name=\"twitter:data1\" content=\"admin-ombrage\" \/>\n\t<meta name=\"twitter:label2\" content=\"Dur\u00e9e de lecture estim\u00e9e\" \/>\n\t<meta name=\"twitter:data2\" content=\"7 minutes\" \/>\n<script type=\"application\/ld+json\" class=\"yoast-schema-graph\">{\"@context\":\"https:\/\/schema.org\",\"@graph\":[{\"@type\":\"WebPage\",\"@id\":\"https:\/\/www.espace-ombrage.com\/blog\/la-voile-dombrage-la-protection-solaire-ideale-pour-vos-roof-tops\/\",\"url\":\"https:\/\/www.espace-ombrage.com\/blog\/la-voile-dombrage-la-protection-solaire-ideale-pour-vos-roof-tops\/\",\"name\":\"La voile, toile d'ombrage : Protection solaire id\u00e9ale pour vos roof tops | Espace Ombrage\",\"isPartOf\":{\"@id\":\"https:\/\/www.espace-ombrage.com\/blog\/#website\"},\"primaryImageOfPage\":{\"@id\":\"https:\/\/www.espace-ombrage.com\/blog\/la-voile-dombrage-la-protection-solaire-ideale-pour-vos-roof-tops\/#primaryimage\"},\"image\":{\"@id\":\"https:\/\/www.espace-ombrage.com\/blog\/la-voile-dombrage-la-protection-solaire-ideale-pour-vos-roof-tops\/#primaryimage\"},\"thumbnailUrl\":\"https:\/\/www.espace-ombrage.com\/blog\/wp-content\/uploads\/2023\/09\/Voile-ombrage-enroulee-terrasse-scaled.jpg\",\"datePublished\":\"2024-05-24T10:00:00+00:00\",\"dateModified\":\"2025-09-03T10:13:47+00:00\",\"author\":{\"@id\":\"https:\/\/www.espace-ombrage.com\/blog\/#\/schema\/person\/9b223e71f82520b376e08b8d0d4c7691\"},\"breadcrumb\":{\"@id\":\"https:\/\/www.espace-ombrage.com\/blog\/la-voile-dombrage-la-protection-solaire-ideale-pour-vos-roof-tops\/#breadcrumb\"},\"inLanguage\":\"fr-FR\",\"potentialAction\":[{\"@type\":\"ReadAction\",\"target\":[\"https:\/\/www.espace-ombrage.com\/blog\/la-voile-dombrage-la-protection-solaire-ideale-pour-vos-roof-tops\/\"]}]},{\"@type\":\"ImageObject\",\"inLanguage\":\"fr-FR\",\"@id\":\"https:\/\/www.espace-ombrage.com\/blog\/la-voile-dombrage-la-protection-solaire-ideale-pour-vos-roof-tops\/#primaryimage\",\"url\":\"https:\/\/www.espace-ombrage.com\/blog\/wp-content\/uploads\/2023\/09\/Voile-ombrage-enroulee-terrasse-scaled.jpg\",\"contentUrl\":\"https:\/\/www.espace-ombrage.com\/blog\/wp-content\/uploads\/2023\/09\/Voile-ombrage-enroulee-terrasse-scaled.jpg\",\"width\":2560,\"height\":1920,\"caption\":\"Une voile solaire deco terrasse enroul\u00e9e sur un roof top\"},{\"@type\":\"BreadcrumbList\",\"@id\":\"https:\/\/www.espace-ombrage.com\/blog\/la-voile-dombrage-la-protection-solaire-ideale-pour-vos-roof-tops\/#breadcrumb\",\"itemListElement\":[{\"@type\":\"ListItem\",\"position\":1,\"name\":\"Espace Ombrage\",\"item\":\"https:\/\/www.espace-ombrage.com\/blog\/\"},{\"@type\":\"ListItem\",\"position\":2,\"name\":\"La voile d&rsquo;ombrage : la protection solaire id\u00e9ale pour vos roof tops\",\"item\":\"https:\/\/www.espace-ombrage.com\/blog\/la-voile-dombrage-la-protection-solaire-ideale-pour-vos-roof-tops\/\"}]},{\"@type\":\"WebSite\",\"@id\":\"https:\/\/www.espace-ombrage.com\/blog\/#website\",\"url\":\"https:\/\/www.espace-ombrage.com\/blog\/\",\"name\":\"Espace Ombrage\",\"description\":\"\",\"potentialAction\":[{\"@type\":\"SearchAction\",\"target\":{\"@type\":\"EntryPoint\",\"urlTemplate\":\"https:\/\/www.espace-ombrage.com\/blog\/?s={search_term_string}\"},\"query-input\":{\"@type\":\"PropertyValueSpecification\",\"valueRequired\":true,\"valueName\":\"search_term_string\"}}],\"inLanguage\":\"fr-FR\"},{\"@type\":\"Person\",\"@id\":\"https:\/\/www.espace-ombrage.com\/blog\/#\/schema\/person\/9b223e71f82520b376e08b8d0d4c7691\",\"name\":\"admin-ombrage\",\"image\":{\"@type\":\"ImageObject\",\"inLanguage\":\"fr-FR\",\"@id\":\"https:\/\/www.espace-ombrage.com\/blog\/#\/schema\/person\/image\/\",\"url\":\"https:\/\/secure.gravatar.com\/avatar\/da964888ae868660e9f41df5c83a352c8bbcfeb83d9ed86d4d1d93ca7b092bac?s=96&d=mm&r=g\",\"contentUrl\":\"https:\/\/secure.gravatar.com\/avatar\/da964888ae868660e9f41df5c83a352c8bbcfeb83d9ed86d4d1d93ca7b092bac?s=96&d=mm&r=g\",\"caption\":\"admin-ombrage\"},\"url\":\"https:\/\/www.espace-ombrage.com\/blog\/author\/admin-ombrage\/\"}]}<\/script>\n<!-- \/ Yoast SEO plugin. -->","yoast_head_json":{"title":"La voile, toile d'ombrage : Protection solaire id\u00e9ale pour vos roof tops | Espace Ombrage","robots":{"index":"index","follow":"follow","max-snippet":"max-snippet:-1","max-image-preview":"max-image-preview:large","max-video-preview":"max-video-preview:-1"},"canonical":"https:\/\/www.espace-ombrage.com\/blog\/la-voile-dombrage-la-protection-solaire-ideale-pour-vos-roof-tops\/","og_locale":"fr_FR","og_type":"article","og_title":"La voile, toile d'ombrage : Protection solaire id\u00e9ale pour vos roof tops | Espace Ombrage","og_description":"Apportez \u00e9l\u00e9gance et confort \u00e0 votre rooftop : la voile d\u2019ombrage transforme vos toits en v\u00e9ritables \u00eelots de fra\u00eecheur, pratiques et design.","og_url":"https:\/\/www.espace-ombrage.com\/blog\/la-voile-dombrage-la-protection-solaire-ideale-pour-vos-roof-tops\/","og_site_name":"Espace Ombrage","article_published_time":"2024-05-24T10:00:00+00:00","article_modified_time":"2025-09-03T10:13:47+00:00","og_image":[{"width":2560,"height":1920,"url":"https:\/\/www.espace-ombrage.com\/blog\/wp-content\/uploads\/2023\/09\/Voile-ombrage-enroulee-terrasse-scaled.jpg","type":"image\/jpeg"}],"author":"admin-ombrage","twitter_card":"summary_large_image","twitter_misc":{"\u00c9crit par":"admin-ombrage","Dur\u00e9e de lecture estim\u00e9e":"7 minutes"},"schema":{"@context":"https:\/\/schema.org","@graph":[{"@type":"WebPage","@id":"https:\/\/www.espace-ombrage.com\/blog\/la-voile-dombrage-la-protection-solaire-ideale-pour-vos-roof-tops\/","url":"https:\/\/www.espace-ombrage.com\/blog\/la-voile-dombrage-la-protection-solaire-ideale-pour-vos-roof-tops\/","name":"La voile, toile d'ombrage : Protection solaire id\u00e9ale pour vos roof tops | Espace Ombrage","isPartOf":{"@id":"https:\/\/www.espace-ombrage.com\/blog\/#website"},"primaryImageOfPage":{"@id":"https:\/\/www.espace-ombrage.com\/blog\/la-voile-dombrage-la-protection-solaire-ideale-pour-vos-roof-tops\/#primaryimage"},"image":{"@id":"https:\/\/www.espace-ombrage.com\/blog\/la-voile-dombrage-la-protection-solaire-ideale-pour-vos-roof-tops\/#primaryimage"},"thumbnailUrl":"https:\/\/www.espace-ombrage.com\/blog\/wp-content\/uploads\/2023\/09\/Voile-ombrage-enroulee-terrasse-scaled.jpg","datePublished":"2024-05-24T10:00:00+00:00","dateModified":"2025-09-03T10:13:47+00:00","author":{"@id":"https:\/\/www.espace-ombrage.com\/blog\/#\/schema\/person\/9b223e71f82520b376e08b8d0d4c7691"},"breadcrumb":{"@id":"https:\/\/www.espace-ombrage.com\/blog\/la-voile-dombrage-la-protection-solaire-ideale-pour-vos-roof-tops\/#breadcrumb"},"inLanguage":"fr-FR","potentialAction":[{"@type":"ReadAction","target":["https:\/\/www.espace-ombrage.com\/blog\/la-voile-dombrage-la-protection-solaire-ideale-pour-vos-roof-tops\/"]}]},{"@type":"ImageObject","inLanguage":"fr-FR","@id":"https:\/\/www.espace-ombrage.com\/blog\/la-voile-dombrage-la-protection-solaire-ideale-pour-vos-roof-tops\/#primaryimage","url":"https:\/\/www.espace-ombrage.com\/blog\/wp-content\/uploads\/2023\/09\/Voile-ombrage-enroulee-terrasse-scaled.jpg","contentUrl":"https:\/\/www.espace-ombrage.com\/blog\/wp-content\/uploads\/2023\/09\/Voile-ombrage-enroulee-terrasse-scaled.jpg","width":2560,"height":1920,"caption":"Une voile solaire deco terrasse enroul\u00e9e sur un roof top"},{"@type":"BreadcrumbList","@id":"https:\/\/www.espace-ombrage.com\/blog\/la-voile-dombrage-la-protection-solaire-ideale-pour-vos-roof-tops\/#breadcrumb","itemListElement":[{"@type":"ListItem","position":1,"name":"Espace Ombrage","item":"https:\/\/www.espace-ombrage.com\/blog\/"},{"@type":"ListItem","position":2,"name":"La voile d&rsquo;ombrage : la protection solaire id\u00e9ale pour vos roof tops","item":"https:\/\/www.espace-ombrage.com\/blog\/la-voile-dombrage-la-protection-solaire-ideale-pour-vos-roof-tops\/"}]},{"@type":"WebSite","@id":"https:\/\/www.espace-ombrage.com\/blog\/#website","url":"https:\/\/www.espace-ombrage.com\/blog\/","name":"Espace Ombrage","description":"","potentialAction":[{"@type":"SearchAction","target":{"@type":"EntryPoint","urlTemplate":"https:\/\/www.espace-ombrage.com\/blog\/?s={search_term_string}"},"query-input":{"@type":"PropertyValueSpecification","valueRequired":true,"valueName":"search_term_string"}}],"inLanguage":"fr-FR"},{"@type":"Person","@id":"https:\/\/www.espace-ombrage.com\/blog\/#\/schema\/person\/9b223e71f82520b376e08b8d0d4c7691","name":"admin-ombrage","image":{"@type":"ImageObject","inLanguage":"fr-FR","@id":"https:\/\/www.espace-ombrage.com\/blog\/#\/schema\/person\/image\/","url":"https:\/\/secure.gravatar.com\/avatar\/da964888ae868660e9f41df5c83a352c8bbcfeb83d9ed86d4d1d93ca7b092bac?s=96&d=mm&r=g","contentUrl":"https:\/\/secure.gravatar.com\/avatar\/da964888ae868660e9f41df5c83a352c8bbcfeb83d9ed86d4d1d93ca7b092bac?s=96&d=mm&r=g","caption":"admin-ombrage"},"url":"https:\/\/www.espace-ombrage.com\/blog\/author\/admin-ombrage\/"}]}},"_links":{"self":[{"href":"https:\/\/www.espace-ombrage.com\/blog\/wp-json\/wp\/v2\/posts\/3870","targetHints":{"allow":["GET"]}}],"collection":[{"href":"https:\/\/www.espace-ombrage.com\/blog\/wp-json\/wp\/v2\/posts"}],"about":[{"href":"https:\/\/www.espace-ombrage.com\/blog\/wp-json\/wp\/v2\/types\/post"}],"author":[{"embeddable":true,"href":"https:\/\/www.espace-ombrage.com\/blog\/wp-json\/wp\/v2\/users\/2"}],"replies":[{"embeddable":true,"href":"https:\/\/www.espace-ombrage.com\/blog\/wp-json\/wp\/v2\/comments?post=3870"}],"version-history":[{"count":29,"href":"https:\/\/www.espace-ombrage.com\/blog\/wp-json\/wp\/v2\/posts\/3870\/revisions"}],"predecessor-version":[{"id":5635,"href":"https:\/\/www.espace-ombrage.com\/blog\/wp-json\/wp\/v2\/posts\/3870\/revisions\/5635"}],"wp:featuredmedia":[{"embeddable":true,"href":"https:\/\/www.espace-ombrage.com\/blog\/wp-json\/wp\/v2\/media\/1532"}],"wp:attachment":[{"href":"https:\/\/www.espace-ombrage.com\/blog\/wp-json\/wp\/v2\/media?parent=3870"}],"wp:term":[{"taxonomy":"category","embeddable":true,"href":"https:\/\/www.espace-ombrage.com\/blog\/wp-json\/wp\/v2\/categories?post=3870"},{"taxonomy":"post_tag","embeddable":true,"href":"https:\/\/www.espace-ombrage.com\/blog\/wp-json\/wp\/v2\/tags?post=3870"}],"curies":[{"name":"wp","href":"https:\/\/api.w.org\/{rel}","templated":true}]}}