{"id":39,"date":"2018-11-16T16:00:18","date_gmt":"2018-11-16T15:00:18","guid":{"rendered":"https:\/\/www.espace-ombrage.com\/blog\/2018\/11\/16\/les-tendances-a-venir-pour-vos-jardins\/"},"modified":"2025-12-02T15:13:57","modified_gmt":"2025-12-02T14:13:57","slug":"les-tendances-a-venir-pour-vos-jardins","status":"publish","type":"post","link":"https:\/\/www.espace-ombrage.com\/blog\/les-tendances-a-venir-pour-vos-jardins\/","title":{"rendered":"Les tendances \u00e0 venir pour vos jardins"},"content":{"rendered":"\t\t<div data-elementor-type=\"wp-post\" data-elementor-id=\"39\" class=\"elementor elementor-39\" data-elementor-post-type=\"post\">\n\t\t\t\t\t\t<section class=\"elementor-section elementor-top-section elementor-element elementor-element-113953ce elementor-section-full_width elementor-section-content-bottom elementor-hidden-tablet elementor-section-height-default elementor-section-height-default\" data-id=\"113953ce\" data-element_type=\"section\">\n\t\t\t\t\t\t<div class=\"elementor-container elementor-column-gap-narrow\">\n\t\t\t\t\t<div class=\"elementor-column elementor-col-50 elementor-top-column elementor-element elementor-element-e290a46\" data-id=\"e290a46\" data-element_type=\"column\" data-settings=\"{&quot;background_background&quot;:&quot;classic&quot;}\">\n\t\t\t<div class=\"elementor-widget-wrap elementor-element-populated\">\n\t\t\t\t\t\t<div class=\"elementor-element elementor-element-75f756b6 elementor-widget__width-initial elementor-widget elementor-widget-heading\" data-id=\"75f756b6\" data-element_type=\"widget\" data-widget_type=\"heading.default\">\n\t\t\t\t<div class=\"elementor-widget-container\">\n\t\t\t\t\t<h1 class=\"elementor-heading-title elementor-size-default\">Les tendances \u00e0 venir pour vos jardins<\/h1>\t\t\t\t<\/div>\n\t\t\t\t<\/div>\n\t\t\t\t\t<\/div>\n\t\t<\/div>\n\t\t\t\t<div class=\"elementor-column elementor-col-25 elementor-top-column elementor-element elementor-element-bc9604c\" data-id=\"bc9604c\" data-element_type=\"column\">\n\t\t\t<div class=\"elementor-widget-wrap elementor-element-populated\">\n\t\t\t\t\t\t<div class=\"elementor-element elementor-element-656939c elementor-hidden-tablet elementor-hidden-mobile elementor-widget elementor-widget-image\" data-id=\"656939c\" data-element_type=\"widget\" data-widget_type=\"image.default\">\n\t\t\t\t<div class=\"elementor-widget-container\">\n\t\t\t\t\t\t\t\t\t\t\t\t\t\t\t<img fetchpriority=\"high\" decoding=\"async\" width=\"1180\" height=\"700\" src=\"https:\/\/www.espace-ombrage.com\/blog\/wp-content\/uploads\/2018\/11\/tendances-fermob-chaleur.png\" class=\"attachment-full size-full wp-image-590\" alt=\"Am\u00e9nagement de jardin avec une toile d&#039;ext\u00e9rieur\" srcset=\"https:\/\/www.espace-ombrage.com\/blog\/wp-content\/uploads\/2018\/11\/tendances-fermob-chaleur.png 1180w, https:\/\/www.espace-ombrage.com\/blog\/wp-content\/uploads\/2018\/11\/tendances-fermob-chaleur-300x178.png 300w, https:\/\/www.espace-ombrage.com\/blog\/wp-content\/uploads\/2018\/11\/tendances-fermob-chaleur-1024x607.png 1024w, https:\/\/www.espace-ombrage.com\/blog\/wp-content\/uploads\/2018\/11\/tendances-fermob-chaleur-768x456.png 768w\" sizes=\"(max-width: 1180px) 100vw, 1180px\" \/>\t\t\t\t\t\t\t\t\t\t\t\t\t\t\t<\/div>\n\t\t\t\t<\/div>\n\t\t\t\t\t<\/div>\n\t\t<\/div>\n\t\t\t\t<div class=\"elementor-column elementor-col-25 elementor-top-column elementor-element elementor-element-72641f4d\" data-id=\"72641f4d\" data-element_type=\"column\">\n\t\t\t<div class=\"elementor-widget-wrap elementor-element-populated\">\n\t\t\t\t\t\t<div class=\"elementor-element elementor-element-62af277c elementor-widget-mobile__width-initial animated-slow elementor-widget-tablet__width-initial elementor-invisible elementor-widget elementor-widget-spacer\" data-id=\"62af277c\" data-element_type=\"widget\" data-settings=\"{&quot;_animation&quot;:&quot;fadeInRight&quot;}\" data-widget_type=\"spacer.default\">\n\t\t\t\t<div class=\"elementor-widget-container\">\n\t\t\t\t\t\t\t<div class=\"elementor-spacer\">\n\t\t\t<div class=\"elementor-spacer-inner\"><\/div>\n\t\t<\/div>\n\t\t\t\t\t\t<\/div>\n\t\t\t\t<\/div>\n\t\t\t\t\t<\/div>\n\t\t<\/div>\n\t\t\t\t\t<\/div>\n\t\t<\/section>\n\t\t\t\t<section class=\"elementor-section elementor-top-section elementor-element elementor-element-3b952af0 elementor-section-boxed elementor-section-height-default elementor-section-height-default elementor-invisible\" data-id=\"3b952af0\" data-element_type=\"section\" data-settings=\"{&quot;animation&quot;:&quot;fadeIn&quot;}\">\n\t\t\t\t\t\t<div class=\"elementor-container elementor-column-gap-default\">\n\t\t\t\t\t<div class=\"elementor-column elementor-col-100 elementor-top-column elementor-element elementor-element-5820f8c2\" data-id=\"5820f8c2\" data-element_type=\"column\">\n\t\t\t<div class=\"elementor-widget-wrap elementor-element-populated\">\n\t\t\t\t\t\t<div class=\"elementor-element elementor-element-17e8587c elementor-widget__width-initial elementor-widget elementor-widget-text-editor\" data-id=\"17e8587c\" data-element_type=\"widget\" data-widget_type=\"text-editor.default\">\n\t\t\t\t<div class=\"elementor-widget-container\">\n\t\t\t\t\t\t\t\t\t<p>Si vous pensez \u00e0 acheter une <strong><a href=\"https:\/\/www.espace-ombrage.com\/fr\/3-voile-d-ombrage\">voile d\u2019ombrage<\/a><\/strong> pour \u00e9quiper votre terrasse, c\u2019est que vous avez la volont\u00e9 de faire de vos espaces ext\u00e9rieurs de v\u00e9ritables <b>espaces de vie<\/b>. Alors voici donc <b>quelques inspirations pour vous aider \u00e0 pr\u00e9parer votre jardin pour l\u2019\u00e9t\u00e9<\/b>. Si vous avez de gros travaux \u00e0 r\u00e9aliser, c\u2019est en hiver qu\u2019il faut s\u2019y mettre pour \u00eatre pr\u00eat au printemps\u00a0!<\/p>\t\t\t\t\t\t\t\t<\/div>\n\t\t\t\t<\/div>\n\t\t\t\t<div class=\"elementor-element elementor-element-715c9c22 elementor-align-center elementor-widget elementor-widget-button\" data-id=\"715c9c22\" data-element_type=\"widget\" data-widget_type=\"button.default\">\n\t\t\t\t<div class=\"elementor-widget-container\">\n\t\t\t\t\t\t\t\t\t<div class=\"elementor-button-wrapper\">\n\t\t\t\t\t<a class=\"elementor-button elementor-button-link elementor-size-sm\" href=\"https:\/\/www.espace-ombrage.com\/fr\/3-voile-d-ombrage\" target=\"_blank\">\n\t\t\t\t\t\t<span class=\"elementor-button-content-wrapper\">\n\t\t\t\t\t\t\t\t\t<span class=\"elementor-button-text\">Je veux sublimer mon ext\u00e9rieur avec une voile ombrage<\/span>\n\t\t\t\t\t<\/span>\n\t\t\t\t\t<\/a>\n\t\t\t\t<\/div>\n\t\t\t\t\t\t\t\t<\/div>\n\t\t\t\t<\/div>\n\t\t\t\t\t<\/div>\n\t\t<\/div>\n\t\t\t\t\t<\/div>\n\t\t<\/section>\n\t\t\t\t<section class=\"elementor-section elementor-top-section elementor-element elementor-element-185f7b4 elementor-section-boxed elementor-section-height-default elementor-section-height-default elementor-invisible\" data-id=\"185f7b4\" data-element_type=\"section\" data-settings=\"{&quot;animation&quot;:&quot;fadeIn&quot;,&quot;background_background&quot;:&quot;classic&quot;}\">\n\t\t\t\t\t\t<div class=\"elementor-container elementor-column-gap-default\">\n\t\t\t\t\t<div class=\"elementor-column elementor-col-100 elementor-top-column elementor-element elementor-element-db99321\" data-id=\"db99321\" data-element_type=\"column\">\n\t\t\t<div class=\"elementor-widget-wrap elementor-element-populated\">\n\t\t\t\t\t\t<div class=\"elementor-element elementor-element-5c5f573 elementor-widget elementor-widget-heading\" data-id=\"5c5f573\" data-element_type=\"widget\" data-widget_type=\"heading.default\">\n\t\t\t\t<div class=\"elementor-widget-container\">\n\t\t\t\t\t<h2 class=\"elementor-heading-title elementor-size-default\">Comment am\u00e9nager votre terrasse avec une voile d'ombrage ?<\/h2>\t\t\t\t<\/div>\n\t\t\t\t<\/div>\n\t\t\t\t<div class=\"elementor-element elementor-element-71e2b9e elementor-widget elementor-widget-text-editor\" data-id=\"71e2b9e\" data-element_type=\"widget\" data-widget_type=\"text-editor.default\">\n\t\t\t\t<div class=\"elementor-widget-container\">\n\t\t\t\t\t\t\t\t\t<p><strong>Pour fixer une voile d&rsquo;ombrage<\/strong>, il faut pr\u00e9voir des points d&rsquo;accroches. Ceux-ci sont en g\u00e9n\u00e9ral sur des murs de fa\u00e7ade d&rsquo;un c\u00f4t\u00e9 et sur des m\u00e2ts r\u00e9glables de l&rsquo;autre. Vous avez plusieurs options pour fixer des<a href=\"https:\/\/www.espace-ombrage.com\/fr\/mats-et-accessoires\/10-mat-reglable-pour-voile-d-ombrage.html\"><span style=\"text-decoration: underline;\"><strong> poteaux<\/strong><\/span><\/a>. Ceux-ci peuvent \u00eatre scell\u00e9s dans votre sol, visser sur votre terrasse ou sur votre muret ou garde corps.<\/p><p><\/p>\t\t\t\t\t\t\t\t<\/div>\n\t\t\t\t<\/div>\n\t\t\t\t<div class=\"elementor-element elementor-element-c34a0bd elementor-widget elementor-widget-video\" data-id=\"c34a0bd\" data-element_type=\"widget\" data-settings=\"{&quot;youtube_url&quot;:&quot;https:\\\/\\\/youtu.be\\\/e2On5DFpawY&quot;,&quot;video_type&quot;:&quot;youtube&quot;,&quot;controls&quot;:&quot;yes&quot;}\" data-widget_type=\"video.default\">\n\t\t\t\t<div class=\"elementor-widget-container\">\n\t\t\t\t\t\t\t<div class=\"elementor-wrapper elementor-open-inline\">\n\t\t\t<div class=\"elementor-video\"><\/div>\t\t<\/div>\n\t\t\t\t\t\t<\/div>\n\t\t\t\t<\/div>\n\t\t\t\t<div class=\"elementor-element elementor-element-7e5c939 elementor-widget elementor-widget-text-editor\" data-id=\"7e5c939\" data-element_type=\"widget\" data-widget_type=\"text-editor.default\">\n\t\t\t\t<div class=\"elementor-widget-container\">\n\t\t\t\t\t\t\t\t\t<p><em>Dans cette vid\u00e9o nous vous expliquons pourquoi choisir notre piquet pour voile d&rsquo;ombrage. Nous pr\u00e9sentons :<\/em><\/p><ul><li><em>ses couleurs<\/em><\/li><li><em>ses avantages<\/em><\/li><li><em>ses diff\u00e9rents types d&#8217;embases<\/em><\/li><\/ul>\t\t\t\t\t\t\t\t<\/div>\n\t\t\t\t<\/div>\n\t\t\t\t\t<\/div>\n\t\t<\/div>\n\t\t\t\t\t<\/div>\n\t\t<\/section>\n\t\t\t\t<section class=\"elementor-section elementor-top-section elementor-element elementor-element-2694a8b5 elementor-section-full_width elementor-section-height-default elementor-section-height-default elementor-invisible\" data-id=\"2694a8b5\" data-element_type=\"section\" data-settings=\"{&quot;animation&quot;:&quot;fadeIn&quot;}\">\n\t\t\t\t\t\t<div class=\"elementor-container elementor-column-gap-no\">\n\t\t\t\t\t<div class=\"elementor-column elementor-col-50 elementor-top-column elementor-element elementor-element-45724aef elementor-hidden-tablet elementor-hidden-mobile\" data-id=\"45724aef\" data-element_type=\"column\" data-settings=\"{&quot;background_background&quot;:&quot;classic&quot;}\">\n\t\t\t<div class=\"elementor-widget-wrap elementor-element-populated\">\n\t\t\t\t\t\t<div class=\"elementor-element elementor-element-c7bc5ae elementor-widget elementor-widget-image\" data-id=\"c7bc5ae\" data-element_type=\"widget\" data-widget_type=\"image.default\">\n\t\t\t\t<div class=\"elementor-widget-container\">\n\t\t\t\t\t\t\t\t\t\t\t\t\t\t\t<img decoding=\"async\" width=\"1080\" height=\"1080\" src=\"https:\/\/www.espace-ombrage.com\/blog\/wp-content\/uploads\/2024\/09\/toiles-tendues-restaurant-couvrance-tables-clients-min.jpg\" class=\"attachment-full size-full wp-image-4311\" alt=\"Toile ombrage impermeable rouge pour une terrasse de restaurant\" srcset=\"https:\/\/www.espace-ombrage.com\/blog\/wp-content\/uploads\/2024\/09\/toiles-tendues-restaurant-couvrance-tables-clients-min.jpg 1080w, https:\/\/www.espace-ombrage.com\/blog\/wp-content\/uploads\/2024\/09\/toiles-tendues-restaurant-couvrance-tables-clients-min-300x300.jpg 300w, https:\/\/www.espace-ombrage.com\/blog\/wp-content\/uploads\/2024\/09\/toiles-tendues-restaurant-couvrance-tables-clients-min-1024x1024.jpg 1024w, https:\/\/www.espace-ombrage.com\/blog\/wp-content\/uploads\/2024\/09\/toiles-tendues-restaurant-couvrance-tables-clients-min-150x150.jpg 150w, https:\/\/www.espace-ombrage.com\/blog\/wp-content\/uploads\/2024\/09\/toiles-tendues-restaurant-couvrance-tables-clients-min-768x768.jpg 768w\" sizes=\"(max-width: 1080px) 100vw, 1080px\" \/>\t\t\t\t\t\t\t\t\t\t\t\t\t\t\t<\/div>\n\t\t\t\t<\/div>\n\t\t\t\t\t<\/div>\n\t\t<\/div>\n\t\t\t\t<div class=\"elementor-column elementor-col-50 elementor-top-column elementor-element elementor-element-5c008ddb\" data-id=\"5c008ddb\" data-element_type=\"column\">\n\t\t\t<div class=\"elementor-widget-wrap elementor-element-populated\">\n\t\t\t\t\t\t<div class=\"elementor-element elementor-element-43d6cc34 elementor-widget elementor-widget-heading\" data-id=\"43d6cc34\" data-element_type=\"widget\" data-widget_type=\"heading.default\">\n\t\t\t\t<div class=\"elementor-widget-container\">\n\t\t\t\t\t<h2 class=\"elementor-heading-title elementor-size-default\">Quel container am\u00e9nager pour en faire un abri ?<\/h2>\t\t\t\t<\/div>\n\t\t\t\t<\/div>\n\t\t\t\t<div class=\"elementor-element elementor-element-ce067b6 elementor-widget elementor-widget-text-editor\" data-id=\"ce067b6\" data-element_type=\"widget\" data-widget_type=\"text-editor.default\">\n\t\t\t\t<div class=\"elementor-widget-container\">\n\t\t\t\t\t\t\t\t\t<p style=\"text-align: justify;\">C\u2019est une tendance tr\u00e8s \u00e0 la mode de nos jours : r\u00e9cup\u00e9rer de vieux objets pour leur redonner une seconde vie bien diff\u00e9rente. Les containers peuvent \u00eatre utilis\u00e9s pour faire des maisons, mais ici vous pouvez en faire un cabanon original pour votre jardin ou un espace pour t\u00e9l\u00e9-travailler au calme.<\/p><p style=\"text-align: justify;\">Vous pourrez facilement en r\u00e9cup\u00e9rer et selon l\u2019\u00e9tat de ce dernier, vous n\u2019aurez souvent qu\u2019\u00e0 le remettre un peu en \u00e9tat, le prot\u00e9ger de la corrosion et le repeindre int\u00e9gralement. Une cabane \u00e0 moindre co\u00fbt qui pourra \u00eatre tr\u00e8s agr\u00e9able. Sachez que les containers ne n\u00e9cessitent pas de permis de construire et ne compte pas en emprise au sol. V\u00e9rifier si le PLU de votre commune l&rsquo;autorise. Vous pourrez l&rsquo;entourer de plantations, et d&rsquo;un coin ombrag\u00e9 \u00e0 l&rsquo;aide d&rsquo;une <a href=\"https:\/\/www.espace-ombrage.com\/fr\/content\/130-voiles-dombrage-triangle-rectangle\"><span style=\"text-decoration: underline;\"><strong>voile triangulaire pas ch\u00e8re<\/strong><\/span><\/a>.<\/p>\t\t\t\t\t\t\t\t<\/div>\n\t\t\t\t<\/div>\n\t\t\t\t\t<\/div>\n\t\t<\/div>\n\t\t\t\t\t<\/div>\n\t\t<\/section>\n\t\t\t\t<section class=\"elementor-section elementor-top-section elementor-element elementor-element-1cdacd11 elementor-section-full_width elementor-section-height-default elementor-section-height-default elementor-invisible\" data-id=\"1cdacd11\" data-element_type=\"section\" data-settings=\"{&quot;animation&quot;:&quot;fadeIn&quot;,&quot;background_background&quot;:&quot;classic&quot;}\">\n\t\t\t\t\t\t<div class=\"elementor-container elementor-column-gap-no\">\n\t\t\t\t\t<div class=\"elementor-column elementor-col-50 elementor-top-column elementor-element elementor-element-290d4c0b\" data-id=\"290d4c0b\" data-element_type=\"column\">\n\t\t\t<div class=\"elementor-widget-wrap elementor-element-populated\">\n\t\t\t\t\t\t<div class=\"elementor-element elementor-element-4472f8ed elementor-widget elementor-widget-heading\" data-id=\"4472f8ed\" data-element_type=\"widget\" data-widget_type=\"heading.default\">\n\t\t\t\t<div class=\"elementor-widget-container\">\n\t\t\t\t\t<h2 class=\"elementor-heading-title elementor-size-default\">Comment cr\u00e9er un espace jardin int\u00e9rieur-ext\u00e9rieur ?<\/h2>\t\t\t\t<\/div>\n\t\t\t\t<\/div>\n\t\t\t\t<div class=\"elementor-element elementor-element-4628aec1 elementor-widget elementor-widget-text-editor\" data-id=\"4628aec1\" data-element_type=\"widget\" data-widget_type=\"text-editor.default\">\n\t\t\t\t<div class=\"elementor-widget-container\">\n\t\t\t\t\t\t\t\t\t<p style=\"text-align: justify;\">De plus en plus, cette pratique d\u2019avoir un jardin \u00e0 l\u2019int\u00e9rieur et \u00e0 l\u2019ext\u00e9rieur est mise en avant. Cela est possible de plusieurs fa\u00e7ons, le but \u00e9tant de cr\u00e9er une passerelle entre votre maison et votre jardin pour ne faire qu\u2019une ambiance. Vous pouvez donc soit cr\u00e9er un mur v\u00e9g\u00e9tal, soit installer des plantes soit m\u00eame cr\u00e9er une terrasse abrit\u00e9e devenant un vrai espace de vie. L&rsquo;id\u00e9e est de garder une continuit\u00e9 entre l&rsquo;int\u00e9rieur et l&rsquo;ext\u00e9rieur. Choisissez un sol identique en int\u00e9rieur et ext\u00e9rieur, mettez au m\u00eame niveau les sols int\u00e9rieurs et ext\u00e9rieurs, utilisez du bois \u00e0 l&rsquo;int\u00e9rieur et \u00e0 l&rsquo;ext\u00e9rieur, d\u00e9corez l&rsquo;ext\u00e9rieur comme une pi\u00e8ce de vie. Vous pourrez utiliser la voile d&rsquo;ombrage afin de vous prot\u00e9ger des vues du voisinage. Les toiles d&rsquo;ombrage vous permettront \u00e9galement de cr\u00e9er un coin de fra\u00eecheur afin de profiter de votre terrasse pendant les beaux jours. Les rayons directs du soleil sur vos baies seront \u00e9galement limit\u00e9s afin de r\u00e9duire la chaleur dans vos pi\u00e8ces int\u00e9rieures. Pensez \u00e0 la version de <strong><a href=\"https:\/\/www.espace-ombrage.com\/fr\/voile-enrouleur\/147-australe-340-enrouleur.html\">voile ombrage \u00e0 enrouleur<\/a><\/strong> afin de l&rsquo;enrouler et la d\u00e9rouler en quelques secondes. Vous pourrez ainsi profiter de vos espaces en fonction de la m\u00e9t\u00e9o, chaleur et luminosit\u00e9.<\/p><p>\u00a0<\/p>\t\t\t\t\t\t\t\t<\/div>\n\t\t\t\t<\/div>\n\t\t\t\t\t<\/div>\n\t\t<\/div>\n\t\t\t\t<div class=\"elementor-column elementor-col-50 elementor-top-column elementor-element elementor-element-7101958c elementor-hidden-tablet elementor-hidden-mobile\" data-id=\"7101958c\" data-element_type=\"column\" data-settings=\"{&quot;background_background&quot;:&quot;classic&quot;}\">\n\t\t\t<div class=\"elementor-widget-wrap elementor-element-populated\">\n\t\t\t\t\t\t<div class=\"elementor-element elementor-element-1e470e5b elementor-widget elementor-widget-image\" data-id=\"1e470e5b\" data-element_type=\"widget\" data-widget_type=\"image.default\">\n\t\t\t\t<div class=\"elementor-widget-container\">\n\t\t\t\t\t\t\t\t\t\t\t\t\t\t\t<img decoding=\"async\" width=\"1080\" height=\"1080\" src=\"https:\/\/www.espace-ombrage.com\/blog\/wp-content\/uploads\/2024\/09\/Voile-ombrage-microperforee-pour-restaurant-et-guinguette-min.jpg\" class=\"attachment-full size-full wp-image-4313\" alt=\"Voile d\u2019ombrage micro perfor\u00e9es pour un restaurant au bord de l\u2019eau\" srcset=\"https:\/\/www.espace-ombrage.com\/blog\/wp-content\/uploads\/2024\/09\/Voile-ombrage-microperforee-pour-restaurant-et-guinguette-min.jpg 1080w, https:\/\/www.espace-ombrage.com\/blog\/wp-content\/uploads\/2024\/09\/Voile-ombrage-microperforee-pour-restaurant-et-guinguette-min-300x300.jpg 300w, https:\/\/www.espace-ombrage.com\/blog\/wp-content\/uploads\/2024\/09\/Voile-ombrage-microperforee-pour-restaurant-et-guinguette-min-1024x1024.jpg 1024w, https:\/\/www.espace-ombrage.com\/blog\/wp-content\/uploads\/2024\/09\/Voile-ombrage-microperforee-pour-restaurant-et-guinguette-min-150x150.jpg 150w, https:\/\/www.espace-ombrage.com\/blog\/wp-content\/uploads\/2024\/09\/Voile-ombrage-microperforee-pour-restaurant-et-guinguette-min-768x768.jpg 768w\" sizes=\"(max-width: 1080px) 100vw, 1080px\" \/>\t\t\t\t\t\t\t\t\t\t\t\t\t\t\t<\/div>\n\t\t\t\t<\/div>\n\t\t\t\t\t<\/div>\n\t\t<\/div>\n\t\t\t\t\t<\/div>\n\t\t<\/section>\n\t\t\t\t<section class=\"elementor-section elementor-top-section elementor-element elementor-element-645d4721 elementor-section-full_width elementor-section-height-default elementor-section-height-default elementor-invisible\" data-id=\"645d4721\" data-element_type=\"section\" data-settings=\"{&quot;animation&quot;:&quot;fadeIn&quot;,&quot;background_background&quot;:&quot;classic&quot;}\">\n\t\t\t\t\t\t<div class=\"elementor-container elementor-column-gap-no\">\n\t\t\t\t\t<div class=\"elementor-column elementor-col-50 elementor-top-column elementor-element elementor-element-34d6c6a4 elementor-hidden-tablet elementor-hidden-mobile\" data-id=\"34d6c6a4\" data-element_type=\"column\" data-settings=\"{&quot;background_background&quot;:&quot;classic&quot;}\">\n\t\t\t<div class=\"elementor-widget-wrap elementor-element-populated\">\n\t\t\t\t\t\t<div class=\"elementor-element elementor-element-1162d626 elementor-widget elementor-widget-image\" data-id=\"1162d626\" data-element_type=\"widget\" data-widget_type=\"image.default\">\n\t\t\t\t<div class=\"elementor-widget-container\">\n\t\t\t\t\t\t\t\t\t\t\t\t\t\t\t<img loading=\"lazy\" decoding=\"async\" width=\"1080\" height=\"1080\" src=\"https:\/\/www.espace-ombrage.com\/blog\/wp-content\/uploads\/2024\/05\/Toile-ombrage-creation-ombre-au-sud.png\" class=\"attachment-full size-full wp-image-3823\" alt=\"Voile ombrage triangulaire avec enrouleur sable et ajour\u00e9e pour une terrasse expos\u00e9e plein sud\" srcset=\"https:\/\/www.espace-ombrage.com\/blog\/wp-content\/uploads\/2024\/05\/Toile-ombrage-creation-ombre-au-sud.png 1080w, https:\/\/www.espace-ombrage.com\/blog\/wp-content\/uploads\/2024\/05\/Toile-ombrage-creation-ombre-au-sud-300x300.png 300w, https:\/\/www.espace-ombrage.com\/blog\/wp-content\/uploads\/2024\/05\/Toile-ombrage-creation-ombre-au-sud-1024x1024.png 1024w, https:\/\/www.espace-ombrage.com\/blog\/wp-content\/uploads\/2024\/05\/Toile-ombrage-creation-ombre-au-sud-150x150.png 150w, https:\/\/www.espace-ombrage.com\/blog\/wp-content\/uploads\/2024\/05\/Toile-ombrage-creation-ombre-au-sud-768x768.png 768w\" sizes=\"(max-width: 1080px) 100vw, 1080px\" \/>\t\t\t\t\t\t\t\t\t\t\t\t\t\t\t<\/div>\n\t\t\t\t<\/div>\n\t\t\t\t\t<\/div>\n\t\t<\/div>\n\t\t\t\t<div class=\"elementor-column elementor-col-50 elementor-top-column elementor-element elementor-element-1328c82b\" data-id=\"1328c82b\" data-element_type=\"column\">\n\t\t\t<div class=\"elementor-widget-wrap elementor-element-populated\">\n\t\t\t\t\t\t<div class=\"elementor-element elementor-element-1fc33502 elementor-widget elementor-widget-heading\" data-id=\"1fc33502\" data-element_type=\"widget\" data-widget_type=\"heading.default\">\n\t\t\t\t<div class=\"elementor-widget-container\">\n\t\t\t\t\t<h2 class=\"elementor-heading-title elementor-size-default\">Quels sont les avantages des jardins verticaux ?<\/h2>\t\t\t\t<\/div>\n\t\t\t\t<\/div>\n\t\t\t\t<div class=\"elementor-element elementor-element-1318846f elementor-widget elementor-widget-text-editor\" data-id=\"1318846f\" data-element_type=\"widget\" data-widget_type=\"text-editor.default\">\n\t\t\t\t<div class=\"elementor-widget-container\">\n\t\t\t\t\t\t\t\t\t<p style=\"text-align: justify;\">Apparu d\u2019abord dans les jardins urbains, ce concept vertical devient de plus en plus populaire en France ! Si vous pensiez que les plantations \u00e9taient cantonn\u00e9es au sol vous passez \u00e0 c\u00f4t\u00e9 de quelque chose : d\u00e9sormais ce sont les murs, les toits ou encore les barri\u00e8res. Tout en faisant gagner \u00e9norm\u00e9ment de place cela permet d\u2019agr\u00e9menter des espaces habituellement vides de fa\u00e7on v\u00e9g\u00e9tale. Manque de budget\u202f? Vous pouvez tr\u00e8s bien suspendre quelques plantes en pot, parsemer quelques pots de lierre en hauteur afin de cr\u00e9er une ambiance v\u00e9g\u00e9tale qui contribuera \u00e0 un sentiment de bien \u00eatre sur votre terrasse.<\/p><p style=\"text-align: justify;\">Et si vous voulez ajouter une touche personnelle, vous pourrez ajouter une <a href=\"https:\/\/www.espace-ombrage.com\/fr\/voile-ombrage-sur-mesure\"><span style=\"text-decoration: underline;\"><strong>voile d\u2019ombrage sur mesure triangle ou rectangle<\/strong><\/span><\/a> \u00e0 votre jardin pour le transformer en r\u00e9el espace de vie. N&rsquo;oubliez pas de pr\u00e9voir un mobilier r\u00e9sistant aux intemp\u00e9ries que vous prot\u00e9gerez d&rsquo;une housse en hiver afin d&rsquo;augmenter sa long\u00e9vit\u00e9. Pr\u00e9voyez \u00e9galement des coussins que vous sortirez pour les beaux jours afin de personnaliser votre terrasse. Ces \u00e9l\u00e9ments apporteront le confort n\u00e9cessaire aux bons moments pass\u00e9s sur votre terrasse.<\/p>\t\t\t\t\t\t\t\t<\/div>\n\t\t\t\t<\/div>\n\t\t\t\t\t<\/div>\n\t\t<\/div>\n\t\t\t\t\t<\/div>\n\t\t<\/section>\n\t\t\t\t<section class=\"elementor-section elementor-top-section elementor-element elementor-element-2456b01 elementor-section-boxed elementor-section-height-default elementor-section-height-default\" data-id=\"2456b01\" data-element_type=\"section\">\n\t\t\t\t\t\t<div class=\"elementor-container elementor-column-gap-default\">\n\t\t\t\t\t<div class=\"elementor-column elementor-col-100 elementor-top-column elementor-element elementor-element-313c3c47\" data-id=\"313c3c47\" data-element_type=\"column\">\n\t\t\t<div class=\"elementor-widget-wrap elementor-element-populated\">\n\t\t\t\t\t\t<div class=\"elementor-element elementor-element-125c95c7 elementor-share-buttons--view-icon elementor-share-buttons--shape-circle elementor-share-buttons--align-center elementor-share-buttons--skin-gradient elementor-grid-0 elementor-share-buttons--color-official elementor-widget elementor-widget-share-buttons\" data-id=\"125c95c7\" data-element_type=\"widget\" data-widget_type=\"share-buttons.default\">\n\t\t\t\t<div class=\"elementor-widget-container\">\n\t\t\t\t\t\t\t<div class=\"elementor-grid\">\n\t\t\t\t\t\t\t\t<div class=\"elementor-grid-item\">\n\t\t\t\t\t\t<div\n\t\t\t\t\t\t\tclass=\"elementor-share-btn elementor-share-btn_facebook\"\n\t\t\t\t\t\t\trole=\"button\"\n\t\t\t\t\t\t\ttabindex=\"0\"\n\t\t\t\t\t\t\taria-label=\"Partager sur facebook\"\n\t\t\t\t\t\t>\n\t\t\t\t\t\t\t\t\t\t\t\t\t\t\t<span class=\"elementor-share-btn__icon\">\n\t\t\t\t\t\t\t\t<i class=\"fab fa-facebook\" aria-hidden=\"true\"><\/i>\t\t\t\t\t\t\t<\/span>\n\t\t\t\t\t\t\t\t\t\t\t\t\t\t\t\t\t\t\t\t<\/div>\n\t\t\t\t\t<\/div>\n\t\t\t\t\t\t\t\t\t<div class=\"elementor-grid-item\">\n\t\t\t\t\t\t<div\n\t\t\t\t\t\t\tclass=\"elementor-share-btn elementor-share-btn_linkedin\"\n\t\t\t\t\t\t\trole=\"button\"\n\t\t\t\t\t\t\ttabindex=\"0\"\n\t\t\t\t\t\t\taria-label=\"Partager sur linkedin\"\n\t\t\t\t\t\t>\n\t\t\t\t\t\t\t\t\t\t\t\t\t\t\t<span class=\"elementor-share-btn__icon\">\n\t\t\t\t\t\t\t\t<i class=\"fab fa-linkedin\" aria-hidden=\"true\"><\/i>\t\t\t\t\t\t\t<\/span>\n\t\t\t\t\t\t\t\t\t\t\t\t\t\t\t\t\t\t\t\t<\/div>\n\t\t\t\t\t<\/div>\n\t\t\t\t\t\t\t\t\t<div class=\"elementor-grid-item\">\n\t\t\t\t\t\t<div\n\t\t\t\t\t\t\tclass=\"elementor-share-btn elementor-share-btn_whatsapp\"\n\t\t\t\t\t\t\trole=\"button\"\n\t\t\t\t\t\t\ttabindex=\"0\"\n\t\t\t\t\t\t\taria-label=\"Partager sur whatsapp\"\n\t\t\t\t\t\t>\n\t\t\t\t\t\t\t\t\t\t\t\t\t\t\t<span class=\"elementor-share-btn__icon\">\n\t\t\t\t\t\t\t\t<i class=\"fab fa-whatsapp\" aria-hidden=\"true\"><\/i>\t\t\t\t\t\t\t<\/span>\n\t\t\t\t\t\t\t\t\t\t\t\t\t\t\t\t\t\t\t\t<\/div>\n\t\t\t\t\t<\/div>\n\t\t\t\t\t\t<\/div>\n\t\t\t\t\t\t<\/div>\n\t\t\t\t<\/div>\n\t\t\t\t\t<\/div>\n\t\t<\/div>\n\t\t\t\t\t<\/div>\n\t\t<\/section>\n\t\t\t\t<section class=\"elementor-section elementor-top-section elementor-element elementor-element-58337e32 elementor-section-boxed elementor-section-height-default elementor-section-height-default\" data-id=\"58337e32\" data-element_type=\"section\">\n\t\t\t\t\t\t<div class=\"elementor-container elementor-column-gap-default\">\n\t\t\t\t\t<div class=\"elementor-column elementor-col-100 elementor-top-column elementor-element elementor-element-68e73750\" data-id=\"68e73750\" data-element_type=\"column\">\n\t\t\t<div class=\"elementor-widget-wrap elementor-element-populated\">\n\t\t\t\t\t\t<div class=\"elementor-element elementor-element-d3ba0d elementor-post-navigation-borders-yes elementor-widget elementor-widget-post-navigation\" data-id=\"d3ba0d\" data-element_type=\"widget\" data-widget_type=\"post-navigation.default\">\n\t\t\t\t<div class=\"elementor-widget-container\">\n\t\t\t\t\t\t\t<div class=\"elementor-post-navigation\">\n\t\t\t<div class=\"elementor-post-navigation__prev elementor-post-navigation__link\">\n\t\t\t\t<a href=\"https:\/\/www.espace-ombrage.com\/blog\/nos-conseils-pour-hiverner-votre-voile-dombrage\/\" rel=\"prev\"><span class=\"post-navigation__arrow-wrapper post-navigation__arrow-prev\"><i class=\"fa fa-caret-left\" aria-hidden=\"true\"><\/i><span class=\"elementor-screen-only\">Pr\u00e9c\u00e9dent<\/span><\/span><span class=\"elementor-post-navigation__link__prev\"><span class=\"post-navigation__prev--label\">Pr\u00e9c\u00e9dent<\/span><span class=\"post-navigation__prev--title\">Nos conseils pour hiverner votre voile d\u2019ombrage<\/span><\/span><\/a>\t\t\t<\/div>\n\t\t\t\t\t\t\t<div class=\"elementor-post-navigation__separator-wrapper\">\n\t\t\t\t\t<div class=\"elementor-post-navigation__separator\"><\/div>\n\t\t\t\t<\/div>\n\t\t\t\t\t\t<div class=\"elementor-post-navigation__next elementor-post-navigation__link\">\n\t\t\t\t<a href=\"https:\/\/www.espace-ombrage.com\/blog\/comment-creer-une-voile-dombrage-sur-mesure\/\" rel=\"next\"><span class=\"elementor-post-navigation__link__next\"><span class=\"post-navigation__next--label\">Suivant<\/span><span class=\"post-navigation__next--title\">Comment cr\u00e9er une voile d\u2019ombrage sur mesure ?<\/span><\/span><span class=\"post-navigation__arrow-wrapper post-navigation__arrow-next\"><i class=\"fa fa-caret-right\" aria-hidden=\"true\"><\/i><span class=\"elementor-screen-only\">Suivant<\/span><\/span><\/a>\t\t\t<\/div>\n\t\t<\/div>\n\t\t\t\t\t\t<\/div>\n\t\t\t\t<\/div>\n\t\t\t\t<div class=\"elementor-element elementor-element-e77175a elementor-widget elementor-widget-html\" data-id=\"e77175a\" data-element_type=\"widget\" data-widget_type=\"html.default\">\n\t\t\t\t<div class=\"elementor-widget-container\">\n\t\t\t\t\t<script type=\"application\/ld+json\">\n{\n  \"@context\": \"https:\/\/schema.org\",\n  \"@type\": \"VideoObject\",\n  \"name\": \"Pourquoi choisir un m\u00e2t r\u00e9glable Espace Ombrage?\",\n  \"description\": \"Chez Espace Ombrage, vous trouverez des accessoires suppl\u00e9mentaires pour couvrir votre espace avec plusieurs voiles d'ombrage.  Le poteau pour voile d'ombrage Espace Ombrage, aussi appel\u00e9 m\u00e2t r\u00e9glable a \u00e9t\u00e9 con\u00e7u pour vous faciliter l'installation de votre voile d'ombrage. Le tout en apportant un aspect esth\u00e9tique et marin \u00e0 votre terrasse. 00:00 Pr\u00e9sentation du m\u00e2t 00:35 Les versions d'embases disponibles\",\n  \"thumbnailUrl\": \"https:\/\/i.ytimg.com\/vi\/e2On5DFpawY\/hqdefault.jpg\",\n  \"uploadDate\": \"2021-09-24\",\n  \"duration\": \"PT1M17S\",\n  \"embedUrl\": \"https:\/\/www.youtube.com\/embed\/e2On5DFpawY?si=7OdA4E39kcpR6_qI\"\n}\n<\/script>\t\t\t\t<\/div>\n\t\t\t\t<\/div>\n\t\t\t\t\t<\/div>\n\t\t<\/div>\n\t\t\t\t\t<\/div>\n\t\t<\/section>\n\t\t\t\t<\/div>\n\t\t","protected":false},"excerpt":{"rendered":"<p>Si vous pensez \u00e0 acheter une voile d\u2019ombrage pour \u00e9quiper votre terrasse, c\u2019est que vous avez la volont\u00e9 de faire de vos espaces ext\u00e9rieurs de v\u00e9ritables espaces de vie. Alors voici donc quelques inspirations pour vous aider \u00e0 pr\u00e9parer votre jardin pour l\u2019\u00e9t\u00e9. Si vous avez de gros travaux \u00e0 r\u00e9aliser, c\u2019est en hiver qu\u2019il [&hellip;]<\/p>\n","protected":false},"author":2,"featured_media":590,"comment_status":"open","ping_status":"open","sticky":false,"template":"elementor_header_footer","format":"standard","meta":{"footnotes":""},"categories":[7],"tags":[41],"class_list":["post-39","post","type-post","status-publish","format-standard","has-post-thumbnail","hentry","category-entretenir-et-amenager-son-jardin","tag-tendance-jardin"],"yoast_head":"<!-- This site is optimized with the Yoast SEO plugin v23.6 - https:\/\/yoast.com\/wordpress\/plugins\/seo\/ -->\n<title>Les tendances \u00e0 venir pour vos jardins - Espace Ombrage<\/title>\n<meta name=\"description\" content=\"Si vous pensez \u00e0 acheter une voile d\u2019ombrage pour \u00e9quiper votre terrasse, c\u2019est que vous avez la volont\u00e9 de faire de vos espaces ext\u00e9rieurs de v\u00e9ritables espaces de vie.\" \/>\n<meta name=\"robots\" content=\"index, follow, max-snippet:-1, max-image-preview:large, max-video-preview:-1\" \/>\n<link rel=\"canonical\" href=\"https:\/\/www.espace-ombrage.com\/blog\/les-tendances-a-venir-pour-vos-jardins\/\" \/>\n<meta property=\"og:locale\" content=\"fr_FR\" \/>\n<meta property=\"og:type\" content=\"article\" \/>\n<meta property=\"og:title\" content=\"Les tendances \u00e0 venir pour vos jardins - Espace Ombrage\" \/>\n<meta property=\"og:description\" content=\"Si vous pensez \u00e0 acheter une voile d\u2019ombrage pour \u00e9quiper votre terrasse, c\u2019est que vous avez la volont\u00e9 de faire de vos espaces ext\u00e9rieurs de v\u00e9ritables espaces de vie.\" \/>\n<meta property=\"og:url\" content=\"https:\/\/www.espace-ombrage.com\/blog\/les-tendances-a-venir-pour-vos-jardins\/\" \/>\n<meta property=\"og:site_name\" content=\"Espace Ombrage\" \/>\n<meta property=\"article:published_time\" content=\"2018-11-16T15:00:18+00:00\" \/>\n<meta property=\"article:modified_time\" content=\"2025-12-02T14:13:57+00:00\" \/>\n<meta property=\"og:image\" content=\"https:\/\/www.espace-ombrage.com\/blog\/wp-content\/uploads\/2018\/11\/tendances-fermob-chaleur.png\" \/>\n\t<meta property=\"og:image:width\" content=\"1180\" \/>\n\t<meta property=\"og:image:height\" content=\"700\" \/>\n\t<meta property=\"og:image:type\" content=\"image\/png\" \/>\n<meta name=\"author\" content=\"admin-ombrage\" \/>\n<meta name=\"twitter:card\" content=\"summary_large_image\" \/>\n<meta name=\"twitter:label1\" content=\"\u00c9crit par\" \/>\n\t<meta name=\"twitter:data1\" content=\"admin-ombrage\" \/>\n\t<meta name=\"twitter:label2\" content=\"Dur\u00e9e de lecture estim\u00e9e\" \/>\n\t<meta name=\"twitter:data2\" content=\"5 minutes\" \/>\n<script type=\"application\/ld+json\" class=\"yoast-schema-graph\">{\"@context\":\"https:\/\/schema.org\",\"@graph\":[{\"@type\":\"WebPage\",\"@id\":\"https:\/\/www.espace-ombrage.com\/blog\/les-tendances-a-venir-pour-vos-jardins\/\",\"url\":\"https:\/\/www.espace-ombrage.com\/blog\/les-tendances-a-venir-pour-vos-jardins\/\",\"name\":\"Les tendances \u00e0 venir pour vos jardins - Espace Ombrage\",\"isPartOf\":{\"@id\":\"https:\/\/www.espace-ombrage.com\/blog\/#website\"},\"primaryImageOfPage\":{\"@id\":\"https:\/\/www.espace-ombrage.com\/blog\/les-tendances-a-venir-pour-vos-jardins\/#primaryimage\"},\"image\":{\"@id\":\"https:\/\/www.espace-ombrage.com\/blog\/les-tendances-a-venir-pour-vos-jardins\/#primaryimage\"},\"thumbnailUrl\":\"https:\/\/www.espace-ombrage.com\/blog\/wp-content\/uploads\/2018\/11\/tendances-fermob-chaleur.png\",\"datePublished\":\"2018-11-16T15:00:18+00:00\",\"dateModified\":\"2025-12-02T14:13:57+00:00\",\"author\":{\"@id\":\"https:\/\/www.espace-ombrage.com\/blog\/#\/schema\/person\/9b223e71f82520b376e08b8d0d4c7691\"},\"description\":\"Si vous pensez \u00e0 acheter une voile d\u2019ombrage pour \u00e9quiper votre terrasse, c\u2019est que vous avez la volont\u00e9 de faire de vos espaces ext\u00e9rieurs de v\u00e9ritables espaces de vie.\",\"breadcrumb\":{\"@id\":\"https:\/\/www.espace-ombrage.com\/blog\/les-tendances-a-venir-pour-vos-jardins\/#breadcrumb\"},\"inLanguage\":\"fr-FR\",\"potentialAction\":[{\"@type\":\"ReadAction\",\"target\":[\"https:\/\/www.espace-ombrage.com\/blog\/les-tendances-a-venir-pour-vos-jardins\/\"]}]},{\"@type\":\"ImageObject\",\"inLanguage\":\"fr-FR\",\"@id\":\"https:\/\/www.espace-ombrage.com\/blog\/les-tendances-a-venir-pour-vos-jardins\/#primaryimage\",\"url\":\"https:\/\/www.espace-ombrage.com\/blog\/wp-content\/uploads\/2018\/11\/tendances-fermob-chaleur.png\",\"contentUrl\":\"https:\/\/www.espace-ombrage.com\/blog\/wp-content\/uploads\/2018\/11\/tendances-fermob-chaleur.png\",\"width\":1180,\"height\":700,\"caption\":\"Am\u00e9nagement de jardin avec une toile d'ext\u00e9rieur\"},{\"@type\":\"BreadcrumbList\",\"@id\":\"https:\/\/www.espace-ombrage.com\/blog\/les-tendances-a-venir-pour-vos-jardins\/#breadcrumb\",\"itemListElement\":[{\"@type\":\"ListItem\",\"position\":1,\"name\":\"Espace Ombrage\",\"item\":\"https:\/\/www.espace-ombrage.com\/blog\/\"},{\"@type\":\"ListItem\",\"position\":2,\"name\":\"Les tendances \u00e0 venir pour vos jardins\",\"item\":\"https:\/\/www.espace-ombrage.com\/blog\/les-tendances-a-venir-pour-vos-jardins\/\"}]},{\"@type\":\"WebSite\",\"@id\":\"https:\/\/www.espace-ombrage.com\/blog\/#website\",\"url\":\"https:\/\/www.espace-ombrage.com\/blog\/\",\"name\":\"Espace Ombrage\",\"description\":\"\",\"potentialAction\":[{\"@type\":\"SearchAction\",\"target\":{\"@type\":\"EntryPoint\",\"urlTemplate\":\"https:\/\/www.espace-ombrage.com\/blog\/?s={search_term_string}\"},\"query-input\":{\"@type\":\"PropertyValueSpecification\",\"valueRequired\":true,\"valueName\":\"search_term_string\"}}],\"inLanguage\":\"fr-FR\"},{\"@type\":\"Person\",\"@id\":\"https:\/\/www.espace-ombrage.com\/blog\/#\/schema\/person\/9b223e71f82520b376e08b8d0d4c7691\",\"name\":\"admin-ombrage\",\"image\":{\"@type\":\"ImageObject\",\"inLanguage\":\"fr-FR\",\"@id\":\"https:\/\/www.espace-ombrage.com\/blog\/#\/schema\/person\/image\/\",\"url\":\"https:\/\/secure.gravatar.com\/avatar\/da964888ae868660e9f41df5c83a352c8bbcfeb83d9ed86d4d1d93ca7b092bac?s=96&d=mm&r=g\",\"contentUrl\":\"https:\/\/secure.gravatar.com\/avatar\/da964888ae868660e9f41df5c83a352c8bbcfeb83d9ed86d4d1d93ca7b092bac?s=96&d=mm&r=g\",\"caption\":\"admin-ombrage\"},\"url\":\"https:\/\/www.espace-ombrage.com\/blog\/author\/admin-ombrage\/\"}]}<\/script>\n<!-- \/ Yoast SEO plugin. -->","yoast_head_json":{"title":"Les tendances \u00e0 venir pour vos jardins - Espace Ombrage","description":"Si vous pensez \u00e0 acheter une voile d\u2019ombrage pour \u00e9quiper votre terrasse, c\u2019est que vous avez la volont\u00e9 de faire de vos espaces ext\u00e9rieurs de v\u00e9ritables espaces de vie.","robots":{"index":"index","follow":"follow","max-snippet":"max-snippet:-1","max-image-preview":"max-image-preview:large","max-video-preview":"max-video-preview:-1"},"canonical":"https:\/\/www.espace-ombrage.com\/blog\/les-tendances-a-venir-pour-vos-jardins\/","og_locale":"fr_FR","og_type":"article","og_title":"Les tendances \u00e0 venir pour vos jardins - Espace Ombrage","og_description":"Si vous pensez \u00e0 acheter une voile d\u2019ombrage pour \u00e9quiper votre terrasse, c\u2019est que vous avez la volont\u00e9 de faire de vos espaces ext\u00e9rieurs de v\u00e9ritables espaces de vie.","og_url":"https:\/\/www.espace-ombrage.com\/blog\/les-tendances-a-venir-pour-vos-jardins\/","og_site_name":"Espace Ombrage","article_published_time":"2018-11-16T15:00:18+00:00","article_modified_time":"2025-12-02T14:13:57+00:00","og_image":[{"width":1180,"height":700,"url":"https:\/\/www.espace-ombrage.com\/blog\/wp-content\/uploads\/2018\/11\/tendances-fermob-chaleur.png","type":"image\/png"}],"author":"admin-ombrage","twitter_card":"summary_large_image","twitter_misc":{"\u00c9crit par":"admin-ombrage","Dur\u00e9e de lecture estim\u00e9e":"5 minutes"},"schema":{"@context":"https:\/\/schema.org","@graph":[{"@type":"WebPage","@id":"https:\/\/www.espace-ombrage.com\/blog\/les-tendances-a-venir-pour-vos-jardins\/","url":"https:\/\/www.espace-ombrage.com\/blog\/les-tendances-a-venir-pour-vos-jardins\/","name":"Les tendances \u00e0 venir pour vos jardins - Espace Ombrage","isPartOf":{"@id":"https:\/\/www.espace-ombrage.com\/blog\/#website"},"primaryImageOfPage":{"@id":"https:\/\/www.espace-ombrage.com\/blog\/les-tendances-a-venir-pour-vos-jardins\/#primaryimage"},"image":{"@id":"https:\/\/www.espace-ombrage.com\/blog\/les-tendances-a-venir-pour-vos-jardins\/#primaryimage"},"thumbnailUrl":"https:\/\/www.espace-ombrage.com\/blog\/wp-content\/uploads\/2018\/11\/tendances-fermob-chaleur.png","datePublished":"2018-11-16T15:00:18+00:00","dateModified":"2025-12-02T14:13:57+00:00","author":{"@id":"https:\/\/www.espace-ombrage.com\/blog\/#\/schema\/person\/9b223e71f82520b376e08b8d0d4c7691"},"description":"Si vous pensez \u00e0 acheter une voile d\u2019ombrage pour \u00e9quiper votre terrasse, c\u2019est que vous avez la volont\u00e9 de faire de vos espaces ext\u00e9rieurs de v\u00e9ritables espaces de vie.","breadcrumb":{"@id":"https:\/\/www.espace-ombrage.com\/blog\/les-tendances-a-venir-pour-vos-jardins\/#breadcrumb"},"inLanguage":"fr-FR","potentialAction":[{"@type":"ReadAction","target":["https:\/\/www.espace-ombrage.com\/blog\/les-tendances-a-venir-pour-vos-jardins\/"]}]},{"@type":"ImageObject","inLanguage":"fr-FR","@id":"https:\/\/www.espace-ombrage.com\/blog\/les-tendances-a-venir-pour-vos-jardins\/#primaryimage","url":"https:\/\/www.espace-ombrage.com\/blog\/wp-content\/uploads\/2018\/11\/tendances-fermob-chaleur.png","contentUrl":"https:\/\/www.espace-ombrage.com\/blog\/wp-content\/uploads\/2018\/11\/tendances-fermob-chaleur.png","width":1180,"height":700,"caption":"Am\u00e9nagement de jardin avec une toile d'ext\u00e9rieur"},{"@type":"BreadcrumbList","@id":"https:\/\/www.espace-ombrage.com\/blog\/les-tendances-a-venir-pour-vos-jardins\/#breadcrumb","itemListElement":[{"@type":"ListItem","position":1,"name":"Espace Ombrage","item":"https:\/\/www.espace-ombrage.com\/blog\/"},{"@type":"ListItem","position":2,"name":"Les tendances \u00e0 venir pour vos jardins","item":"https:\/\/www.espace-ombrage.com\/blog\/les-tendances-a-venir-pour-vos-jardins\/"}]},{"@type":"WebSite","@id":"https:\/\/www.espace-ombrage.com\/blog\/#website","url":"https:\/\/www.espace-ombrage.com\/blog\/","name":"Espace Ombrage","description":"","potentialAction":[{"@type":"SearchAction","target":{"@type":"EntryPoint","urlTemplate":"https:\/\/www.espace-ombrage.com\/blog\/?s={search_term_string}"},"query-input":{"@type":"PropertyValueSpecification","valueRequired":true,"valueName":"search_term_string"}}],"inLanguage":"fr-FR"},{"@type":"Person","@id":"https:\/\/www.espace-ombrage.com\/blog\/#\/schema\/person\/9b223e71f82520b376e08b8d0d4c7691","name":"admin-ombrage","image":{"@type":"ImageObject","inLanguage":"fr-FR","@id":"https:\/\/www.espace-ombrage.com\/blog\/#\/schema\/person\/image\/","url":"https:\/\/secure.gravatar.com\/avatar\/da964888ae868660e9f41df5c83a352c8bbcfeb83d9ed86d4d1d93ca7b092bac?s=96&d=mm&r=g","contentUrl":"https:\/\/secure.gravatar.com\/avatar\/da964888ae868660e9f41df5c83a352c8bbcfeb83d9ed86d4d1d93ca7b092bac?s=96&d=mm&r=g","caption":"admin-ombrage"},"url":"https:\/\/www.espace-ombrage.com\/blog\/author\/admin-ombrage\/"}]}},"_links":{"self":[{"href":"https:\/\/www.espace-ombrage.com\/blog\/wp-json\/wp\/v2\/posts\/39","targetHints":{"allow":["GET"]}}],"collection":[{"href":"https:\/\/www.espace-ombrage.com\/blog\/wp-json\/wp\/v2\/posts"}],"about":[{"href":"https:\/\/www.espace-ombrage.com\/blog\/wp-json\/wp\/v2\/types\/post"}],"author":[{"embeddable":true,"href":"https:\/\/www.espace-ombrage.com\/blog\/wp-json\/wp\/v2\/users\/2"}],"replies":[{"embeddable":true,"href":"https:\/\/www.espace-ombrage.com\/blog\/wp-json\/wp\/v2\/comments?post=39"}],"version-history":[{"count":16,"href":"https:\/\/www.espace-ombrage.com\/blog\/wp-json\/wp\/v2\/posts\/39\/revisions"}],"predecessor-version":[{"id":5984,"href":"https:\/\/www.espace-ombrage.com\/blog\/wp-json\/wp\/v2\/posts\/39\/revisions\/5984"}],"wp:featuredmedia":[{"embeddable":true,"href":"https:\/\/www.espace-ombrage.com\/blog\/wp-json\/wp\/v2\/media\/590"}],"wp:attachment":[{"href":"https:\/\/www.espace-ombrage.com\/blog\/wp-json\/wp\/v2\/media?parent=39"}],"wp:term":[{"taxonomy":"category","embeddable":true,"href":"https:\/\/www.espace-ombrage.com\/blog\/wp-json\/wp\/v2\/categories?post=39"},{"taxonomy":"post_tag","embeddable":true,"href":"https:\/\/www.espace-ombrage.com\/blog\/wp-json\/wp\/v2\/tags?post=39"}],"curies":[{"name":"wp","href":"https:\/\/api.w.org\/{rel}","templated":true}]}}