{"id":3932,"date":"2026-04-10T12:07:14","date_gmt":"2026-04-10T10:07:14","guid":{"rendered":"https:\/\/www.espace-ombrage.com\/blog\/?p=3932"},"modified":"2026-04-16T12:07:24","modified_gmt":"2026-04-16T10:07:24","slug":"comment-amenager-des-zones-dombre-dans-les-ecoles","status":"publish","type":"post","link":"https:\/\/www.espace-ombrage.com\/blog\/comment-amenager-des-zones-dombre-dans-les-ecoles\/","title":{"rendered":"Comment am\u00e9nager des zones d&rsquo;ombre dans les \u00e9coles ?"},"content":{"rendered":"\t\t<div data-elementor-type=\"wp-post\" data-elementor-id=\"3932\" class=\"elementor elementor-3932\" data-elementor-post-type=\"post\">\n\t\t\t\t\t\t<section class=\"elementor-section elementor-top-section elementor-element elementor-element-deb95ea elementor-section-full_width elementor-section-content-bottom elementor-hidden-tablet elementor-section-height-default elementor-section-height-default\" data-id=\"deb95ea\" data-element_type=\"section\">\n\t\t\t\t\t\t<div class=\"elementor-container elementor-column-gap-narrow\">\n\t\t\t\t\t<div class=\"elementor-column elementor-col-50 elementor-top-column elementor-element elementor-element-7c6fa17d\" data-id=\"7c6fa17d\" data-element_type=\"column\" data-settings=\"{&quot;background_background&quot;:&quot;classic&quot;}\">\n\t\t\t<div class=\"elementor-widget-wrap elementor-element-populated\">\n\t\t\t\t\t\t<div class=\"elementor-element elementor-element-205c11d7 elementor-widget__width-initial elementor-widget elementor-widget-heading\" data-id=\"205c11d7\" data-element_type=\"widget\" data-widget_type=\"heading.default\">\n\t\t\t\t<div class=\"elementor-widget-container\">\n\t\t\t\t\t<h1 class=\"elementor-heading-title elementor-size-default\">Comment am\u00e9nager des zones d&rsquo;ombre dans les \u00e9coles ?<\/h1>\t\t\t\t<\/div>\n\t\t\t\t<\/div>\n\t\t\t\t\t<\/div>\n\t\t<\/div>\n\t\t\t\t<div class=\"elementor-column elementor-col-25 elementor-top-column elementor-element elementor-element-ef549b5\" data-id=\"ef549b5\" data-element_type=\"column\">\n\t\t\t<div class=\"elementor-widget-wrap elementor-element-populated\">\n\t\t\t\t\t\t<div class=\"elementor-element elementor-element-62b2a822 elementor-hidden-tablet elementor-hidden-mobile elementor-widget elementor-widget-image\" data-id=\"62b2a822\" data-element_type=\"widget\" data-widget_type=\"image.default\">\n\t\t\t\t<div class=\"elementor-widget-container\">\n\t\t\t\t\t\t\t\t\t\t\t\t\t\t\t<img fetchpriority=\"high\" decoding=\"async\" width=\"1080\" height=\"1080\" src=\"https:\/\/www.espace-ombrage.com\/blog\/wp-content\/uploads\/2024\/06\/voile-solaire-pour-ecoles.png\" class=\"attachment-full size-full wp-image-3933\" alt=\"Voiles d\u2019ombrage solaires dans une \u00e9cole avec des mats voile d&#039;ombrage a sceller\" srcset=\"https:\/\/www.espace-ombrage.com\/blog\/wp-content\/uploads\/2024\/06\/voile-solaire-pour-ecoles.png 1080w, https:\/\/www.espace-ombrage.com\/blog\/wp-content\/uploads\/2024\/06\/voile-solaire-pour-ecoles-300x300.png 300w, https:\/\/www.espace-ombrage.com\/blog\/wp-content\/uploads\/2024\/06\/voile-solaire-pour-ecoles-1024x1024.png 1024w, https:\/\/www.espace-ombrage.com\/blog\/wp-content\/uploads\/2024\/06\/voile-solaire-pour-ecoles-150x150.png 150w, https:\/\/www.espace-ombrage.com\/blog\/wp-content\/uploads\/2024\/06\/voile-solaire-pour-ecoles-768x768.png 768w\" sizes=\"(max-width: 1080px) 100vw, 1080px\" \/>\t\t\t\t\t\t\t\t\t\t\t\t\t\t\t<\/div>\n\t\t\t\t<\/div>\n\t\t\t\t\t<\/div>\n\t\t<\/div>\n\t\t\t\t<div class=\"elementor-column elementor-col-25 elementor-top-column elementor-element elementor-element-2c71ec43\" data-id=\"2c71ec43\" data-element_type=\"column\">\n\t\t\t<div class=\"elementor-widget-wrap elementor-element-populated\">\n\t\t\t\t\t\t<div class=\"elementor-element elementor-element-41e4b8a7 elementor-widget-mobile__width-initial animated-slow elementor-widget-tablet__width-initial elementor-invisible elementor-widget elementor-widget-spacer\" data-id=\"41e4b8a7\" data-element_type=\"widget\" data-settings=\"{&quot;_animation&quot;:&quot;fadeInRight&quot;}\" data-widget_type=\"spacer.default\">\n\t\t\t\t<div class=\"elementor-widget-container\">\n\t\t\t\t\t\t\t<div class=\"elementor-spacer\">\n\t\t\t<div class=\"elementor-spacer-inner\"><\/div>\n\t\t<\/div>\n\t\t\t\t\t\t<\/div>\n\t\t\t\t<\/div>\n\t\t\t\t\t<\/div>\n\t\t<\/div>\n\t\t\t\t\t<\/div>\n\t\t<\/section>\n\t\t\t\t<section class=\"elementor-section elementor-top-section elementor-element elementor-element-5f5f8ceb elementor-section-boxed elementor-section-height-default elementor-section-height-default elementor-invisible\" data-id=\"5f5f8ceb\" data-element_type=\"section\" data-settings=\"{&quot;animation&quot;:&quot;fadeIn&quot;}\">\n\t\t\t\t\t\t<div class=\"elementor-container elementor-column-gap-default\">\n\t\t\t\t\t<div class=\"elementor-column elementor-col-100 elementor-top-column elementor-element elementor-element-1a4cccb1\" data-id=\"1a4cccb1\" data-element_type=\"column\">\n\t\t\t<div class=\"elementor-widget-wrap elementor-element-populated\">\n\t\t\t\t\t\t<div class=\"elementor-element elementor-element-23f8c77d elementor-widget__width-initial elementor-widget elementor-widget-text-editor\" data-id=\"23f8c77d\" data-element_type=\"widget\" data-widget_type=\"text-editor.default\">\n\t\t\t\t<div class=\"elementor-widget-container\">\n\t\t\t\t\t\t\t\t\t<p>Il fait de plus en plus chaud et la pr\u00e9sence de sols imperm\u00e9ables dans les cours avec un manque de pr\u00e9sence de zones arbor\u00e9es cr\u00e9ent des espaces difficilement respirables l\u2019\u00e9t\u00e9. Un probl\u00e8me qui impacte le quotidien des enfants et des professionnels au sein des \u00e9tablissements scolaires.<\/p><p>Toutefois, les normes de s\u00e9curit\u00e9 et l\u2019ampleur des zones \u00e0 couvrir r\u00e9duisent les options d\u2019ombrage. La solution est donc souvent de cr\u00e9er des zones d\u2019ombre \u00e9parses dans les cours de r\u00e9cr\u00e9ation afin de rationaliser les projets et de cr\u00e9er des installations p\u00e9rennes et s\u00e9curis\u00e9es.<\/p><p>En tant qu\u2019experts de la <a href=\"https:\/\/www.espace-ombrage.com\/fr\/3-voile-d-ombrage\" target=\"_blank\" rel=\"noopener\"><span style=\"text-decoration: underline;\"><strong>voile d\u2019ombrage<\/strong><\/span><\/a>, nous allons nous focaliser sur les diff\u00e9rentes implantations et solutions possibles pour prot\u00e9ger les enfants des UV et <span style=\"text-decoration: underline;\"><b><a href=\"https:\/\/www.espace-ombrage.com\/fr\/content\/210-voiles-d-ombrage-pour-municipalite-creche-et-sante-publique\" target=\"_blank\" rel=\"noopener\">r\u00e9duire la chaleur au sein des \u00e9tablissements<\/a><\/b><\/span>.<\/p>\t\t\t\t\t\t\t\t<\/div>\n\t\t\t\t<\/div>\n\t\t\t\t\t<\/div>\n\t\t<\/div>\n\t\t\t\t\t<\/div>\n\t\t<\/section>\n\t\t\t\t<section class=\"elementor-section elementor-top-section elementor-element elementor-element-6261229a elementor-section-full_width elementor-reverse-tablet elementor-reverse-mobile elementor-section-height-default elementor-section-height-default elementor-invisible\" data-id=\"6261229a\" data-element_type=\"section\" data-settings=\"{&quot;background_background&quot;:&quot;gradient&quot;,&quot;animation&quot;:&quot;fadeIn&quot;}\">\n\t\t\t\t\t\t<div class=\"elementor-container elementor-column-gap-no\">\n\t\t\t\t\t<div class=\"elementor-column elementor-col-50 elementor-top-column elementor-element elementor-element-29651a80\" data-id=\"29651a80\" data-element_type=\"column\">\n\t\t\t<div class=\"elementor-widget-wrap elementor-element-populated\">\n\t\t\t\t\t\t<div class=\"elementor-element elementor-element-243115a0 elementor-widget elementor-widget-heading\" data-id=\"243115a0\" data-element_type=\"widget\" data-widget_type=\"heading.default\">\n\t\t\t\t<div class=\"elementor-widget-container\">\n\t\t\t\t\t<h2 class=\"elementor-heading-title elementor-size-default\">Quel type de voiles d\u2019ombrage choisir ?<\/h2>\t\t\t\t<\/div>\n\t\t\t\t<\/div>\n\t\t\t\t<div class=\"elementor-element elementor-element-1a289598 elementor-widget elementor-widget-text-editor\" data-id=\"1a289598\" data-element_type=\"widget\" data-widget_type=\"text-editor.default\">\n\t\t\t\t<div class=\"elementor-widget-container\">\n\t\t\t\t\t\t\t\t\t<p>Selon l\u2019environnement, les dimensions et les priorit\u00e9s, les formes et dispositions seront diff\u00e9rentes.<\/p>\t\t\t\t\t\t\t\t<\/div>\n\t\t\t\t<\/div>\n\t\t\t\t<div class=\"elementor-element elementor-element-f6525b6 elementor-widget elementor-widget-heading\" data-id=\"f6525b6\" data-element_type=\"widget\" data-widget_type=\"heading.default\">\n\t\t\t\t<div class=\"elementor-widget-container\">\n\t\t\t\t\t<h3 class=\"elementor-heading-title elementor-size-default\">La gamme de toiles ombrage \u00e0 privil\u00e9gier<\/h3>\t\t\t\t<\/div>\n\t\t\t\t<\/div>\n\t\t\t\t<div class=\"elementor-element elementor-element-7c94d3e elementor-widget elementor-widget-text-editor\" data-id=\"7c94d3e\" data-element_type=\"widget\" data-widget_type=\"text-editor.default\">\n\t\t\t\t<div class=\"elementor-widget-container\">\n\t\t\t\t\t\t\t\t\tComme les voiles d\u2019ombrage seront install\u00e9es de fa\u00e7on semi permanente du d\u00e9but du printemps jusqu\u2019\u00e0 la fin de l\u2019automne, nous vous recommandons plut\u00f4t de vous faciliter la vie et de choisir la version la plus r\u00e9sistante au vent, \u00e0 savoir un <span style=\"text-decoration: underline;\"><b><a href=\"https:\/\/www.espace-ombrage.com\/fr\/9-voile-d-ombrage-resistante-au-vent\" target=\"_blank\" rel=\"noopener\">tissu micro-perfor\u00e9<\/a><\/b><\/span>. Chez <strong>Espace Ombrage<\/strong>, nous vous orientons plut\u00f4t vers la <span style=\"text-decoration: underline;\"><a href=\"https:\/\/www.espace-ombrage.com\/fr\/voile-d-ombrage-resistante-au-vent\/120-australe-340.html\" target=\"_blank\" rel=\"noopener\"><STRONG>voile ombrage ajour\u00e9e Australe 340<\/STRONG><\/a><\/span>. En effet, comme la priorit\u00e9 est l\u2019ombrage et la r\u00e9duction de chaleur, alors pour \u00e9viter de cr\u00e9er des pentes pour l\u2019\u00e9vacuation de l\u2019eau et de retirer les voiles en cas de vents, alors la r\u00e9ponse semble assez \u00e9vidente. Ce tissu filtre<b> jusqu\u2019\u00e0 97% des UVs.<\/b>\t\t\t\t\t\t\t\t<\/div>\n\t\t\t\t<\/div>\n\t\t\t\t\t<\/div>\n\t\t<\/div>\n\t\t\t\t<div class=\"elementor-column elementor-col-50 elementor-top-column elementor-element elementor-element-aa88f83\" data-id=\"aa88f83\" data-element_type=\"column\" data-settings=\"{&quot;background_background&quot;:&quot;classic&quot;}\">\n\t\t\t<div class=\"elementor-widget-wrap elementor-element-populated\">\n\t\t\t\t\t\t<div class=\"elementor-element elementor-element-2ccf5881 elementor-widget-mobile__width-initial elementor-widget elementor-widget-spacer\" data-id=\"2ccf5881\" data-element_type=\"widget\" data-widget_type=\"spacer.default\">\n\t\t\t\t<div class=\"elementor-widget-container\">\n\t\t\t\t\t\t\t<div class=\"elementor-spacer\">\n\t\t\t<div class=\"elementor-spacer-inner\"><\/div>\n\t\t<\/div>\n\t\t\t\t\t\t<\/div>\n\t\t\t\t<\/div>\n\t\t\t\t\t<\/div>\n\t\t<\/div>\n\t\t\t\t\t<\/div>\n\t\t<\/section>\n\t\t\t\t<section class=\"elementor-section elementor-top-section elementor-element elementor-element-1b118f95 elementor-section-full_width elementor-section-height-default elementor-section-height-default elementor-invisible\" data-id=\"1b118f95\" data-element_type=\"section\" data-settings=\"{&quot;animation&quot;:&quot;fadeIn&quot;}\">\n\t\t\t\t\t\t<div class=\"elementor-container elementor-column-gap-no\">\n\t\t\t\t\t<div class=\"elementor-column elementor-col-50 elementor-top-column elementor-element elementor-element-67621fae elementor-hidden-tablet elementor-hidden-mobile\" data-id=\"67621fae\" data-element_type=\"column\" data-settings=\"{&quot;background_background&quot;:&quot;classic&quot;}\">\n\t\t\t<div class=\"elementor-widget-wrap elementor-element-populated\">\n\t\t\t\t\t\t<div class=\"elementor-element elementor-element-201a4a3e elementor-widget elementor-widget-image\" data-id=\"201a4a3e\" data-element_type=\"widget\" data-widget_type=\"image.default\">\n\t\t\t\t<div class=\"elementor-widget-container\">\n\t\t\t\t\t\t\t\t\t\t\t\t\t\t\t<img decoding=\"async\" width=\"1080\" height=\"1080\" src=\"https:\/\/www.espace-ombrage.com\/blog\/wp-content\/uploads\/2024\/06\/voile-ombrage-avec-cable-ecole.png\" class=\"attachment-full size-full wp-image-3942\" alt=\"Toile ombrage ajour\u00e9e pour cr\u00e8che et \u00e9cole avec poteau acier pour aire de jeu\" srcset=\"https:\/\/www.espace-ombrage.com\/blog\/wp-content\/uploads\/2024\/06\/voile-ombrage-avec-cable-ecole.png 1080w, https:\/\/www.espace-ombrage.com\/blog\/wp-content\/uploads\/2024\/06\/voile-ombrage-avec-cable-ecole-300x300.png 300w, https:\/\/www.espace-ombrage.com\/blog\/wp-content\/uploads\/2024\/06\/voile-ombrage-avec-cable-ecole-1024x1024.png 1024w, https:\/\/www.espace-ombrage.com\/blog\/wp-content\/uploads\/2024\/06\/voile-ombrage-avec-cable-ecole-150x150.png 150w, https:\/\/www.espace-ombrage.com\/blog\/wp-content\/uploads\/2024\/06\/voile-ombrage-avec-cable-ecole-768x768.png 768w\" sizes=\"(max-width: 1080px) 100vw, 1080px\" \/>\t\t\t\t\t\t\t\t\t\t\t\t\t\t\t<\/div>\n\t\t\t\t<\/div>\n\t\t\t\t\t<\/div>\n\t\t<\/div>\n\t\t\t\t<div class=\"elementor-column elementor-col-50 elementor-top-column elementor-element elementor-element-36fbefc3\" data-id=\"36fbefc3\" data-element_type=\"column\">\n\t\t\t<div class=\"elementor-widget-wrap elementor-element-populated\">\n\t\t\t\t\t\t<div class=\"elementor-element elementor-element-607e0242 elementor-widget elementor-widget-heading\" data-id=\"607e0242\" data-element_type=\"widget\" data-widget_type=\"heading.default\">\n\t\t\t\t<div class=\"elementor-widget-container\">\n\t\t\t\t\t<p class=\"elementor-heading-title elementor-size-default\">Toiles d\u2019ombrage imperm\u00e9ables<\/p>\t\t\t\t<\/div>\n\t\t\t\t<\/div>\n\t\t\t\t<div class=\"elementor-element elementor-element-1de03614 elementor-widget elementor-widget-text-editor\" data-id=\"1de03614\" data-element_type=\"widget\" data-widget_type=\"text-editor.default\">\n\t\t\t\t<div class=\"elementor-widget-container\">\n\t\t\t\t\t\t\t\t\tEn plus d\u2019un tissu respirant, nous vous proposons d\u2019augmenter la r\u00e9sistance aux vents gr\u00e2ce \u00e0 deux solutions :\n<ul>\n \t<li aria-level=\"1\"><span style=\"text-decoration: underline;\"><strong><a href=\"https:\/\/www.espace-ombrage.com\/fr\/voile-enrouleur\/147-australe-340-enrouleur.html\" target=\"_blank\" rel=\"noopener\">La voile \u00e0 enrouleur<\/a><\/strong><\/span> : C\u2019est un de nos produits iconiques. Son syst\u00e8me simple et rapide vous permettra d\u2019enrouler les voiles le soir, les week-ends ou pendant les p\u00e9riodes de vacances scolaires. Vous trouverez une vid\u00e9o du fonctionnement <span style=\"text-decoration: underline;\"><strong><a href=\"https:\/\/www.youtube.com\/shorts\/hglmvo8fDBI\" target=\"_blank\" rel=\"noopener\">ICI<\/a><\/strong><\/span><\/li>\n \t<li aria-level=\"1\"><strong>La voile avec un c\u00e2ble inox sur le p\u00e9rim\u00e8tre<\/strong><b> :<\/b> Un produit con\u00e7u <span style=\"text-decoration: underline;\"><b><a href=\"https:\/\/www.espace-ombrage.com\/fr\/content\/161-espace-pro\" target=\"_blank\" rel=\"noopener\">sp\u00e9cialement pour les professionnels<\/a><\/b><\/span>. Le tissu Australe 340 est compatible avec une telle confection de <strong>toile ombrage solaire<\/strong>. Son c\u00e2ble en inox p\u00e9riph\u00e9rique lui permet de r\u00e9sister \u00e0 des vents sup\u00e9rieurs \u00e0 80 km\/h. De plus, son proc\u00e9d\u00e9 de fabrication permet de cr\u00e9er des voiles de grands formats, que nous vous pr\u00e9senterons ci-apr\u00e8s.<\/li>\n<\/ul>\t\t\t\t\t\t\t\t<\/div>\n\t\t\t\t<\/div>\n\t\t\t\t\t<\/div>\n\t\t<\/div>\n\t\t\t\t\t<\/div>\n\t\t<\/section>\n\t\t\t\t<section class=\"elementor-section elementor-top-section elementor-element elementor-element-3e438c79 elementor-section-full_width elementor-reverse-tablet elementor-reverse-mobile elementor-section-height-default elementor-section-height-default elementor-invisible\" data-id=\"3e438c79\" data-element_type=\"section\" data-settings=\"{&quot;background_background&quot;:&quot;classic&quot;,&quot;animation&quot;:&quot;fadeIn&quot;}\">\n\t\t\t\t\t\t<div class=\"elementor-container elementor-column-gap-no\">\n\t\t\t\t\t<div class=\"elementor-column elementor-col-50 elementor-top-column elementor-element elementor-element-4d4133e\" data-id=\"4d4133e\" data-element_type=\"column\">\n\t\t\t<div class=\"elementor-widget-wrap elementor-element-populated\">\n\t\t\t\t\t\t<div class=\"elementor-element elementor-element-3c9246fe elementor-widget-divider--view-line elementor-widget elementor-widget-divider\" data-id=\"3c9246fe\" data-element_type=\"widget\" data-widget_type=\"divider.default\">\n\t\t\t\t<div class=\"elementor-widget-container\">\n\t\t\t\t\t\t\t<div class=\"elementor-divider\">\n\t\t\t<span class=\"elementor-divider-separator\">\n\t\t\t\t\t\t<\/span>\n\t\t<\/div>\n\t\t\t\t\t\t<\/div>\n\t\t\t\t<\/div>\n\t\t\t\t<div class=\"elementor-element elementor-element-4dcc619 elementor-widget elementor-widget-heading\" data-id=\"4dcc619\" data-element_type=\"widget\" data-widget_type=\"heading.default\">\n\t\t\t\t<div class=\"elementor-widget-container\">\n\t\t\t\t\t<h3 class=\"elementor-heading-title elementor-size-default\">Quelle forme de voile d\u2019ombrage ?<\/h3>\t\t\t\t<\/div>\n\t\t\t\t<\/div>\n\t\t\t\t<div class=\"elementor-element elementor-element-7d46d434 elementor-widget elementor-widget-text-editor\" data-id=\"7d46d434\" data-element_type=\"widget\" data-widget_type=\"text-editor.default\">\n\t\t\t\t<div class=\"elementor-widget-container\">\n\t\t\t\t\t\t\t\t\t<p>Lorsqu\u2019il s\u2019agit de gagner en efficacit\u00e9 d\u2019ombrage, nous recommandons plut\u00f4t de choisir des <span style=\"text-decoration: underline;\"><strong><a href=\"https:\/\/www.espace-ombrage.com\/fr\/49-voile-d-ombrage-rectangulaire\" target=\"_blank\" rel=\"noopener\">voiles d\u2019ombrage rectangulaires<\/a><\/strong><\/span> ou plus largement quadrilat\u00e8res. En effet, ces derni\u00e8res permettent de limiter le nombre de fixations et\/ou de poteaux pour voiles d\u2019ombrage \u00e0 installer. Pour les <span style=\"text-decoration: underline;\"><strong><a href=\"https:\/\/www.espace-ombrage.com\/fr\/voile-enrouleur\/147-australe-340-enrouleur.html\" target=\"_blank\" rel=\"noopener\">voiles ombrage \u00e0 enrouleur Australe 340<\/a><\/strong><\/span>, nous contraignons la surface \u00e0 28m2 maximum afin d\u2019\u00e9viter la cr\u00e9ation d&rsquo;installations non s\u00e9curis\u00e9es. Lorsqu\u2019un angle de l\u2019axe d\u2019enroulement d\u2019une voile ombrage enrouleur de plus de 24m2 est fix\u00e9 sur notre <strong>mat pour voile ombrage<\/strong> \u00e0 sceller (20m2 pour les version \u00e0 visser et platines murales), alors il faudra positionner un hauban sur ces derniers. Pour \u00e9viter les blessures, il est g\u00e9n\u00e9ralement proscrit d\u2019installer des haubans (ou c\u00e2bles en inox) dans les cours de r\u00e9cr\u00e9ation.<\/p><p>Ces composantes vous permettent donc de d\u00e9terminer les surfaces \u00e0 couvrir en tenant compte de nos contraintes de fabrication. La voile \u00e0 enrouleur est \u00e9galement disponible en <span style=\"text-decoration: underline;\"><strong><a href=\"https:\/\/www.espace-ombrage.com\/fr\/content\/130-voiles-dombrage-triangle-rectangle\" target=\"_blank\" rel=\"noopener\">toile ombrage triangle<\/a><\/strong><\/span> si vous souhaitez une zone d\u2019ombre limit\u00e9e et ajouter un aspect design.<\/p>\t\t\t\t\t\t\t\t<\/div>\n\t\t\t\t<\/div>\n\t\t\t\t<div class=\"elementor-element elementor-element-1847d804 elementor-widget elementor-widget-text-editor\" data-id=\"1847d804\" data-element_type=\"widget\" data-widget_type=\"text-editor.default\">\n\t\t\t\t<div class=\"elementor-widget-container\">\n\t\t\t\t\t\t\t\t\t<p>Toutefois, si vous souhaitez cr\u00e9er des zones d\u2019ombrage plus grandes, vous pouvez vous orienter vers une voile ombrage avec un c\u00e2ble p\u00e9riph\u00e9rique qui est disponible en triangle, quadrilat\u00e8re et m\u00eame pentagone. Les surfaces maximales possibles selon les formes sont :\u00a0<\/p><ul><li aria-level=\"1\">35m2 pour les <strong>voiles ombrage triangulaires<\/strong><\/li><li aria-level=\"1\">45m2 pour les <span style=\"text-decoration: underline;\"><strong><a href=\"https:\/\/www.espace-ombrage.com\/fr\/content\/121-voile-ombrage-rectangulaire\" target=\"_blank\" rel=\"noopener\">toile d ombrage rectangulaire<\/a><\/strong><\/span><\/li><li aria-level=\"1\">55m2 pour les <strong>voiles d\u2019ombre pentagones<\/strong><\/li><\/ul><p>Ces voiles d\u2019ombrage ne sont compatibles qu\u2019avec les <strong>poteaux en acier galvanis\u00e9<\/strong>. Vous n\u2019aurez aucun hauban sur cette version de <strong>piquet pour voile ombrage<\/strong>.<\/p>\t\t\t\t\t\t\t\t<\/div>\n\t\t\t\t<\/div>\n\t\t\t\t<div class=\"elementor-element elementor-element-d991383 elementor-widget-divider--view-line elementor-widget elementor-widget-divider\" data-id=\"d991383\" data-element_type=\"widget\" data-widget_type=\"divider.default\">\n\t\t\t\t<div class=\"elementor-widget-container\">\n\t\t\t\t\t\t\t<div class=\"elementor-divider\">\n\t\t\t<span class=\"elementor-divider-separator\">\n\t\t\t\t\t\t<\/span>\n\t\t<\/div>\n\t\t\t\t\t\t<\/div>\n\t\t\t\t<\/div>\n\t\t\t\t\t<\/div>\n\t\t<\/div>\n\t\t\t\t<div class=\"elementor-column elementor-col-50 elementor-top-column elementor-element elementor-element-182581aa\" data-id=\"182581aa\" data-element_type=\"column\" data-settings=\"{&quot;background_background&quot;:&quot;classic&quot;}\">\n\t\t\t<div class=\"elementor-widget-wrap elementor-element-populated\">\n\t\t\t\t\t\t<div class=\"elementor-element elementor-element-2099ba7e elementor-widget elementor-widget-spacer\" data-id=\"2099ba7e\" data-element_type=\"widget\" data-widget_type=\"spacer.default\">\n\t\t\t\t<div class=\"elementor-widget-container\">\n\t\t\t\t\t\t\t<div class=\"elementor-spacer\">\n\t\t\t<div class=\"elementor-spacer-inner\"><\/div>\n\t\t<\/div>\n\t\t\t\t\t\t<\/div>\n\t\t\t\t<\/div>\n\t\t\t\t\t<\/div>\n\t\t<\/div>\n\t\t\t\t\t<\/div>\n\t\t<\/section>\n\t\t\t\t<section class=\"elementor-section elementor-top-section elementor-element elementor-element-44c61008 elementor-section-boxed elementor-section-height-default elementor-section-height-default elementor-invisible\" data-id=\"44c61008\" data-element_type=\"section\" data-settings=\"{&quot;animation&quot;:&quot;fadeIn&quot;}\">\n\t\t\t\t\t\t<div class=\"elementor-container elementor-column-gap-default\">\n\t\t\t\t\t<div class=\"elementor-column elementor-col-100 elementor-top-column elementor-element elementor-element-6ad3df03\" data-id=\"6ad3df03\" data-element_type=\"column\">\n\t\t\t<div class=\"elementor-widget-wrap elementor-element-populated\">\n\t\t\t\t\t\t<div class=\"elementor-element elementor-element-2355833 elementor-widget elementor-widget-heading\" data-id=\"2355833\" data-element_type=\"widget\" data-widget_type=\"heading.default\">\n\t\t\t\t<div class=\"elementor-widget-container\">\n\t\t\t\t\t<h2 class=\"elementor-heading-title elementor-size-default\">Quel poteau pour voile ombrage choisir ?<\/h2>\t\t\t\t<\/div>\n\t\t\t\t<\/div>\n\t\t\t\t<div class=\"elementor-element elementor-element-3a73f2a1 elementor-widget__width-initial elementor-widget elementor-widget-text-editor\" data-id=\"3a73f2a1\" data-element_type=\"widget\" data-widget_type=\"text-editor.default\">\n\t\t\t\t<div class=\"elementor-widget-container\">\n\t\t\t\t\t\t\t\t\t<p>Espace Ombrage vous propose plusieurs solutions pour cr\u00e9er des points de fixations :\u00a0<\/p><ul><li aria-level=\"1\">La <span style=\"text-decoration: underline;\"><strong><a href=\"https:\/\/www.espace-ombrage.com\/fr\/fixations-pour-voile-d-ombrage\/13-fixation-murale-longue.html\" target=\"_blank\" rel=\"noopener\">fixation murale<\/a><\/strong><\/span> (pour mur b\u00e9ton ou bois) lorsque vous avez des murs de disponibles.<\/li><li aria-level=\"1\">Le <span style=\"text-decoration: underline;\"><strong><a href=\"https:\/\/www.espace-ombrage.com\/fr\/mats-et-accessoires\/10-mat-reglable-pour-voile-d-ombrage.html\" target=\"_blank\" rel=\"noopener\">mat pour voile d&rsquo;ombrage<\/a><\/strong><\/span> r\u00e9glable en hauteur.<\/li><\/ul><p>Ce dernier est disponible en versions \u00e0 sceller, visser, platines murales ou encore avec un <a href=\"https:\/\/www.espace-ombrage.com\/fr\/mats-et-accessoires\/6811-support-pour-lest-en-acier-galvanise.html\" target=\"_blank\" rel=\"noopener\"><span style=\"text-decoration: underline;\"><strong>support \u00e0 lester<\/strong><\/span><\/a>. Vous trouverez une vid\u00e9o de pr\u00e9sentation dans laquelle vous allez d\u00e9couvrir les coloris et les embases disponibles.<\/p>\t\t\t\t\t\t\t\t<\/div>\n\t\t\t\t<\/div>\n\t\t\t\t<div class=\"elementor-element elementor-element-416165a elementor-widget elementor-widget-video\" data-id=\"416165a\" data-element_type=\"widget\" data-settings=\"{&quot;youtube_url&quot;:&quot;https:\\\/\\\/www.youtube.com\\\/watch?v=e2On5DFpawY&quot;,&quot;video_type&quot;:&quot;youtube&quot;,&quot;controls&quot;:&quot;yes&quot;}\" data-widget_type=\"video.default\">\n\t\t\t\t<div class=\"elementor-widget-container\">\n\t\t\t\t\t\t\t<div class=\"elementor-wrapper elementor-open-inline\">\n\t\t\t<div class=\"elementor-video\"><\/div>\t\t<\/div>\n\t\t\t\t\t\t<\/div>\n\t\t\t\t<\/div>\n\t\t\t\t<div class=\"elementor-element elementor-element-6b4c534 elementor-widget elementor-widget-text-editor\" data-id=\"6b4c534\" data-element_type=\"widget\" data-widget_type=\"text-editor.default\">\n\t\t\t\t<div class=\"elementor-widget-container\">\n\t\t\t\t\t\t\t\t\t<p>Le sol des cours d\u2019\u00e9cole est souvent en bitume. Une mati\u00e8re trop souple pour fixer un <strong>m\u00e2t r\u00e9glable \u00e0 visser<\/strong> dessus. Nous vous orientons plut\u00f4t vers la version \u00e0 sceller en cr\u00e9ant un plot b\u00e9ton dans lequel vous allez sceller un fourreau o\u00f9 le tube s&rsquo;enfile. C\u2019est la version la plus robuste et la plus invisible lors de l\u2019hivernage puisqu\u2019il n\u2019y a pas d\u2019embase hors sol. Vous trouverez ci-dessous la vid\u00e9o d\u2019installation qui vous expliquera pas \u00e0 pas les \u00e9tapes de pose d\u2019un m\u00e2t r\u00e9glable \u00e0 sceller de chez Espace Ombrage.<\/p>\t\t\t\t\t\t\t\t<\/div>\n\t\t\t\t<\/div>\n\t\t\t\t<div class=\"elementor-element elementor-element-42dacbe elementor-widget elementor-widget-video\" data-id=\"42dacbe\" data-element_type=\"widget\" data-settings=\"{&quot;youtube_url&quot;:&quot;https:\\\/\\\/www.youtube.com\\\/watch?v=X53e4MIn0_0&quot;,&quot;video_type&quot;:&quot;youtube&quot;,&quot;controls&quot;:&quot;yes&quot;}\" data-widget_type=\"video.default\">\n\t\t\t\t<div class=\"elementor-widget-container\">\n\t\t\t\t\t\t\t<div class=\"elementor-wrapper elementor-open-inline\">\n\t\t\t<div class=\"elementor-video\"><\/div>\t\t<\/div>\n\t\t\t\t\t\t<\/div>\n\t\t\t\t<\/div>\n\t\t\t\t<div class=\"elementor-element elementor-element-11a5e12 elementor-widget elementor-widget-text-editor\" data-id=\"11a5e12\" data-element_type=\"widget\" data-widget_type=\"text-editor.default\">\n\t\t\t\t<div class=\"elementor-widget-container\">\n\t\t\t\t\t\t\t\t\t<p>De plus, pour des questions de s\u00e9curit\u00e9, nous avons sp\u00e9cialement con\u00e7u un <span style=\"text-decoration: underline;\"><strong><a href=\"https:\/\/www.espace-ombrage.com\/fr\/accueil\/9860-bouchon-fourreau.html\" target=\"_blank\" rel=\"noopener\">bouchon pour fourreau<\/a><\/strong><\/span> afin de combler le trou sans que les enfants puissent l\u2019enlever.<\/p><p>Enfin, comme \u00e9voqu\u00e9, ci-dessus, dans le cas d\u2019une voile c\u00e2ble, seuls les m\u00e2ts \u00e0 visser en acier galvanis\u00e9 sont adapt\u00e9s. Ils font 300cm de hauteur et 159 mm de section. Il ont une embase \u00e0 visser de 30x30cm \u00e0 fixer en 6 points. Il faudra pr\u00e9voir de cr\u00e9er des plots b\u00e9ton d\u2019au moins 50 cm de section de 120cm de profondeur. De cette mani\u00e8re, vous pourrez installer des <strong>voiles ombrage de grandes surfaces<\/strong> et s\u00e9curis\u00e9es. N\u2019h\u00e9sitez pas \u00e0 <span style=\"text-decoration: underline;\"><strong><a href=\"https:\/\/www.espace-ombrage.com\/fr\/content\/161-espace-pro\" target=\"_blank\" rel=\"noopener\">nous contacter<\/a><\/strong><\/span> pour en savoir davantage sur le <strong>poteau pour voile d\u2019ombrage en acier galvanis\u00e9 r\u00e9serv\u00e9 aux professionnels.<\/strong><\/p><p>Voici une vid\u00e9o de r\u00e9alisation dans un parc de jeu en r\u00e9gion parisienne avec des voiles c\u00e2bles et des <strong>piquets<\/strong> en acier galvanis\u00e9.<\/p>\t\t\t\t\t\t\t\t<\/div>\n\t\t\t\t<\/div>\n\t\t\t\t\t<\/div>\n\t\t<\/div>\n\t\t\t\t\t<\/div>\n\t\t<\/section>\n\t\t\t\t<section class=\"elementor-section elementor-top-section elementor-element elementor-element-7ec5865d elementor-section-full_width elementor-section-height-default elementor-section-height-default elementor-invisible\" data-id=\"7ec5865d\" data-element_type=\"section\" data-settings=\"{&quot;animation&quot;:&quot;fadeIn&quot;}\">\n\t\t\t\t\t\t<div class=\"elementor-container elementor-column-gap-no\">\n\t\t\t\t\t<div class=\"elementor-column elementor-col-50 elementor-top-column elementor-element elementor-element-56dbb83c\" data-id=\"56dbb83c\" data-element_type=\"column\" data-settings=\"{&quot;background_background&quot;:&quot;classic&quot;}\">\n\t\t\t<div class=\"elementor-widget-wrap elementor-element-populated\">\n\t\t\t\t\t\t<div class=\"elementor-element elementor-element-466ce9b2 elementor-widget elementor-widget-spacer\" data-id=\"466ce9b2\" data-element_type=\"widget\" data-widget_type=\"spacer.default\">\n\t\t\t\t<div class=\"elementor-widget-container\">\n\t\t\t\t\t\t\t<div class=\"elementor-spacer\">\n\t\t\t<div class=\"elementor-spacer-inner\"><\/div>\n\t\t<\/div>\n\t\t\t\t\t\t<\/div>\n\t\t\t\t<\/div>\n\t\t\t\t\t<\/div>\n\t\t<\/div>\n\t\t\t\t<div class=\"elementor-column elementor-col-50 elementor-top-column elementor-element elementor-element-489c8f2e\" data-id=\"489c8f2e\" data-element_type=\"column\">\n\t\t\t<div class=\"elementor-widget-wrap elementor-element-populated\">\n\t\t\t\t\t\t<div class=\"elementor-element elementor-element-7dba2bf7 elementor-widget elementor-widget-text-editor\" data-id=\"7dba2bf7\" data-element_type=\"widget\" data-widget_type=\"text-editor.default\">\n\t\t\t\t<div class=\"elementor-widget-container\">\n\t\t\t\t\t\t\t\t\t<p>Pour vous donner des id\u00e9es, nous avons regroup\u00e9 les diff\u00e9rentes r\u00e9alisations effectu\u00e9es en France et en Europe sur une m\u00eame <span style=\"text-decoration: underline;\"><strong><a href=\"https:\/\/www.espace-ombrage.com\/fr\/content\/210-voiles-d-ombrage-pour-municipalite-creche-et-sante-publique\" target=\"_blank\" rel=\"noopener\">page d\u00e9di\u00e9e aux \u00e9coles<\/a><\/strong><\/span><b>.<\/b><\/p><p>Espace Ombrage accompagne les mairies et communaut\u00e9s de communes dans l\u2019am\u00e9nagement de leurs cours d\u2019\u00e9coles. Nous \u00e9quipons de plus en plus d&rsquo;\u00e9coles avec des voiles d\u2019ombrage et notre fonctionnement est adapt\u00e9 aux r\u00e8glements via<strong> CHORUS PRO.<\/strong><\/p><p>Nous pouvons vous g\u00e9n\u00e9rer un devis sous 48h sur la base d\u2019un plan et de quelques photos de l\u2019espace \u00e0 couvrir. Envoyez-nous votre demande :\u00a0<\/p>\t\t\t\t\t\t\t\t<\/div>\n\t\t\t\t<\/div>\n\t\t\t\t<div class=\"elementor-element elementor-element-385532fe elementor-align-center elementor-widget elementor-widget-button\" data-id=\"385532fe\" data-element_type=\"widget\" data-settings=\"{&quot;motion_fx_motion_fx_mouse&quot;:&quot;yes&quot;}\" data-widget_type=\"button.default\">\n\t\t\t\t<div class=\"elementor-widget-container\">\n\t\t\t\t\t\t\t\t\t<div class=\"elementor-button-wrapper\">\n\t\t\t\t\t<a class=\"elementor-button elementor-button-link elementor-size-sm\" href=\"https:\/\/www.google.com\/url?q=https:\/\/www.espace-ombrage.com\/fr\/content\/161-espace-pro&#038;sa=D&#038;source=docs&#038;ust=1718291754508969&#038;usg=AOvVaw2GbDd57K4H0BbqvbCRpYM7\" target=\"_blank\">\n\t\t\t\t\t\t<span class=\"elementor-button-content-wrapper\">\n\t\t\t\t\t\t\t\t\t<span class=\"elementor-button-text\">Je demande mon devis professionnel<\/span>\n\t\t\t\t\t<\/span>\n\t\t\t\t\t<\/a>\n\t\t\t\t<\/div>\n\t\t\t\t\t\t\t\t<\/div>\n\t\t\t\t<\/div>\n\t\t\t\t\t<\/div>\n\t\t<\/div>\n\t\t\t\t\t<\/div>\n\t\t<\/section>\n\t\t\t\t<section class=\"elementor-section elementor-top-section elementor-element elementor-element-3fb3daf3 elementor-section-full_width elementor-section-height-min-height elementor-section-items-stretch elementor-section-content-middle elementor-section-height-default elementor-invisible\" data-id=\"3fb3daf3\" data-element_type=\"section\" data-settings=\"{&quot;animation&quot;:&quot;fadeIn&quot;,&quot;background_background&quot;:&quot;classic&quot;}\">\n\t\t\t\t\t\t<div class=\"elementor-container elementor-column-gap-no\">\n\t\t\t\t\t<div class=\"elementor-column elementor-col-50 elementor-top-column elementor-element elementor-element-16c3af6b\" data-id=\"16c3af6b\" data-element_type=\"column\" data-settings=\"{&quot;background_background&quot;:&quot;classic&quot;}\">\n\t\t\t<div class=\"elementor-widget-wrap elementor-element-populated\">\n\t\t\t\t\t\t<div class=\"elementor-element elementor-element-436302ec elementor-widget elementor-widget-text-editor\" data-id=\"436302ec\" data-element_type=\"widget\" data-widget_type=\"text-editor.default\">\n\t\t\t\t<div class=\"elementor-widget-container\">\n\t\t\t\t\t\t\t\t\t<p>Vous souhaitez recevoir un projet en 3D et un devis pour \u00e9quiper votre terrasse? Envoyez-nous un plan de votre terrasse \u00e0 couvrir, qu\u2019il soit \u00e0 main lev\u00e9e ou un plan d\u2019architecte que vous avez ainsi que quelques photos et <a href=\"https:\/\/www.espace-ombrage.com\/fr\/content\/161-espace-pro\" target=\"_blank\" rel=\"noopener\"><span style=\"text-decoration: underline;\"><strong>demandez une \u00e9tude r\u00e9alis\u00e9e par nos experts<\/strong><\/span>.<\/a> Vous aurez un retour sous 72h, avec une projection en 3D de votre projet et un devis.\u00a0<\/p><p>Notre \u00e9quipe reste disponible par email \u00e0 <span style=\"text-decoration: underline;\"><strong><a href=\"mailto:contact@espace-ombrage.com\" target=\"_blank\" rel=\"noopener\">contact@espace-ombrage.com<\/a><\/strong><\/span> ou par t\u00e9l\u00e9phone au <b>+33 3 62 27 60 60<\/b> pour r\u00e9pondre \u00e0 vos questions et vous accompagner dans votre projet.<\/p>\t\t\t\t\t\t\t\t<\/div>\n\t\t\t\t<\/div>\n\t\t\t\t\t<\/div>\n\t\t<\/div>\n\t\t\t\t<div class=\"elementor-column elementor-col-50 elementor-top-column elementor-element elementor-element-7a97d4f1 elementor-hidden-tablet elementor-hidden-mobile\" data-id=\"7a97d4f1\" data-element_type=\"column\" data-settings=\"{&quot;background_background&quot;:&quot;classic&quot;}\">\n\t\t\t<div class=\"elementor-widget-wrap elementor-element-populated\">\n\t\t\t\t\t\t<div class=\"elementor-element elementor-element-35c943d5 elementor-widget elementor-widget-image\" data-id=\"35c943d5\" data-element_type=\"widget\" data-widget_type=\"image.default\">\n\t\t\t\t<div class=\"elementor-widget-container\">\n\t\t\t\t\t\t\t\t\t\t\t\t\t\t\t<img decoding=\"async\" width=\"540\" height=\"540\" src=\"https:\/\/www.espace-ombrage.com\/blog\/wp-content\/uploads\/2023\/08\/australe-340-enrouleur.jpg\" class=\"attachment-full size-full wp-image-1495\" alt=\"Toile d&#039;ombrage ajour\u00e9e \u00e0 enrouleur sur balcon\" srcset=\"https:\/\/www.espace-ombrage.com\/blog\/wp-content\/uploads\/2023\/08\/australe-340-enrouleur.jpg 540w, https:\/\/www.espace-ombrage.com\/blog\/wp-content\/uploads\/2023\/08\/australe-340-enrouleur-300x300.jpg 300w, https:\/\/www.espace-ombrage.com\/blog\/wp-content\/uploads\/2023\/08\/australe-340-enrouleur-150x150.jpg 150w\" sizes=\"(max-width: 540px) 100vw, 540px\" \/>\t\t\t\t\t\t\t\t\t\t\t\t\t\t\t<\/div>\n\t\t\t\t<\/div>\n\t\t\t\t\t<\/div>\n\t\t<\/div>\n\t\t\t\t\t<\/div>\n\t\t<\/section>\n\t\t\t\t<section class=\"elementor-section elementor-top-section elementor-element elementor-element-2265bc4e elementor-section-boxed elementor-section-height-default elementor-section-height-default\" data-id=\"2265bc4e\" data-element_type=\"section\">\n\t\t\t\t\t\t<div class=\"elementor-container elementor-column-gap-default\">\n\t\t\t\t\t<div class=\"elementor-column elementor-col-100 elementor-top-column elementor-element elementor-element-2460d448\" data-id=\"2460d448\" data-element_type=\"column\">\n\t\t\t<div class=\"elementor-widget-wrap elementor-element-populated\">\n\t\t\t\t\t\t<div class=\"elementor-element elementor-element-3b2f39d5 elementor-post-navigation-borders-yes elementor-widget elementor-widget-post-navigation\" data-id=\"3b2f39d5\" data-element_type=\"widget\" data-widget_type=\"post-navigation.default\">\n\t\t\t\t<div class=\"elementor-widget-container\">\n\t\t\t\t\t\t\t<div class=\"elementor-post-navigation\">\n\t\t\t<div class=\"elementor-post-navigation__prev elementor-post-navigation__link\">\n\t\t\t\t<a href=\"https:\/\/www.espace-ombrage.com\/blog\/entretenir-et-nettoyer-sa-voile-dombrage\/\" rel=\"prev\"><span class=\"post-navigation__arrow-wrapper post-navigation__arrow-prev\"><i class=\"fa fa-caret-left\" aria-hidden=\"true\"><\/i><span class=\"elementor-screen-only\">Pr\u00e9c\u00e9dent<\/span><\/span><span class=\"elementor-post-navigation__link__prev\"><span class=\"post-navigation__prev--label\">Pr\u00e9c\u00e9dent<\/span><span class=\"post-navigation__prev--title\">Entretenir et nettoyer sa voile d\u2019ombrage<\/span><\/span><\/a>\t\t\t<\/div>\n\t\t\t\t\t\t\t<div class=\"elementor-post-navigation__separator-wrapper\">\n\t\t\t\t\t<div class=\"elementor-post-navigation__separator\"><\/div>\n\t\t\t\t<\/div>\n\t\t\t\t\t\t<div class=\"elementor-post-navigation__next elementor-post-navigation__link\">\n\t\t\t\t<a href=\"https:\/\/www.espace-ombrage.com\/blog\/comment-fixer-une-voile-dombrage-sans-percer\/\" rel=\"next\"><span class=\"elementor-post-navigation__link__next\"><span class=\"post-navigation__next--label\">Suivant<\/span><span class=\"post-navigation__next--title\">Comment fixer une voile d&rsquo;ombrage sans percer ?<\/span><\/span><span class=\"post-navigation__arrow-wrapper post-navigation__arrow-next\"><i class=\"fa fa-caret-right\" aria-hidden=\"true\"><\/i><span class=\"elementor-screen-only\">Suivant<\/span><\/span><\/a>\t\t\t<\/div>\n\t\t<\/div>\n\t\t\t\t\t\t<\/div>\n\t\t\t\t<\/div>\n\t\t\t\t\t<\/div>\n\t\t<\/div>\n\t\t\t\t\t<\/div>\n\t\t<\/section>\n\t\t\t\t<section class=\"elementor-section elementor-top-section elementor-element elementor-element-1afff03 elementor-section-boxed elementor-section-height-default elementor-section-height-default\" data-id=\"1afff03\" data-element_type=\"section\">\n\t\t\t\t\t\t<div class=\"elementor-container elementor-column-gap-default\">\n\t\t\t\t\t<div class=\"elementor-column elementor-col-100 elementor-top-column elementor-element elementor-element-7d2b393\" data-id=\"7d2b393\" data-element_type=\"column\">\n\t\t\t<div class=\"elementor-widget-wrap elementor-element-populated\">\n\t\t\t\t\t\t<div class=\"elementor-element elementor-element-22eac08 elementor-widget elementor-widget-html\" data-id=\"22eac08\" data-element_type=\"widget\" data-widget_type=\"html.default\">\n\t\t\t\t<div class=\"elementor-widget-container\">\n\t\t\t\t\t<script type=\"application\/ld+json\">\n{\n  \"@context\": \"https:\/\/schema.org\",\n  \"@type\": \"VideoObject\",\n  \"name\": \"Pourquoi choisir un m\u00e2t r\u00e9glable Espace Ombrage?\",\n  \"description\": \"Chez Espace Ombrage, vous trouverez des accessoires suppl\u00e9mentaires pour couvrir votre espace avec plusieurs voiles d'ombrage.  Le poteau pour voile d'ombrage Espace Ombrage, aussi appel\u00e9 m\u00e2t r\u00e9glable a \u00e9t\u00e9 con\u00e7u pour vous faciliter l'installation de votre voile d'ombrage. Le tout en apportant un aspect esth\u00e9tique et marin \u00e0 votre terrasse. 00:00 Pr\u00e9sentation du m\u00e2t 00:35 Les versions d'embases disponibles\",\n  \"thumbnailUrl\": \"https:\/\/i.ytimg.com\/vi\/e2On5DFpawY\/hqdefault.jpg\",\n  \"uploadDate\": \"2021-09-24\",\n  \"duration\": \"PT1M17S\",\n  \"embedUrl\": \"https:\/\/www.youtube.com\/embed\/e2On5DFpawY?si=fqzwq-LZ0u0x1sxf\"\n}\n<\/script>\t\t\t\t<\/div>\n\t\t\t\t<\/div>\n\t\t\t\t<div class=\"elementor-element elementor-element-0e176be elementor-widget elementor-widget-html\" data-id=\"0e176be\" data-element_type=\"widget\" data-widget_type=\"html.default\">\n\t\t\t\t<div class=\"elementor-widget-container\">\n\t\t\t\t\t<script type=\"application\/ld+json\">\n{\n  \"@context\": \"https:\/\/schema.org\",\n  \"@type\": \"VideoObject\",\n  \"name\": \"Comment installer un m\u00e2t r\u00e9glable \u00e0 sceller pour voile d'ombrage\",\n  \"description\": \"Espace Ombrage vous invite \u00e0 d\u00e9couvrir comment installer un m\u00e2t pour voile d'ombrage \u00e0 sceller. 00:00 Introduction 00:10 Comment sceller le fourreau 00:39 Comment ins\u00e9rer le renfort et le profil du m\u00e2t\",\n  \"thumbnailUrl\": \"https:\/\/i.ytimg.com\/vi\/X53e4MIn0_0\/hqdefault.jpg\",\n  \"uploadDate\": \"2021-09-16\",\n  \"duration\": \"PT1M20S\",\n  \"embedUrl\": \"https:\/\/www.youtube.com\/embed\/X53e4MIn0_0?si=OFAs9JNc3e1V4e7T\"\n}\n<\/script>\t\t\t\t<\/div>\n\t\t\t\t<\/div>\n\t\t\t\t\t<\/div>\n\t\t<\/div>\n\t\t\t\t\t<\/div>\n\t\t<\/section>\n\t\t\t\t<\/div>\n\t\t","protected":false},"excerpt":{"rendered":"<p>Comment prot\u00e9ger les enfants de la chaleur et des UV dans les cours d\u2019\u00e9cole ? D\u00e9couvrez nos solutions d\u2019ombrage s\u00fbres et durables adapt\u00e9es aux \u00e9tablissements scolaires.<\/p>\n","protected":false},"author":2,"featured_media":3933,"comment_status":"open","ping_status":"open","sticky":false,"template":"elementor_header_footer","format":"standard","meta":{"footnotes":""},"categories":[10,5],"tags":[130,129,131,34,19,82,128,116,16,92,117,21,125],"class_list":["post-3932","post","type-post","status-publish","format-standard","has-post-thumbnail","hentry","category-espace-ombrage-en-b2b","category-nos-conseils","tag-bouchon","tag-chaleur","tag-ecole","tag-fixation-murale-voile-ombrage","tag-mat-voile-ombrage","tag-microperforee","tag-ombre","tag-voile-cable","tag-voile-dombrage","tag-voile-dombrage-cour-ecole","tag-voile-dombrage-rectangulaire","tag-voile-dombrage-triangulaire","tag-voile-dombrage-enroulable"],"yoast_head":"<!-- This site is optimized with the Yoast SEO plugin v23.6 - https:\/\/yoast.com\/wordpress\/plugins\/seo\/ -->\n<title>Comment am\u00e9nager des zones d&#039;ombre dans les \u00e9coles avec des toiles, voiles d&#039;ombrage ? | Espace Ombrage<\/title>\n<meta name=\"robots\" content=\"index, follow, max-snippet:-1, max-image-preview:large, max-video-preview:-1\" \/>\n<link rel=\"canonical\" href=\"https:\/\/www.espace-ombrage.com\/blog\/comment-amenager-des-zones-dombre-dans-les-ecoles\/\" \/>\n<meta property=\"og:locale\" content=\"fr_FR\" \/>\n<meta property=\"og:type\" content=\"article\" \/>\n<meta property=\"og:title\" content=\"Comment am\u00e9nager des zones d&#039;ombre dans les \u00e9coles avec des toiles, voiles d&#039;ombrage ? | Espace Ombrage\" \/>\n<meta property=\"og:description\" content=\"Comment prot\u00e9ger les enfants de la chaleur et des UV dans les cours d\u2019\u00e9cole ? D\u00e9couvrez nos solutions d\u2019ombrage s\u00fbres et durables adapt\u00e9es aux \u00e9tablissements scolaires.\" \/>\n<meta property=\"og:url\" content=\"https:\/\/www.espace-ombrage.com\/blog\/comment-amenager-des-zones-dombre-dans-les-ecoles\/\" \/>\n<meta property=\"og:site_name\" content=\"Espace Ombrage\" \/>\n<meta property=\"article:published_time\" content=\"2026-04-10T10:07:14+00:00\" \/>\n<meta property=\"article:modified_time\" content=\"2026-04-16T10:07:24+00:00\" \/>\n<meta property=\"og:image\" content=\"https:\/\/www.espace-ombrage.com\/blog\/wp-content\/uploads\/2024\/06\/voile-solaire-pour-ecoles.png\" \/>\n\t<meta property=\"og:image:width\" content=\"1080\" \/>\n\t<meta property=\"og:image:height\" content=\"1080\" \/>\n\t<meta property=\"og:image:type\" content=\"image\/png\" \/>\n<meta name=\"author\" content=\"admin-ombrage\" \/>\n<meta name=\"twitter:card\" content=\"summary_large_image\" \/>\n<meta name=\"twitter:label1\" content=\"\u00c9crit par\" \/>\n\t<meta name=\"twitter:data1\" content=\"admin-ombrage\" \/>\n\t<meta name=\"twitter:label2\" content=\"Dur\u00e9e de lecture estim\u00e9e\" \/>\n\t<meta name=\"twitter:data2\" content=\"7 minutes\" \/>\n<script type=\"application\/ld+json\" class=\"yoast-schema-graph\">{\"@context\":\"https:\/\/schema.org\",\"@graph\":[{\"@type\":\"WebPage\",\"@id\":\"https:\/\/www.espace-ombrage.com\/blog\/comment-amenager-des-zones-dombre-dans-les-ecoles\/\",\"url\":\"https:\/\/www.espace-ombrage.com\/blog\/comment-amenager-des-zones-dombre-dans-les-ecoles\/\",\"name\":\"Comment am\u00e9nager des zones d'ombre dans les \u00e9coles avec des toiles, voiles d'ombrage ? | Espace Ombrage\",\"isPartOf\":{\"@id\":\"https:\/\/www.espace-ombrage.com\/blog\/#website\"},\"primaryImageOfPage\":{\"@id\":\"https:\/\/www.espace-ombrage.com\/blog\/comment-amenager-des-zones-dombre-dans-les-ecoles\/#primaryimage\"},\"image\":{\"@id\":\"https:\/\/www.espace-ombrage.com\/blog\/comment-amenager-des-zones-dombre-dans-les-ecoles\/#primaryimage\"},\"thumbnailUrl\":\"https:\/\/www.espace-ombrage.com\/blog\/wp-content\/uploads\/2024\/06\/voile-solaire-pour-ecoles.png\",\"datePublished\":\"2026-04-10T10:07:14+00:00\",\"dateModified\":\"2026-04-16T10:07:24+00:00\",\"author\":{\"@id\":\"https:\/\/www.espace-ombrage.com\/blog\/#\/schema\/person\/9b223e71f82520b376e08b8d0d4c7691\"},\"breadcrumb\":{\"@id\":\"https:\/\/www.espace-ombrage.com\/blog\/comment-amenager-des-zones-dombre-dans-les-ecoles\/#breadcrumb\"},\"inLanguage\":\"fr-FR\",\"potentialAction\":[{\"@type\":\"ReadAction\",\"target\":[\"https:\/\/www.espace-ombrage.com\/blog\/comment-amenager-des-zones-dombre-dans-les-ecoles\/\"]}]},{\"@type\":\"ImageObject\",\"inLanguage\":\"fr-FR\",\"@id\":\"https:\/\/www.espace-ombrage.com\/blog\/comment-amenager-des-zones-dombre-dans-les-ecoles\/#primaryimage\",\"url\":\"https:\/\/www.espace-ombrage.com\/blog\/wp-content\/uploads\/2024\/06\/voile-solaire-pour-ecoles.png\",\"contentUrl\":\"https:\/\/www.espace-ombrage.com\/blog\/wp-content\/uploads\/2024\/06\/voile-solaire-pour-ecoles.png\",\"width\":1080,\"height\":1080,\"caption\":\"Voiles d\u2019ombrage solaires dans une \u00e9cole avec des mats voile d'ombrage a sceller\"},{\"@type\":\"BreadcrumbList\",\"@id\":\"https:\/\/www.espace-ombrage.com\/blog\/comment-amenager-des-zones-dombre-dans-les-ecoles\/#breadcrumb\",\"itemListElement\":[{\"@type\":\"ListItem\",\"position\":1,\"name\":\"Espace Ombrage\",\"item\":\"https:\/\/www.espace-ombrage.com\/blog\/\"},{\"@type\":\"ListItem\",\"position\":2,\"name\":\"Comment am\u00e9nager des zones d&rsquo;ombre dans les \u00e9coles ?\",\"item\":\"https:\/\/www.espace-ombrage.com\/blog\/comment-amenager-des-zones-dombre-dans-les-ecoles\/\"}]},{\"@type\":\"WebSite\",\"@id\":\"https:\/\/www.espace-ombrage.com\/blog\/#website\",\"url\":\"https:\/\/www.espace-ombrage.com\/blog\/\",\"name\":\"Espace Ombrage\",\"description\":\"\",\"potentialAction\":[{\"@type\":\"SearchAction\",\"target\":{\"@type\":\"EntryPoint\",\"urlTemplate\":\"https:\/\/www.espace-ombrage.com\/blog\/?s={search_term_string}\"},\"query-input\":{\"@type\":\"PropertyValueSpecification\",\"valueRequired\":true,\"valueName\":\"search_term_string\"}}],\"inLanguage\":\"fr-FR\"},{\"@type\":\"Person\",\"@id\":\"https:\/\/www.espace-ombrage.com\/blog\/#\/schema\/person\/9b223e71f82520b376e08b8d0d4c7691\",\"name\":\"admin-ombrage\",\"image\":{\"@type\":\"ImageObject\",\"inLanguage\":\"fr-FR\",\"@id\":\"https:\/\/www.espace-ombrage.com\/blog\/#\/schema\/person\/image\/\",\"url\":\"https:\/\/secure.gravatar.com\/avatar\/da964888ae868660e9f41df5c83a352c8bbcfeb83d9ed86d4d1d93ca7b092bac?s=96&d=mm&r=g\",\"contentUrl\":\"https:\/\/secure.gravatar.com\/avatar\/da964888ae868660e9f41df5c83a352c8bbcfeb83d9ed86d4d1d93ca7b092bac?s=96&d=mm&r=g\",\"caption\":\"admin-ombrage\"},\"url\":\"https:\/\/www.espace-ombrage.com\/blog\/author\/admin-ombrage\/\"}]}<\/script>\n<!-- \/ Yoast SEO plugin. -->","yoast_head_json":{"title":"Comment am\u00e9nager des zones d'ombre dans les \u00e9coles avec des toiles, voiles d'ombrage ? | Espace Ombrage","robots":{"index":"index","follow":"follow","max-snippet":"max-snippet:-1","max-image-preview":"max-image-preview:large","max-video-preview":"max-video-preview:-1"},"canonical":"https:\/\/www.espace-ombrage.com\/blog\/comment-amenager-des-zones-dombre-dans-les-ecoles\/","og_locale":"fr_FR","og_type":"article","og_title":"Comment am\u00e9nager des zones d'ombre dans les \u00e9coles avec des toiles, voiles d'ombrage ? | Espace Ombrage","og_description":"Comment prot\u00e9ger les enfants de la chaleur et des UV dans les cours d\u2019\u00e9cole ? D\u00e9couvrez nos solutions d\u2019ombrage s\u00fbres et durables adapt\u00e9es aux \u00e9tablissements scolaires.","og_url":"https:\/\/www.espace-ombrage.com\/blog\/comment-amenager-des-zones-dombre-dans-les-ecoles\/","og_site_name":"Espace Ombrage","article_published_time":"2026-04-10T10:07:14+00:00","article_modified_time":"2026-04-16T10:07:24+00:00","og_image":[{"width":1080,"height":1080,"url":"https:\/\/www.espace-ombrage.com\/blog\/wp-content\/uploads\/2024\/06\/voile-solaire-pour-ecoles.png","type":"image\/png"}],"author":"admin-ombrage","twitter_card":"summary_large_image","twitter_misc":{"\u00c9crit par":"admin-ombrage","Dur\u00e9e de lecture estim\u00e9e":"7 minutes"},"schema":{"@context":"https:\/\/schema.org","@graph":[{"@type":"WebPage","@id":"https:\/\/www.espace-ombrage.com\/blog\/comment-amenager-des-zones-dombre-dans-les-ecoles\/","url":"https:\/\/www.espace-ombrage.com\/blog\/comment-amenager-des-zones-dombre-dans-les-ecoles\/","name":"Comment am\u00e9nager des zones d'ombre dans les \u00e9coles avec des toiles, voiles d'ombrage ? | Espace Ombrage","isPartOf":{"@id":"https:\/\/www.espace-ombrage.com\/blog\/#website"},"primaryImageOfPage":{"@id":"https:\/\/www.espace-ombrage.com\/blog\/comment-amenager-des-zones-dombre-dans-les-ecoles\/#primaryimage"},"image":{"@id":"https:\/\/www.espace-ombrage.com\/blog\/comment-amenager-des-zones-dombre-dans-les-ecoles\/#primaryimage"},"thumbnailUrl":"https:\/\/www.espace-ombrage.com\/blog\/wp-content\/uploads\/2024\/06\/voile-solaire-pour-ecoles.png","datePublished":"2026-04-10T10:07:14+00:00","dateModified":"2026-04-16T10:07:24+00:00","author":{"@id":"https:\/\/www.espace-ombrage.com\/blog\/#\/schema\/person\/9b223e71f82520b376e08b8d0d4c7691"},"breadcrumb":{"@id":"https:\/\/www.espace-ombrage.com\/blog\/comment-amenager-des-zones-dombre-dans-les-ecoles\/#breadcrumb"},"inLanguage":"fr-FR","potentialAction":[{"@type":"ReadAction","target":["https:\/\/www.espace-ombrage.com\/blog\/comment-amenager-des-zones-dombre-dans-les-ecoles\/"]}]},{"@type":"ImageObject","inLanguage":"fr-FR","@id":"https:\/\/www.espace-ombrage.com\/blog\/comment-amenager-des-zones-dombre-dans-les-ecoles\/#primaryimage","url":"https:\/\/www.espace-ombrage.com\/blog\/wp-content\/uploads\/2024\/06\/voile-solaire-pour-ecoles.png","contentUrl":"https:\/\/www.espace-ombrage.com\/blog\/wp-content\/uploads\/2024\/06\/voile-solaire-pour-ecoles.png","width":1080,"height":1080,"caption":"Voiles d\u2019ombrage solaires dans une \u00e9cole avec des mats voile d'ombrage a sceller"},{"@type":"BreadcrumbList","@id":"https:\/\/www.espace-ombrage.com\/blog\/comment-amenager-des-zones-dombre-dans-les-ecoles\/#breadcrumb","itemListElement":[{"@type":"ListItem","position":1,"name":"Espace Ombrage","item":"https:\/\/www.espace-ombrage.com\/blog\/"},{"@type":"ListItem","position":2,"name":"Comment am\u00e9nager des zones d&rsquo;ombre dans les \u00e9coles ?","item":"https:\/\/www.espace-ombrage.com\/blog\/comment-amenager-des-zones-dombre-dans-les-ecoles\/"}]},{"@type":"WebSite","@id":"https:\/\/www.espace-ombrage.com\/blog\/#website","url":"https:\/\/www.espace-ombrage.com\/blog\/","name":"Espace Ombrage","description":"","potentialAction":[{"@type":"SearchAction","target":{"@type":"EntryPoint","urlTemplate":"https:\/\/www.espace-ombrage.com\/blog\/?s={search_term_string}"},"query-input":{"@type":"PropertyValueSpecification","valueRequired":true,"valueName":"search_term_string"}}],"inLanguage":"fr-FR"},{"@type":"Person","@id":"https:\/\/www.espace-ombrage.com\/blog\/#\/schema\/person\/9b223e71f82520b376e08b8d0d4c7691","name":"admin-ombrage","image":{"@type":"ImageObject","inLanguage":"fr-FR","@id":"https:\/\/www.espace-ombrage.com\/blog\/#\/schema\/person\/image\/","url":"https:\/\/secure.gravatar.com\/avatar\/da964888ae868660e9f41df5c83a352c8bbcfeb83d9ed86d4d1d93ca7b092bac?s=96&d=mm&r=g","contentUrl":"https:\/\/secure.gravatar.com\/avatar\/da964888ae868660e9f41df5c83a352c8bbcfeb83d9ed86d4d1d93ca7b092bac?s=96&d=mm&r=g","caption":"admin-ombrage"},"url":"https:\/\/www.espace-ombrage.com\/blog\/author\/admin-ombrage\/"}]}},"_links":{"self":[{"href":"https:\/\/www.espace-ombrage.com\/blog\/wp-json\/wp\/v2\/posts\/3932","targetHints":{"allow":["GET"]}}],"collection":[{"href":"https:\/\/www.espace-ombrage.com\/blog\/wp-json\/wp\/v2\/posts"}],"about":[{"href":"https:\/\/www.espace-ombrage.com\/blog\/wp-json\/wp\/v2\/types\/post"}],"author":[{"embeddable":true,"href":"https:\/\/www.espace-ombrage.com\/blog\/wp-json\/wp\/v2\/users\/2"}],"replies":[{"embeddable":true,"href":"https:\/\/www.espace-ombrage.com\/blog\/wp-json\/wp\/v2\/comments?post=3932"}],"version-history":[{"count":48,"href":"https:\/\/www.espace-ombrage.com\/blog\/wp-json\/wp\/v2\/posts\/3932\/revisions"}],"predecessor-version":[{"id":6246,"href":"https:\/\/www.espace-ombrage.com\/blog\/wp-json\/wp\/v2\/posts\/3932\/revisions\/6246"}],"wp:featuredmedia":[{"embeddable":true,"href":"https:\/\/www.espace-ombrage.com\/blog\/wp-json\/wp\/v2\/media\/3933"}],"wp:attachment":[{"href":"https:\/\/www.espace-ombrage.com\/blog\/wp-json\/wp\/v2\/media?parent=3932"}],"wp:term":[{"taxonomy":"category","embeddable":true,"href":"https:\/\/www.espace-ombrage.com\/blog\/wp-json\/wp\/v2\/categories?post=3932"},{"taxonomy":"post_tag","embeddable":true,"href":"https:\/\/www.espace-ombrage.com\/blog\/wp-json\/wp\/v2\/tags?post=3932"}],"curies":[{"name":"wp","href":"https:\/\/api.w.org\/{rel}","templated":true}]}}