{"id":4034,"date":"2024-09-01T12:00:00","date_gmt":"2024-09-01T10:00:00","guid":{"rendered":"https:\/\/www.espace-ombrage.com\/blog\/?p=4034"},"modified":"2024-11-05T16:43:49","modified_gmt":"2024-11-05T15:43:49","slug":"lombre-un-atout-dans-le-design-despace-public","status":"publish","type":"post","link":"https:\/\/www.espace-ombrage.com\/blog\/lombre-un-atout-dans-le-design-despace-public\/","title":{"rendered":"L&rsquo;ombre, un atout dans le design d&rsquo;espace public ?"},"content":{"rendered":"\t\t<div data-elementor-type=\"wp-post\" data-elementor-id=\"4034\" class=\"elementor elementor-4034\" data-elementor-post-type=\"post\">\n\t\t\t\t\t\t<section class=\"elementor-section elementor-top-section elementor-element elementor-element-3f0636f8 elementor-section-full_width elementor-section-content-bottom elementor-hidden-tablet elementor-section-height-default elementor-section-height-default\" data-id=\"3f0636f8\" data-element_type=\"section\">\n\t\t\t\t\t\t<div class=\"elementor-container elementor-column-gap-narrow\">\n\t\t\t\t\t<div class=\"elementor-column elementor-col-50 elementor-top-column elementor-element elementor-element-135ce251\" data-id=\"135ce251\" data-element_type=\"column\" data-settings=\"{&quot;background_background&quot;:&quot;classic&quot;}\">\n\t\t\t<div class=\"elementor-widget-wrap elementor-element-populated\">\n\t\t\t\t\t\t<div class=\"elementor-element elementor-element-4a5958b3 elementor-widget__width-initial elementor-widget elementor-widget-heading\" data-id=\"4a5958b3\" data-element_type=\"widget\" data-widget_type=\"heading.default\">\n\t\t\t\t<div class=\"elementor-widget-container\">\n\t\t\t\t\t<h1 class=\"elementor-heading-title elementor-size-default\">L&rsquo;ombre, un atout dans le design d&rsquo;espace public ?<\/h1>\t\t\t\t<\/div>\n\t\t\t\t<\/div>\n\t\t\t\t\t<\/div>\n\t\t<\/div>\n\t\t\t\t<div class=\"elementor-column elementor-col-25 elementor-top-column elementor-element elementor-element-3464bb23\" data-id=\"3464bb23\" data-element_type=\"column\">\n\t\t\t<div class=\"elementor-widget-wrap elementor-element-populated\">\n\t\t\t\t\t\t<div class=\"elementor-element elementor-element-40eb7cc2 elementor-hidden-tablet elementor-hidden-mobile elementor-widget elementor-widget-image\" data-id=\"40eb7cc2\" data-element_type=\"widget\" data-widget_type=\"image.default\">\n\t\t\t\t<div class=\"elementor-widget-container\">\n\t\t\t\t\t\t\t\t\t\t\t\t\t\t\t<img fetchpriority=\"high\" decoding=\"async\" width=\"1080\" height=\"1080\" src=\"https:\/\/www.espace-ombrage.com\/blog\/wp-content\/uploads\/2024\/06\/voile-design-espace-public.png\" class=\"attachment-full size-full wp-image-4035\" alt=\"Voile d&#039;ombrage professionnelle pour cour d&#039;\u00e9cole et espace publique avec des piquets en acier\" srcset=\"https:\/\/www.espace-ombrage.com\/blog\/wp-content\/uploads\/2024\/06\/voile-design-espace-public.png 1080w, https:\/\/www.espace-ombrage.com\/blog\/wp-content\/uploads\/2024\/06\/voile-design-espace-public-300x300.png 300w, https:\/\/www.espace-ombrage.com\/blog\/wp-content\/uploads\/2024\/06\/voile-design-espace-public-1024x1024.png 1024w, https:\/\/www.espace-ombrage.com\/blog\/wp-content\/uploads\/2024\/06\/voile-design-espace-public-150x150.png 150w, https:\/\/www.espace-ombrage.com\/blog\/wp-content\/uploads\/2024\/06\/voile-design-espace-public-768x768.png 768w\" sizes=\"(max-width: 1080px) 100vw, 1080px\" \/>\t\t\t\t\t\t\t\t\t\t\t\t\t\t\t<\/div>\n\t\t\t\t<\/div>\n\t\t\t\t\t<\/div>\n\t\t<\/div>\n\t\t\t\t<div class=\"elementor-column elementor-col-25 elementor-top-column elementor-element elementor-element-13d6190a\" data-id=\"13d6190a\" data-element_type=\"column\">\n\t\t\t<div class=\"elementor-widget-wrap elementor-element-populated\">\n\t\t\t\t\t\t<div class=\"elementor-element elementor-element-e6de25b elementor-widget-mobile__width-initial animated-slow elementor-widget-tablet__width-initial elementor-invisible elementor-widget elementor-widget-spacer\" data-id=\"e6de25b\" data-element_type=\"widget\" data-settings=\"{&quot;_animation&quot;:&quot;fadeInRight&quot;}\" data-widget_type=\"spacer.default\">\n\t\t\t\t<div class=\"elementor-widget-container\">\n\t\t\t\t\t\t\t<div class=\"elementor-spacer\">\n\t\t\t<div class=\"elementor-spacer-inner\"><\/div>\n\t\t<\/div>\n\t\t\t\t\t\t<\/div>\n\t\t\t\t<\/div>\n\t\t\t\t\t<\/div>\n\t\t<\/div>\n\t\t\t\t\t<\/div>\n\t\t<\/section>\n\t\t\t\t<section class=\"elementor-section elementor-top-section elementor-element elementor-element-4f3c85ab elementor-section-boxed elementor-section-height-default elementor-section-height-default elementor-invisible\" data-id=\"4f3c85ab\" data-element_type=\"section\" data-settings=\"{&quot;animation&quot;:&quot;fadeIn&quot;}\">\n\t\t\t\t\t\t<div class=\"elementor-container elementor-column-gap-default\">\n\t\t\t\t\t<div class=\"elementor-column elementor-col-100 elementor-top-column elementor-element elementor-element-24a60f1c\" data-id=\"24a60f1c\" data-element_type=\"column\">\n\t\t\t<div class=\"elementor-widget-wrap elementor-element-populated\">\n\t\t\t\t\t\t<div class=\"elementor-element elementor-element-5d9a8423 elementor-widget__width-initial elementor-widget elementor-widget-text-editor\" data-id=\"5d9a8423\" data-element_type=\"widget\" data-widget_type=\"text-editor.default\">\n\t\t\t\t<div class=\"elementor-widget-container\">\n\t\t\t\t\t\t\t\t\t<p>Avec l\u2019augmentation des temp\u00e9ratures, ombrager les espaces publics devient une n\u00e9cessit\u00e9. La <span style=\"text-decoration: underline;\"><strong><a href=\"https:\/\/www.espace-ombrage.com\/fr\/content\/161-espace-pro\" target=\"_blank\" rel=\"noopener\">voile d\u2019ombrage professionnel<\/a><\/strong><\/span> cr\u00e9e les \u00eelots de fra\u00eecheur recherch\u00e9s pour les rues pi\u00e9tonnes, aires de jeux \/ pique-nique, \u00e9coles, parcs et jardins. Les <span style=\"text-decoration: underline;\"><strong><a href=\"https:\/\/www.espace-ombrage.com\/fr\/3-voile-d-ombrage\" target=\"_blank\" rel=\"noopener\">toiles tendues<\/a><\/strong><\/span> permettent \u00e9galement d&rsquo;am\u00e9nager l\u2019ext\u00e9rieur et de rep\u00e9rer les espaces d\u00e9di\u00e9s \u00e0 la d\u00e9tente.<\/p>\t\t\t\t\t\t\t\t<\/div>\n\t\t\t\t<\/div>\n\t\t\t\t\t<\/div>\n\t\t<\/div>\n\t\t\t\t\t<\/div>\n\t\t<\/section>\n\t\t\t\t<section class=\"elementor-section elementor-top-section elementor-element elementor-element-1803cc55 elementor-section-full_width elementor-reverse-tablet elementor-reverse-mobile elementor-section-height-default elementor-section-height-default elementor-invisible\" data-id=\"1803cc55\" data-element_type=\"section\" data-settings=\"{&quot;background_background&quot;:&quot;gradient&quot;,&quot;animation&quot;:&quot;fadeIn&quot;}\">\n\t\t\t\t\t\t<div class=\"elementor-container elementor-column-gap-no\">\n\t\t\t\t\t<div class=\"elementor-column elementor-col-50 elementor-top-column elementor-element elementor-element-7694a0\" data-id=\"7694a0\" data-element_type=\"column\">\n\t\t\t<div class=\"elementor-widget-wrap elementor-element-populated\">\n\t\t\t\t\t\t<div class=\"elementor-element elementor-element-cf8f9cc elementor-widget elementor-widget-heading\" data-id=\"cf8f9cc\" data-element_type=\"widget\" data-widget_type=\"heading.default\">\n\t\t\t\t<div class=\"elementor-widget-container\">\n\t\t\t\t\t<h2 class=\"elementor-heading-title elementor-size-default\">Cr\u00e9ation d'\u00eelots de fra\u00eecheur pour les espaces publics<\/h2>\t\t\t\t<\/div>\n\t\t\t\t<\/div>\n\t\t\t\t<div class=\"elementor-element elementor-element-2c6d7503 elementor-widget elementor-widget-text-editor\" data-id=\"2c6d7503\" data-element_type=\"widget\" data-widget_type=\"text-editor.default\">\n\t\t\t\t<div class=\"elementor-widget-container\">\n\t\t\t\t\t\t\t\t\t<p>Les <strong>toiles d\u2019ombrage pour professionnel<\/strong> permettent de r\u00e9duire la temp\u00e9rature des espaces ext\u00e9rieurs d\u00e9di\u00e9s. Elles sont un compl\u00e9ment aux sols perm\u00e9ables et \u00e0 la v\u00e9g\u00e9talisation pour rendre les aires de jeux, cours de r\u00e9cr\u00e9ation, all\u00e9es pi\u00e9tonnes et parcs fr\u00e9quentables lors des saisons de forte chaleur.<\/p>\t\t\t\t\t\t\t\t<\/div>\n\t\t\t\t<\/div>\n\t\t\t\t<div class=\"elementor-element elementor-element-029d04d elementor-widget elementor-widget-heading\" data-id=\"029d04d\" data-element_type=\"widget\" data-widget_type=\"heading.default\">\n\t\t\t\t<div class=\"elementor-widget-container\">\n\t\t\t\t\t<h3 class=\"elementor-heading-title elementor-size-default\">Baisser les temp\u00e9ratures avec des voiles d\u2019ombrage<\/h3>\t\t\t\t<\/div>\n\t\t\t\t<\/div>\n\t\t\t\t<div class=\"elementor-element elementor-element-4dcdb9ec elementor-widget elementor-widget-text-editor\" data-id=\"4dcdb9ec\" data-element_type=\"widget\" data-widget_type=\"text-editor.default\">\n\t\t\t\t<div class=\"elementor-widget-container\">\n\t\t\t\t\t\t\t\t\t<p>Prenons l\u2019exemple d\u2019une <b>cour de r\u00e9cr\u00e9ation<\/b> avec un sol encore imperm\u00e9able. Les rayons du soleil se r\u00e9verb\u00e8rent sur le sol et la chaleur est vite difficile \u00e0 supporter. Si les nuits ne sont pas fra\u00eeches, la temp\u00e9rature baisse difficilement et la chaleur s\u2019accumule. L\u2019installation de<span style=\"text-decoration: underline;\"><strong><a href=\"https:\/\/www.espace-ombrage.com\/fr\/content\/130-voiles-dombrage-triangle-rectangle\" target=\"_blank\" rel=\"noopener\"> voile d\u2019ombrage triangulaire<\/a><\/strong><\/span> et <span style=\"text-decoration: underline;\"><b><a href=\"https:\/\/www.espace-ombrage.com\/fr\/49-voile-d-ombrage-rectangulaire\" target=\"_blank\" rel=\"noopener\">rectangulaire<\/a><\/b><\/span> permet de prot\u00e9ger les \u00e9l\u00e8ves et enseignants des UVs mais aussi de limiter la r\u00e9verb\u00e9ration des rayons du soleil au sol et ma\u00eetriser la chaleur.<\/p><p>Beaucoup de b\u00e2timents tertiaires et d\u2019habitats collectifs ne disposent pas de volets ou de stores pour stopper les rayons du soleil. C\u2019est pourtant une <b>solution efficace pour r\u00e9duire la surchauffe des logements et des bureaux.<\/b> Pour les \u00e9coles, les fen\u00eatres des classes vont profiter \u00e9galement d\u2019un filtrage des UVs et d\u2019une r\u00e9duction de la chaleur tout en pr\u00e9servant la luminosit\u00e9 dans les classes.<\/p>\t\t\t\t\t\t\t\t<\/div>\n\t\t\t\t<\/div>\n\t\t\t\t\t<\/div>\n\t\t<\/div>\n\t\t\t\t<div class=\"elementor-column elementor-col-50 elementor-top-column elementor-element elementor-element-710bf26f\" data-id=\"710bf26f\" data-element_type=\"column\" data-settings=\"{&quot;background_background&quot;:&quot;classic&quot;}\">\n\t\t\t<div class=\"elementor-widget-wrap elementor-element-populated\">\n\t\t\t\t\t\t<div class=\"elementor-element elementor-element-bc863a9 elementor-widget-mobile__width-initial elementor-widget elementor-widget-spacer\" data-id=\"bc863a9\" data-element_type=\"widget\" data-widget_type=\"spacer.default\">\n\t\t\t\t<div class=\"elementor-widget-container\">\n\t\t\t\t\t\t\t<div class=\"elementor-spacer\">\n\t\t\t<div class=\"elementor-spacer-inner\"><\/div>\n\t\t<\/div>\n\t\t\t\t\t\t<\/div>\n\t\t\t\t<\/div>\n\t\t\t\t\t<\/div>\n\t\t<\/div>\n\t\t\t\t\t<\/div>\n\t\t<\/section>\n\t\t\t\t<section class=\"elementor-section elementor-top-section elementor-element elementor-element-74baf6e6 elementor-section-full_width elementor-section-height-default elementor-section-height-default elementor-invisible\" data-id=\"74baf6e6\" data-element_type=\"section\" data-settings=\"{&quot;animation&quot;:&quot;fadeIn&quot;}\">\n\t\t\t\t\t\t<div class=\"elementor-container elementor-column-gap-no\">\n\t\t\t\t\t<div class=\"elementor-column elementor-col-50 elementor-top-column elementor-element elementor-element-4bb3abe1 elementor-hidden-tablet elementor-hidden-mobile\" data-id=\"4bb3abe1\" data-element_type=\"column\" data-settings=\"{&quot;background_background&quot;:&quot;classic&quot;}\">\n\t\t\t<div class=\"elementor-widget-wrap elementor-element-populated\">\n\t\t\t\t\t\t<div class=\"elementor-element elementor-element-4a1d9c44 elementor-widget elementor-widget-image\" data-id=\"4a1d9c44\" data-element_type=\"widget\" data-widget_type=\"image.default\">\n\t\t\t\t<div class=\"elementor-widget-container\">\n\t\t\t\t\t\t\t\t\t\t\t\t\t\t\t<img decoding=\"async\" width=\"300\" height=\"225\" src=\"https:\/\/www.espace-ombrage.com\/blog\/wp-content\/uploads\/2023\/11\/voile-ombrage-resitante-300x225.jpeg\" class=\"attachment-medium size-medium wp-image-1624\" alt=\"Voile d\u2019ombrage rectangulaire r\u00e9sistante au vent avec poteau\" srcset=\"https:\/\/www.espace-ombrage.com\/blog\/wp-content\/uploads\/2023\/11\/voile-ombrage-resitante-300x225.jpeg 300w, https:\/\/www.espace-ombrage.com\/blog\/wp-content\/uploads\/2023\/11\/voile-ombrage-resitante-768x576.jpeg 768w, https:\/\/www.espace-ombrage.com\/blog\/wp-content\/uploads\/2023\/11\/voile-ombrage-resitante.jpeg 834w\" sizes=\"(max-width: 300px) 100vw, 300px\" \/>\t\t\t\t\t\t\t\t\t\t\t\t\t\t\t<\/div>\n\t\t\t\t<\/div>\n\t\t\t\t\t<\/div>\n\t\t<\/div>\n\t\t\t\t<div class=\"elementor-column elementor-col-50 elementor-top-column elementor-element elementor-element-2e06342e\" data-id=\"2e06342e\" data-element_type=\"column\">\n\t\t\t<div class=\"elementor-widget-wrap elementor-element-populated\">\n\t\t\t\t\t\t<div class=\"elementor-element elementor-element-0006c8f elementor-widget elementor-widget-heading\" data-id=\"0006c8f\" data-element_type=\"widget\" data-widget_type=\"heading.default\">\n\t\t\t\t<div class=\"elementor-widget-container\">\n\t\t\t\t\t<h3 class=\"elementor-heading-title elementor-size-default\">D\u00e9corer et marquer les espaces publics<\/h3>\t\t\t\t<\/div>\n\t\t\t\t<\/div>\n\t\t\t\t<div class=\"elementor-element elementor-element-10fee230 elementor-widget elementor-widget-text-editor\" data-id=\"10fee230\" data-element_type=\"widget\" data-widget_type=\"text-editor.default\">\n\t\t\t\t<div class=\"elementor-widget-container\">\n\t\t\t\t\t\t\t\t\t<p>L\u2019installation de <b>toiles solaires<\/b> ajoute \u00e9galement un c\u00f4t\u00e9 d\u00e9co avec l\u2019apport de couleur et de mouvement \u00e0 l\u2019espace. Sur la r\u00e9alisation ci-dessus, les coloris s\u00e9lectionn\u00e9s sont ocre, noisette et cayenne. Ils rappellent les fen\u00eatres et volets color\u00e9s des fa\u00e7ades.\u00a0<\/p><p>Les espaces ombrag\u00e9s d\u00e9limitent ainsi les zones d\u2019animation.<\/p>\t\t\t\t\t\t\t\t<\/div>\n\t\t\t\t<\/div>\n\t\t\t\t\t<\/div>\n\t\t<\/div>\n\t\t\t\t\t<\/div>\n\t\t<\/section>\n\t\t\t\t<section class=\"elementor-section elementor-top-section elementor-element elementor-element-7485f56b elementor-section-full_width elementor-reverse-tablet elementor-reverse-mobile elementor-section-height-default elementor-section-height-default elementor-invisible\" data-id=\"7485f56b\" data-element_type=\"section\" data-settings=\"{&quot;background_background&quot;:&quot;classic&quot;,&quot;animation&quot;:&quot;fadeIn&quot;}\">\n\t\t\t\t\t\t<div class=\"elementor-container elementor-column-gap-no\">\n\t\t\t\t\t<div class=\"elementor-column elementor-col-50 elementor-top-column elementor-element elementor-element-17224fd7\" data-id=\"17224fd7\" data-element_type=\"column\">\n\t\t\t<div class=\"elementor-widget-wrap elementor-element-populated\">\n\t\t\t\t\t\t<div class=\"elementor-element elementor-element-69a16097 elementor-widget-divider--view-line elementor-widget elementor-widget-divider\" data-id=\"69a16097\" data-element_type=\"widget\" data-widget_type=\"divider.default\">\n\t\t\t\t<div class=\"elementor-widget-container\">\n\t\t\t\t\t\t\t<div class=\"elementor-divider\">\n\t\t\t<span class=\"elementor-divider-separator\">\n\t\t\t\t\t\t<\/span>\n\t\t<\/div>\n\t\t\t\t\t\t<\/div>\n\t\t\t\t<\/div>\n\t\t\t\t<div class=\"elementor-element elementor-element-2fc3842 elementor-widget elementor-widget-heading\" data-id=\"2fc3842\" data-element_type=\"widget\" data-widget_type=\"heading.default\">\n\t\t\t\t<div class=\"elementor-widget-container\">\n\t\t\t\t\t<h2 class=\"elementor-heading-title elementor-size-default\">Les toiles d\u2019ombrage ajour\u00e9es pour r\u00e9pondre aux contraintes des projets professionnels<\/h2>\t\t\t\t<\/div>\n\t\t\t\t<\/div>\n\t\t\t\t<div class=\"elementor-element elementor-element-110e0df7 elementor-widget elementor-widget-text-editor\" data-id=\"110e0df7\" data-element_type=\"widget\" data-widget_type=\"text-editor.default\">\n\t\t\t\t<div class=\"elementor-widget-container\">\n\t\t\t\t\t\t\t\t\t<p>Lors de la conception des projets, nous adaptons la qualit\u00e9 des voiles ombrage aux contraintes. Le tissu le plus adapt\u00e9 pour les espaces publics est la<span style=\"text-decoration: underline;\"><strong><a href=\"https:\/\/www.espace-ombrage.com\/fr\/voile-d-ombrage-resistante-au-vent\/120-australe-340.html\" target=\"_blank\" rel=\"noopener\"> toile d\u2019ombrage ajour\u00e9e Australe 340<\/a><\/strong><\/span> afin d&rsquo;obtenir une bonne r\u00e9sistance aux vents. Nous ajoutons \u00e9galement un c\u00e2ble inox sur le p\u00e9rim\u00e8tre de la voile pour les <b>toiles de surface XXL <\/b>et s\u00e9lectionnons des <strong>m\u00e2ts pour voile d\u2019ombrage en acier<\/strong>. Ces options permettent d\u2019obtenir une bonne r\u00e9sistance des voiles et m\u00e2ts.<\/p><p>Prenons ici un projet r\u00e9alis\u00e9 pour une aire de jeux en r\u00e9gion parisienne. L&rsquo;installation est en place de fa\u00e7on semi permanente avec des <span style=\"text-decoration: underline;\"><strong><a href=\"https:\/\/www.espace-ombrage.com\/fr\/mats-et-accessoires\/10-mat-reglable-pour-voile-d-ombrage.html\" target=\"_blank\" rel=\"noopener\">poteaux pour voiles d\u2019ombrage <\/a><\/strong><\/span>acier et des <span style=\"text-decoration: underline;\"><strong><a href=\"https:\/\/www.espace-ombrage.com\/fr\/9-voile-d-ombrage-resistante-au-vent\" target=\"_blank\" rel=\"noopener\">toiles de terrasse ajour\u00e9es<\/a><\/strong><\/span> avec un c\u00e2ble sur le p\u00e9rim\u00e8tre.<\/p><p>Comme le pr\u00e9cise J\u00e9r\u00f4me Leveill\u00e9, concepteur des produits Espace-Ombrage : \u201cles toiles avec un c\u00e2ble sur le p\u00e9rim\u00e8tre sont fix\u00e9es avec des ridoirs sur des m\u00e2ts acier. Ce sont des voiles \u00e0 installer en 2 temps car elles ne laissent en effet que tr\u00e8s peu de marge de man\u0153uvre au moment de l\u2019installation (montage au centim\u00e8tre pr\u00e8s). Elles sont en revanche le gage d\u2019une <b>tr\u00e8s bonne r\u00e9sistance<\/b> et ne laissent <b>aucune opportunit\u00e9 d\u2019\u00eatre manipul\u00e9es par les enfants<\/b>\u201d.<\/p>\t\t\t\t\t\t\t\t<\/div>\n\t\t\t\t<\/div>\n\t\t\t\t<div class=\"elementor-element elementor-element-753e3a2a elementor-widget-divider--view-line elementor-widget elementor-widget-divider\" data-id=\"753e3a2a\" data-element_type=\"widget\" data-widget_type=\"divider.default\">\n\t\t\t\t<div class=\"elementor-widget-container\">\n\t\t\t\t\t\t\t<div class=\"elementor-divider\">\n\t\t\t<span class=\"elementor-divider-separator\">\n\t\t\t\t\t\t<\/span>\n\t\t<\/div>\n\t\t\t\t\t\t<\/div>\n\t\t\t\t<\/div>\n\t\t\t\t\t<\/div>\n\t\t<\/div>\n\t\t\t\t<div class=\"elementor-column elementor-col-50 elementor-top-column elementor-element elementor-element-520ec614\" data-id=\"520ec614\" data-element_type=\"column\" data-settings=\"{&quot;background_background&quot;:&quot;classic&quot;}\">\n\t\t\t<div class=\"elementor-widget-wrap elementor-element-populated\">\n\t\t\t\t\t\t<div class=\"elementor-element elementor-element-5d79a4fd elementor-widget elementor-widget-spacer\" data-id=\"5d79a4fd\" data-element_type=\"widget\" data-widget_type=\"spacer.default\">\n\t\t\t\t<div class=\"elementor-widget-container\">\n\t\t\t\t\t\t\t<div class=\"elementor-spacer\">\n\t\t\t<div class=\"elementor-spacer-inner\"><\/div>\n\t\t<\/div>\n\t\t\t\t\t\t<\/div>\n\t\t\t\t<\/div>\n\t\t\t\t\t<\/div>\n\t\t<\/div>\n\t\t\t\t\t<\/div>\n\t\t<\/section>\n\t\t\t\t<section class=\"elementor-section elementor-top-section elementor-element elementor-element-39213015 elementor-section-boxed elementor-section-height-default elementor-section-height-default elementor-invisible\" data-id=\"39213015\" data-element_type=\"section\" data-settings=\"{&quot;animation&quot;:&quot;fadeIn&quot;}\">\n\t\t\t\t\t\t<div class=\"elementor-container elementor-column-gap-default\">\n\t\t\t\t\t<div class=\"elementor-column elementor-col-100 elementor-top-column elementor-element elementor-element-20f2585d\" data-id=\"20f2585d\" data-element_type=\"column\">\n\t\t\t<div class=\"elementor-widget-wrap elementor-element-populated\">\n\t\t\t\t\t\t<div class=\"elementor-element elementor-element-96ce411 elementor-widget elementor-widget-heading\" data-id=\"96ce411\" data-element_type=\"widget\" data-widget_type=\"heading.default\">\n\t\t\t\t<div class=\"elementor-widget-container\">\n\t\t\t\t\t<h2 class=\"elementor-heading-title elementor-size-default\">Des toiles d\u2019ombrage imperm\u00e9ables en PVC pour des installations professionnelles<\/h2>\t\t\t\t<\/div>\n\t\t\t\t<\/div>\n\t\t\t\t<div class=\"elementor-element elementor-element-d82137f elementor-widget__width-initial elementor-widget elementor-widget-text-editor\" data-id=\"d82137f\" data-element_type=\"widget\" data-widget_type=\"text-editor.default\">\n\t\t\t\t<div class=\"elementor-widget-container\">\n\t\t\t\t\t\t\t\t\t<p>Il existe des solutions pour cr\u00e9er des zones d\u2019ombrage et de protection contre la pluie. Ces <strong>toiles en PVC<\/strong> sont tendues \u00e0 l\u2019aide d\u2019un c\u00e2ble inox sur le p\u00e9rim\u00e8tre. Les toiles r\u00e9sistent moins bien aux vents car ni l\u2019air ni l\u2019eau ne passent \u00e0 travers. Une pente de 15 \u00e0 20% est n\u00e9cessaire afin de pr\u00e9voir l\u2019\u00e9vacuation de l\u2019eau.<\/p>\t\t\t\t\t\t\t\t<\/div>\n\t\t\t\t<\/div>\n\t\t\t\t<div class=\"elementor-element elementor-element-2ac1c6e elementor-widget elementor-widget-heading\" data-id=\"2ac1c6e\" data-element_type=\"widget\" data-widget_type=\"heading.default\">\n\t\t\t\t<div class=\"elementor-widget-container\">\n\t\t\t\t\t<h3 class=\"elementor-heading-title elementor-size-default\">Adapter les solutions d\u2019ombrage en fonction du contexte<\/h3>\t\t\t\t<\/div>\n\t\t\t\t<\/div>\n\t\t\t\t<div class=\"elementor-element elementor-element-12966d96 elementor-widget__width-initial elementor-widget elementor-widget-text-editor\" data-id=\"12966d96\" data-element_type=\"widget\" data-widget_type=\"text-editor.default\">\n\t\t\t\t<div class=\"elementor-widget-container\">\n\t\t\t\t\t\t\t\t\t<p>La<span style=\"text-decoration: underline;\"><strong><a href=\"https:\/\/www.espace-ombrage.com\/fr\/content\/121-voile-ombrage-rectangulaire\" target=\"_blank\" rel=\"noopener\"> voile d\u2019ombrage rectangulaire<\/a><\/strong><\/span> peut \u00eatre une r\u00e9ponse \u00e0 de trop fortes chaleurs dans les b\u00e2timents. Nous accompagnons en effet des professionnels dans des probl\u00e9matiques particuli\u00e8res. A titre d\u2019exemple, nous proposons des solutions d\u2019ombrage de verri\u00e8re que ce soit de l\u2019int\u00e9rieur ou de l\u2019ext\u00e9rieur, comme illustr\u00e9 ici.<\/p><p style=\"text-align: center;\"><img decoding=\"async\" class=\"aligncenter wp-image-4065 size-large\" src=\"https:\/\/www.espace-ombrage.com\/blog\/wp-content\/uploads\/2024\/09\/voile-cable-blanche-1024x1024.png\" alt=\"Toile d\u2019ombrage tendue rectangulaire pour abriter une verri\u00e8re d\u2019un b\u00e2timent professionnel afin de r\u00e9duire la temp\u00e9rature dans le b\u00e2timent\" width=\"580\" height=\"580\" srcset=\"https:\/\/www.espace-ombrage.com\/blog\/wp-content\/uploads\/2024\/09\/voile-cable-blanche-1024x1024.png 1024w, https:\/\/www.espace-ombrage.com\/blog\/wp-content\/uploads\/2024\/09\/voile-cable-blanche-300x300.png 300w, https:\/\/www.espace-ombrage.com\/blog\/wp-content\/uploads\/2024\/09\/voile-cable-blanche-150x150.png 150w, https:\/\/www.espace-ombrage.com\/blog\/wp-content\/uploads\/2024\/09\/voile-cable-blanche-768x768.png 768w, https:\/\/www.espace-ombrage.com\/blog\/wp-content\/uploads\/2024\/09\/voile-cable-blanche.png 1080w\" sizes=\"(max-width: 580px) 100vw, 580px\" \/><em style=\"color: var( --e-global-color-text ); letter-spacing: 0px; text-align: center;\"><b>Toile d\u2019ombrage tendue rectangulaire<\/b> pour abriter une verri\u00e8re d\u2019un b\u00e2timent professionnel afin de r\u00e9duire la temp\u00e9rature dans le b\u00e2timent.<\/em><\/p>\t\t\t\t\t\t\t\t<\/div>\n\t\t\t\t<\/div>\n\t\t\t\t\t<\/div>\n\t\t<\/div>\n\t\t\t\t\t<\/div>\n\t\t<\/section>\n\t\t\t\t<section class=\"elementor-section elementor-top-section elementor-element elementor-element-150f9bba elementor-section-full_width elementor-section-height-min-height elementor-section-items-stretch elementor-section-content-middle elementor-section-height-default elementor-invisible\" data-id=\"150f9bba\" data-element_type=\"section\" data-settings=\"{&quot;animation&quot;:&quot;fadeIn&quot;,&quot;background_background&quot;:&quot;classic&quot;}\">\n\t\t\t\t\t\t<div class=\"elementor-container elementor-column-gap-no\">\n\t\t\t\t\t<div class=\"elementor-column elementor-col-50 elementor-top-column elementor-element elementor-element-2997bc46\" data-id=\"2997bc46\" data-element_type=\"column\" data-settings=\"{&quot;background_background&quot;:&quot;classic&quot;}\">\n\t\t\t<div class=\"elementor-widget-wrap elementor-element-populated\">\n\t\t\t\t\t\t<div class=\"elementor-element elementor-element-374cbe5f elementor-widget elementor-widget-text-editor\" data-id=\"374cbe5f\" data-element_type=\"widget\" data-widget_type=\"text-editor.default\">\n\t\t\t\t<div class=\"elementor-widget-container\">\n\t\t\t\t\t\t\t\t\t<p>Vous souhaitez recevoir un projet en 3D et un devis pour \u00e9quiper votre terrasse? Envoyez-nous un plan de votre terrasse \u00e0 couvrir, qu\u2019il soit \u00e0 main lev\u00e9e ou un plan d\u2019architecte que vous avez ainsi que quelques photos et <a href=\"https:\/\/www.espace-ombrage.com\/fr\/content\/161-espace-pro\">demandez une \u00e9tude r\u00e9alis\u00e9e par nos experts.<\/a> Vous aurez un retour sous 72h, avec une projection en 3D de votre projet et un devis.\u00a0<\/p><p>Notre \u00e9quipe reste disponible par email \u00e0 <a href=\"mailto:contact@espace-ombrage.com\"><b>contact@espace-ombrage.com<\/b><\/a> ou par t\u00e9l\u00e9phone au <b>+33 3 62 27 60 60<\/b> pour r\u00e9pondre \u00e0 vos questions et vous accompagner dans votre projet.<\/p>\t\t\t\t\t\t\t\t<\/div>\n\t\t\t\t<\/div>\n\t\t\t\t\t<\/div>\n\t\t<\/div>\n\t\t\t\t<div class=\"elementor-column elementor-col-50 elementor-top-column elementor-element elementor-element-7a154476 elementor-hidden-tablet elementor-hidden-mobile\" data-id=\"7a154476\" data-element_type=\"column\" data-settings=\"{&quot;background_background&quot;:&quot;classic&quot;}\">\n\t\t\t<div class=\"elementor-widget-wrap elementor-element-populated\">\n\t\t\t\t\t\t<div class=\"elementor-element elementor-element-218968b1 elementor-widget elementor-widget-image\" data-id=\"218968b1\" data-element_type=\"widget\" data-widget_type=\"image.default\">\n\t\t\t\t<div class=\"elementor-widget-container\">\n\t\t\t\t\t\t\t\t\t\t\t\t\t\t\t<img loading=\"lazy\" decoding=\"async\" width=\"540\" height=\"540\" src=\"https:\/\/www.espace-ombrage.com\/blog\/wp-content\/uploads\/2023\/08\/australe-340-enrouleur.jpg\" class=\"attachment-full size-full wp-image-1495\" alt=\"Toile d&#039;ombrage ajour\u00e9e \u00e0 enrouleur sur balcon\" srcset=\"https:\/\/www.espace-ombrage.com\/blog\/wp-content\/uploads\/2023\/08\/australe-340-enrouleur.jpg 540w, https:\/\/www.espace-ombrage.com\/blog\/wp-content\/uploads\/2023\/08\/australe-340-enrouleur-300x300.jpg 300w, https:\/\/www.espace-ombrage.com\/blog\/wp-content\/uploads\/2023\/08\/australe-340-enrouleur-150x150.jpg 150w\" sizes=\"(max-width: 540px) 100vw, 540px\" \/>\t\t\t\t\t\t\t\t\t\t\t\t\t\t\t<\/div>\n\t\t\t\t<\/div>\n\t\t\t\t\t<\/div>\n\t\t<\/div>\n\t\t\t\t\t<\/div>\n\t\t<\/section>\n\t\t\t\t<section class=\"elementor-section elementor-top-section elementor-element elementor-element-3288f12c elementor-section-boxed elementor-section-height-default elementor-section-height-default\" data-id=\"3288f12c\" data-element_type=\"section\">\n\t\t\t\t\t\t<div class=\"elementor-container elementor-column-gap-default\">\n\t\t\t\t\t<div class=\"elementor-column elementor-col-100 elementor-top-column elementor-element elementor-element-3000aac5\" data-id=\"3000aac5\" data-element_type=\"column\">\n\t\t\t<div class=\"elementor-widget-wrap elementor-element-populated\">\n\t\t\t\t\t\t<div class=\"elementor-element elementor-element-443e12aa elementor-post-navigation-borders-yes elementor-widget elementor-widget-post-navigation\" data-id=\"443e12aa\" data-element_type=\"widget\" data-widget_type=\"post-navigation.default\">\n\t\t\t\t<div class=\"elementor-widget-container\">\n\t\t\t\t\t\t\t<div class=\"elementor-post-navigation\">\n\t\t\t<div class=\"elementor-post-navigation__prev elementor-post-navigation__link\">\n\t\t\t\t<a href=\"https:\/\/www.espace-ombrage.com\/blog\/voile-dombrage-avantages-et-inconvenients\/\" rel=\"prev\"><span class=\"post-navigation__arrow-wrapper post-navigation__arrow-prev\"><i class=\"fa fa-caret-left\" aria-hidden=\"true\"><\/i><span class=\"elementor-screen-only\">Pr\u00e9c\u00e9dent<\/span><\/span><span class=\"elementor-post-navigation__link__prev\"><span class=\"post-navigation__prev--label\">Pr\u00e9c\u00e9dent<\/span><span class=\"post-navigation__prev--title\">Voile d&rsquo;ombrage : avantages et inconv\u00e9nients<\/span><\/span><\/a>\t\t\t<\/div>\n\t\t\t\t\t\t\t<div class=\"elementor-post-navigation__separator-wrapper\">\n\t\t\t\t\t<div class=\"elementor-post-navigation__separator\"><\/div>\n\t\t\t\t<\/div>\n\t\t\t\t\t\t<div class=\"elementor-post-navigation__next elementor-post-navigation__link\">\n\t\t\t\t<a href=\"https:\/\/www.espace-ombrage.com\/blog\/region-venteuse-quelle-voile-dombrage-choisir\/\" rel=\"next\"><span class=\"elementor-post-navigation__link__next\"><span class=\"post-navigation__next--label\">Suivant<\/span><span class=\"post-navigation__next--title\">R\u00e9gion venteuse : quelle voile d&rsquo;ombrage choisir ?<\/span><\/span><span class=\"post-navigation__arrow-wrapper post-navigation__arrow-next\"><i class=\"fa fa-caret-right\" aria-hidden=\"true\"><\/i><span class=\"elementor-screen-only\">Suivant<\/span><\/span><\/a>\t\t\t<\/div>\n\t\t<\/div>\n\t\t\t\t\t\t<\/div>\n\t\t\t\t<\/div>\n\t\t\t\t\t<\/div>\n\t\t<\/div>\n\t\t\t\t\t<\/div>\n\t\t<\/section>\n\t\t\t\t<\/div>\n\t\t","protected":false},"excerpt":{"rendered":"<p>Avec l\u2019augmentation des temp\u00e9ratures, ombrager les espaces publics devient une n\u00e9cessit\u00e9. La voile d\u2019ombrage professionnel cr\u00e9e les \u00eelots de fra\u00eecheur recherch\u00e9s pour les rues pi\u00e9tonnes, aires de jeux \/ pique-nique, \u00e9coles, parcs et jardins. Les toiles tendues permettent \u00e9galement d\u2019am\u00e9nager l\u2019ext\u00e9rieur et de rep\u00e9rer les espaces d\u00e9di\u00e9s \u00e0 la d\u00e9tente.<\/p>\n","protected":false},"author":2,"featured_media":4035,"comment_status":"open","ping_status":"open","sticky":false,"template":"elementor_header_footer","format":"standard","meta":{"footnotes":""},"categories":[10,5],"tags":[81,115,90,116,92,106,117,21],"class_list":["post-4034","post","type-post","status-publish","format-standard","has-post-thumbnail","hentry","category-espace-ombrage-en-b2b","category-nos-conseils","tag-ajouree","tag-espace-public","tag-professionnel","tag-voile-cable","tag-voile-dombrage-cour-ecole","tag-voile-dombrage-professionnel","tag-voile-dombrage-rectangulaire","tag-voile-dombrage-triangulaire"],"yoast_head":"<!-- This site is optimized with the Yoast SEO plugin v23.6 - https:\/\/yoast.com\/wordpress\/plugins\/seo\/ -->\n<title>Toile, voile d&#039;ombrage dans l&#039;espace public : Cr\u00e9ation d&#039;\u00eflots de fraicheur | Espace Ombrage<\/title>\n<meta name=\"robots\" content=\"index, follow, max-snippet:-1, max-image-preview:large, max-video-preview:-1\" \/>\n<link rel=\"canonical\" href=\"https:\/\/www.espace-ombrage.com\/blog\/lombre-un-atout-dans-le-design-despace-public\/\" \/>\n<meta property=\"og:locale\" content=\"fr_FR\" \/>\n<meta property=\"og:type\" content=\"article\" \/>\n<meta property=\"og:title\" content=\"Toile, voile d&#039;ombrage dans l&#039;espace public : Cr\u00e9ation d&#039;\u00eflots de fraicheur | Espace Ombrage\" \/>\n<meta property=\"og:description\" content=\"Avec l\u2019augmentation des temp\u00e9ratures, ombrager les espaces publics devient une n\u00e9cessit\u00e9. La voile d\u2019ombrage professionnel cr\u00e9e les \u00eelots de fra\u00eecheur recherch\u00e9s pour les rues pi\u00e9tonnes, aires de jeux \/ pique-nique, \u00e9coles, parcs et jardins. Les toiles tendues permettent \u00e9galement d\u2019am\u00e9nager l\u2019ext\u00e9rieur et de rep\u00e9rer les espaces d\u00e9di\u00e9s \u00e0 la d\u00e9tente.\" \/>\n<meta property=\"og:url\" content=\"https:\/\/www.espace-ombrage.com\/blog\/lombre-un-atout-dans-le-design-despace-public\/\" \/>\n<meta property=\"og:site_name\" content=\"Espace Ombrage\" \/>\n<meta property=\"article:published_time\" content=\"2024-09-01T10:00:00+00:00\" \/>\n<meta property=\"article:modified_time\" content=\"2024-11-05T15:43:49+00:00\" \/>\n<meta property=\"og:image\" content=\"https:\/\/www.espace-ombrage.com\/blog\/wp-content\/uploads\/2024\/06\/voile-design-espace-public.png\" \/>\n\t<meta property=\"og:image:width\" content=\"1080\" \/>\n\t<meta property=\"og:image:height\" content=\"1080\" \/>\n\t<meta property=\"og:image:type\" content=\"image\/png\" \/>\n<meta name=\"author\" content=\"admin-ombrage\" \/>\n<meta name=\"twitter:card\" content=\"summary_large_image\" \/>\n<meta name=\"twitter:label1\" content=\"\u00c9crit par\" \/>\n\t<meta name=\"twitter:data1\" content=\"admin-ombrage\" \/>\n\t<meta name=\"twitter:label2\" content=\"Dur\u00e9e de lecture estim\u00e9e\" \/>\n\t<meta name=\"twitter:data2\" content=\"5 minutes\" \/>\n<script type=\"application\/ld+json\" class=\"yoast-schema-graph\">{\"@context\":\"https:\/\/schema.org\",\"@graph\":[{\"@type\":\"WebPage\",\"@id\":\"https:\/\/www.espace-ombrage.com\/blog\/lombre-un-atout-dans-le-design-despace-public\/\",\"url\":\"https:\/\/www.espace-ombrage.com\/blog\/lombre-un-atout-dans-le-design-despace-public\/\",\"name\":\"Toile, voile d'ombrage dans l'espace public : Cr\u00e9ation d'\u00eflots de fraicheur | Espace Ombrage\",\"isPartOf\":{\"@id\":\"https:\/\/www.espace-ombrage.com\/blog\/#website\"},\"primaryImageOfPage\":{\"@id\":\"https:\/\/www.espace-ombrage.com\/blog\/lombre-un-atout-dans-le-design-despace-public\/#primaryimage\"},\"image\":{\"@id\":\"https:\/\/www.espace-ombrage.com\/blog\/lombre-un-atout-dans-le-design-despace-public\/#primaryimage\"},\"thumbnailUrl\":\"https:\/\/www.espace-ombrage.com\/blog\/wp-content\/uploads\/2024\/06\/voile-design-espace-public.png\",\"datePublished\":\"2024-09-01T10:00:00+00:00\",\"dateModified\":\"2024-11-05T15:43:49+00:00\",\"author\":{\"@id\":\"https:\/\/www.espace-ombrage.com\/blog\/#\/schema\/person\/9b223e71f82520b376e08b8d0d4c7691\"},\"breadcrumb\":{\"@id\":\"https:\/\/www.espace-ombrage.com\/blog\/lombre-un-atout-dans-le-design-despace-public\/#breadcrumb\"},\"inLanguage\":\"fr-FR\",\"potentialAction\":[{\"@type\":\"ReadAction\",\"target\":[\"https:\/\/www.espace-ombrage.com\/blog\/lombre-un-atout-dans-le-design-despace-public\/\"]}]},{\"@type\":\"ImageObject\",\"inLanguage\":\"fr-FR\",\"@id\":\"https:\/\/www.espace-ombrage.com\/blog\/lombre-un-atout-dans-le-design-despace-public\/#primaryimage\",\"url\":\"https:\/\/www.espace-ombrage.com\/blog\/wp-content\/uploads\/2024\/06\/voile-design-espace-public.png\",\"contentUrl\":\"https:\/\/www.espace-ombrage.com\/blog\/wp-content\/uploads\/2024\/06\/voile-design-espace-public.png\",\"width\":1080,\"height\":1080,\"caption\":\"Voile d'ombrage professionnelle pour cour d'\u00e9cole et espace publique avec des piquets en acier\"},{\"@type\":\"BreadcrumbList\",\"@id\":\"https:\/\/www.espace-ombrage.com\/blog\/lombre-un-atout-dans-le-design-despace-public\/#breadcrumb\",\"itemListElement\":[{\"@type\":\"ListItem\",\"position\":1,\"name\":\"Espace Ombrage\",\"item\":\"https:\/\/www.espace-ombrage.com\/blog\/\"},{\"@type\":\"ListItem\",\"position\":2,\"name\":\"L&rsquo;ombre, un atout dans le design d&rsquo;espace public ?\",\"item\":\"https:\/\/www.espace-ombrage.com\/blog\/lombre-un-atout-dans-le-design-despace-public\/\"}]},{\"@type\":\"WebSite\",\"@id\":\"https:\/\/www.espace-ombrage.com\/blog\/#website\",\"url\":\"https:\/\/www.espace-ombrage.com\/blog\/\",\"name\":\"Espace Ombrage\",\"description\":\"\",\"potentialAction\":[{\"@type\":\"SearchAction\",\"target\":{\"@type\":\"EntryPoint\",\"urlTemplate\":\"https:\/\/www.espace-ombrage.com\/blog\/?s={search_term_string}\"},\"query-input\":{\"@type\":\"PropertyValueSpecification\",\"valueRequired\":true,\"valueName\":\"search_term_string\"}}],\"inLanguage\":\"fr-FR\"},{\"@type\":\"Person\",\"@id\":\"https:\/\/www.espace-ombrage.com\/blog\/#\/schema\/person\/9b223e71f82520b376e08b8d0d4c7691\",\"name\":\"admin-ombrage\",\"image\":{\"@type\":\"ImageObject\",\"inLanguage\":\"fr-FR\",\"@id\":\"https:\/\/www.espace-ombrage.com\/blog\/#\/schema\/person\/image\/\",\"url\":\"https:\/\/secure.gravatar.com\/avatar\/da964888ae868660e9f41df5c83a352c8bbcfeb83d9ed86d4d1d93ca7b092bac?s=96&d=mm&r=g\",\"contentUrl\":\"https:\/\/secure.gravatar.com\/avatar\/da964888ae868660e9f41df5c83a352c8bbcfeb83d9ed86d4d1d93ca7b092bac?s=96&d=mm&r=g\",\"caption\":\"admin-ombrage\"},\"url\":\"https:\/\/www.espace-ombrage.com\/blog\/author\/admin-ombrage\/\"}]}<\/script>\n<!-- \/ Yoast SEO plugin. -->","yoast_head_json":{"title":"Toile, voile d'ombrage dans l'espace public : Cr\u00e9ation d'\u00eflots de fraicheur | Espace Ombrage","robots":{"index":"index","follow":"follow","max-snippet":"max-snippet:-1","max-image-preview":"max-image-preview:large","max-video-preview":"max-video-preview:-1"},"canonical":"https:\/\/www.espace-ombrage.com\/blog\/lombre-un-atout-dans-le-design-despace-public\/","og_locale":"fr_FR","og_type":"article","og_title":"Toile, voile d'ombrage dans l'espace public : Cr\u00e9ation d'\u00eflots de fraicheur | Espace Ombrage","og_description":"Avec l\u2019augmentation des temp\u00e9ratures, ombrager les espaces publics devient une n\u00e9cessit\u00e9. La voile d\u2019ombrage professionnel cr\u00e9e les \u00eelots de fra\u00eecheur recherch\u00e9s pour les rues pi\u00e9tonnes, aires de jeux \/ pique-nique, \u00e9coles, parcs et jardins. Les toiles tendues permettent \u00e9galement d\u2019am\u00e9nager l\u2019ext\u00e9rieur et de rep\u00e9rer les espaces d\u00e9di\u00e9s \u00e0 la d\u00e9tente.","og_url":"https:\/\/www.espace-ombrage.com\/blog\/lombre-un-atout-dans-le-design-despace-public\/","og_site_name":"Espace Ombrage","article_published_time":"2024-09-01T10:00:00+00:00","article_modified_time":"2024-11-05T15:43:49+00:00","og_image":[{"width":1080,"height":1080,"url":"https:\/\/www.espace-ombrage.com\/blog\/wp-content\/uploads\/2024\/06\/voile-design-espace-public.png","type":"image\/png"}],"author":"admin-ombrage","twitter_card":"summary_large_image","twitter_misc":{"\u00c9crit par":"admin-ombrage","Dur\u00e9e de lecture estim\u00e9e":"5 minutes"},"schema":{"@context":"https:\/\/schema.org","@graph":[{"@type":"WebPage","@id":"https:\/\/www.espace-ombrage.com\/blog\/lombre-un-atout-dans-le-design-despace-public\/","url":"https:\/\/www.espace-ombrage.com\/blog\/lombre-un-atout-dans-le-design-despace-public\/","name":"Toile, voile d'ombrage dans l'espace public : Cr\u00e9ation d'\u00eflots de fraicheur | Espace Ombrage","isPartOf":{"@id":"https:\/\/www.espace-ombrage.com\/blog\/#website"},"primaryImageOfPage":{"@id":"https:\/\/www.espace-ombrage.com\/blog\/lombre-un-atout-dans-le-design-despace-public\/#primaryimage"},"image":{"@id":"https:\/\/www.espace-ombrage.com\/blog\/lombre-un-atout-dans-le-design-despace-public\/#primaryimage"},"thumbnailUrl":"https:\/\/www.espace-ombrage.com\/blog\/wp-content\/uploads\/2024\/06\/voile-design-espace-public.png","datePublished":"2024-09-01T10:00:00+00:00","dateModified":"2024-11-05T15:43:49+00:00","author":{"@id":"https:\/\/www.espace-ombrage.com\/blog\/#\/schema\/person\/9b223e71f82520b376e08b8d0d4c7691"},"breadcrumb":{"@id":"https:\/\/www.espace-ombrage.com\/blog\/lombre-un-atout-dans-le-design-despace-public\/#breadcrumb"},"inLanguage":"fr-FR","potentialAction":[{"@type":"ReadAction","target":["https:\/\/www.espace-ombrage.com\/blog\/lombre-un-atout-dans-le-design-despace-public\/"]}]},{"@type":"ImageObject","inLanguage":"fr-FR","@id":"https:\/\/www.espace-ombrage.com\/blog\/lombre-un-atout-dans-le-design-despace-public\/#primaryimage","url":"https:\/\/www.espace-ombrage.com\/blog\/wp-content\/uploads\/2024\/06\/voile-design-espace-public.png","contentUrl":"https:\/\/www.espace-ombrage.com\/blog\/wp-content\/uploads\/2024\/06\/voile-design-espace-public.png","width":1080,"height":1080,"caption":"Voile d'ombrage professionnelle pour cour d'\u00e9cole et espace publique avec des piquets en acier"},{"@type":"BreadcrumbList","@id":"https:\/\/www.espace-ombrage.com\/blog\/lombre-un-atout-dans-le-design-despace-public\/#breadcrumb","itemListElement":[{"@type":"ListItem","position":1,"name":"Espace Ombrage","item":"https:\/\/www.espace-ombrage.com\/blog\/"},{"@type":"ListItem","position":2,"name":"L&rsquo;ombre, un atout dans le design d&rsquo;espace public ?","item":"https:\/\/www.espace-ombrage.com\/blog\/lombre-un-atout-dans-le-design-despace-public\/"}]},{"@type":"WebSite","@id":"https:\/\/www.espace-ombrage.com\/blog\/#website","url":"https:\/\/www.espace-ombrage.com\/blog\/","name":"Espace Ombrage","description":"","potentialAction":[{"@type":"SearchAction","target":{"@type":"EntryPoint","urlTemplate":"https:\/\/www.espace-ombrage.com\/blog\/?s={search_term_string}"},"query-input":{"@type":"PropertyValueSpecification","valueRequired":true,"valueName":"search_term_string"}}],"inLanguage":"fr-FR"},{"@type":"Person","@id":"https:\/\/www.espace-ombrage.com\/blog\/#\/schema\/person\/9b223e71f82520b376e08b8d0d4c7691","name":"admin-ombrage","image":{"@type":"ImageObject","inLanguage":"fr-FR","@id":"https:\/\/www.espace-ombrage.com\/blog\/#\/schema\/person\/image\/","url":"https:\/\/secure.gravatar.com\/avatar\/da964888ae868660e9f41df5c83a352c8bbcfeb83d9ed86d4d1d93ca7b092bac?s=96&d=mm&r=g","contentUrl":"https:\/\/secure.gravatar.com\/avatar\/da964888ae868660e9f41df5c83a352c8bbcfeb83d9ed86d4d1d93ca7b092bac?s=96&d=mm&r=g","caption":"admin-ombrage"},"url":"https:\/\/www.espace-ombrage.com\/blog\/author\/admin-ombrage\/"}]}},"_links":{"self":[{"href":"https:\/\/www.espace-ombrage.com\/blog\/wp-json\/wp\/v2\/posts\/4034","targetHints":{"allow":["GET"]}}],"collection":[{"href":"https:\/\/www.espace-ombrage.com\/blog\/wp-json\/wp\/v2\/posts"}],"about":[{"href":"https:\/\/www.espace-ombrage.com\/blog\/wp-json\/wp\/v2\/types\/post"}],"author":[{"embeddable":true,"href":"https:\/\/www.espace-ombrage.com\/blog\/wp-json\/wp\/v2\/users\/2"}],"replies":[{"embeddable":true,"href":"https:\/\/www.espace-ombrage.com\/blog\/wp-json\/wp\/v2\/comments?post=4034"}],"version-history":[{"count":51,"href":"https:\/\/www.espace-ombrage.com\/blog\/wp-json\/wp\/v2\/posts\/4034\/revisions"}],"predecessor-version":[{"id":5035,"href":"https:\/\/www.espace-ombrage.com\/blog\/wp-json\/wp\/v2\/posts\/4034\/revisions\/5035"}],"wp:featuredmedia":[{"embeddable":true,"href":"https:\/\/www.espace-ombrage.com\/blog\/wp-json\/wp\/v2\/media\/4035"}],"wp:attachment":[{"href":"https:\/\/www.espace-ombrage.com\/blog\/wp-json\/wp\/v2\/media?parent=4034"}],"wp:term":[{"taxonomy":"category","embeddable":true,"href":"https:\/\/www.espace-ombrage.com\/blog\/wp-json\/wp\/v2\/categories?post=4034"},{"taxonomy":"post_tag","embeddable":true,"href":"https:\/\/www.espace-ombrage.com\/blog\/wp-json\/wp\/v2\/tags?post=4034"}],"curies":[{"name":"wp","href":"https:\/\/api.w.org\/{rel}","templated":true}]}}