{"id":4254,"date":"2024-10-15T09:30:00","date_gmt":"2024-10-15T07:30:00","guid":{"rendered":"https:\/\/www.espace-ombrage.com\/blog\/?p=4254"},"modified":"2025-09-25T17:00:23","modified_gmt":"2025-09-25T15:00:23","slug":"les-voiles-dombrage-sont-elles-recyclables","status":"publish","type":"post","link":"https:\/\/www.espace-ombrage.com\/blog\/les-voiles-dombrage-sont-elles-recyclables\/","title":{"rendered":"Les voiles d&rsquo;ombrage sont-elles recyclables ?"},"content":{"rendered":"\t\t<div data-elementor-type=\"wp-post\" data-elementor-id=\"4254\" class=\"elementor elementor-4254\" data-elementor-post-type=\"post\">\n\t\t\t\t\t\t<section class=\"elementor-section elementor-top-section elementor-element elementor-element-af961b9 elementor-section-full_width elementor-section-content-bottom elementor-hidden-tablet elementor-section-height-default elementor-section-height-default\" data-id=\"af961b9\" data-element_type=\"section\">\n\t\t\t\t\t\t<div class=\"elementor-container elementor-column-gap-narrow\">\n\t\t\t\t\t<div class=\"elementor-column elementor-col-50 elementor-top-column elementor-element elementor-element-5ba215af\" data-id=\"5ba215af\" data-element_type=\"column\" data-settings=\"{&quot;background_background&quot;:&quot;classic&quot;}\">\n\t\t\t<div class=\"elementor-widget-wrap elementor-element-populated\">\n\t\t\t\t\t\t<div class=\"elementor-element elementor-element-635ed23 elementor-widget__width-initial elementor-widget elementor-widget-heading\" data-id=\"635ed23\" data-element_type=\"widget\" data-widget_type=\"heading.default\">\n\t\t\t\t<div class=\"elementor-widget-container\">\n\t\t\t\t\t<h1 class=\"elementor-heading-title elementor-size-default\">Les voiles d&rsquo;ombrage sont-elles recyclables ?<\/h1>\t\t\t\t<\/div>\n\t\t\t\t<\/div>\n\t\t\t\t\t<\/div>\n\t\t<\/div>\n\t\t\t\t<div class=\"elementor-column elementor-col-25 elementor-top-column elementor-element elementor-element-6ba85d93\" data-id=\"6ba85d93\" data-element_type=\"column\">\n\t\t\t<div class=\"elementor-widget-wrap elementor-element-populated\">\n\t\t\t\t\t\t<div class=\"elementor-element elementor-element-2248477e elementor-hidden-tablet elementor-hidden-mobile elementor-widget elementor-widget-image\" data-id=\"2248477e\" data-element_type=\"widget\" data-widget_type=\"image.default\">\n\t\t\t\t<div class=\"elementor-widget-container\">\n\t\t\t\t\t\t\t\t\t\t\t\t\t\t\t<img fetchpriority=\"high\" decoding=\"async\" width=\"1040\" height=\"1031\" src=\"https:\/\/www.espace-ombrage.com\/blog\/wp-content\/uploads\/2024\/08\/voile-ombrage-naturelle-fibre-coco-pergola-bois-e1724661734233.jpg\" class=\"attachment-full size-full wp-image-4256\" alt=\"Voile d&#039;ombrage naturelle en fibre de coco utilis\u00e9e comme une toile pour pergola\" srcset=\"https:\/\/www.espace-ombrage.com\/blog\/wp-content\/uploads\/2024\/08\/voile-ombrage-naturelle-fibre-coco-pergola-bois-e1724661734233.jpg 1040w, https:\/\/www.espace-ombrage.com\/blog\/wp-content\/uploads\/2024\/08\/voile-ombrage-naturelle-fibre-coco-pergola-bois-e1724661734233-300x297.jpg 300w, https:\/\/www.espace-ombrage.com\/blog\/wp-content\/uploads\/2024\/08\/voile-ombrage-naturelle-fibre-coco-pergola-bois-e1724661734233-1024x1015.jpg 1024w, https:\/\/www.espace-ombrage.com\/blog\/wp-content\/uploads\/2024\/08\/voile-ombrage-naturelle-fibre-coco-pergola-bois-e1724661734233-150x150.jpg 150w, https:\/\/www.espace-ombrage.com\/blog\/wp-content\/uploads\/2024\/08\/voile-ombrage-naturelle-fibre-coco-pergola-bois-e1724661734233-768x761.jpg 768w\" sizes=\"(max-width: 1040px) 100vw, 1040px\" \/>\t\t\t\t\t\t\t\t\t\t\t\t\t\t\t<\/div>\n\t\t\t\t<\/div>\n\t\t\t\t\t<\/div>\n\t\t<\/div>\n\t\t\t\t<div class=\"elementor-column elementor-col-25 elementor-top-column elementor-element elementor-element-2751429d\" data-id=\"2751429d\" data-element_type=\"column\">\n\t\t\t<div class=\"elementor-widget-wrap elementor-element-populated\">\n\t\t\t\t\t\t<div class=\"elementor-element elementor-element-6ea38d1f elementor-widget-mobile__width-initial animated-slow elementor-widget-tablet__width-initial elementor-invisible elementor-widget elementor-widget-spacer\" data-id=\"6ea38d1f\" data-element_type=\"widget\" data-settings=\"{&quot;_animation&quot;:&quot;fadeInRight&quot;}\" data-widget_type=\"spacer.default\">\n\t\t\t\t<div class=\"elementor-widget-container\">\n\t\t\t\t\t\t\t<div class=\"elementor-spacer\">\n\t\t\t<div class=\"elementor-spacer-inner\"><\/div>\n\t\t<\/div>\n\t\t\t\t\t\t<\/div>\n\t\t\t\t<\/div>\n\t\t\t\t\t<\/div>\n\t\t<\/div>\n\t\t\t\t\t<\/div>\n\t\t<\/section>\n\t\t\t\t<section class=\"elementor-section elementor-top-section elementor-element elementor-element-30550a88 elementor-section-boxed elementor-section-height-default elementor-section-height-default elementor-invisible\" data-id=\"30550a88\" data-element_type=\"section\" data-settings=\"{&quot;animation&quot;:&quot;fadeIn&quot;}\">\n\t\t\t\t\t\t<div class=\"elementor-container elementor-column-gap-default\">\n\t\t\t\t\t<div class=\"elementor-column elementor-col-100 elementor-top-column elementor-element elementor-element-3f4d911a\" data-id=\"3f4d911a\" data-element_type=\"column\">\n\t\t\t<div class=\"elementor-widget-wrap elementor-element-populated\">\n\t\t\t\t\t\t<div class=\"elementor-element elementor-element-6f6bb361 elementor-widget__width-initial elementor-widget elementor-widget-text-editor\" data-id=\"6f6bb361\" data-element_type=\"widget\" data-widget_type=\"text-editor.default\">\n\t\t\t\t<div class=\"elementor-widget-container\">\n\t\t\t\t\t\t\t\t\t<p>Pr\u00e9server notre environnement pour ralentir le r\u00e9chauffement climatique est un d\u00e9fi auquel nous sommes tous sensibles et conscients aujourd\u2019hui. C\u2019est ainsi que notre mani\u00e8re de penser et de consommer a chang\u00e9. Les <a href=\"https:\/\/www.espace-ombrage.com\/fr\/3-voile-d-ombrage\" target=\"_blank\" rel=\"noopener\"><span style=\"text-decoration: underline;\"><b>voiles d\u2019ombrage<\/b><\/span><\/a> con\u00e7ues et vendues par Espace Ombrage n\u2019\u00e9chappent pas \u00e0 cette volont\u00e9 de mieux consommer. V\u00e9ritable <b>climatiseur naturel<\/b>, les toiles d\u2019ombrage vous offrent une <b>protection solaire efficace<\/b> et <b>limitent \u00e9galement votre empreinte environnementale<\/b> via plusieurs canaux : conception fran\u00e7aise et europ\u00e9enne, emballage recyclable en carton, toiles fabriqu\u00e9es \u00e0 la commande en atelier, m\u00e2ts fabriqu\u00e9s \u00e0 base d\u2019aluminium 100% recycl\u00e9 et produits avec une \u00e9nergie verte ( photovolta\u00efque + \u00e9olienne), utilisation de mat\u00e9riaux naturels pour les voiles en fibre de coco ou toile de jute, produits passifs qui ne consomment aucune \u00e9nergie lors de leur utilisation.<\/p>\t\t\t\t\t\t\t\t<\/div>\n\t\t\t\t<\/div>\n\t\t\t\t<div class=\"elementor-element elementor-element-beac41b elementor-align-center elementor-widget elementor-widget-button\" data-id=\"beac41b\" data-element_type=\"widget\" data-widget_type=\"button.default\">\n\t\t\t\t<div class=\"elementor-widget-container\">\n\t\t\t\t\t\t\t\t\t<div class=\"elementor-button-wrapper\">\n\t\t\t\t\t<a class=\"elementor-button elementor-button-link elementor-size-sm\" href=\"https:\/\/www.espace-ombrage.com\/fr\/content\/180-voile-d-ombrage-sur-mesure\" target=\"_blank\">\n\t\t\t\t\t\t<span class=\"elementor-button-content-wrapper\">\n\t\t\t\t\t\t\t\t\t<span class=\"elementor-button-text\">Je veux ma voile ombrage \u00e9cologique<\/span>\n\t\t\t\t\t<\/span>\n\t\t\t\t\t<\/a>\n\t\t\t\t<\/div>\n\t\t\t\t\t\t\t\t<\/div>\n\t\t\t\t<\/div>\n\t\t\t\t\t<\/div>\n\t\t<\/div>\n\t\t\t\t\t<\/div>\n\t\t<\/section>\n\t\t\t\t<section class=\"elementor-section elementor-top-section elementor-element elementor-element-fa55752 elementor-section-full_width elementor-reverse-tablet elementor-reverse-mobile elementor-section-height-default elementor-section-height-default elementor-invisible\" data-id=\"fa55752\" data-element_type=\"section\" data-settings=\"{&quot;background_background&quot;:&quot;gradient&quot;,&quot;animation&quot;:&quot;fadeIn&quot;}\">\n\t\t\t\t\t\t<div class=\"elementor-container elementor-column-gap-no\">\n\t\t\t\t\t<div class=\"elementor-column elementor-col-50 elementor-top-column elementor-element elementor-element-3ed749f7\" data-id=\"3ed749f7\" data-element_type=\"column\">\n\t\t\t<div class=\"elementor-widget-wrap elementor-element-populated\">\n\t\t\t\t\t\t<div class=\"elementor-element elementor-element-4e8a89ab elementor-widget elementor-widget-heading\" data-id=\"4e8a89ab\" data-element_type=\"widget\" data-widget_type=\"heading.default\">\n\t\t\t\t<div class=\"elementor-widget-container\">\n\t\t\t\t\t<h2 class=\"elementor-heading-title elementor-size-default\">Les diff\u00e9rents types de voiles solaires et leur mat\u00e9riau<\/h2>\t\t\t\t<\/div>\n\t\t\t\t<\/div>\n\t\t\t\t<div class=\"elementor-element elementor-element-2811ff76 elementor-widget elementor-widget-text-editor\" data-id=\"2811ff76\" data-element_type=\"widget\" data-widget_type=\"text-editor.default\">\n\t\t\t\t<div class=\"elementor-widget-container\">\n\t\t\t\t\t\t\t\t\t<p>Lorsque vous faites le choix d\u2019une toile solaire, vous \u00eates rapidement confront\u00e9 \u00e0 la s\u00e9lection d\u2019un tissu et donc d\u2019un mat\u00e9riau qui a un impact environnemental diff\u00e9rent selon sa nature.<\/p>\t\t\t\t\t\t\t\t<\/div>\n\t\t\t\t<\/div>\n\t\t\t\t<div class=\"elementor-element elementor-element-2c2e6865 elementor-widget elementor-widget-heading\" data-id=\"2c2e6865\" data-element_type=\"widget\" data-widget_type=\"heading.default\">\n\t\t\t\t<div class=\"elementor-widget-container\">\n\t\t\t\t\t<h3 class=\"elementor-heading-title elementor-size-default\">Les voiles d\u2019ombrage aux tissus synth\u00e9tiques techniques mais protecteurs et durables <\/h3>\t\t\t\t<\/div>\n\t\t\t\t<\/div>\n\t\t\t\t<div class=\"elementor-element elementor-element-494c709f elementor-widget elementor-widget-text-editor\" data-id=\"494c709f\" data-element_type=\"widget\" data-widget_type=\"text-editor.default\">\n\t\t\t\t<div class=\"elementor-widget-container\">\n\t\t\t\t\t\t\t\t\t<span style=\"text-align: inherit;\">La plupart des toiles tendues vendues et install\u00e9es sont fabriqu\u00e9es \u00e0 partir d\u2019un tissu synth\u00e9tique diff\u00e9rent en fonction de l\u2019utilit\u00e9 et l\u2019usage que vous souhaitez en faire. Parmi ceux vendus chez Espace Ombrage se trouvent :\u00a0<\/span>\n\n<span style=\"font-size: inherit; text-align: inherit; color: var( --e-global-color-text ); letter-spacing: 0px;\">&#8211; la gamme de <\/span><a style=\"font-size: inherit; text-align: inherit; letter-spacing: 0px;\" href=\"https:\/\/www.espace-ombrage.com\/fr\/9-voile-d-ombrage-resistante-au-vent\" target=\"_blank\" rel=\"noopener\"><span style=\"text-decoration-line: underline;\"><strong>voile ombrage ajour\u00e9e Australe<\/strong><\/span><\/a><span style=\"font-size: inherit; text-align: inherit; color: var( --e-global-color-text ); letter-spacing: 0px;\"> : ces toiles en <\/span><b style=\"font-size: inherit; text-align: inherit; color: var( --e-global-color-text ); letter-spacing: 0px;\">poly\u00e9thyl\u00e8ne haute densit\u00e9 (HDPE)<\/b><span style=\"font-size: inherit; text-align: inherit; color: var( --e-global-color-text ); letter-spacing: 0px;\"> sont con\u00e7ues pour laisser passer l&rsquo;air et l&rsquo;eau gr\u00e2ce \u00e0 leur tissage a\u00e9r\u00e9, offrant ainsi une protection efficace contre les rayons UV tout en \u00e9tant r\u00e9sistantes au vent. Selon la gamme choisie, elles peuvent filtrer entre 90 et 97 % des rayons solaires, permettant ainsi de r\u00e9duire la chaleur ressentie gr\u00e2ce aux brises d&rsquo;air qui les traversent. De plus, le caract\u00e8re synth\u00e9tique du tissu conf\u00e8re \u00e0 ces voiles une meilleure r\u00e9sistance aux d\u00e9chirures et aux intemp\u00e9ries, garantissant une durabilit\u00e9 imbattable.<\/span>\n\n<span style=\"font-size: inherit; text-align: inherit; color: var( --e-global-color-text ); letter-spacing: 0px;\">&#8211;\u00a0<\/span><span style=\"font-size: inherit; text-align: inherit; color: var( --e-global-color-text ); letter-spacing: 0px;\">la gamme de <\/span><a style=\"font-size: inherit; text-align: inherit; letter-spacing: 0px;\" href=\"https:\/\/www.espace-ombrage.com\/fr\/10-voile-d-ombrage-deperlante\" target=\"_blank\" rel=\"noopener\"><span style=\"text-decoration-line: underline;\"><strong>toile d\u2019ombrage imperm\u00e9able<\/strong><\/span><\/a><span style=\"font-size: inherit; text-align: inherit; color: var( --e-global-color-text ); letter-spacing: 0px;\"> : plusieurs type de mat\u00e9riau selon la version choisie :<\/span>\n<ul>\n \t<li><b>Polyester en diff\u00e9rent grammage<\/b> :\n<ul>\n \t<li>La <a href=\"https:\/\/www.espace-ombrage.com\/fr\/voile-d-ombrage-deperlante\/9398-voile-impermeable-solar-200.html\" target=\"_blank\" rel=\"noopener\"><span style=\"text-decoration: underline;\">Solar 200<\/span><\/a> est notre <a href=\"https:\/\/www.espace-ombrage.com\/fr\/content\/128-voile-dombrage-pas-chere\" target=\"_blank\" rel=\"noopener\"><span style=\"text-decoration: underline;\"><strong>voile ombrage pas chere<\/strong> <\/span><\/a>pesant 200\u2009g\/m\u00b2, filtrant 90% des UV et r\u00e9sistante \u00e0 des vents de 40 km\/h. Facile \u00e0 nettoyer avec du savon et de l&rsquo;eau, elle offre une bonne protection contre les UV et la pluie.<\/li>\n \t<li>Notre <a href=\"https:\/\/www.espace-ombrage.com\/fr\/voile-d-ombrage-electrique\/3932-voile-a-enrouleur-motorise.html\" target=\"_blank\" rel=\"noopener\"><span style=\"text-decoration: underline;\"><strong>voile d\u2019ombrage \u00e0 enrouleur \u00e9lectrique<\/strong><\/span><\/a>, fabriqu\u00e9e en France, de 250 g\/m\u00b2. Elle filtre 99% des UV et se distingue par son enroulement automatique.<\/li>\n<\/ul>\n<\/li>\n \t<li><b>Acrylique<\/b> : l\u2019<a href=\"https:\/\/www.espace-ombrage.com\/fr\/voile-d-ombrage-deperlante\/119-acryl-300.html\" target=\"_blank\" rel=\"noopener\">Acryl 300<\/a>, voile imperm\u00e9able haut de gamme, trait\u00e9 anti-moisissure et anti-salissure, disponible en 24 coloris. Elle p\u00e8se 300 g\/m\u00b2, filtre 97% des UV et r\u00e9siste \u00e0 des vents de 60 km\/h.<\/li>\n<\/ul>\n<i><u>NB<\/u>: Ces voiles doivent \u00eatre inclin\u00e9es de 25% pour assurer un bon \u00e9coulement de l&rsquo;eau de pluie.\u00a0<\/i>\t\t\t\t\t\t\t\t<\/div>\n\t\t\t\t<\/div>\n\t\t\t\t\t<\/div>\n\t\t<\/div>\n\t\t\t\t<div class=\"elementor-column elementor-col-50 elementor-top-column elementor-element elementor-element-5225909f\" data-id=\"5225909f\" data-element_type=\"column\" data-settings=\"{&quot;background_background&quot;:&quot;classic&quot;}\">\n\t\t\t<div class=\"elementor-widget-wrap elementor-element-populated\">\n\t\t\t\t\t\t<div class=\"elementor-element elementor-element-34de45e9 elementor-widget-mobile__width-initial elementor-widget elementor-widget-spacer\" data-id=\"34de45e9\" data-element_type=\"widget\" data-widget_type=\"spacer.default\">\n\t\t\t\t<div class=\"elementor-widget-container\">\n\t\t\t\t\t\t\t<div class=\"elementor-spacer\">\n\t\t\t<div class=\"elementor-spacer-inner\"><\/div>\n\t\t<\/div>\n\t\t\t\t\t\t<\/div>\n\t\t\t\t<\/div>\n\t\t\t\t\t<\/div>\n\t\t<\/div>\n\t\t\t\t\t<\/div>\n\t\t<\/section>\n\t\t\t\t<section class=\"elementor-section elementor-top-section elementor-element elementor-element-7aa94b40 elementor-section-full_width elementor-section-height-default elementor-section-height-default elementor-invisible\" data-id=\"7aa94b40\" data-element_type=\"section\" data-settings=\"{&quot;animation&quot;:&quot;fadeIn&quot;}\">\n\t\t\t\t\t\t<div class=\"elementor-container elementor-column-gap-no\">\n\t\t\t\t\t<div class=\"elementor-column elementor-col-50 elementor-top-column elementor-element elementor-element-5eb28b0e elementor-hidden-tablet elementor-hidden-mobile\" data-id=\"5eb28b0e\" data-element_type=\"column\" data-settings=\"{&quot;background_background&quot;:&quot;classic&quot;}\">\n\t\t\t<div class=\"elementor-widget-wrap elementor-element-populated\">\n\t\t\t\t\t\t<div class=\"elementor-element elementor-element-2dd99a68 elementor-widget elementor-widget-image\" data-id=\"2dd99a68\" data-element_type=\"widget\" data-widget_type=\"image.default\">\n\t\t\t\t<div class=\"elementor-widget-container\">\n\t\t\t\t\t\t\t\t\t\t\t\t\t\t\t<img decoding=\"async\" width=\"1080\" height=\"1080\" src=\"https:\/\/www.espace-ombrage.com\/blog\/wp-content\/uploads\/2024\/08\/voile-ombrage-triangulaire-jute-naturelle-avec-piquet.jpg\" class=\"attachment-full size-full wp-image-4262\" alt=\"Toile d&#039;ombrage triangle en jute fix\u00e9e sur poteau pour voile d&#039;ombrage\" srcset=\"https:\/\/www.espace-ombrage.com\/blog\/wp-content\/uploads\/2024\/08\/voile-ombrage-triangulaire-jute-naturelle-avec-piquet.jpg 1080w, https:\/\/www.espace-ombrage.com\/blog\/wp-content\/uploads\/2024\/08\/voile-ombrage-triangulaire-jute-naturelle-avec-piquet-300x300.jpg 300w, https:\/\/www.espace-ombrage.com\/blog\/wp-content\/uploads\/2024\/08\/voile-ombrage-triangulaire-jute-naturelle-avec-piquet-1024x1024.jpg 1024w, https:\/\/www.espace-ombrage.com\/blog\/wp-content\/uploads\/2024\/08\/voile-ombrage-triangulaire-jute-naturelle-avec-piquet-150x150.jpg 150w, https:\/\/www.espace-ombrage.com\/blog\/wp-content\/uploads\/2024\/08\/voile-ombrage-triangulaire-jute-naturelle-avec-piquet-768x768.jpg 768w\" sizes=\"(max-width: 1080px) 100vw, 1080px\" \/>\t\t\t\t\t\t\t\t\t\t\t\t\t\t\t<\/div>\n\t\t\t\t<\/div>\n\t\t\t\t\t<\/div>\n\t\t<\/div>\n\t\t\t\t<div class=\"elementor-column elementor-col-50 elementor-top-column elementor-element elementor-element-5068cb3d\" data-id=\"5068cb3d\" data-element_type=\"column\">\n\t\t\t<div class=\"elementor-widget-wrap elementor-element-populated\">\n\t\t\t\t\t\t<div class=\"elementor-element elementor-element-19fe7fca elementor-widget elementor-widget-heading\" data-id=\"19fe7fca\" data-element_type=\"widget\" data-widget_type=\"heading.default\">\n\t\t\t\t<div class=\"elementor-widget-container\">\n\t\t\t\t\t<h3 class=\"elementor-heading-title elementor-size-default\">Les voiles ombrage con\u00e7ues avec du tissu naturel<\/h3>\t\t\t\t<\/div>\n\t\t\t\t<\/div>\n\t\t\t\t<div class=\"elementor-element elementor-element-30aab4f2 elementor-widget elementor-widget-text-editor\" data-id=\"30aab4f2\" data-element_type=\"widget\" data-widget_type=\"text-editor.default\">\n\t\t\t\t<div class=\"elementor-widget-container\">\n\t\t\t\t\t\t\t\t\t<p>Les produits fabriqu\u00e9s avec des tissus naturels gagnent en popularit\u00e9 car ils entrent dans une d\u00e9marche de consommation saine. C\u2019est ainsi que la <a href=\"https:\/\/www.espace-ombrage.com\/fr\/50-voile-d-ombrage-naturelle\" target=\"_blank\" rel=\"noopener\"><span style=\"text-decoration: underline;\"><strong>voile d\u2019ombrage naturelle<\/strong><\/span><\/a> s&rsquo;inscrit parfaitement dans cette tendance.<\/p><ul><li>La <a href=\"https:\/\/www.espace-ombrage.com\/fr\/voile-d-ombrage-resistante-au-vent\/9678-toile-ombrage-fibre-coco-naturelle.html\" target=\"_blank\" rel=\"noopener\"><span style=\"text-decoration: underline;\"><strong>toile d\u2019ombrage en fibre de coco naturelle<\/strong><\/span><\/a>, avec son maillage a\u00e9r\u00e9 et pesant 900 g\/m\u00b2, apporte un c\u00f4t\u00e9 d\u00e9co et nature \u00e0 votre espace ext\u00e9rieur. Que ce soit sur une plage, une terrasse ou un jardin, cette <strong>toile solaire en coco<\/strong> instaure une ambiance estivale en tamisant la lumi\u00e8re. Disponible en formats rectangulaire et triangulaire, elle peut \u00eatre tendue comme une voile d&rsquo;ombrage ou fix\u00e9e \u00e0 une structure de <a href=\"https:\/\/www.espace-ombrage.com\/fr\/content\/173-choisir-sa-toile-pergola-sur-mesure\" target=\"_blank\" rel=\"noopener\"><span style=\"text-decoration: underline;\"><strong>pergola<\/strong><\/span><\/a>.<\/li><\/ul><ul><li>Dans la m\u00eame veine, la <a href=\"https:\/\/www.espace-ombrage.com\/fr\/voile-d-ombrage\/12619-toile-ombrage-jute-naturelle.html\" target=\"_blank\" rel=\"noopener\"><span style=\"text-decoration: underline;\"><strong>toile de jute naturelle<\/strong><\/span><\/a>, pesant 340 g\/m\u00b2, cr\u00e9e une atmosph\u00e8re cocooning et champ\u00eatre sur vos terrasses. Elle cr\u00e9era un ombrage sur votre zone pour vous cacher du soleil aveuglant.<\/li><\/ul><p>Il est important de noter que contrairement aux voiles d\u2019ombrage plus techniques cit\u00e9es pr\u00e9c\u00e9demment, ces mat\u00e9riaux n&rsquo;offrent aucune protection contre les UV et ont une dur\u00e9e de vie plus courte (entre 2 \u00e0 5 ans avec un aspect de patine dans le temps).<\/p>\t\t\t\t\t\t\t\t<\/div>\n\t\t\t\t<\/div>\n\t\t\t\t\t<\/div>\n\t\t<\/div>\n\t\t\t\t\t<\/div>\n\t\t<\/section>\n\t\t\t\t<section class=\"elementor-section elementor-top-section elementor-element elementor-element-1108ecb elementor-section-full_width elementor-section-height-default elementor-section-height-default elementor-invisible\" data-id=\"1108ecb\" data-element_type=\"section\" data-settings=\"{&quot;animation&quot;:&quot;fadeIn&quot;,&quot;background_background&quot;:&quot;classic&quot;}\">\n\t\t\t\t\t\t<div class=\"elementor-container elementor-column-gap-no\">\n\t\t\t\t\t<div class=\"elementor-column elementor-col-50 elementor-top-column elementor-element elementor-element-81eb52e\" data-id=\"81eb52e\" data-element_type=\"column\">\n\t\t\t<div class=\"elementor-widget-wrap elementor-element-populated\">\n\t\t\t\t\t\t<div class=\"elementor-element elementor-element-e6ae62d elementor-widget elementor-widget-heading\" data-id=\"e6ae62d\" data-element_type=\"widget\" data-widget_type=\"heading.default\">\n\t\t\t\t<div class=\"elementor-widget-container\">\n\t\t\t\t\t<h2 class=\"elementor-heading-title elementor-size-default\"> Les options de recyclage pour des toiles de terrasse\u200b<\/h2>\t\t\t\t<\/div>\n\t\t\t\t<\/div>\n\t\t\t\t<div class=\"elementor-element elementor-element-fda0c85 elementor-widget elementor-widget-text-editor\" data-id=\"fda0c85\" data-element_type=\"widget\" data-widget_type=\"text-editor.default\">\n\t\t\t\t<div class=\"elementor-widget-container\">\n\t\t\t\t\t\t\t\t\t<p style=\"font-size: 16px; text-align: left;\">Comme expliqu\u00e9 en introduction, nos toiles d\u2019ombrage en tissu synth\u00e9tique ou naturel sont toutes\u00a0<span style=\"font-weight: bold;\">recyclables<\/span>\u00a0et peuvent \u00eatre utilis\u00e9es\u00a0<span style=\"font-weight: bold;\">en seconde main.<\/span>\u00a0Sachez que nous avons sur notre site,\u00a0<a href=\"https:\/\/www.espace-ombrage.com\/fr\/24-destockage\" target=\"_blank\" rel=\"noopener\"><span style=\"text-decoration-line: underline;\">une rubrique anti g\u00e2chis<\/span><\/a>\u00a0avec des\u00a0<span style=\"font-weight: bold;\">voiles remis\u00e9es<\/span>\u00a0qui sont en stock (erreur de commande ou de production et fins de s\u00e9rie).<\/p><p style=\"font-size: 16px; text-align: left;\">Prenons l\u2019exemple d\u2019une\u00a0<span style=\"font-weight: bold;\">toile solaire<\/span>\u00a0que vous auriez achet\u00e9 et dont vous ne pouvez\/voulez plus vous servir pour diff\u00e9rentes raisons (d\u00e9m\u00e9nagement, changement d\u2019environnement, envie, etc.) Vous pouvez tout \u00e0 fait remettre votre toile en vente sur des plateformes de revente comme leboncoin par exemple. Cette pratique est commune et s\u2019inscrit dans\u00a0<span style=\"font-weight: bold;\">un mode de consommation plus durable.<\/span><\/p><p style=\"font-size: 16px; text-align: left;\">Votre voile se d\u00e9chire sur certains endroits mais vous ne souhaitez pas la remplacer mais plut\u00f4t la r\u00e9parer ? Sachez que cela est tout \u00e0 fait possible et que des cordonniers, selleries ou voileries locales seront en mesure de vous r\u00e9parer votre toile \u00e0 l\u2019aide d\u2019un fil polyester. Nous restons \u00e9galement \u00e0 l\u2019\u00e9coute pour vous fournir des morceaux de tissus au besoin provenant de chutes lors de la fabrication auxquels nous donnons une seconde vie. Si vous avez besoin de changer votre toile, nous vous accompagnons dans le renouvellement de celle-ci. Pour la\u00a0<span style=\"font-weight: bold;\">voile solaire<\/span>\u00a0qui reste inutilisable, vous pouvez en faire don \u00e0 des voileries qui pourront utiliser le tissu exploitable ou les \u00e9vacuer dans les bennes de recyclage.<\/p>\t\t\t\t\t\t\t\t<\/div>\n\t\t\t\t<\/div>\n\t\t\t\t\t<\/div>\n\t\t<\/div>\n\t\t\t\t<div class=\"elementor-column elementor-col-50 elementor-top-column elementor-element elementor-element-3ca7058 elementor-hidden-tablet elementor-hidden-mobile\" data-id=\"3ca7058\" data-element_type=\"column\" data-settings=\"{&quot;background_background&quot;:&quot;classic&quot;}\">\n\t\t\t<div class=\"elementor-widget-wrap elementor-element-populated\">\n\t\t\t\t\t\t<div class=\"elementor-element elementor-element-ce53c7c elementor-widget elementor-widget-image\" data-id=\"ce53c7c\" data-element_type=\"widget\" data-widget_type=\"image.default\">\n\t\t\t\t<div class=\"elementor-widget-container\">\n\t\t\t\t\t\t\t\t\t\t\t\t\t\t\t<img decoding=\"async\" width=\"1080\" height=\"1080\" src=\"https:\/\/www.espace-ombrage.com\/blog\/wp-content\/uploads\/2024\/08\/Toile-ombrage-brise-vue-ajouree.jpg\" class=\"attachment-full size-full wp-image-4263\" alt=\"Voile ombrage ajour\u00e9 servant de brise vue et brise vent sur une terrasse ext\u00e9rieure\" srcset=\"https:\/\/www.espace-ombrage.com\/blog\/wp-content\/uploads\/2024\/08\/Toile-ombrage-brise-vue-ajouree.jpg 1080w, https:\/\/www.espace-ombrage.com\/blog\/wp-content\/uploads\/2024\/08\/Toile-ombrage-brise-vue-ajouree-300x300.jpg 300w, https:\/\/www.espace-ombrage.com\/blog\/wp-content\/uploads\/2024\/08\/Toile-ombrage-brise-vue-ajouree-1024x1024.jpg 1024w, https:\/\/www.espace-ombrage.com\/blog\/wp-content\/uploads\/2024\/08\/Toile-ombrage-brise-vue-ajouree-150x150.jpg 150w, https:\/\/www.espace-ombrage.com\/blog\/wp-content\/uploads\/2024\/08\/Toile-ombrage-brise-vue-ajouree-768x768.jpg 768w\" sizes=\"(max-width: 1080px) 100vw, 1080px\" \/>\t\t\t\t\t\t\t\t\t\t\t\t\t\t\t<\/div>\n\t\t\t\t<\/div>\n\t\t\t\t\t<\/div>\n\t\t<\/div>\n\t\t\t\t\t<\/div>\n\t\t<\/section>\n\t\t\t\t<section class=\"elementor-section elementor-top-section elementor-element elementor-element-c1263d5 elementor-section-full_width elementor-section-height-default elementor-section-height-default elementor-invisible\" data-id=\"c1263d5\" data-element_type=\"section\" data-settings=\"{&quot;animation&quot;:&quot;fadeIn&quot;,&quot;background_background&quot;:&quot;classic&quot;}\">\n\t\t\t\t\t\t<div class=\"elementor-container elementor-column-gap-no\">\n\t\t\t\t\t<div class=\"elementor-column elementor-col-50 elementor-top-column elementor-element elementor-element-a7464d8 elementor-hidden-tablet elementor-hidden-mobile\" data-id=\"a7464d8\" data-element_type=\"column\" data-settings=\"{&quot;background_background&quot;:&quot;classic&quot;}\">\n\t\t\t<div class=\"elementor-widget-wrap elementor-element-populated\">\n\t\t\t\t\t\t<div class=\"elementor-element elementor-element-7a7ddc3 elementor-widget elementor-widget-image\" data-id=\"7a7ddc3\" data-element_type=\"widget\" data-widget_type=\"image.default\">\n\t\t\t\t<div class=\"elementor-widget-container\">\n\t\t\t\t\t\t\t\t\t\t\t\t\t\t\t<img loading=\"lazy\" decoding=\"async\" width=\"1080\" height=\"1080\" src=\"https:\/\/www.espace-ombrage.com\/blog\/wp-content\/uploads\/2024\/08\/toile-ombrage-naturelle-coco-terrasse-exterieure.jpg\" class=\"attachment-full size-full wp-image-4267\" alt=\"Deux voiles d\u2019ombrages en fibre de coco naturelle fix\u00e9es sur piquet bois pour d\u00e9co terrasse exterieur\" srcset=\"https:\/\/www.espace-ombrage.com\/blog\/wp-content\/uploads\/2024\/08\/toile-ombrage-naturelle-coco-terrasse-exterieure.jpg 1080w, https:\/\/www.espace-ombrage.com\/blog\/wp-content\/uploads\/2024\/08\/toile-ombrage-naturelle-coco-terrasse-exterieure-300x300.jpg 300w, https:\/\/www.espace-ombrage.com\/blog\/wp-content\/uploads\/2024\/08\/toile-ombrage-naturelle-coco-terrasse-exterieure-1024x1024.jpg 1024w, https:\/\/www.espace-ombrage.com\/blog\/wp-content\/uploads\/2024\/08\/toile-ombrage-naturelle-coco-terrasse-exterieure-150x150.jpg 150w, https:\/\/www.espace-ombrage.com\/blog\/wp-content\/uploads\/2024\/08\/toile-ombrage-naturelle-coco-terrasse-exterieure-768x768.jpg 768w\" sizes=\"(max-width: 1080px) 100vw, 1080px\" \/>\t\t\t\t\t\t\t\t\t\t\t\t\t\t\t<\/div>\n\t\t\t\t<\/div>\n\t\t\t\t\t<\/div>\n\t\t<\/div>\n\t\t\t\t<div class=\"elementor-column elementor-col-50 elementor-top-column elementor-element elementor-element-1e4f858\" data-id=\"1e4f858\" data-element_type=\"column\">\n\t\t\t<div class=\"elementor-widget-wrap elementor-element-populated\">\n\t\t\t\t\t\t<div class=\"elementor-element elementor-element-9175ed1 elementor-widget elementor-widget-heading\" data-id=\"9175ed1\" data-element_type=\"widget\" data-widget_type=\"heading.default\">\n\t\t\t\t<div class=\"elementor-widget-container\">\n\t\t\t\t\t<h2 class=\"elementor-heading-title elementor-size-default\">Des conseils d\u2019experts pour un choix de toiles ombrage plus \u00e9cologiques\u200b<\/h2>\t\t\t\t<\/div>\n\t\t\t\t<\/div>\n\t\t\t\t<div class=\"elementor-element elementor-element-35aa45f elementor-widget elementor-widget-text-editor\" data-id=\"35aa45f\" data-element_type=\"widget\" data-widget_type=\"text-editor.default\">\n\t\t\t\t<div class=\"elementor-widget-container\">\n\t\t\t\t\t\t\t\t\t<p>Comme vous l\u2019aurez compris, lors de l\u2019achat d\u2019une toile d\u2019ombrage, il faut porter une attention particuli\u00e8re aux mat\u00e9riaux utilis\u00e9s pour la conception en s\u2019assurant qu\u2019ils soient durables et r\u00e9sistants. En effet, le choix d\u2019un mat\u00e9riau qui se conserve longtemps et se recycle facilement comme le HDPE (poly\u00e9thyl\u00e8ne haute densit\u00e9) que l\u2019on retrouve dans les <strong>voiles r\u00e9sistantes au vent<\/strong> est important.<br \/>Termin\u00e9 les voiles de mauvaise qualit\u00e9 qui ne font qu\u2019une ou deux saisons et s\u2019endommagent en battant au vent. S\u00e9lectionnez des toiles durables bien mises en tension afin de prolonger leur long\u00e9vit\u00e9.<\/p><p>De plus, pour vous assurer de r\u00e9duire votre impact \u00e9cologique, tournez-vous vers des fabricants de<strong> toile solaire \u00e9co-responsables<\/strong> comme Espace Ombrage qui utilisent des mat\u00e9riaux recycl\u00e9s pour produire les <strong>toiles tendues<\/strong> ou bien m\u00eame les accessoires compl\u00e9mentaires. A titre d\u2019exemple, chez Espace Ombrage nos <a href=\"https:\/\/www.espace-ombrage.com\/fr\/mats-et-accessoires\/10-mat-reglable-pour-voile-d-ombrage.html\" target=\"_blank\" rel=\"noopener\"><span style=\"text-decoration: underline;\"><strong>m\u00e2ts pour toile d\u2019ombrage<\/strong><\/span><\/a> sont produits \u00e0 partir d\u2019aluminium 100% recycl\u00e9 et vous permet ainsi d\u2019agir de mani\u00e8re \u00e9co-responsable.<\/p><p>Enfin, notre principal conseil reste l\u2019entretien scrupuleux \u00e0 avoir avec vos toiles de terrasse afin de prolonger leur dur\u00e9e de vie et \u00e9viter de devoir les remplacer fr\u00e9quemment. Pensez notamment \u00e0 bien les ranger en cas d\u2019intemp\u00e9rie et en hiver dans un endroit sec et \u00e0 l\u2019abri des rongeurs. Se faisant vous pourrez conserver votre toile entre 3 \u00e0 10 ans en fonction de la gamme choisie (3 \u00e0 5 ans pour des <strong>voiles naturelles<\/strong> ou entr\u00e9es de gamme et plut\u00f4t 7 \u00e0 10 ans pour les voiles solaires sup\u00e9rieures).<\/p><p>Retrouvez plus de conseils sur l\u2019entretien de vos b\u00e2ches dans notre article : <a href=\"https:\/\/www.espace-ombrage.com\/blog\/duree-de-vie-voile-ombrage\/\" target=\"_blank\" rel=\"noopener\"><span style=\"text-decoration: underline;\">Quelle est la dur\u00e9e de vie d&rsquo;une toile d&rsquo;ombrage ?<\/span><\/a><\/p>\t\t\t\t\t\t\t\t<\/div>\n\t\t\t\t<\/div>\n\t\t\t\t\t<\/div>\n\t\t<\/div>\n\t\t\t\t\t<\/div>\n\t\t<\/section>\n\t\t\t\t<section class=\"elementor-section elementor-top-section elementor-element elementor-element-4414b8e3 elementor-section-full_width elementor-section-height-min-height elementor-section-items-stretch elementor-section-content-middle elementor-section-height-default elementor-invisible\" data-id=\"4414b8e3\" data-element_type=\"section\" data-settings=\"{&quot;animation&quot;:&quot;fadeIn&quot;,&quot;background_background&quot;:&quot;classic&quot;}\">\n\t\t\t\t\t\t<div class=\"elementor-container elementor-column-gap-no\">\n\t\t\t\t\t<div class=\"elementor-column elementor-col-50 elementor-top-column elementor-element elementor-element-626fdf08\" data-id=\"626fdf08\" data-element_type=\"column\" data-settings=\"{&quot;background_background&quot;:&quot;classic&quot;}\">\n\t\t\t<div class=\"elementor-widget-wrap elementor-element-populated\">\n\t\t\t\t\t\t<div class=\"elementor-element elementor-element-1afec223 elementor-widget elementor-widget-text-editor\" data-id=\"1afec223\" data-element_type=\"widget\" data-widget_type=\"text-editor.default\">\n\t\t\t\t<div class=\"elementor-widget-container\">\n\t\t\t\t\t\t\t\t\t<p>Vous souhaitez recevoir un projet en 3D et un devis pour \u00e9quiper votre terrasse? Envoyez-nous un plan de votre terrasse \u00e0 couvrir, qu\u2019il soit \u00e0 main lev\u00e9e ou un plan d\u2019architecte que vous avez ainsi que quelques photos et <a href=\"https:\/\/www.espace-ombrage.com\/fr\/content\/161-espace-pro\">demandez une \u00e9tude r\u00e9alis\u00e9e par nos experts.<\/a> Vous aurez un retour sous 72h, avec une projection en 3D de votre projet et un devis.\u00a0<\/p><p>Notre \u00e9quipe reste disponible par email \u00e0 <a href=\"mailto:contact@espace-ombrage.com\"><b>contact@espace-ombrage.com<\/b><\/a> ou par t\u00e9l\u00e9phone au <b>+33 3 62 27 60 60<\/b> pour r\u00e9pondre \u00e0 vos questions et vous accompagner dans votre projet.<\/p>\t\t\t\t\t\t\t\t<\/div>\n\t\t\t\t<\/div>\n\t\t\t\t\t<\/div>\n\t\t<\/div>\n\t\t\t\t<div class=\"elementor-column elementor-col-50 elementor-top-column elementor-element elementor-element-51bc63ee elementor-hidden-tablet elementor-hidden-mobile\" data-id=\"51bc63ee\" data-element_type=\"column\" data-settings=\"{&quot;background_background&quot;:&quot;classic&quot;}\">\n\t\t\t<div class=\"elementor-widget-wrap elementor-element-populated\">\n\t\t\t\t\t\t<div class=\"elementor-element elementor-element-58192eab elementor-widget elementor-widget-image\" data-id=\"58192eab\" data-element_type=\"widget\" data-widget_type=\"image.default\">\n\t\t\t\t<div class=\"elementor-widget-container\">\n\t\t\t\t\t\t\t\t\t\t\t\t\t\t\t<img loading=\"lazy\" decoding=\"async\" width=\"1080\" height=\"1080\" src=\"https:\/\/www.espace-ombrage.com\/blog\/wp-content\/uploads\/2024\/07\/voile-pour-region-venteuse.png\" class=\"attachment-full size-full wp-image-4122\" alt=\"Une voile \u00e0 enrouleur pour r\u00e9gion venteuse\" srcset=\"https:\/\/www.espace-ombrage.com\/blog\/wp-content\/uploads\/2024\/07\/voile-pour-region-venteuse.png 1080w, https:\/\/www.espace-ombrage.com\/blog\/wp-content\/uploads\/2024\/07\/voile-pour-region-venteuse-300x300.png 300w, https:\/\/www.espace-ombrage.com\/blog\/wp-content\/uploads\/2024\/07\/voile-pour-region-venteuse-1024x1024.png 1024w, https:\/\/www.espace-ombrage.com\/blog\/wp-content\/uploads\/2024\/07\/voile-pour-region-venteuse-150x150.png 150w, https:\/\/www.espace-ombrage.com\/blog\/wp-content\/uploads\/2024\/07\/voile-pour-region-venteuse-768x768.png 768w\" sizes=\"(max-width: 1080px) 100vw, 1080px\" \/>\t\t\t\t\t\t\t\t\t\t\t\t\t\t\t<\/div>\n\t\t\t\t<\/div>\n\t\t\t\t\t<\/div>\n\t\t<\/div>\n\t\t\t\t\t<\/div>\n\t\t<\/section>\n\t\t\t\t<section class=\"elementor-section elementor-top-section elementor-element elementor-element-1cd11681 elementor-section-boxed elementor-section-height-default elementor-section-height-default\" data-id=\"1cd11681\" data-element_type=\"section\">\n\t\t\t\t\t\t<div class=\"elementor-container elementor-column-gap-default\">\n\t\t\t\t\t<div class=\"elementor-column elementor-col-100 elementor-top-column elementor-element elementor-element-6496ecb3\" data-id=\"6496ecb3\" data-element_type=\"column\">\n\t\t\t<div class=\"elementor-widget-wrap elementor-element-populated\">\n\t\t\t\t\t\t<div class=\"elementor-element elementor-element-7373f1a1 elementor-post-navigation-borders-yes elementor-widget elementor-widget-post-navigation\" data-id=\"7373f1a1\" data-element_type=\"widget\" data-widget_type=\"post-navigation.default\">\n\t\t\t\t<div class=\"elementor-widget-container\">\n\t\t\t\t\t\t\t<div class=\"elementor-post-navigation\">\n\t\t\t<div class=\"elementor-post-navigation__prev elementor-post-navigation__link\">\n\t\t\t\t<a href=\"https:\/\/www.espace-ombrage.com\/blog\/voile-dombrage-meilleur-compromis-pour-les-professionnels\/\" rel=\"prev\"><span class=\"post-navigation__arrow-wrapper post-navigation__arrow-prev\"><i class=\"fa fa-caret-left\" aria-hidden=\"true\"><\/i><span class=\"elementor-screen-only\">Pr\u00e9c\u00e9dent<\/span><\/span><span class=\"elementor-post-navigation__link__prev\"><span class=\"post-navigation__prev--label\">Pr\u00e9c\u00e9dent<\/span><span class=\"post-navigation__prev--title\">La voile d&rsquo;ombrage : le meilleur compromis entre design et \u00e9conomie pour les professionnels ?<\/span><\/span><\/a>\t\t\t<\/div>\n\t\t\t\t\t\t\t<div class=\"elementor-post-navigation__separator-wrapper\">\n\t\t\t\t\t<div class=\"elementor-post-navigation__separator\"><\/div>\n\t\t\t\t<\/div>\n\t\t\t\t\t\t<div class=\"elementor-post-navigation__next elementor-post-navigation__link\">\n\t\t\t\t<a href=\"https:\/\/www.espace-ombrage.com\/blog\/la-voile-dombrage-une-alternative-durable-aux-structures-traditionnelles\/\" rel=\"next\"><span class=\"elementor-post-navigation__link__next\"><span class=\"post-navigation__next--label\">Suivant<\/span><span class=\"post-navigation__next--title\">La voile d&rsquo;ombrage : une alternative durable aux structures traditionnelles ?<\/span><\/span><span class=\"post-navigation__arrow-wrapper post-navigation__arrow-next\"><i class=\"fa fa-caret-right\" aria-hidden=\"true\"><\/i><span class=\"elementor-screen-only\">Suivant<\/span><\/span><\/a>\t\t\t<\/div>\n\t\t<\/div>\n\t\t\t\t\t\t<\/div>\n\t\t\t\t<\/div>\n\t\t\t\t\t<\/div>\n\t\t<\/div>\n\t\t\t\t\t<\/div>\n\t\t<\/section>\n\t\t\t\t<\/div>\n\t\t","protected":false},"excerpt":{"rendered":"<p>Et si vous pouviez allier confort, design et respect de l\u2019environnement ? D\u00e9couvrez comment nos voiles d\u2019ombrage, con\u00e7ues en Europe avec des mat\u00e9riaux recycl\u00e9s et naturels, deviennent une vraie alternative \u00e9coresponsable.<\/p>\n","protected":false},"author":2,"featured_media":4256,"comment_status":"open","ping_status":"open","sticky":false,"template":"elementor_header_footer","format":"standard","meta":{"footnotes":""},"categories":[7,5],"tags":[86,87,83,85,16,88,84],"class_list":["post-4254","post","type-post","status-publish","format-standard","has-post-thumbnail","hentry","category-entretenir-et-amenager-son-jardin","category-nos-conseils","tag-consommation-durable","tag-ecologique","tag-recyclable","tag-recyclage","tag-voile-dombrage","tag-voile-dombrage-ecologique","tag-voile-dombrage-recyclable"],"yoast_head":"<!-- This site is optimized with the Yoast SEO plugin v23.6 - https:\/\/yoast.com\/wordpress\/plugins\/seo\/ -->\n<title>Les voiles, toiles d&#039;ombrage sont-elles recyclables ? | Espace Ombrage<\/title>\n<meta name=\"description\" content=\"V\u00e9ritable climatiseur naturel, les toiles d\u2019ombrage vous offrent une protection solaire efficace et limitent \u00e9galement votre empreinte environnementale via plusieurs canaux : conception fran\u00e7aise et europ\u00e9enne, emballage recyclable en carton, toiles fabriqu\u00e9es \u00e0 la commande en atelier, m\u00e2ts fabriqu\u00e9s \u00e0 base d\u2019aluminium 100% recycl\u00e9 et produits avec une \u00e9nergie verte ( photovolta\u00efque + \u00e9olienne), utilisation de mat\u00e9riaux naturels\" \/>\n<meta name=\"robots\" content=\"index, follow, max-snippet:-1, max-image-preview:large, max-video-preview:-1\" \/>\n<link rel=\"canonical\" href=\"https:\/\/www.espace-ombrage.com\/blog\/les-voiles-dombrage-sont-elles-recyclables\/\" \/>\n<meta property=\"og:locale\" content=\"fr_FR\" \/>\n<meta property=\"og:type\" content=\"article\" \/>\n<meta property=\"og:title\" content=\"Les voiles, toiles d&#039;ombrage sont-elles recyclables ? | Espace Ombrage\" \/>\n<meta property=\"og:description\" content=\"V\u00e9ritable climatiseur naturel, les toiles d\u2019ombrage vous offrent une protection solaire efficace et limitent \u00e9galement votre empreinte environnementale via plusieurs canaux : conception fran\u00e7aise et europ\u00e9enne, emballage recyclable en carton, toiles fabriqu\u00e9es \u00e0 la commande en atelier, m\u00e2ts fabriqu\u00e9s \u00e0 base d\u2019aluminium 100% recycl\u00e9 et produits avec une \u00e9nergie verte ( photovolta\u00efque + \u00e9olienne), utilisation de mat\u00e9riaux naturels\" \/>\n<meta property=\"og:url\" content=\"https:\/\/www.espace-ombrage.com\/blog\/les-voiles-dombrage-sont-elles-recyclables\/\" \/>\n<meta property=\"og:site_name\" content=\"Espace Ombrage\" \/>\n<meta property=\"article:published_time\" content=\"2024-10-15T07:30:00+00:00\" \/>\n<meta property=\"article:modified_time\" content=\"2025-09-25T15:00:23+00:00\" \/>\n<meta property=\"og:image\" content=\"https:\/\/www.espace-ombrage.com\/blog\/wp-content\/uploads\/2024\/08\/voile-ombrage-naturelle-fibre-coco-pergola-bois-e1724661734233.jpg\" \/>\n\t<meta property=\"og:image:width\" content=\"1040\" \/>\n\t<meta property=\"og:image:height\" content=\"1031\" \/>\n\t<meta property=\"og:image:type\" content=\"image\/jpeg\" \/>\n<meta name=\"author\" content=\"admin-ombrage\" \/>\n<meta name=\"twitter:card\" content=\"summary_large_image\" \/>\n<meta name=\"twitter:label1\" content=\"\u00c9crit par\" \/>\n\t<meta name=\"twitter:data1\" content=\"admin-ombrage\" \/>\n\t<meta name=\"twitter:label2\" content=\"Dur\u00e9e de lecture estim\u00e9e\" \/>\n\t<meta name=\"twitter:data2\" content=\"8 minutes\" \/>\n<script type=\"application\/ld+json\" class=\"yoast-schema-graph\">{\"@context\":\"https:\/\/schema.org\",\"@graph\":[{\"@type\":\"WebPage\",\"@id\":\"https:\/\/www.espace-ombrage.com\/blog\/les-voiles-dombrage-sont-elles-recyclables\/\",\"url\":\"https:\/\/www.espace-ombrage.com\/blog\/les-voiles-dombrage-sont-elles-recyclables\/\",\"name\":\"Les voiles, toiles d'ombrage sont-elles recyclables ? | Espace Ombrage\",\"isPartOf\":{\"@id\":\"https:\/\/www.espace-ombrage.com\/blog\/#website\"},\"primaryImageOfPage\":{\"@id\":\"https:\/\/www.espace-ombrage.com\/blog\/les-voiles-dombrage-sont-elles-recyclables\/#primaryimage\"},\"image\":{\"@id\":\"https:\/\/www.espace-ombrage.com\/blog\/les-voiles-dombrage-sont-elles-recyclables\/#primaryimage\"},\"thumbnailUrl\":\"https:\/\/www.espace-ombrage.com\/blog\/wp-content\/uploads\/2024\/08\/voile-ombrage-naturelle-fibre-coco-pergola-bois-e1724661734233.jpg\",\"datePublished\":\"2024-10-15T07:30:00+00:00\",\"dateModified\":\"2025-09-25T15:00:23+00:00\",\"author\":{\"@id\":\"https:\/\/www.espace-ombrage.com\/blog\/#\/schema\/person\/9b223e71f82520b376e08b8d0d4c7691\"},\"description\":\"V\u00e9ritable climatiseur naturel, les toiles d\u2019ombrage vous offrent une protection solaire efficace et limitent \u00e9galement votre empreinte environnementale via plusieurs canaux : conception fran\u00e7aise et europ\u00e9enne, emballage recyclable en carton, toiles fabriqu\u00e9es \u00e0 la commande en atelier, m\u00e2ts fabriqu\u00e9s \u00e0 base d\u2019aluminium 100% recycl\u00e9 et produits avec une \u00e9nergie verte ( photovolta\u00efque + \u00e9olienne), utilisation de mat\u00e9riaux naturels\",\"breadcrumb\":{\"@id\":\"https:\/\/www.espace-ombrage.com\/blog\/les-voiles-dombrage-sont-elles-recyclables\/#breadcrumb\"},\"inLanguage\":\"fr-FR\",\"potentialAction\":[{\"@type\":\"ReadAction\",\"target\":[\"https:\/\/www.espace-ombrage.com\/blog\/les-voiles-dombrage-sont-elles-recyclables\/\"]}]},{\"@type\":\"ImageObject\",\"inLanguage\":\"fr-FR\",\"@id\":\"https:\/\/www.espace-ombrage.com\/blog\/les-voiles-dombrage-sont-elles-recyclables\/#primaryimage\",\"url\":\"https:\/\/www.espace-ombrage.com\/blog\/wp-content\/uploads\/2024\/08\/voile-ombrage-naturelle-fibre-coco-pergola-bois-e1724661734233.jpg\",\"contentUrl\":\"https:\/\/www.espace-ombrage.com\/blog\/wp-content\/uploads\/2024\/08\/voile-ombrage-naturelle-fibre-coco-pergola-bois-e1724661734233.jpg\",\"width\":1040,\"height\":1031,\"caption\":\"Voile d'ombrage naturelle en fibre de coco utilis\u00e9e comme une toile pour pergola\"},{\"@type\":\"BreadcrumbList\",\"@id\":\"https:\/\/www.espace-ombrage.com\/blog\/les-voiles-dombrage-sont-elles-recyclables\/#breadcrumb\",\"itemListElement\":[{\"@type\":\"ListItem\",\"position\":1,\"name\":\"Espace Ombrage\",\"item\":\"https:\/\/www.espace-ombrage.com\/blog\/\"},{\"@type\":\"ListItem\",\"position\":2,\"name\":\"Les voiles d&rsquo;ombrage sont-elles recyclables ?\",\"item\":\"https:\/\/www.espace-ombrage.com\/blog\/les-voiles-dombrage-sont-elles-recyclables\/\"}]},{\"@type\":\"WebSite\",\"@id\":\"https:\/\/www.espace-ombrage.com\/blog\/#website\",\"url\":\"https:\/\/www.espace-ombrage.com\/blog\/\",\"name\":\"Espace Ombrage\",\"description\":\"\",\"potentialAction\":[{\"@type\":\"SearchAction\",\"target\":{\"@type\":\"EntryPoint\",\"urlTemplate\":\"https:\/\/www.espace-ombrage.com\/blog\/?s={search_term_string}\"},\"query-input\":{\"@type\":\"PropertyValueSpecification\",\"valueRequired\":true,\"valueName\":\"search_term_string\"}}],\"inLanguage\":\"fr-FR\"},{\"@type\":\"Person\",\"@id\":\"https:\/\/www.espace-ombrage.com\/blog\/#\/schema\/person\/9b223e71f82520b376e08b8d0d4c7691\",\"name\":\"admin-ombrage\",\"image\":{\"@type\":\"ImageObject\",\"inLanguage\":\"fr-FR\",\"@id\":\"https:\/\/www.espace-ombrage.com\/blog\/#\/schema\/person\/image\/\",\"url\":\"https:\/\/secure.gravatar.com\/avatar\/da964888ae868660e9f41df5c83a352c8bbcfeb83d9ed86d4d1d93ca7b092bac?s=96&d=mm&r=g\",\"contentUrl\":\"https:\/\/secure.gravatar.com\/avatar\/da964888ae868660e9f41df5c83a352c8bbcfeb83d9ed86d4d1d93ca7b092bac?s=96&d=mm&r=g\",\"caption\":\"admin-ombrage\"},\"url\":\"https:\/\/www.espace-ombrage.com\/blog\/author\/admin-ombrage\/\"}]}<\/script>\n<!-- \/ Yoast SEO plugin. -->","yoast_head_json":{"title":"Les voiles, toiles d'ombrage sont-elles recyclables ? | Espace Ombrage","description":"V\u00e9ritable climatiseur naturel, les toiles d\u2019ombrage vous offrent une protection solaire efficace et limitent \u00e9galement votre empreinte environnementale via plusieurs canaux : conception fran\u00e7aise et europ\u00e9enne, emballage recyclable en carton, toiles fabriqu\u00e9es \u00e0 la commande en atelier, m\u00e2ts fabriqu\u00e9s \u00e0 base d\u2019aluminium 100% recycl\u00e9 et produits avec une \u00e9nergie verte ( photovolta\u00efque + \u00e9olienne), utilisation de mat\u00e9riaux naturels","robots":{"index":"index","follow":"follow","max-snippet":"max-snippet:-1","max-image-preview":"max-image-preview:large","max-video-preview":"max-video-preview:-1"},"canonical":"https:\/\/www.espace-ombrage.com\/blog\/les-voiles-dombrage-sont-elles-recyclables\/","og_locale":"fr_FR","og_type":"article","og_title":"Les voiles, toiles d'ombrage sont-elles recyclables ? | Espace Ombrage","og_description":"V\u00e9ritable climatiseur naturel, les toiles d\u2019ombrage vous offrent une protection solaire efficace et limitent \u00e9galement votre empreinte environnementale via plusieurs canaux : conception fran\u00e7aise et europ\u00e9enne, emballage recyclable en carton, toiles fabriqu\u00e9es \u00e0 la commande en atelier, m\u00e2ts fabriqu\u00e9s \u00e0 base d\u2019aluminium 100% recycl\u00e9 et produits avec une \u00e9nergie verte ( photovolta\u00efque + \u00e9olienne), utilisation de mat\u00e9riaux naturels","og_url":"https:\/\/www.espace-ombrage.com\/blog\/les-voiles-dombrage-sont-elles-recyclables\/","og_site_name":"Espace Ombrage","article_published_time":"2024-10-15T07:30:00+00:00","article_modified_time":"2025-09-25T15:00:23+00:00","og_image":[{"width":1040,"height":1031,"url":"https:\/\/www.espace-ombrage.com\/blog\/wp-content\/uploads\/2024\/08\/voile-ombrage-naturelle-fibre-coco-pergola-bois-e1724661734233.jpg","type":"image\/jpeg"}],"author":"admin-ombrage","twitter_card":"summary_large_image","twitter_misc":{"\u00c9crit par":"admin-ombrage","Dur\u00e9e de lecture estim\u00e9e":"8 minutes"},"schema":{"@context":"https:\/\/schema.org","@graph":[{"@type":"WebPage","@id":"https:\/\/www.espace-ombrage.com\/blog\/les-voiles-dombrage-sont-elles-recyclables\/","url":"https:\/\/www.espace-ombrage.com\/blog\/les-voiles-dombrage-sont-elles-recyclables\/","name":"Les voiles, toiles d'ombrage sont-elles recyclables ? | Espace Ombrage","isPartOf":{"@id":"https:\/\/www.espace-ombrage.com\/blog\/#website"},"primaryImageOfPage":{"@id":"https:\/\/www.espace-ombrage.com\/blog\/les-voiles-dombrage-sont-elles-recyclables\/#primaryimage"},"image":{"@id":"https:\/\/www.espace-ombrage.com\/blog\/les-voiles-dombrage-sont-elles-recyclables\/#primaryimage"},"thumbnailUrl":"https:\/\/www.espace-ombrage.com\/blog\/wp-content\/uploads\/2024\/08\/voile-ombrage-naturelle-fibre-coco-pergola-bois-e1724661734233.jpg","datePublished":"2024-10-15T07:30:00+00:00","dateModified":"2025-09-25T15:00:23+00:00","author":{"@id":"https:\/\/www.espace-ombrage.com\/blog\/#\/schema\/person\/9b223e71f82520b376e08b8d0d4c7691"},"description":"V\u00e9ritable climatiseur naturel, les toiles d\u2019ombrage vous offrent une protection solaire efficace et limitent \u00e9galement votre empreinte environnementale via plusieurs canaux : conception fran\u00e7aise et europ\u00e9enne, emballage recyclable en carton, toiles fabriqu\u00e9es \u00e0 la commande en atelier, m\u00e2ts fabriqu\u00e9s \u00e0 base d\u2019aluminium 100% recycl\u00e9 et produits avec une \u00e9nergie verte ( photovolta\u00efque + \u00e9olienne), utilisation de mat\u00e9riaux naturels","breadcrumb":{"@id":"https:\/\/www.espace-ombrage.com\/blog\/les-voiles-dombrage-sont-elles-recyclables\/#breadcrumb"},"inLanguage":"fr-FR","potentialAction":[{"@type":"ReadAction","target":["https:\/\/www.espace-ombrage.com\/blog\/les-voiles-dombrage-sont-elles-recyclables\/"]}]},{"@type":"ImageObject","inLanguage":"fr-FR","@id":"https:\/\/www.espace-ombrage.com\/blog\/les-voiles-dombrage-sont-elles-recyclables\/#primaryimage","url":"https:\/\/www.espace-ombrage.com\/blog\/wp-content\/uploads\/2024\/08\/voile-ombrage-naturelle-fibre-coco-pergola-bois-e1724661734233.jpg","contentUrl":"https:\/\/www.espace-ombrage.com\/blog\/wp-content\/uploads\/2024\/08\/voile-ombrage-naturelle-fibre-coco-pergola-bois-e1724661734233.jpg","width":1040,"height":1031,"caption":"Voile d'ombrage naturelle en fibre de coco utilis\u00e9e comme une toile pour pergola"},{"@type":"BreadcrumbList","@id":"https:\/\/www.espace-ombrage.com\/blog\/les-voiles-dombrage-sont-elles-recyclables\/#breadcrumb","itemListElement":[{"@type":"ListItem","position":1,"name":"Espace Ombrage","item":"https:\/\/www.espace-ombrage.com\/blog\/"},{"@type":"ListItem","position":2,"name":"Les voiles d&rsquo;ombrage sont-elles recyclables ?","item":"https:\/\/www.espace-ombrage.com\/blog\/les-voiles-dombrage-sont-elles-recyclables\/"}]},{"@type":"WebSite","@id":"https:\/\/www.espace-ombrage.com\/blog\/#website","url":"https:\/\/www.espace-ombrage.com\/blog\/","name":"Espace Ombrage","description":"","potentialAction":[{"@type":"SearchAction","target":{"@type":"EntryPoint","urlTemplate":"https:\/\/www.espace-ombrage.com\/blog\/?s={search_term_string}"},"query-input":{"@type":"PropertyValueSpecification","valueRequired":true,"valueName":"search_term_string"}}],"inLanguage":"fr-FR"},{"@type":"Person","@id":"https:\/\/www.espace-ombrage.com\/blog\/#\/schema\/person\/9b223e71f82520b376e08b8d0d4c7691","name":"admin-ombrage","image":{"@type":"ImageObject","inLanguage":"fr-FR","@id":"https:\/\/www.espace-ombrage.com\/blog\/#\/schema\/person\/image\/","url":"https:\/\/secure.gravatar.com\/avatar\/da964888ae868660e9f41df5c83a352c8bbcfeb83d9ed86d4d1d93ca7b092bac?s=96&d=mm&r=g","contentUrl":"https:\/\/secure.gravatar.com\/avatar\/da964888ae868660e9f41df5c83a352c8bbcfeb83d9ed86d4d1d93ca7b092bac?s=96&d=mm&r=g","caption":"admin-ombrage"},"url":"https:\/\/www.espace-ombrage.com\/blog\/author\/admin-ombrage\/"}]}},"_links":{"self":[{"href":"https:\/\/www.espace-ombrage.com\/blog\/wp-json\/wp\/v2\/posts\/4254","targetHints":{"allow":["GET"]}}],"collection":[{"href":"https:\/\/www.espace-ombrage.com\/blog\/wp-json\/wp\/v2\/posts"}],"about":[{"href":"https:\/\/www.espace-ombrage.com\/blog\/wp-json\/wp\/v2\/types\/post"}],"author":[{"embeddable":true,"href":"https:\/\/www.espace-ombrage.com\/blog\/wp-json\/wp\/v2\/users\/2"}],"replies":[{"embeddable":true,"href":"https:\/\/www.espace-ombrage.com\/blog\/wp-json\/wp\/v2\/comments?post=4254"}],"version-history":[{"count":34,"href":"https:\/\/www.espace-ombrage.com\/blog\/wp-json\/wp\/v2\/posts\/4254\/revisions"}],"predecessor-version":[{"id":5758,"href":"https:\/\/www.espace-ombrage.com\/blog\/wp-json\/wp\/v2\/posts\/4254\/revisions\/5758"}],"wp:featuredmedia":[{"embeddable":true,"href":"https:\/\/www.espace-ombrage.com\/blog\/wp-json\/wp\/v2\/media\/4256"}],"wp:attachment":[{"href":"https:\/\/www.espace-ombrage.com\/blog\/wp-json\/wp\/v2\/media?parent=4254"}],"wp:term":[{"taxonomy":"category","embeddable":true,"href":"https:\/\/www.espace-ombrage.com\/blog\/wp-json\/wp\/v2\/categories?post=4254"},{"taxonomy":"post_tag","embeddable":true,"href":"https:\/\/www.espace-ombrage.com\/blog\/wp-json\/wp\/v2\/tags?post=4254"}],"curies":[{"name":"wp","href":"https:\/\/api.w.org\/{rel}","templated":true}]}}