{"id":4809,"date":"2025-03-14T11:30:00","date_gmt":"2025-03-14T10:30:00","guid":{"rendered":"https:\/\/www.espace-ombrage.com\/blog\/?p=4809"},"modified":"2025-09-03T11:38:51","modified_gmt":"2025-09-03T09:38:51","slug":"les-meilleures-pratiques-pour-installer-une-voile-dombrage-dans-une-cour-decole","status":"publish","type":"post","link":"https:\/\/www.espace-ombrage.com\/blog\/les-meilleures-pratiques-pour-installer-une-voile-dombrage-dans-une-cour-decole\/","title":{"rendered":"Les meilleures pratiques pour installer une voile d&rsquo;ombrage dans une cour d&rsquo;\u00e9cole ?"},"content":{"rendered":"\t\t<div data-elementor-type=\"wp-post\" data-elementor-id=\"4809\" class=\"elementor elementor-4809\" data-elementor-post-type=\"post\">\n\t\t\t\t\t\t<section class=\"elementor-section elementor-top-section elementor-element elementor-element-4243a782 elementor-section-full_width elementor-section-content-bottom elementor-hidden-tablet elementor-section-height-default elementor-section-height-default\" data-id=\"4243a782\" data-element_type=\"section\">\n\t\t\t\t\t\t<div class=\"elementor-container elementor-column-gap-narrow\">\n\t\t\t\t\t<div class=\"elementor-column elementor-col-50 elementor-top-column elementor-element elementor-element-a0ab2ba\" data-id=\"a0ab2ba\" data-element_type=\"column\" data-settings=\"{&quot;background_background&quot;:&quot;classic&quot;}\">\n\t\t\t<div class=\"elementor-widget-wrap elementor-element-populated\">\n\t\t\t\t\t\t<div class=\"elementor-element elementor-element-27fc41b1 elementor-widget__width-initial elementor-widget elementor-widget-heading\" data-id=\"27fc41b1\" data-element_type=\"widget\" data-widget_type=\"heading.default\">\n\t\t\t\t<div class=\"elementor-widget-container\">\n\t\t\t\t\t<h1 class=\"elementor-heading-title elementor-size-default\">Les meilleures pratiques pour installer une voile d&rsquo;ombrage dans une cour d&rsquo;\u00e9cole ?<\/h1>\t\t\t\t<\/div>\n\t\t\t\t<\/div>\n\t\t\t\t\t<\/div>\n\t\t<\/div>\n\t\t\t\t<div class=\"elementor-column elementor-col-25 elementor-top-column elementor-element elementor-element-64341685\" data-id=\"64341685\" data-element_type=\"column\">\n\t\t\t<div class=\"elementor-widget-wrap elementor-element-populated\">\n\t\t\t\t\t\t<div class=\"elementor-element elementor-element-6323619 elementor-hidden-tablet elementor-hidden-mobile elementor-widget elementor-widget-image\" data-id=\"6323619\" data-element_type=\"widget\" data-widget_type=\"image.default\">\n\t\t\t\t<div class=\"elementor-widget-container\">\n\t\t\t\t\t\t\t\t\t\t\t\t\t\t\t<img fetchpriority=\"high\" decoding=\"async\" width=\"1080\" height=\"1080\" src=\"https:\/\/www.espace-ombrage.com\/blog\/wp-content\/uploads\/2024\/06\/voile-solaire-pour-ecoles.png\" class=\"attachment-full size-full wp-image-3933\" alt=\"Voiles d\u2019ombrage solaires dans une \u00e9cole avec des mats voile d&#039;ombrage a sceller\" srcset=\"https:\/\/www.espace-ombrage.com\/blog\/wp-content\/uploads\/2024\/06\/voile-solaire-pour-ecoles.png 1080w, https:\/\/www.espace-ombrage.com\/blog\/wp-content\/uploads\/2024\/06\/voile-solaire-pour-ecoles-300x300.png 300w, https:\/\/www.espace-ombrage.com\/blog\/wp-content\/uploads\/2024\/06\/voile-solaire-pour-ecoles-1024x1024.png 1024w, https:\/\/www.espace-ombrage.com\/blog\/wp-content\/uploads\/2024\/06\/voile-solaire-pour-ecoles-150x150.png 150w, https:\/\/www.espace-ombrage.com\/blog\/wp-content\/uploads\/2024\/06\/voile-solaire-pour-ecoles-768x768.png 768w\" sizes=\"(max-width: 1080px) 100vw, 1080px\" \/>\t\t\t\t\t\t\t\t\t\t\t\t\t\t\t<\/div>\n\t\t\t\t<\/div>\n\t\t\t\t\t<\/div>\n\t\t<\/div>\n\t\t\t\t<div class=\"elementor-column elementor-col-25 elementor-top-column elementor-element elementor-element-4722fafd\" data-id=\"4722fafd\" data-element_type=\"column\">\n\t\t\t<div class=\"elementor-widget-wrap elementor-element-populated\">\n\t\t\t\t\t\t<div class=\"elementor-element elementor-element-4626b9d7 elementor-widget-mobile__width-initial animated-slow elementor-widget-tablet__width-initial elementor-invisible elementor-widget elementor-widget-spacer\" data-id=\"4626b9d7\" data-element_type=\"widget\" data-settings=\"{&quot;_animation&quot;:&quot;fadeInRight&quot;}\" data-widget_type=\"spacer.default\">\n\t\t\t\t<div class=\"elementor-widget-container\">\n\t\t\t\t\t\t\t<div class=\"elementor-spacer\">\n\t\t\t<div class=\"elementor-spacer-inner\"><\/div>\n\t\t<\/div>\n\t\t\t\t\t\t<\/div>\n\t\t\t\t<\/div>\n\t\t\t\t\t<\/div>\n\t\t<\/div>\n\t\t\t\t\t<\/div>\n\t\t<\/section>\n\t\t\t\t<section class=\"elementor-section elementor-top-section elementor-element elementor-element-1e4d4950 elementor-section-boxed elementor-section-height-default elementor-section-height-default elementor-invisible\" data-id=\"1e4d4950\" data-element_type=\"section\" data-settings=\"{&quot;animation&quot;:&quot;fadeIn&quot;}\">\n\t\t\t\t\t\t<div class=\"elementor-container elementor-column-gap-default\">\n\t\t\t\t\t<div class=\"elementor-column elementor-col-100 elementor-top-column elementor-element elementor-element-78033341\" data-id=\"78033341\" data-element_type=\"column\">\n\t\t\t<div class=\"elementor-widget-wrap elementor-element-populated\">\n\t\t\t\t\t\t<div class=\"elementor-element elementor-element-61bd478b elementor-widget__width-initial elementor-widget elementor-widget-text-editor\" data-id=\"61bd478b\" data-element_type=\"widget\" data-widget_type=\"text-editor.default\">\n\t\t\t\t<div class=\"elementor-widget-container\">\n\t\t\t\t\t\t\t\t\t<p>Avec les \u00e9t\u00e9s de plus en plus chauds, les <b>cours d&rsquo;\u00e9cole <\/b>peuvent rapidement devenir inconfortables pour les \u00e9l\u00e8ves et le personnel \u00e9ducatif. L&rsquo;absence de zones ombrag\u00e9es et la pr\u00e9dominance de surfaces imperm\u00e9ables comme le bitume cr\u00e9ent des espaces o\u00f9 la chaleur est difficilement supportable. Installer une <a href=\"https:\/\/www.espace-ombrage.com\/fr\/3-voile-d-ombrage\" target=\"_blank\" rel=\"noopener\"><span style=\"text-decoration: underline;\"><strong>voile d&rsquo;ombrage<\/strong><\/span><\/a> appara\u00eet alors comme une solution efficace pour <b>am\u00e9liorer le confort tout en prot\u00e9geant des rayons UV nocifs pour la sant\u00e9<\/b>. En tant qu&rsquo;experts en voiles d&rsquo;ombrage, nous vous guidons \u00e0 travers les meilleures pratiques pour installer une voile d&rsquo;ombrage pour <strong><a href=\"https:\/\/www.espace-ombrage.com\/blog\/comment-amenager-des-zones-dombre-dans-les-ecoles\/\" target=\"_blank\" rel=\"noopener\"><span style=\"text-decoration: underline;\">am\u00e9nager des zones d\u2019ombre dans les \u00e9coles<\/span><\/a><\/strong>.<\/p>\t\t\t\t\t\t\t\t<\/div>\n\t\t\t\t<\/div>\n\t\t\t\t<div class=\"elementor-element elementor-element-24928df elementor-align-center elementor-widget elementor-widget-button\" data-id=\"24928df\" data-element_type=\"widget\" data-widget_type=\"button.default\">\n\t\t\t\t<div class=\"elementor-widget-container\">\n\t\t\t\t\t\t\t\t\t<div class=\"elementor-button-wrapper\">\n\t\t\t\t\t<a class=\"elementor-button elementor-button-link elementor-size-sm\" href=\"https:\/\/www.espace-ombrage.com\/fr\/content\/161-espace-pro\" target=\"_blank\">\n\t\t\t\t\t\t<span class=\"elementor-button-content-wrapper\">\n\t\t\t\t\t\t\t\t\t<span class=\"elementor-button-text\">Je veux couvrir ma cour d'\u00e9cole avec une voile ombrage<\/span>\n\t\t\t\t\t<\/span>\n\t\t\t\t\t<\/a>\n\t\t\t\t<\/div>\n\t\t\t\t\t\t\t\t<\/div>\n\t\t\t\t<\/div>\n\t\t\t\t\t<\/div>\n\t\t<\/div>\n\t\t\t\t\t<\/div>\n\t\t<\/section>\n\t\t\t\t<section class=\"elementor-section elementor-top-section elementor-element elementor-element-4f969859 elementor-section-full_width elementor-reverse-tablet elementor-reverse-mobile elementor-section-height-default elementor-section-height-default elementor-invisible\" data-id=\"4f969859\" data-element_type=\"section\" data-settings=\"{&quot;background_background&quot;:&quot;gradient&quot;,&quot;animation&quot;:&quot;fadeIn&quot;}\">\n\t\t\t\t\t\t<div class=\"elementor-container elementor-column-gap-no\">\n\t\t\t\t\t<div class=\"elementor-column elementor-col-50 elementor-top-column elementor-element elementor-element-d47f29e\" data-id=\"d47f29e\" data-element_type=\"column\">\n\t\t\t<div class=\"elementor-widget-wrap elementor-element-populated\">\n\t\t\t\t\t\t<div class=\"elementor-element elementor-element-6b770474 elementor-widget elementor-widget-heading\" data-id=\"6b770474\" data-element_type=\"widget\" data-widget_type=\"heading.default\">\n\t\t\t\t<div class=\"elementor-widget-container\">\n\t\t\t\t\t<h2 class=\"elementor-heading-title elementor-size-default\">Pourquoi v\u00e9g\u00e9taliser et ombrager les cours d\u2019\u00e9coles ? <\/h2>\t\t\t\t<\/div>\n\t\t\t\t<\/div>\n\t\t\t\t<div class=\"elementor-element elementor-element-d9b6e67 elementor-widget elementor-widget-text-editor\" data-id=\"d9b6e67\" data-element_type=\"widget\" data-widget_type=\"text-editor.default\">\n\t\t\t\t<div class=\"elementor-widget-container\">\n\t\t\t\t\t\t\t\t\t<p>Avant de se lancer dans le projet, il est essentiel de bien comprendre les besoins de l&rsquo;\u00e9cole. Chaque cour a ses particularit\u00e9s en termes de <b>taille, d&rsquo;orientation, de structures existantes et d&rsquo;utilisation quotidienne<\/b>. Une analyse pr\u00e9cise permettra de d\u00e9terminer les zones les plus expos\u00e9es au soleil, les moments de la journ\u00e9e o\u00f9 l&rsquo;ombre est la plus n\u00e9cessaire et les contraintes \u00e9ventuelles li\u00e9es \u00e0 la s\u00e9curit\u00e9 ou \u00e0 l&rsquo;accessibilit\u00e9. N&rsquo;h\u00e9sitez pas \u00e0 aller sur notre site rubrique : les <a href=\"https:\/\/www.espace-ombrage.com\/fr\/content\/210-voiles-d-ombrage-pour-municipalite-creche-et-sante-publique\" target=\"_blank\" rel=\"noopener\"><span style=\"text-decoration: underline;\"><strong>voiles d&rsquo;ombrage professionnel pour municipalit\u00e9, cr\u00e8che et sant\u00e9 publique<\/strong><\/span><\/a>.<\/p><p>Par exemple, une cour orient\u00e9e plein sud sera plus expos\u00e9e aux rayons du soleil qu&rsquo;une cour ombrag\u00e9e par des b\u00e2timents ou des arbres. Il faut \u00e9galement tenir compte des activit\u00e9s qui s&rsquo;y d\u00e9roulent : jeux de ballon, aires de repos, espaces de rassemblement. L&rsquo;objectif est de cr\u00e9er un <strong>espace ombrag\u00e9<\/strong> qui am\u00e9liore le confort sans entraver les activit\u00e9s des \u00e9l\u00e8ves ni la surveillance par le personnel avec des v\u00e9g\u00e9taux et surtout des <strong>voiles d\u2019ombrage professionnelles<\/strong>.<\/p>\t\t\t\t\t\t\t\t<\/div>\n\t\t\t\t<\/div>\n\t\t\t\t<div class=\"elementor-element elementor-element-d9b9202 elementor-widget elementor-widget-heading\" data-id=\"d9b9202\" data-element_type=\"widget\" data-widget_type=\"heading.default\">\n\t\t\t\t<div class=\"elementor-widget-container\">\n\t\t\t\t\t<h2 class=\"elementor-heading-title elementor-size-default\">Comment faire de l\u2019ombre dans une cour d\u2019\u00e9cole avec des voiles ombrage ?<\/h2>\t\t\t\t<\/div>\n\t\t\t\t<\/div>\n\t\t\t\t<div class=\"elementor-element elementor-element-0edd4ed elementor-widget elementor-widget-heading\" data-id=\"0edd4ed\" data-element_type=\"widget\" data-widget_type=\"heading.default\">\n\t\t\t\t<div class=\"elementor-widget-container\">\n\t\t\t\t\t<h3 class=\"elementor-heading-title elementor-size-default\">La voile d'ombrage ajour\u00e9e Australe 340<\/h3>\t\t\t\t<\/div>\n\t\t\t\t<\/div>\n\t\t\t\t<div class=\"elementor-element elementor-element-73b1b363 elementor-widget elementor-widget-text-editor\" data-id=\"73b1b363\" data-element_type=\"widget\" data-widget_type=\"text-editor.default\">\n\t\t\t\t<div class=\"elementor-widget-container\">\n\t\t\t\t\t\t\t\t\t<p>Nous recommandons g\u00e9n\u00e9ralement les <a href=\"https:\/\/www.espace-ombrage.com\/fr\/9-voile-d-ombrage-resistante-au-vent\" target=\"_blank\" rel=\"noopener\"><span style=\"text-decoration: underline;\"><strong>voiles d\u2019ombrage en tissu micro-perfor\u00e9<\/strong><\/span><\/a>, comme l&rsquo;Australe 340. Ce tissu ajour\u00e9 <b>filtre jusqu&rsquo;\u00e0 97% des UV<\/b>, tout en permettant une circulation de l&rsquo;air qui r\u00e9duit la sensation de chaleur sous la voile micro-a\u00e9r\u00e9e. De plus, sa r\u00e9sistance au vent est un atout majeur pour une installation semi-permanente, du printemps \u00e0 l&rsquo;automne.<\/p>\t\t\t\t\t\t\t\t<\/div>\n\t\t\t\t<\/div>\n\t\t\t\t<div class=\"elementor-element elementor-element-62272460 elementor-widget elementor-widget-heading\" data-id=\"62272460\" data-element_type=\"widget\" data-widget_type=\"heading.default\">\n\t\t\t\t<div class=\"elementor-widget-container\">\n\t\t\t\t\t<h3 class=\"elementor-heading-title elementor-size-default\">La voile ombrage \u00e0 enrouleur pour une flexibilit\u00e9 accrue<\/h3>\t\t\t\t<\/div>\n\t\t\t\t<\/div>\n\t\t\t\t<div class=\"elementor-element elementor-element-d258ec0 elementor-widget elementor-widget-text-editor\" data-id=\"d258ec0\" data-element_type=\"widget\" data-widget_type=\"text-editor.default\">\n\t\t\t\t<div class=\"elementor-widget-container\">\n\t\t\t\t\t\t\t\t\t<p>Pour les \u00e9coles qui souhaitent une flexibilit\u00e9 suppl\u00e9mentaire, la <a href=\"https:\/\/www.espace-ombrage.com\/fr\/voile-ombrage-sur-mesure-enrouleur\" target=\"_blank\" rel=\"noopener\"><span style=\"text-decoration: underline;\"><strong>voile d\u2019ombrage \u00e0 enrouleur<\/strong><\/span><\/a> est une excellente option. Ce syst\u00e8me ing\u00e9nieux permet d&rsquo;enrouler la voile facilement en fin de journ\u00e9e, le week-end ou pendant les vacances scolaires. Cela facilite l&rsquo;entretien et prolonge <a href=\"https:\/\/www.espace-ombrage.com\/blog\/duree-de-vie-voile-ombrage\/\" target=\"_blank\" rel=\"noopener\"><span style=\"text-decoration: underline;\">la dur\u00e9e de vie de la voile<\/span><\/a>, tout en offrant une protection optimale lorsqu&rsquo;elle est d\u00e9ploy\u00e9e.<\/p>\t\t\t\t\t\t\t\t<\/div>\n\t\t\t\t<\/div>\n\t\t\t\t<div class=\"elementor-element elementor-element-37bb7f0 elementor-widget elementor-widget-heading\" data-id=\"37bb7f0\" data-element_type=\"widget\" data-widget_type=\"heading.default\">\n\t\t\t\t<div class=\"elementor-widget-container\">\n\t\t\t\t\t<h3 class=\"elementor-heading-title elementor-size-default\">La voile professionnelle avec c\u00e2ble inox p\u00e9rim\u00e9trique pour de grandes surfaces<\/h3>\t\t\t\t<\/div>\n\t\t\t\t<\/div>\n\t\t\t\t<div class=\"elementor-element elementor-element-f4187b2 elementor-widget elementor-widget-text-editor\" data-id=\"f4187b2\" data-element_type=\"widget\" data-widget_type=\"text-editor.default\">\n\t\t\t\t<div class=\"elementor-widget-container\">\n\t\t\t\t\t\t\t\t\t<p>Si l&rsquo;espace \u00e0 couvrir est particuli\u00e8rement grand, les <a href=\"https:\/\/www.espace-ombrage.com\/blog\/quelles-voiles-dombrage-choisir-en-tant-que-professionnel\/\" target=\"_blank\" rel=\"noopener\"><span style=\"text-decoration: underline;\"><strong>voiles avec un c\u00e2ble inox sur le p\u00e9rim\u00e8tre sont id\u00e9ales pour les professionnels.<\/strong><\/span><\/a> Con\u00e7ues pour r\u00e9sister \u00e0 des vents sup\u00e9rieurs \u00e0 80 km\/h, elles sont parfaitement adapt\u00e9es aux cours d&rsquo;\u00e9cole. Le c\u00e2ble inox p\u00e9riph\u00e9rique assure une tension optimale de la toile et permet de r\u00e9aliser des voiles de grande taille, <b>jusqu&rsquo;\u00e0 55 m\u00b2 pour les pentagones<\/b>.<\/p>\t\t\t\t\t\t\t\t<\/div>\n\t\t\t\t<\/div>\n\t\t\t\t\t<\/div>\n\t\t<\/div>\n\t\t\t\t<div class=\"elementor-column elementor-col-50 elementor-top-column elementor-element elementor-element-548f4d67\" data-id=\"548f4d67\" data-element_type=\"column\" data-settings=\"{&quot;background_background&quot;:&quot;classic&quot;}\">\n\t\t\t<div class=\"elementor-widget-wrap elementor-element-populated\">\n\t\t\t\t\t\t<div class=\"elementor-element elementor-element-76801171 elementor-widget-mobile__width-initial elementor-widget elementor-widget-spacer\" data-id=\"76801171\" data-element_type=\"widget\" data-widget_type=\"spacer.default\">\n\t\t\t\t<div class=\"elementor-widget-container\">\n\t\t\t\t\t\t\t<div class=\"elementor-spacer\">\n\t\t\t<div class=\"elementor-spacer-inner\"><\/div>\n\t\t<\/div>\n\t\t\t\t\t\t<\/div>\n\t\t\t\t<\/div>\n\t\t\t\t\t<\/div>\n\t\t<\/div>\n\t\t\t\t\t<\/div>\n\t\t<\/section>\n\t\t\t\t<section class=\"elementor-section elementor-top-section elementor-element elementor-element-56f5dfa3 elementor-section-full_width elementor-section-height-default elementor-section-height-default elementor-invisible\" data-id=\"56f5dfa3\" data-element_type=\"section\" data-settings=\"{&quot;animation&quot;:&quot;fadeIn&quot;}\">\n\t\t\t\t\t\t<div class=\"elementor-container elementor-column-gap-no\">\n\t\t\t\t\t<div class=\"elementor-column elementor-col-50 elementor-top-column elementor-element elementor-element-74e93547 elementor-hidden-tablet elementor-hidden-mobile\" data-id=\"74e93547\" data-element_type=\"column\" data-settings=\"{&quot;background_background&quot;:&quot;classic&quot;}\">\n\t\t\t<div class=\"elementor-widget-wrap elementor-element-populated\">\n\t\t\t\t\t\t<div class=\"elementor-element elementor-element-17533a19 elementor-widget elementor-widget-image\" data-id=\"17533a19\" data-element_type=\"widget\" data-widget_type=\"image.default\">\n\t\t\t\t<div class=\"elementor-widget-container\">\n\t\t\t\t\t\t\t\t\t\t\t\t\t\t\t<img decoding=\"async\" width=\"1080\" height=\"1080\" src=\"https:\/\/www.espace-ombrage.com\/blog\/wp-content\/uploads\/2024\/09\/toiles-ombrage-triangulaires-professionnels-maternelle-publique-min.jpg\" class=\"attachment-full size-full wp-image-4302\" alt=\"Voiles d&#039;ombrage triangles multicolores pour ombrager patio et pr\u00e9au d&#039;une maternelle\" srcset=\"https:\/\/www.espace-ombrage.com\/blog\/wp-content\/uploads\/2024\/09\/toiles-ombrage-triangulaires-professionnels-maternelle-publique-min.jpg 1080w, https:\/\/www.espace-ombrage.com\/blog\/wp-content\/uploads\/2024\/09\/toiles-ombrage-triangulaires-professionnels-maternelle-publique-min-300x300.jpg 300w, https:\/\/www.espace-ombrage.com\/blog\/wp-content\/uploads\/2024\/09\/toiles-ombrage-triangulaires-professionnels-maternelle-publique-min-1024x1024.jpg 1024w, https:\/\/www.espace-ombrage.com\/blog\/wp-content\/uploads\/2024\/09\/toiles-ombrage-triangulaires-professionnels-maternelle-publique-min-150x150.jpg 150w, https:\/\/www.espace-ombrage.com\/blog\/wp-content\/uploads\/2024\/09\/toiles-ombrage-triangulaires-professionnels-maternelle-publique-min-768x768.jpg 768w\" sizes=\"(max-width: 1080px) 100vw, 1080px\" \/>\t\t\t\t\t\t\t\t\t\t\t\t\t\t\t<\/div>\n\t\t\t\t<\/div>\n\t\t\t\t\t<\/div>\n\t\t<\/div>\n\t\t\t\t<div class=\"elementor-column elementor-col-50 elementor-top-column elementor-element elementor-element-5fa17379\" data-id=\"5fa17379\" data-element_type=\"column\">\n\t\t\t<div class=\"elementor-widget-wrap elementor-element-populated\">\n\t\t\t\t\t\t<div class=\"elementor-element elementor-element-5743e55 elementor-widget elementor-widget-heading\" data-id=\"5743e55\" data-element_type=\"widget\" data-widget_type=\"heading.default\">\n\t\t\t\t<div class=\"elementor-widget-container\">\n\t\t\t\t\t<h2 class=\"elementor-heading-title elementor-size-default\">Comment choisir la voile d\u2019ombrage pour collectivit\u00e9 pour une installation s\u00e9curis\u00e9e ?<\/h2>\t\t\t\t<\/div>\n\t\t\t\t<\/div>\n\t\t\t\t<div class=\"elementor-element elementor-element-6775d23d elementor-widget elementor-widget-text-editor\" data-id=\"6775d23d\" data-element_type=\"widget\" data-widget_type=\"text-editor.default\">\n\t\t\t\t<div class=\"elementor-widget-container\">\n\t\t\t\t\t\t\t\t\t<p style=\"text-align: justify;\">La forme de la <strong>voile ombrage pour collectivit\u00e9<\/strong> influence non seulement l&rsquo;esth\u00e9tique de l&rsquo;installation, mais aussi son efficacit\u00e9 en termes d&rsquo;ombrage. Les <a href=\"https:\/\/www.espace-ombrage.com\/fr\/content\/121-voile-ombrage-rectangulaire\" target=\"_blank\" rel=\"noopener\"><span style=\"text-decoration: underline;\"><strong>voiles rectangulaires ou quadrilat\u00e8res<\/strong><\/span><\/a> offrent une couverture maximale avec un nombre r\u00e9duit de points de fixation. Cela simplifie l&rsquo;installation et r\u00e9duit les co\u00fbts associ\u00e9s aux poteaux ou fixations murales.<br \/>Les <a href=\"https:\/\/www.espace-ombrage.com\/fr\/content\/130-voiles-dombrage-triangle-rectangle\" target=\"_blank\" rel=\"noopener\"><span style=\"text-decoration: underline;\"><strong>toiles d\u2019ombrage triangulaires<\/strong><\/span><\/a>, quant \u00e0 elles, apportent une touche design et sont id\u00e9ales pour des zones plus restreintes ou pour compl\u00e9ter une installation existante. En combinant diff\u00e9rentes formes, il est possible de cr\u00e9er un espace ombrag\u00e9 personnalis\u00e9 qui s&rsquo;adapte parfaitement \u00e0 la configuration de la cour.<\/p>\t\t\t\t\t\t\t\t<\/div>\n\t\t\t\t<\/div>\n\t\t\t\t<div class=\"elementor-element elementor-element-d0f6a5f elementor-widget elementor-widget-heading\" data-id=\"d0f6a5f\" data-element_type=\"widget\" data-widget_type=\"heading.default\">\n\t\t\t\t<div class=\"elementor-widget-container\">\n\t\t\t\t\t<h3 class=\"elementor-heading-title elementor-size-default\">S\u00e9lectionner les supports et fixations pour voile d\u2019ombrage appropri\u00e9s<\/h3>\t\t\t\t<\/div>\n\t\t\t\t<\/div>\n\t\t\t\t<div class=\"elementor-element elementor-element-72d911f elementor-widget elementor-widget-text-editor\" data-id=\"72d911f\" data-element_type=\"widget\" data-widget_type=\"text-editor.default\">\n\t\t\t\t<div class=\"elementor-widget-container\">\n\t\t\t\t\t\t\t\t\t<p style=\"text-align: justify;\">Une installation s\u00e9curis\u00e9e et durable repose sur le choix des supports et des fixations. Si des murs ou poutres robustes sont disponibles, les <a href=\"https:\/\/www.espace-ombrage.com\/fr\/13-fixations-pour-voile-d-ombrage\" target=\"_blank\" rel=\"noopener\"><span style=\"text-decoration: underline;\"><strong>fixations pour voile d\u2019ombrage murales<\/strong><\/span><\/a> sont une option pratique et discr\u00e8te. Il s\u2019agit de se fixer aux \u00e9l\u00e9ments de structure. Pour les cours sans structures adapt\u00e9es, des <strong>poteaux professionnels<\/strong> sp\u00e9cialement con\u00e7us pour les voiles d&rsquo;ombrage sont n\u00e9cessaires.<\/p>\t\t\t\t\t\t\t\t<\/div>\n\t\t\t\t<\/div>\n\t\t\t\t<div class=\"elementor-element elementor-element-05bd019 elementor-widget elementor-widget-heading\" data-id=\"05bd019\" data-element_type=\"widget\" data-widget_type=\"heading.default\">\n\t\t\t\t<div class=\"elementor-widget-container\">\n\t\t\t\t\t<h3 class=\"elementor-heading-title elementor-size-default\">Les m\u00e2ts pour voile d\u2019ombrage r\u00e9glables en hauteur<\/h3>\t\t\t\t<\/div>\n\t\t\t\t<\/div>\n\t\t\t\t<div class=\"elementor-element elementor-element-68e6dbf elementor-widget elementor-widget-text-editor\" data-id=\"68e6dbf\" data-element_type=\"widget\" data-widget_type=\"text-editor.default\">\n\t\t\t\t<div class=\"elementor-widget-container\">\n\t\t\t\t\t\t\t\t\t<p style=\"text-align: justify;\">Les <a href=\"https:\/\/www.espace-ombrage.com\/fr\/mats-et-accessoires\/10-mat-reglable-pour-voile-d-ombrage.html\" target=\"_blank\" rel=\"noopener\"><span style=\"text-decoration: underline;\"><strong>m\u00e2ts voile ombrage en aluminium r\u00e9glables en hauteur<\/strong><\/span><\/a> sont particuli\u00e8rement recommand\u00e9s. Disponibles en versions \u00e0 sceller ou \u00e0 visser, ils permettent d&rsquo;ajuster l&rsquo;<a href=\"https:\/\/www.espace-ombrage.com\/blog\/quelle-hauteur-pour-une-voile-dombrage\/\" target=\"_blank\" rel=\"noopener\"><span style=\"text-decoration: underline;\"><strong>inclinaison de la voile ombrage<\/strong> <\/span><\/a>pour une ombre optimale tout au long de la journ\u00e9e. Pour les sols en bitume, il faut pr\u00e9alablement cr\u00e9er un plot b\u00e9ton pour se fixer que ce soit pour un <strong>m\u00e2t pour voile ombrage \u00e0 visser<\/strong> ou un <strong>m\u00e2t pour voile d\u2019ombrage \u00e0 sceller<\/strong>. Il faut ainsi cr\u00e9er un <strong>plot b\u00e9ton pour poteau voile d\u2019ombrage<\/strong> d\u2019environ <b>40x40x80cm<\/b>. Ils offrent une robustesse maximale et, une fois la voile d\u00e9mont\u00e9e, il ne reste qu&rsquo;un fourreau discret au sol.<\/p>\t\t\t\t\t\t\t\t<\/div>\n\t\t\t\t<\/div>\n\t\t\t\t<div class=\"elementor-element elementor-element-2c0b4ef elementor-widget elementor-widget-heading\" data-id=\"2c0b4ef\" data-element_type=\"widget\" data-widget_type=\"heading.default\">\n\t\t\t\t<div class=\"elementor-widget-container\">\n\t\t\t\t\t<h3 class=\"elementor-heading-title elementor-size-default\">Mat acier galvanis\u00e9 3m ou plus pour professionnel<\/h3>\t\t\t\t<\/div>\n\t\t\t\t<\/div>\n\t\t\t\t<div class=\"elementor-element elementor-element-ebf4bda elementor-widget elementor-widget-text-editor\" data-id=\"ebf4bda\" data-element_type=\"widget\" data-widget_type=\"text-editor.default\">\n\t\t\t\t<div class=\"elementor-widget-container\">\n\t\t\t\t\t\t\t\t\t<p style=\"text-align: justify;\">Pour les installations de grande taille, les <strong>mats en acier galvanis\u00e9<\/strong> sont incontournables. Ils supportent les voiles avec c\u00e2ble inox sans n\u00e9cessiter de <a href=\"https:\/\/www.espace-ombrage.com\/fr\/mats-et-accessoires\/24-hauban-cable-inox.html\" target=\"_blank\" rel=\"noopener\"><span style=\"text-decoration: underline;\">haubans<\/span><\/a>, ce qui est essentiel pour la s\u00e9curit\u00e9 des enfants. Les embases \u00e0 visser n\u00e9cessitent des <b>plots en b\u00e9ton d&rsquo;au moins 50 cm de section et 120 cm de profondeur<\/b>, assurant une stabilit\u00e9 parfaite.<\/p>\t\t\t\t\t\t\t\t<\/div>\n\t\t\t\t<\/div>\n\t\t\t\t\t<\/div>\n\t\t<\/div>\n\t\t\t\t\t<\/div>\n\t\t<\/section>\n\t\t\t\t<section class=\"elementor-section elementor-top-section elementor-element elementor-element-76a8a004 elementor-section-full_width elementor-section-height-default elementor-section-height-default elementor-invisible\" data-id=\"76a8a004\" data-element_type=\"section\" data-settings=\"{&quot;animation&quot;:&quot;fadeIn&quot;,&quot;background_background&quot;:&quot;classic&quot;}\">\n\t\t\t\t\t\t<div class=\"elementor-container elementor-column-gap-no\">\n\t\t\t\t\t<div class=\"elementor-column elementor-col-50 elementor-top-column elementor-element elementor-element-5f998817\" data-id=\"5f998817\" data-element_type=\"column\">\n\t\t\t<div class=\"elementor-widget-wrap elementor-element-populated\">\n\t\t\t\t\t\t<div class=\"elementor-element elementor-element-aca0d72 elementor-widget elementor-widget-heading\" data-id=\"aca0d72\" data-element_type=\"widget\" data-widget_type=\"heading.default\">\n\t\t\t\t<div class=\"elementor-widget-container\">\n\t\t\t\t\t<h2 class=\"elementor-heading-title elementor-size-default\">Respecter les normes de s\u00e9curit\u00e9 pour une installation de voile ombrage parfaite<\/h2>\t\t\t\t<\/div>\n\t\t\t\t<\/div>\n\t\t\t\t<div class=\"elementor-element elementor-element-c414264 elementor-widget elementor-widget-text-editor\" data-id=\"c414264\" data-element_type=\"widget\" data-widget_type=\"text-editor.default\">\n\t\t\t\t<div class=\"elementor-widget-container\">\n\t\t\t\t\t\t\t\t\t<p style=\"text-align: justify;\">La s\u00e9curit\u00e9 est une pr\u00e9occupation majeure dans les \u00e9coles. Il est imp\u00e9ratif que l&rsquo;installation ne pr\u00e9sente aucun danger pour les \u00e9l\u00e8ves. <b>Les haubans, par exemple, sont \u00e0 proscrire car ils peuvent constituer un risque de blessure<\/b>. Les <a href=\"https:\/\/www.espace-ombrage.com\/fr\/22-kit-mat-poteau-pour-voile-d-ombrage\" target=\"_blank\" rel=\"noopener\"><span style=\"text-decoration: underline;\"><strong>poteaux pour voile d\u2019ombrage sans haubans<\/strong><\/span><\/a>, comme ceux que nous proposons, sont donc \u00e0 privil\u00e9gier.<\/p>\n<p style=\"text-align: justify;\">Les <strong>toiles solaires terrasse<\/strong> doivent \u00eatre install\u00e9es \u00e0 une hauteur suffisante pour que les enfants ne puissent pas y acc\u00e9der ou s&rsquo;y suspendre. Les mat\u00e9riaux utilis\u00e9s doivent \u00eatre parfois, selon les exigences de votre bureau de contr\u00f4le, r\u00e9sistants au feu (norme anti-feu). Nous proposons, donc, <b>en option des tissus r\u00e9pondant \u00e0 la norme M1<\/b>. De plus, nous avons d\u00e9velopp\u00e9 des <a href=\"https:\/\/www.espace-ombrage.com\/fr\/accueil\/9860-bouchon-fourreau.html\" target=\"_blank\" rel=\"noopener\"><span style=\"text-decoration: underline;\">bouchons pour fourreau professionnel<\/span><\/a> afin de combler les trous laiss\u00e9s par les piquets d\u00e9mont\u00e9s. Ces bouchons sont s\u00e9curis\u00e9s et emp\u00eachent les enfants de les retirer, \u00e9vitant ainsi tout risque d&rsquo;accident.<\/p>\t\t\t\t\t\t\t\t<\/div>\n\t\t\t\t<\/div>\n\t\t\t\t<div class=\"elementor-element elementor-element-43a9f10 elementor-widget elementor-widget-heading\" data-id=\"43a9f10\" data-element_type=\"widget\" data-widget_type=\"heading.default\">\n\t\t\t\t<div class=\"elementor-widget-container\">\n\t\t\t\t\t<h2 class=\"elementor-heading-title elementor-size-default\">Planifier l'entretien et la maintenance d\u2019une voile d\u2019ombrage cour d\u2019\u00e9cole<\/h2>\t\t\t\t<\/div>\n\t\t\t\t<\/div>\n\t\t\t\t<div class=\"elementor-element elementor-element-7372330 elementor-widget elementor-widget-text-editor\" data-id=\"7372330\" data-element_type=\"widget\" data-widget_type=\"text-editor.default\">\n\t\t\t\t<div class=\"elementor-widget-container\">\n\t\t\t\t\t\t\t\t\t<p style=\"text-align: justify;\">Une voile d&rsquo;ombrage de qualit\u00e9 n\u00e9cessite peu d&rsquo;entretien, mais quelques bonnes pratiques permettent de prolonger sa dur\u00e9e de vie. Il est recommand\u00e9 de nettoyer r\u00e9guli\u00e8rement la <a href=\"https:\/\/www.espace-ombrage.com\/fr\/content\/47-voile-d-ombrage-toiles-tendues-toiles-d-ombrage-voiles-d-ombre\" target=\"_blank\" rel=\"noopener\"><span style=\"text-decoration: underline;\"><strong>toile de terrasse<\/strong><\/span><\/a> pour \u00e9liminer les salet\u00e9s et les d\u00e9bris qui peuvent s&rsquo;y accumuler. Une inspection p\u00e9riodique des <a href=\"https:\/\/www.espace-ombrage.com\/fr\/4-mats-et-fixations\" target=\"_blank\" rel=\"noopener\"><span style=\"text-decoration: underline;\"><strong>fixations pour voile ombrage et des poteaux<\/strong><\/span><\/a> assure que l&rsquo;installation reste s\u00e9curis\u00e9e au fil du temps.<\/p><p style=\"text-align: justify;\">En cas de vents forts ou d&rsquo;intemp\u00e9ries exceptionnelles, il est pr\u00e9f\u00e9rable de d\u00e9monter la voile pour \u00e9viter tout dommage. Les syst\u00e8mes \u00e0 enrouleur facilitent grandement cette op\u00e9ration, permettant une r\u00e9traction rapide et s\u00e9curis\u00e9e de la toile.<\/p>\t\t\t\t\t\t\t\t<\/div>\n\t\t\t\t<\/div>\n\t\t\t\t\t<\/div>\n\t\t<\/div>\n\t\t\t\t<div class=\"elementor-column elementor-col-50 elementor-top-column elementor-element elementor-element-221637ea elementor-hidden-tablet elementor-hidden-mobile\" data-id=\"221637ea\" data-element_type=\"column\" data-settings=\"{&quot;background_background&quot;:&quot;classic&quot;}\">\n\t\t\t<div class=\"elementor-widget-wrap elementor-element-populated\">\n\t\t\t\t\t\t<div class=\"elementor-element elementor-element-2a352560 elementor-widget elementor-widget-image\" data-id=\"2a352560\" data-element_type=\"widget\" data-widget_type=\"image.default\">\n\t\t\t\t<div class=\"elementor-widget-container\">\n\t\t\t\t\t\t\t\t\t\t\t\t\t\t\t<img decoding=\"async\" width=\"1080\" height=\"1080\" src=\"https:\/\/www.espace-ombrage.com\/blog\/wp-content\/uploads\/2024\/06\/voile-design-espace-public.png\" class=\"attachment-full size-full wp-image-4035\" alt=\"Voile d&#039;ombrage professionnelle pour cour d&#039;\u00e9cole et espace publique avec des piquets en acier\" srcset=\"https:\/\/www.espace-ombrage.com\/blog\/wp-content\/uploads\/2024\/06\/voile-design-espace-public.png 1080w, https:\/\/www.espace-ombrage.com\/blog\/wp-content\/uploads\/2024\/06\/voile-design-espace-public-300x300.png 300w, https:\/\/www.espace-ombrage.com\/blog\/wp-content\/uploads\/2024\/06\/voile-design-espace-public-1024x1024.png 1024w, https:\/\/www.espace-ombrage.com\/blog\/wp-content\/uploads\/2024\/06\/voile-design-espace-public-150x150.png 150w, https:\/\/www.espace-ombrage.com\/blog\/wp-content\/uploads\/2024\/06\/voile-design-espace-public-768x768.png 768w\" sizes=\"(max-width: 1080px) 100vw, 1080px\" \/>\t\t\t\t\t\t\t\t\t\t\t\t\t\t\t<\/div>\n\t\t\t\t<\/div>\n\t\t\t\t\t<\/div>\n\t\t<\/div>\n\t\t\t\t\t<\/div>\n\t\t<\/section>\n\t\t\t\t<section class=\"elementor-section elementor-top-section elementor-element elementor-element-695671cf elementor-section-full_width elementor-section-height-default elementor-section-height-default elementor-invisible\" data-id=\"695671cf\" data-element_type=\"section\" data-settings=\"{&quot;animation&quot;:&quot;fadeIn&quot;,&quot;background_background&quot;:&quot;classic&quot;}\">\n\t\t\t\t\t\t<div class=\"elementor-container elementor-column-gap-no\">\n\t\t\t\t\t<div class=\"elementor-column elementor-col-50 elementor-top-column elementor-element elementor-element-6e4695b4 elementor-hidden-tablet elementor-hidden-mobile\" data-id=\"6e4695b4\" data-element_type=\"column\" data-settings=\"{&quot;background_background&quot;:&quot;classic&quot;}\">\n\t\t\t<div class=\"elementor-widget-wrap elementor-element-populated\">\n\t\t\t\t\t\t<div class=\"elementor-element elementor-element-6ccfe195 elementor-widget elementor-widget-image\" data-id=\"6ccfe195\" data-element_type=\"widget\" data-widget_type=\"image.default\">\n\t\t\t\t<div class=\"elementor-widget-container\">\n\t\t\t\t\t\t\t\t\t\t\t\t\t\t\t<img loading=\"lazy\" decoding=\"async\" width=\"1080\" height=\"1080\" src=\"https:\/\/www.espace-ombrage.com\/blog\/wp-content\/uploads\/2024\/06\/voile-ombrage-avec-cable-ecole.png\" class=\"attachment-full size-full wp-image-3942\" alt=\"Toile ombrage ajour\u00e9e pour cr\u00e8che et \u00e9cole avec poteau acier pour aire de jeu\" srcset=\"https:\/\/www.espace-ombrage.com\/blog\/wp-content\/uploads\/2024\/06\/voile-ombrage-avec-cable-ecole.png 1080w, https:\/\/www.espace-ombrage.com\/blog\/wp-content\/uploads\/2024\/06\/voile-ombrage-avec-cable-ecole-300x300.png 300w, https:\/\/www.espace-ombrage.com\/blog\/wp-content\/uploads\/2024\/06\/voile-ombrage-avec-cable-ecole-1024x1024.png 1024w, https:\/\/www.espace-ombrage.com\/blog\/wp-content\/uploads\/2024\/06\/voile-ombrage-avec-cable-ecole-150x150.png 150w, https:\/\/www.espace-ombrage.com\/blog\/wp-content\/uploads\/2024\/06\/voile-ombrage-avec-cable-ecole-768x768.png 768w\" sizes=\"(max-width: 1080px) 100vw, 1080px\" \/>\t\t\t\t\t\t\t\t\t\t\t\t\t\t\t<\/div>\n\t\t\t\t<\/div>\n\t\t\t\t\t<\/div>\n\t\t<\/div>\n\t\t\t\t<div class=\"elementor-column elementor-col-50 elementor-top-column elementor-element elementor-element-1e96c46e\" data-id=\"1e96c46e\" data-element_type=\"column\">\n\t\t\t<div class=\"elementor-widget-wrap elementor-element-populated\">\n\t\t\t\t\t\t<div class=\"elementor-element elementor-element-494a696c elementor-widget elementor-widget-heading\" data-id=\"494a696c\" data-element_type=\"widget\" data-widget_type=\"heading.default\">\n\t\t\t\t<div class=\"elementor-widget-container\">\n\t\t\t\t\t<h2 class=\"elementor-heading-title elementor-size-default\">Collaborer avec des professionnels de voile d\u2019ombrage professionnel<\/h2>\t\t\t\t<\/div>\n\t\t\t\t<\/div>\n\t\t\t\t<div class=\"elementor-element elementor-element-39469a8f elementor-widget elementor-widget-text-editor\" data-id=\"39469a8f\" data-element_type=\"widget\" data-widget_type=\"text-editor.default\">\n\t\t\t\t<div class=\"elementor-widget-container\">\n\t\t\t\t\t\t\t\t\t<p>Faire appel \u00e0 des <a href=\"https:\/\/www.espace-ombrage.com\/fr\/\" target=\"_blank\" rel=\"noopener\"><span style=\"text-decoration: underline;\"><strong>experts de la voile d&rsquo;ombrage<\/strong><\/span><\/a> garantit un r\u00e9sultat optimal et conforme aux normes de s\u00e9curit\u00e9. Notre \u00e9quipe est \u00e0 votre disposition pour r\u00e9aliser une \u00e9tude personnalis\u00e9e de votre projet. Nous analysons la configuration de la cour, les besoins sp\u00e9cifiques de l&rsquo;\u00e9cole et proposons des solutions adapt\u00e9es.<br \/>Nous pouvons \u00e9galement fournir des <a href=\"https:\/\/www.espace-ombrage.com\/fr\/content\/117-devis-3d-voile-d-ombrage\" target=\"_blank\" rel=\"noopener\"><span style=\"text-decoration: underline;\">projections en 3D<\/span><\/a> pour visualiser le rendu final et faciliter la prise de d\u00e9cision. Notre exp\u00e9rience avec les \u00e9tablissements scolaires afin d\u2019ombrager les cours et patios nous permet de r\u00e9pondre aux exigences particuli\u00e8res de ce type d&rsquo;installation.<\/p>\t\t\t\t\t\t\t\t<\/div>\n\t\t\t\t<\/div>\n\t\t\t\t<div class=\"elementor-element elementor-element-8b48cd7 elementor-widget elementor-widget-heading\" data-id=\"8b48cd7\" data-element_type=\"widget\" data-widget_type=\"heading.default\">\n\t\t\t\t<div class=\"elementor-widget-container\">\n\t\t\t\t\t<h2 class=\"elementor-heading-title elementor-size-default\">Apporter une touche esth\u00e9tique \u00e0 la cour gr\u00e2ce aux voiles d\u2019ombrage professionnelles<\/h2>\t\t\t\t<\/div>\n\t\t\t\t<\/div>\n\t\t\t\t<div class=\"elementor-element elementor-element-7223b26 elementor-widget elementor-widget-text-editor\" data-id=\"7223b26\" data-element_type=\"widget\" data-widget_type=\"text-editor.default\">\n\t\t\t\t<div class=\"elementor-widget-container\">\n\t\t\t\t\t\t\t\t\t<p>Au-del\u00e0 de leur fonctionnalit\u00e9, les <strong>toiles d&rsquo;ombrage<\/strong> apportent une dimension esth\u00e9tique \u00e0 la cour de l&rsquo;\u00e9cole. Avec un choix de 12 coloris, il est possible de cr\u00e9er un espace \u00e0 la fois agr\u00e9able et stimulant pour les \u00e9l\u00e8ves. Les <strong>toiles tendues<\/strong> peuvent \u00eatre dispos\u00e9es de mani\u00e8re cr\u00e9ative pour ajouter du dynamisme et de la gaiet\u00e9 \u00e0 l&rsquo;environnement.<\/p><p><a href=\"https:\/\/www.espace-ombrage.com\/blog\/comment-amenager-des-zones-dombre-dans-les-ecoles\/\" target=\"_blank\" rel=\"noopener\"><span style=\"text-decoration: underline;\">Installer une voile d&rsquo;ombrage dans une cour d&rsquo;\u00e9cole<\/span><\/a> est une d\u00e9marche qui allie confort, s\u00e9curit\u00e9 et esth\u00e9tique. En suivant les meilleures pratiques et en choisissant des produits adapt\u00e9s, comme l&rsquo;Australe 340 en version standard ou <a href=\"https:\/\/www.espace-ombrage.com\/fr\/39-voile-enrouleur\" target=\"_blank\" rel=\"noopener\"><span style=\"text-decoration: underline;\"><strong>voile ombrage \u00e0 enrouleur<\/strong><\/span><\/a> ou les <strong>voiles professionnelles avec c\u00e2ble inox<\/strong>, il est possible de cr\u00e9er un espace ombrag\u00e9 qui am\u00e9liore le quotidien des \u00e9l\u00e8ves et du personnel.<\/p>\t\t\t\t\t\t\t\t<\/div>\n\t\t\t\t<\/div>\n\t\t\t\t\t<\/div>\n\t\t<\/div>\n\t\t\t\t\t<\/div>\n\t\t<\/section>\n\t\t\t\t<section class=\"elementor-section elementor-top-section elementor-element elementor-element-11c5563c elementor-section-full_width elementor-section-height-min-height elementor-section-items-stretch elementor-section-content-middle elementor-section-height-default elementor-invisible\" data-id=\"11c5563c\" data-element_type=\"section\" data-settings=\"{&quot;animation&quot;:&quot;fadeIn&quot;,&quot;background_background&quot;:&quot;classic&quot;}\">\n\t\t\t\t\t\t<div class=\"elementor-container elementor-column-gap-no\">\n\t\t\t\t\t<div class=\"elementor-column elementor-col-50 elementor-top-column elementor-element elementor-element-6a7eceac\" data-id=\"6a7eceac\" data-element_type=\"column\" data-settings=\"{&quot;background_background&quot;:&quot;classic&quot;}\">\n\t\t\t<div class=\"elementor-widget-wrap elementor-element-populated\">\n\t\t\t\t\t\t<div class=\"elementor-element elementor-element-45a131e7 elementor-widget elementor-widget-text-editor\" data-id=\"45a131e7\" data-element_type=\"widget\" data-widget_type=\"text-editor.default\">\n\t\t\t\t<div class=\"elementor-widget-container\">\n\t\t\t\t\t\t\t\t\t<p>Ensemble, faisons de votre cour d&rsquo;\u00e9cole un espace agr\u00e9able, s\u00e9curis\u00e9 et adapt\u00e9 aux d\u00e9fis climatiques actuels. Chez Espace Ombrage, nous sommes engag\u00e9s \u00e0 fournir des solutions de qualit\u00e9 pour cr\u00e9er des zones d&rsquo;ombre efficaces et esth\u00e9tiques dans les \u00e9tablissements scolaires.<\/p><p>Notre \u00e9quipe reste disponible par email \u00e0 <a href=\"mailto:contact@espace-ombrage.com\"><b>contact@espace-ombrage.com<\/b><\/a> ou par t\u00e9l\u00e9phone au <b>+33 3 62 27 60 60<\/b> pour r\u00e9pondre \u00e0 vos questions et vous accompagner dans votre projet.<\/p>\t\t\t\t\t\t\t\t<\/div>\n\t\t\t\t<\/div>\n\t\t\t\t\t<\/div>\n\t\t<\/div>\n\t\t\t\t<div class=\"elementor-column elementor-col-50 elementor-top-column elementor-element elementor-element-5661abb9 elementor-hidden-tablet elementor-hidden-mobile\" data-id=\"5661abb9\" data-element_type=\"column\" data-settings=\"{&quot;background_background&quot;:&quot;classic&quot;}\">\n\t\t\t<div class=\"elementor-widget-wrap elementor-element-populated\">\n\t\t\t\t\t\t<div class=\"elementor-element elementor-element-6f1a1103 elementor-widget elementor-widget-image\" data-id=\"6f1a1103\" data-element_type=\"widget\" data-widget_type=\"image.default\">\n\t\t\t\t<div class=\"elementor-widget-container\">\n\t\t\t\t\t\t\t\t\t\t\t\t\t\t\t<img loading=\"lazy\" decoding=\"async\" width=\"2560\" height=\"1920\" src=\"https:\/\/www.espace-ombrage.com\/blog\/wp-content\/uploads\/2024\/02\/voile-professionnelle-ecole-piquet-acier-scaled.jpg\" class=\"attachment-full size-full wp-image-3131\" alt=\"Toile rectangulaire professionnelle dans une cours d\u2019\u00e9cole\" srcset=\"https:\/\/www.espace-ombrage.com\/blog\/wp-content\/uploads\/2024\/02\/voile-professionnelle-ecole-piquet-acier-scaled.jpg 2560w, https:\/\/www.espace-ombrage.com\/blog\/wp-content\/uploads\/2024\/02\/voile-professionnelle-ecole-piquet-acier-300x225.jpg 300w, https:\/\/www.espace-ombrage.com\/blog\/wp-content\/uploads\/2024\/02\/voile-professionnelle-ecole-piquet-acier-1024x768.jpg 1024w, https:\/\/www.espace-ombrage.com\/blog\/wp-content\/uploads\/2024\/02\/voile-professionnelle-ecole-piquet-acier-768x576.jpg 768w, https:\/\/www.espace-ombrage.com\/blog\/wp-content\/uploads\/2024\/02\/voile-professionnelle-ecole-piquet-acier-1536x1152.jpg 1536w, https:\/\/www.espace-ombrage.com\/blog\/wp-content\/uploads\/2024\/02\/voile-professionnelle-ecole-piquet-acier-2048x1536.jpg 2048w, https:\/\/www.espace-ombrage.com\/blog\/wp-content\/uploads\/2024\/02\/voile-professionnelle-ecole-piquet-acier-1200x900.jpg 1200w, https:\/\/www.espace-ombrage.com\/blog\/wp-content\/uploads\/2024\/02\/voile-professionnelle-ecole-piquet-acier-1980x1485.jpg 1980w\" sizes=\"(max-width: 2560px) 100vw, 2560px\" \/>\t\t\t\t\t\t\t\t\t\t\t\t\t\t\t<\/div>\n\t\t\t\t<\/div>\n\t\t\t\t\t<\/div>\n\t\t<\/div>\n\t\t\t\t\t<\/div>\n\t\t<\/section>\n\t\t\t\t<section class=\"elementor-section elementor-top-section elementor-element elementor-element-2263f32b elementor-section-boxed elementor-section-height-default elementor-section-height-default\" data-id=\"2263f32b\" data-element_type=\"section\">\n\t\t\t\t\t\t<div class=\"elementor-container elementor-column-gap-default\">\n\t\t\t\t\t<div class=\"elementor-column elementor-col-100 elementor-top-column elementor-element elementor-element-4206bf54\" data-id=\"4206bf54\" data-element_type=\"column\">\n\t\t\t<div class=\"elementor-widget-wrap elementor-element-populated\">\n\t\t\t\t\t\t<div class=\"elementor-element elementor-element-8730542 elementor-share-buttons--view-icon elementor-share-buttons--shape-circle elementor-share-buttons--align-center elementor-share-buttons--skin-gradient elementor-grid-0 elementor-share-buttons--color-official elementor-widget elementor-widget-share-buttons\" data-id=\"8730542\" data-element_type=\"widget\" data-widget_type=\"share-buttons.default\">\n\t\t\t\t<div class=\"elementor-widget-container\">\n\t\t\t\t\t\t\t<div class=\"elementor-grid\">\n\t\t\t\t\t\t\t\t<div class=\"elementor-grid-item\">\n\t\t\t\t\t\t<div\n\t\t\t\t\t\t\tclass=\"elementor-share-btn elementor-share-btn_facebook\"\n\t\t\t\t\t\t\trole=\"button\"\n\t\t\t\t\t\t\ttabindex=\"0\"\n\t\t\t\t\t\t\taria-label=\"Partager sur facebook\"\n\t\t\t\t\t\t>\n\t\t\t\t\t\t\t\t\t\t\t\t\t\t\t<span class=\"elementor-share-btn__icon\">\n\t\t\t\t\t\t\t\t<i class=\"fab fa-facebook\" aria-hidden=\"true\"><\/i>\t\t\t\t\t\t\t<\/span>\n\t\t\t\t\t\t\t\t\t\t\t\t\t\t\t\t\t\t\t\t<\/div>\n\t\t\t\t\t<\/div>\n\t\t\t\t\t\t\t\t\t<div class=\"elementor-grid-item\">\n\t\t\t\t\t\t<div\n\t\t\t\t\t\t\tclass=\"elementor-share-btn elementor-share-btn_linkedin\"\n\t\t\t\t\t\t\trole=\"button\"\n\t\t\t\t\t\t\ttabindex=\"0\"\n\t\t\t\t\t\t\taria-label=\"Partager sur linkedin\"\n\t\t\t\t\t\t>\n\t\t\t\t\t\t\t\t\t\t\t\t\t\t\t<span class=\"elementor-share-btn__icon\">\n\t\t\t\t\t\t\t\t<i class=\"fab fa-linkedin\" aria-hidden=\"true\"><\/i>\t\t\t\t\t\t\t<\/span>\n\t\t\t\t\t\t\t\t\t\t\t\t\t\t\t\t\t\t\t\t<\/div>\n\t\t\t\t\t<\/div>\n\t\t\t\t\t\t\t\t\t<div class=\"elementor-grid-item\">\n\t\t\t\t\t\t<div\n\t\t\t\t\t\t\tclass=\"elementor-share-btn elementor-share-btn_whatsapp\"\n\t\t\t\t\t\t\trole=\"button\"\n\t\t\t\t\t\t\ttabindex=\"0\"\n\t\t\t\t\t\t\taria-label=\"Partager sur whatsapp\"\n\t\t\t\t\t\t>\n\t\t\t\t\t\t\t\t\t\t\t\t\t\t\t<span class=\"elementor-share-btn__icon\">\n\t\t\t\t\t\t\t\t<i class=\"fab fa-whatsapp\" aria-hidden=\"true\"><\/i>\t\t\t\t\t\t\t<\/span>\n\t\t\t\t\t\t\t\t\t\t\t\t\t\t\t\t\t\t\t\t<\/div>\n\t\t\t\t\t<\/div>\n\t\t\t\t\t\t<\/div>\n\t\t\t\t\t\t<\/div>\n\t\t\t\t<\/div>\n\t\t\t\t<div class=\"elementor-element elementor-element-52f30f21 elementor-post-navigation-borders-yes elementor-widget elementor-widget-post-navigation\" data-id=\"52f30f21\" data-element_type=\"widget\" data-widget_type=\"post-navigation.default\">\n\t\t\t\t<div class=\"elementor-widget-container\">\n\t\t\t\t\t\t\t<div class=\"elementor-post-navigation\">\n\t\t\t<div class=\"elementor-post-navigation__prev elementor-post-navigation__link\">\n\t\t\t\t<a href=\"https:\/\/www.espace-ombrage.com\/blog\/comment-choisir-une-voile-dombrage-naturelle-2\/\" rel=\"prev\"><span class=\"post-navigation__arrow-wrapper post-navigation__arrow-prev\"><i class=\"fa fa-caret-left\" aria-hidden=\"true\"><\/i><span class=\"elementor-screen-only\">Pr\u00e9c\u00e9dent<\/span><\/span><span class=\"elementor-post-navigation__link__prev\"><span class=\"post-navigation__prev--label\">Pr\u00e9c\u00e9dent<\/span><span class=\"post-navigation__prev--title\">Comment choisir une voile d&rsquo;ombrage naturelle ?<\/span><\/span><\/a>\t\t\t<\/div>\n\t\t\t\t\t\t\t<div class=\"elementor-post-navigation__separator-wrapper\">\n\t\t\t\t\t<div class=\"elementor-post-navigation__separator\"><\/div>\n\t\t\t\t<\/div>\n\t\t\t\t\t\t<div class=\"elementor-post-navigation__next elementor-post-navigation__link\">\n\t\t\t\t<a href=\"https:\/\/www.espace-ombrage.com\/blog\/pourquoi-opter-pour-des-mats-professionnels-pour-vos-voiles-dombrage\/\" rel=\"next\"><span class=\"elementor-post-navigation__link__next\"><span class=\"post-navigation__next--label\">Suivant<\/span><span class=\"post-navigation__next--title\">Pourquoi opter pour des m\u00e2ts professionnels pour vos voiles d&rsquo;ombrage ?<\/span><\/span><span class=\"post-navigation__arrow-wrapper post-navigation__arrow-next\"><i class=\"fa fa-caret-right\" aria-hidden=\"true\"><\/i><span class=\"elementor-screen-only\">Suivant<\/span><\/span><\/a>\t\t\t<\/div>\n\t\t<\/div>\n\t\t\t\t\t\t<\/div>\n\t\t\t\t<\/div>\n\t\t\t\t\t<\/div>\n\t\t<\/div>\n\t\t\t\t\t<\/div>\n\t\t<\/section>\n\t\t\t\t<\/div>\n\t\t","protected":false},"excerpt":{"rendered":"<p>Dans cette article nous vous guidons sur les meilleures pratiques pour installer une voile d\u2019ombrage pour am\u00e9nager des zones d\u2019ombre dans les \u00e9coles.<\/p>\n","protected":false},"author":2,"featured_media":3933,"comment_status":"open","ping_status":"open","sticky":false,"template":"elementor_header_footer","format":"standard","meta":{"footnotes":""},"categories":[10,5],"tags":[54,110,19,90,28,23,16,91,92,106,117],"class_list":["post-4809","post","type-post","status-publish","format-standard","has-post-thumbnail","hentry","category-espace-ombrage-en-b2b","category-nos-conseils","tag-accessoires-voile-dombrage","tag-collectivites","tag-mat-voile-ombrage","tag-professionnel","tag-protection-de-voile-dombrage","tag-protection-solaire","tag-voile-dombrage","tag-voile-dombrage-collectivite","tag-voile-dombrage-cour-ecole","tag-voile-dombrage-professionnel","tag-voile-dombrage-rectangulaire"],"yoast_head":"<!-- This site is optimized with the Yoast SEO plugin v23.6 - https:\/\/yoast.com\/wordpress\/plugins\/seo\/ -->\n<title>Les meilleures pratiques pour installer une voile d&#039;ombrage dans une cour d&#039;\u00e9cole ? - Espace Ombrage<\/title>\n<meta name=\"description\" content=\"Installer une voile d&#039;ombrage appara\u00eet comme une solution efficace pour am\u00e9liorer le confort tout en prot\u00e9geant des rayons UV nocifs pour la sant\u00e9.\" \/>\n<meta name=\"robots\" content=\"index, follow, max-snippet:-1, max-image-preview:large, max-video-preview:-1\" \/>\n<link rel=\"canonical\" href=\"https:\/\/www.espace-ombrage.com\/blog\/les-meilleures-pratiques-pour-installer-une-voile-dombrage-dans-une-cour-decole\/\" \/>\n<meta property=\"og:locale\" content=\"fr_FR\" \/>\n<meta property=\"og:type\" content=\"article\" \/>\n<meta property=\"og:title\" content=\"Les meilleures pratiques pour installer une voile d&#039;ombrage dans une cour d&#039;\u00e9cole ? - Espace Ombrage\" \/>\n<meta property=\"og:description\" content=\"Installer une voile d&#039;ombrage appara\u00eet comme une solution efficace pour am\u00e9liorer le confort tout en prot\u00e9geant des rayons UV nocifs pour la sant\u00e9.\" \/>\n<meta property=\"og:url\" content=\"https:\/\/www.espace-ombrage.com\/blog\/les-meilleures-pratiques-pour-installer-une-voile-dombrage-dans-une-cour-decole\/\" \/>\n<meta property=\"og:site_name\" content=\"Espace Ombrage\" \/>\n<meta property=\"article:published_time\" content=\"2025-03-14T10:30:00+00:00\" \/>\n<meta property=\"article:modified_time\" content=\"2025-09-03T09:38:51+00:00\" \/>\n<meta property=\"og:image\" content=\"https:\/\/www.espace-ombrage.com\/blog\/wp-content\/uploads\/2024\/06\/voile-solaire-pour-ecoles.png\" \/>\n\t<meta property=\"og:image:width\" content=\"1080\" \/>\n\t<meta property=\"og:image:height\" content=\"1080\" \/>\n\t<meta property=\"og:image:type\" content=\"image\/png\" \/>\n<meta name=\"author\" content=\"admin-ombrage\" \/>\n<meta name=\"twitter:card\" content=\"summary_large_image\" \/>\n<meta name=\"twitter:label1\" content=\"\u00c9crit par\" \/>\n\t<meta name=\"twitter:data1\" content=\"admin-ombrage\" \/>\n\t<meta name=\"twitter:label2\" content=\"Dur\u00e9e de lecture estim\u00e9e\" \/>\n\t<meta name=\"twitter:data2\" content=\"9 minutes\" \/>\n<script type=\"application\/ld+json\" class=\"yoast-schema-graph\">{\"@context\":\"https:\/\/schema.org\",\"@graph\":[{\"@type\":\"WebPage\",\"@id\":\"https:\/\/www.espace-ombrage.com\/blog\/les-meilleures-pratiques-pour-installer-une-voile-dombrage-dans-une-cour-decole\/\",\"url\":\"https:\/\/www.espace-ombrage.com\/blog\/les-meilleures-pratiques-pour-installer-une-voile-dombrage-dans-une-cour-decole\/\",\"name\":\"Les meilleures pratiques pour installer une voile d'ombrage dans une cour d'\u00e9cole ? - Espace Ombrage\",\"isPartOf\":{\"@id\":\"https:\/\/www.espace-ombrage.com\/blog\/#website\"},\"primaryImageOfPage\":{\"@id\":\"https:\/\/www.espace-ombrage.com\/blog\/les-meilleures-pratiques-pour-installer-une-voile-dombrage-dans-une-cour-decole\/#primaryimage\"},\"image\":{\"@id\":\"https:\/\/www.espace-ombrage.com\/blog\/les-meilleures-pratiques-pour-installer-une-voile-dombrage-dans-une-cour-decole\/#primaryimage\"},\"thumbnailUrl\":\"https:\/\/www.espace-ombrage.com\/blog\/wp-content\/uploads\/2024\/06\/voile-solaire-pour-ecoles.png\",\"datePublished\":\"2025-03-14T10:30:00+00:00\",\"dateModified\":\"2025-09-03T09:38:51+00:00\",\"author\":{\"@id\":\"https:\/\/www.espace-ombrage.com\/blog\/#\/schema\/person\/9b223e71f82520b376e08b8d0d4c7691\"},\"description\":\"Installer une voile d'ombrage appara\u00eet comme une solution efficace pour am\u00e9liorer le confort tout en prot\u00e9geant des rayons UV nocifs pour la sant\u00e9.\",\"breadcrumb\":{\"@id\":\"https:\/\/www.espace-ombrage.com\/blog\/les-meilleures-pratiques-pour-installer-une-voile-dombrage-dans-une-cour-decole\/#breadcrumb\"},\"inLanguage\":\"fr-FR\",\"potentialAction\":[{\"@type\":\"ReadAction\",\"target\":[\"https:\/\/www.espace-ombrage.com\/blog\/les-meilleures-pratiques-pour-installer-une-voile-dombrage-dans-une-cour-decole\/\"]}]},{\"@type\":\"ImageObject\",\"inLanguage\":\"fr-FR\",\"@id\":\"https:\/\/www.espace-ombrage.com\/blog\/les-meilleures-pratiques-pour-installer-une-voile-dombrage-dans-une-cour-decole\/#primaryimage\",\"url\":\"https:\/\/www.espace-ombrage.com\/blog\/wp-content\/uploads\/2024\/06\/voile-solaire-pour-ecoles.png\",\"contentUrl\":\"https:\/\/www.espace-ombrage.com\/blog\/wp-content\/uploads\/2024\/06\/voile-solaire-pour-ecoles.png\",\"width\":1080,\"height\":1080,\"caption\":\"Voiles d\u2019ombrage solaires dans une \u00e9cole avec des mats voile d'ombrage a sceller\"},{\"@type\":\"BreadcrumbList\",\"@id\":\"https:\/\/www.espace-ombrage.com\/blog\/les-meilleures-pratiques-pour-installer-une-voile-dombrage-dans-une-cour-decole\/#breadcrumb\",\"itemListElement\":[{\"@type\":\"ListItem\",\"position\":1,\"name\":\"Espace Ombrage\",\"item\":\"https:\/\/www.espace-ombrage.com\/blog\/\"},{\"@type\":\"ListItem\",\"position\":2,\"name\":\"Les meilleures pratiques pour installer une voile d&rsquo;ombrage dans une cour d&rsquo;\u00e9cole ?\",\"item\":\"https:\/\/www.espace-ombrage.com\/blog\/les-meilleures-pratiques-pour-installer-une-voile-dombrage-dans-une-cour-decole\/\"}]},{\"@type\":\"WebSite\",\"@id\":\"https:\/\/www.espace-ombrage.com\/blog\/#website\",\"url\":\"https:\/\/www.espace-ombrage.com\/blog\/\",\"name\":\"Espace Ombrage\",\"description\":\"\",\"potentialAction\":[{\"@type\":\"SearchAction\",\"target\":{\"@type\":\"EntryPoint\",\"urlTemplate\":\"https:\/\/www.espace-ombrage.com\/blog\/?s={search_term_string}\"},\"query-input\":{\"@type\":\"PropertyValueSpecification\",\"valueRequired\":true,\"valueName\":\"search_term_string\"}}],\"inLanguage\":\"fr-FR\"},{\"@type\":\"Person\",\"@id\":\"https:\/\/www.espace-ombrage.com\/blog\/#\/schema\/person\/9b223e71f82520b376e08b8d0d4c7691\",\"name\":\"admin-ombrage\",\"image\":{\"@type\":\"ImageObject\",\"inLanguage\":\"fr-FR\",\"@id\":\"https:\/\/www.espace-ombrage.com\/blog\/#\/schema\/person\/image\/\",\"url\":\"https:\/\/secure.gravatar.com\/avatar\/da964888ae868660e9f41df5c83a352c8bbcfeb83d9ed86d4d1d93ca7b092bac?s=96&d=mm&r=g\",\"contentUrl\":\"https:\/\/secure.gravatar.com\/avatar\/da964888ae868660e9f41df5c83a352c8bbcfeb83d9ed86d4d1d93ca7b092bac?s=96&d=mm&r=g\",\"caption\":\"admin-ombrage\"},\"url\":\"https:\/\/www.espace-ombrage.com\/blog\/author\/admin-ombrage\/\"}]}<\/script>\n<!-- \/ Yoast SEO plugin. -->","yoast_head_json":{"title":"Les meilleures pratiques pour installer une voile d'ombrage dans une cour d'\u00e9cole ? - Espace Ombrage","description":"Installer une voile d'ombrage appara\u00eet comme une solution efficace pour am\u00e9liorer le confort tout en prot\u00e9geant des rayons UV nocifs pour la sant\u00e9.","robots":{"index":"index","follow":"follow","max-snippet":"max-snippet:-1","max-image-preview":"max-image-preview:large","max-video-preview":"max-video-preview:-1"},"canonical":"https:\/\/www.espace-ombrage.com\/blog\/les-meilleures-pratiques-pour-installer-une-voile-dombrage-dans-une-cour-decole\/","og_locale":"fr_FR","og_type":"article","og_title":"Les meilleures pratiques pour installer une voile d'ombrage dans une cour d'\u00e9cole ? - Espace Ombrage","og_description":"Installer une voile d'ombrage appara\u00eet comme une solution efficace pour am\u00e9liorer le confort tout en prot\u00e9geant des rayons UV nocifs pour la sant\u00e9.","og_url":"https:\/\/www.espace-ombrage.com\/blog\/les-meilleures-pratiques-pour-installer-une-voile-dombrage-dans-une-cour-decole\/","og_site_name":"Espace Ombrage","article_published_time":"2025-03-14T10:30:00+00:00","article_modified_time":"2025-09-03T09:38:51+00:00","og_image":[{"width":1080,"height":1080,"url":"https:\/\/www.espace-ombrage.com\/blog\/wp-content\/uploads\/2024\/06\/voile-solaire-pour-ecoles.png","type":"image\/png"}],"author":"admin-ombrage","twitter_card":"summary_large_image","twitter_misc":{"\u00c9crit par":"admin-ombrage","Dur\u00e9e de lecture estim\u00e9e":"9 minutes"},"schema":{"@context":"https:\/\/schema.org","@graph":[{"@type":"WebPage","@id":"https:\/\/www.espace-ombrage.com\/blog\/les-meilleures-pratiques-pour-installer-une-voile-dombrage-dans-une-cour-decole\/","url":"https:\/\/www.espace-ombrage.com\/blog\/les-meilleures-pratiques-pour-installer-une-voile-dombrage-dans-une-cour-decole\/","name":"Les meilleures pratiques pour installer une voile d'ombrage dans une cour d'\u00e9cole ? - Espace Ombrage","isPartOf":{"@id":"https:\/\/www.espace-ombrage.com\/blog\/#website"},"primaryImageOfPage":{"@id":"https:\/\/www.espace-ombrage.com\/blog\/les-meilleures-pratiques-pour-installer-une-voile-dombrage-dans-une-cour-decole\/#primaryimage"},"image":{"@id":"https:\/\/www.espace-ombrage.com\/blog\/les-meilleures-pratiques-pour-installer-une-voile-dombrage-dans-une-cour-decole\/#primaryimage"},"thumbnailUrl":"https:\/\/www.espace-ombrage.com\/blog\/wp-content\/uploads\/2024\/06\/voile-solaire-pour-ecoles.png","datePublished":"2025-03-14T10:30:00+00:00","dateModified":"2025-09-03T09:38:51+00:00","author":{"@id":"https:\/\/www.espace-ombrage.com\/blog\/#\/schema\/person\/9b223e71f82520b376e08b8d0d4c7691"},"description":"Installer une voile d'ombrage appara\u00eet comme une solution efficace pour am\u00e9liorer le confort tout en prot\u00e9geant des rayons UV nocifs pour la sant\u00e9.","breadcrumb":{"@id":"https:\/\/www.espace-ombrage.com\/blog\/les-meilleures-pratiques-pour-installer-une-voile-dombrage-dans-une-cour-decole\/#breadcrumb"},"inLanguage":"fr-FR","potentialAction":[{"@type":"ReadAction","target":["https:\/\/www.espace-ombrage.com\/blog\/les-meilleures-pratiques-pour-installer-une-voile-dombrage-dans-une-cour-decole\/"]}]},{"@type":"ImageObject","inLanguage":"fr-FR","@id":"https:\/\/www.espace-ombrage.com\/blog\/les-meilleures-pratiques-pour-installer-une-voile-dombrage-dans-une-cour-decole\/#primaryimage","url":"https:\/\/www.espace-ombrage.com\/blog\/wp-content\/uploads\/2024\/06\/voile-solaire-pour-ecoles.png","contentUrl":"https:\/\/www.espace-ombrage.com\/blog\/wp-content\/uploads\/2024\/06\/voile-solaire-pour-ecoles.png","width":1080,"height":1080,"caption":"Voiles d\u2019ombrage solaires dans une \u00e9cole avec des mats voile d'ombrage a sceller"},{"@type":"BreadcrumbList","@id":"https:\/\/www.espace-ombrage.com\/blog\/les-meilleures-pratiques-pour-installer-une-voile-dombrage-dans-une-cour-decole\/#breadcrumb","itemListElement":[{"@type":"ListItem","position":1,"name":"Espace Ombrage","item":"https:\/\/www.espace-ombrage.com\/blog\/"},{"@type":"ListItem","position":2,"name":"Les meilleures pratiques pour installer une voile d&rsquo;ombrage dans une cour d&rsquo;\u00e9cole ?","item":"https:\/\/www.espace-ombrage.com\/blog\/les-meilleures-pratiques-pour-installer-une-voile-dombrage-dans-une-cour-decole\/"}]},{"@type":"WebSite","@id":"https:\/\/www.espace-ombrage.com\/blog\/#website","url":"https:\/\/www.espace-ombrage.com\/blog\/","name":"Espace Ombrage","description":"","potentialAction":[{"@type":"SearchAction","target":{"@type":"EntryPoint","urlTemplate":"https:\/\/www.espace-ombrage.com\/blog\/?s={search_term_string}"},"query-input":{"@type":"PropertyValueSpecification","valueRequired":true,"valueName":"search_term_string"}}],"inLanguage":"fr-FR"},{"@type":"Person","@id":"https:\/\/www.espace-ombrage.com\/blog\/#\/schema\/person\/9b223e71f82520b376e08b8d0d4c7691","name":"admin-ombrage","image":{"@type":"ImageObject","inLanguage":"fr-FR","@id":"https:\/\/www.espace-ombrage.com\/blog\/#\/schema\/person\/image\/","url":"https:\/\/secure.gravatar.com\/avatar\/da964888ae868660e9f41df5c83a352c8bbcfeb83d9ed86d4d1d93ca7b092bac?s=96&d=mm&r=g","contentUrl":"https:\/\/secure.gravatar.com\/avatar\/da964888ae868660e9f41df5c83a352c8bbcfeb83d9ed86d4d1d93ca7b092bac?s=96&d=mm&r=g","caption":"admin-ombrage"},"url":"https:\/\/www.espace-ombrage.com\/blog\/author\/admin-ombrage\/"}]}},"_links":{"self":[{"href":"https:\/\/www.espace-ombrage.com\/blog\/wp-json\/wp\/v2\/posts\/4809","targetHints":{"allow":["GET"]}}],"collection":[{"href":"https:\/\/www.espace-ombrage.com\/blog\/wp-json\/wp\/v2\/posts"}],"about":[{"href":"https:\/\/www.espace-ombrage.com\/blog\/wp-json\/wp\/v2\/types\/post"}],"author":[{"embeddable":true,"href":"https:\/\/www.espace-ombrage.com\/blog\/wp-json\/wp\/v2\/users\/2"}],"replies":[{"embeddable":true,"href":"https:\/\/www.espace-ombrage.com\/blog\/wp-json\/wp\/v2\/comments?post=4809"}],"version-history":[{"count":20,"href":"https:\/\/www.espace-ombrage.com\/blog\/wp-json\/wp\/v2\/posts\/4809\/revisions"}],"predecessor-version":[{"id":5622,"href":"https:\/\/www.espace-ombrage.com\/blog\/wp-json\/wp\/v2\/posts\/4809\/revisions\/5622"}],"wp:featuredmedia":[{"embeddable":true,"href":"https:\/\/www.espace-ombrage.com\/blog\/wp-json\/wp\/v2\/media\/3933"}],"wp:attachment":[{"href":"https:\/\/www.espace-ombrage.com\/blog\/wp-json\/wp\/v2\/media?parent=4809"}],"wp:term":[{"taxonomy":"category","embeddable":true,"href":"https:\/\/www.espace-ombrage.com\/blog\/wp-json\/wp\/v2\/categories?post=4809"},{"taxonomy":"post_tag","embeddable":true,"href":"https:\/\/www.espace-ombrage.com\/blog\/wp-json\/wp\/v2\/tags?post=4809"}],"curies":[{"name":"wp","href":"https:\/\/api.w.org\/{rel}","templated":true}]}}