{"id":4823,"date":"2025-03-28T11:29:00","date_gmt":"2025-03-28T10:29:00","guid":{"rendered":"https:\/\/www.espace-ombrage.com\/blog\/?p=4823"},"modified":"2025-09-25T15:17:15","modified_gmt":"2025-09-25T13:17:15","slug":"pourquoi-opter-pour-des-mats-professionnels-pour-vos-voiles-dombrage","status":"publish","type":"post","link":"https:\/\/www.espace-ombrage.com\/blog\/pourquoi-opter-pour-des-mats-professionnels-pour-vos-voiles-dombrage\/","title":{"rendered":"Pourquoi opter pour des m\u00e2ts professionnels pour vos voiles d&rsquo;ombrage ?"},"content":{"rendered":"\t\t<div data-elementor-type=\"wp-post\" data-elementor-id=\"4823\" class=\"elementor elementor-4823\" data-elementor-post-type=\"post\">\n\t\t\t\t\t\t<section class=\"elementor-section elementor-top-section elementor-element elementor-element-339a00c0 elementor-section-full_width elementor-section-content-bottom elementor-hidden-tablet elementor-section-height-default elementor-section-height-default\" data-id=\"339a00c0\" data-element_type=\"section\">\n\t\t\t\t\t\t<div class=\"elementor-container elementor-column-gap-narrow\">\n\t\t\t\t\t<div class=\"elementor-column elementor-col-50 elementor-top-column elementor-element elementor-element-e961764\" data-id=\"e961764\" data-element_type=\"column\" data-settings=\"{&quot;background_background&quot;:&quot;classic&quot;}\">\n\t\t\t<div class=\"elementor-widget-wrap elementor-element-populated\">\n\t\t\t\t\t\t<div class=\"elementor-element elementor-element-33983278 elementor-widget__width-initial elementor-widget elementor-widget-heading\" data-id=\"33983278\" data-element_type=\"widget\" data-widget_type=\"heading.default\">\n\t\t\t\t<div class=\"elementor-widget-container\">\n\t\t\t\t\t<h1 class=\"elementor-heading-title elementor-size-default\">Pourquoi opter pour des m\u00e2ts professionnels pour vos voiles d&rsquo;ombrage ?<\/h1>\t\t\t\t<\/div>\n\t\t\t\t<\/div>\n\t\t\t\t\t<\/div>\n\t\t<\/div>\n\t\t\t\t<div class=\"elementor-column elementor-col-25 elementor-top-column elementor-element elementor-element-5da6d879\" data-id=\"5da6d879\" data-element_type=\"column\">\n\t\t\t<div class=\"elementor-widget-wrap elementor-element-populated\">\n\t\t\t\t\t\t<div class=\"elementor-element elementor-element-25a23e05 elementor-hidden-tablet elementor-hidden-mobile elementor-widget elementor-widget-image\" data-id=\"25a23e05\" data-element_type=\"widget\" data-widget_type=\"image.default\">\n\t\t\t\t<div class=\"elementor-widget-container\">\n\t\t\t\t\t\t\t\t\t\t\t\t\t\t\t<img fetchpriority=\"high\" decoding=\"async\" width=\"1080\" height=\"1080\" src=\"https:\/\/www.espace-ombrage.com\/blog\/wp-content\/uploads\/2025\/03\/toile-ombrage-gite.jpg\" class=\"attachment-full size-full wp-image-5468\" alt=\"Toile d&#039;ombrage \u00e0 enrouleur ajour\u00e9e de coloris sable pour g\u00eetes et terrasses. La voile r\u00e9sistante au vent est fix\u00e9 gr\u00e2ce \u00e0 des m\u00e2ts\" srcset=\"https:\/\/www.espace-ombrage.com\/blog\/wp-content\/uploads\/2025\/03\/toile-ombrage-gite.jpg 1080w, https:\/\/www.espace-ombrage.com\/blog\/wp-content\/uploads\/2025\/03\/toile-ombrage-gite-300x300.jpg 300w, https:\/\/www.espace-ombrage.com\/blog\/wp-content\/uploads\/2025\/03\/toile-ombrage-gite-1024x1024.jpg 1024w, https:\/\/www.espace-ombrage.com\/blog\/wp-content\/uploads\/2025\/03\/toile-ombrage-gite-150x150.jpg 150w, https:\/\/www.espace-ombrage.com\/blog\/wp-content\/uploads\/2025\/03\/toile-ombrage-gite-768x768.jpg 768w\" sizes=\"(max-width: 1080px) 100vw, 1080px\" \/>\t\t\t\t\t\t\t\t\t\t\t\t\t\t\t<\/div>\n\t\t\t\t<\/div>\n\t\t\t\t\t<\/div>\n\t\t<\/div>\n\t\t\t\t<div class=\"elementor-column elementor-col-25 elementor-top-column elementor-element elementor-element-5612e7c4\" data-id=\"5612e7c4\" data-element_type=\"column\">\n\t\t\t<div class=\"elementor-widget-wrap elementor-element-populated\">\n\t\t\t\t\t\t<div class=\"elementor-element elementor-element-4c48c825 elementor-widget-mobile__width-initial animated-slow elementor-widget-tablet__width-initial elementor-invisible elementor-widget elementor-widget-spacer\" data-id=\"4c48c825\" data-element_type=\"widget\" data-settings=\"{&quot;_animation&quot;:&quot;fadeInRight&quot;}\" data-widget_type=\"spacer.default\">\n\t\t\t\t<div class=\"elementor-widget-container\">\n\t\t\t\t\t\t\t<div class=\"elementor-spacer\">\n\t\t\t<div class=\"elementor-spacer-inner\"><\/div>\n\t\t<\/div>\n\t\t\t\t\t\t<\/div>\n\t\t\t\t<\/div>\n\t\t\t\t\t<\/div>\n\t\t<\/div>\n\t\t\t\t\t<\/div>\n\t\t<\/section>\n\t\t\t\t<section class=\"elementor-section elementor-top-section elementor-element elementor-element-3b809ae elementor-section-boxed elementor-section-height-default elementor-section-height-default elementor-invisible\" data-id=\"3b809ae\" data-element_type=\"section\" data-settings=\"{&quot;animation&quot;:&quot;fadeIn&quot;}\">\n\t\t\t\t\t\t<div class=\"elementor-container elementor-column-gap-default\">\n\t\t\t\t\t<div class=\"elementor-column elementor-col-100 elementor-top-column elementor-element elementor-element-1a8e20a2\" data-id=\"1a8e20a2\" data-element_type=\"column\">\n\t\t\t<div class=\"elementor-widget-wrap elementor-element-populated\">\n\t\t\t\t\t\t<div class=\"elementor-element elementor-element-7a9b977b elementor-widget__width-initial elementor-widget elementor-widget-text-editor\" data-id=\"7a9b977b\" data-element_type=\"widget\" data-widget_type=\"text-editor.default\">\n\t\t\t\t<div class=\"elementor-widget-container\">\n\t\t\t\t\t\t\t\t\t<p>Le choix des <a href=\"https:\/\/www.espace-ombrage.com\/fr\/4-mats-et-fixations\" target=\"_blank\" rel=\"noopener\"><span style=\"text-decoration: underline;\"><strong>m\u00e2ts et fixations pour voiles d\u2019ombrage<\/strong><\/span><\/a> est aussi important que la <strong>voile ombrage<\/strong> en elle-m\u00eame. En effet, il est n\u00e9cessaire de choisir des produits qui soient p\u00e9rennes et s\u00e9curis\u00e9s pour pouvoir profiter de l\u2019ombrage sur votre terrasse en toute s\u00e9r\u00e9nit\u00e9. Ainsi, choisir un <a href=\"https:\/\/www.espace-ombrage.com\/fr\/mats-et-accessoires\/10-mat-reglable-pour-voile-d-ombrage.html\" target=\"_blank\" rel=\"noopener\"><span style=\"text-decoration: underline;\"><strong>mat voile d\u2019ombrage professionnel<\/strong><\/span><\/a> de haute qualit\u00e9 vous permettra de vous assurer de la tenue de votre installation dans le temps. Dans cet article, nous allons vous pr\u00e9senter toutes les possibilit\u00e9s chez Espace Ombrage, pour vous guider dans votre choix.<\/p>\t\t\t\t\t\t\t\t<\/div>\n\t\t\t\t<\/div>\n\t\t\t\t<div class=\"elementor-element elementor-element-1278184e elementor-align-center elementor-widget elementor-widget-button\" data-id=\"1278184e\" data-element_type=\"widget\" data-widget_type=\"button.default\">\n\t\t\t\t<div class=\"elementor-widget-container\">\n\t\t\t\t\t\t\t\t\t<div class=\"elementor-button-wrapper\">\n\t\t\t\t\t<a class=\"elementor-button elementor-button-link elementor-size-sm\" href=\"https:\/\/www.espace-ombrage.com\/fr\/content\/161-espace-pro\" target=\"_blank\">\n\t\t\t\t\t\t<span class=\"elementor-button-content-wrapper\">\n\t\t\t\t\t\t\t\t\t<span class=\"elementor-button-text\">Je suis un PRO et je souhaite demander un devis pour une toile ombrage<\/span>\n\t\t\t\t\t<\/span>\n\t\t\t\t\t<\/a>\n\t\t\t\t<\/div>\n\t\t\t\t\t\t\t\t<\/div>\n\t\t\t\t<\/div>\n\t\t\t\t\t<\/div>\n\t\t<\/div>\n\t\t\t\t\t<\/div>\n\t\t<\/section>\n\t\t\t\t<section class=\"elementor-section elementor-top-section elementor-element elementor-element-46def0b7 elementor-section-full_width elementor-reverse-tablet elementor-reverse-mobile elementor-section-height-default elementor-section-height-default elementor-invisible\" data-id=\"46def0b7\" data-element_type=\"section\" data-settings=\"{&quot;background_background&quot;:&quot;gradient&quot;,&quot;animation&quot;:&quot;fadeIn&quot;}\">\n\t\t\t\t\t\t<div class=\"elementor-container elementor-column-gap-no\">\n\t\t\t\t\t<div class=\"elementor-column elementor-col-50 elementor-top-column elementor-element elementor-element-72c124ce\" data-id=\"72c124ce\" data-element_type=\"column\">\n\t\t\t<div class=\"elementor-widget-wrap elementor-element-populated\">\n\t\t\t\t\t\t<div class=\"elementor-element elementor-element-1f9713fc elementor-widget elementor-widget-heading\" data-id=\"1f9713fc\" data-element_type=\"widget\" data-widget_type=\"heading.default\">\n\t\t\t\t<div class=\"elementor-widget-container\">\n\t\t\t\t\t<h2 class=\"elementor-heading-title elementor-size-default\">Le m\u00e2t r\u00e9glable en hauteur en aluminium, l'incontournable<\/h2>\t\t\t\t<\/div>\n\t\t\t\t<\/div>\n\t\t\t\t<div class=\"elementor-element elementor-element-559e7948 elementor-widget elementor-widget-text-editor\" data-id=\"559e7948\" data-element_type=\"widget\" data-widget_type=\"text-editor.default\">\n\t\t\t\t<div class=\"elementor-widget-container\">\n\t\t\t\t\t\t\t\t\tNotre <strong>m\u00e2t toile ombrage aluminium<\/strong> est une solution de qualit\u00e9 professionnelle d\u2019un excellent rapport qualit\u00e9 prix. Ce <a href=\"https:\/\/www.espace-ombrage.com\/fr\/22-kit-mat-poteau-pour-voile-d-ombrage\" target=\"_blank\" rel=\"noopener\"><span style=\"text-decoration: underline;\"><strong>piquet pour voile ombrage<\/strong><\/span><\/a> est tr\u00e8s polyvalent et pr\u00e9sente des qualit\u00e9s ind\u00e9niables :\n<ul>\n \t<li>Son profil en <b>aluminium 100% recycl\u00e9<\/b> lui permet d\u2019\u00eatre install\u00e9 dans un environnement salin, en bord de mer <b>sans rouiller<\/b>.<\/li>\n \t<li>Le tube du piquet pour toile ombrage est d\u2019un seul tenant ce qui <b>\u00e9vite des zones de faiblesse et garantit une r\u00e9sistance optimale.<\/b><\/li>\n \t<li>Le m\u00e2t n\u2019est pas rond mais ovo\u00efde, d\u2019une dimension de 8x11cm. Il reste donc <b>discret<\/b> dans votre jardin.<\/li>\n \t<li>Il est <b>r\u00e9glable en hauteur<\/b> gr\u00e2ce \u00e0 un rail sur toute la longueur du profil<\/li>\n \t<li>Quel que soit le type d\u2019embase choisi, le <strong>m\u00e2t toile tendue<\/strong> reste amovible<\/li>\n \t<li>Il peut \u00eatre inclin\u00e9 ou non, pour plus de <b>r\u00e9sistance et d\u2019esth\u00e9tisme<\/b><\/li>\n \t<li>Le <strong>poteau pour toile d\u2019ombrage<\/strong> est disponible dans 3 coloris dont le processus de teinture garantit une tenue :\n<ul>\n \t<li>Aluminium anodis\u00e9<\/li>\n \t<li>Thermolaqu\u00e9 Anthracite (RAL 7016)<\/li>\n \t<li>Thermolaqu\u00e9 Brun (RAL 7006)<\/li>\n<\/ul>\n<\/li>\n<\/ul>\nLe <strong>piquet voile ombrage aluminium<\/strong> est une solution compl\u00e8te qui est compatibles avec :\n<ul>\n \t<li>nos <span style=\"text-decoration: underline;\"><strong><a href=\"https:\/\/www.espace-ombrage.com\/fr\/content\/128-voile-dombrage-pas-chere\" target=\"_blank\" rel=\"noopener\">voiles ombrage pas ch\u00e8re micro-perfor\u00e9e<\/a> <a href=\"https:\/\/www.espace-ombrage.com\/fr\/voile-d-ombrage-resistante-au-vent\/100-australe-220.html\" target=\"_blank\" rel=\"noopener\">Australe 220<\/a><\/strong><\/span><\/li>\n \t<li>nos <a href=\"https:\/\/www.espace-ombrage.com\/fr\/voile-d-ombrage-resistante-au-vent\/120-australe-340.html\" target=\"_blank\" rel=\"noopener\"><span style=\"text-decoration: underline;\"><strong>toiles ombrage ajour\u00e9es Australe 340<\/strong><\/span><\/a><\/li>\n \t<li>nos <a href=\"https:\/\/www.espace-ombrage.com\/fr\/voile-d-ombrage-deperlante\/9398-voile-impermeable-solar-200.html\" target=\"_blank\" rel=\"noopener\"><strong><span style=\"text-decoration: underline;\">voiles imperm\u00e9ables pas ch\u00e8res Solar 200<\/span><\/strong><\/a><\/li>\n \t<li>nos<a href=\"https:\/\/www.espace-ombrage.com\/fr\/voile-d-ombrage-deperlante\/119-acryl-300.html\" target=\"_blank\" rel=\"noopener\"><span style=\"text-decoration: underline;\"><strong> toiles d\u00e9perlantes Acryl 300<\/strong><\/span><\/a><\/li>\n \t<li>nos <a href=\"https:\/\/www.espace-ombrage.com\/fr\/39-voile-enrouleur\" target=\"_blank\" rel=\"noopener\"><span style=\"text-decoration: underline;\"><strong>voiles \u00e0 enrouleur manuel<\/strong><\/span><\/a><\/li>\n<\/ul>\nToutes ces installations de qualit\u00e9 professionnelle sont tout aussi adapt\u00e9es aux lieux publics que pour les terrasses et jardins de particuliers.\n\nDe plus, il est disponible dans plusieurs d\u00e9clinaisons selon votre besoin :\t\t\t\t\t\t\t\t<\/div>\n\t\t\t\t<\/div>\n\t\t\t\t\t<\/div>\n\t\t<\/div>\n\t\t\t\t<div class=\"elementor-column elementor-col-50 elementor-top-column elementor-element elementor-element-1a69be86\" data-id=\"1a69be86\" data-element_type=\"column\" data-settings=\"{&quot;background_background&quot;:&quot;classic&quot;}\">\n\t\t\t<div class=\"elementor-widget-wrap elementor-element-populated\">\n\t\t\t\t\t\t<div class=\"elementor-element elementor-element-463177b1 elementor-widget-mobile__width-initial elementor-widget elementor-widget-spacer\" data-id=\"463177b1\" data-element_type=\"widget\" data-widget_type=\"spacer.default\">\n\t\t\t\t<div class=\"elementor-widget-container\">\n\t\t\t\t\t\t\t<div class=\"elementor-spacer\">\n\t\t\t<div class=\"elementor-spacer-inner\"><\/div>\n\t\t<\/div>\n\t\t\t\t\t\t<\/div>\n\t\t\t\t<\/div>\n\t\t\t\t\t<\/div>\n\t\t<\/div>\n\t\t\t\t\t<\/div>\n\t\t<\/section>\n\t\t\t\t<section class=\"elementor-section elementor-top-section elementor-element elementor-element-17045a45 elementor-section-full_width elementor-section-height-default elementor-section-height-default elementor-invisible\" data-id=\"17045a45\" data-element_type=\"section\" data-settings=\"{&quot;animation&quot;:&quot;fadeIn&quot;}\">\n\t\t\t\t\t\t<div class=\"elementor-container elementor-column-gap-no\">\n\t\t\t\t\t<div class=\"elementor-column elementor-col-50 elementor-top-column elementor-element elementor-element-27a0cc55 elementor-hidden-tablet elementor-hidden-mobile\" data-id=\"27a0cc55\" data-element_type=\"column\" data-settings=\"{&quot;background_background&quot;:&quot;classic&quot;}\">\n\t\t\t<div class=\"elementor-widget-wrap elementor-element-populated\">\n\t\t\t\t\t\t<div class=\"elementor-element elementor-element-19c3fbf8 elementor-widget elementor-widget-image\" data-id=\"19c3fbf8\" data-element_type=\"widget\" data-widget_type=\"image.default\">\n\t\t\t\t<div class=\"elementor-widget-container\">\n\t\t\t\t\t\t\t\t\t\t\t\t\t\t\t<img decoding=\"async\" width=\"1080\" height=\"1080\" src=\"https:\/\/www.espace-ombrage.com\/blog\/wp-content\/uploads\/2024\/10\/mat-voile-ombrage-a-fixer-contre-mur-ombrage-pergola-sur-mesure-restaurant.jpg\" class=\"attachment-full size-full wp-image-4827\" alt=\"M\u00e2ts voile d\u2019ombrage \u00e0 fixer contre un mur\" srcset=\"https:\/\/www.espace-ombrage.com\/blog\/wp-content\/uploads\/2024\/10\/mat-voile-ombrage-a-fixer-contre-mur-ombrage-pergola-sur-mesure-restaurant.jpg 1080w, https:\/\/www.espace-ombrage.com\/blog\/wp-content\/uploads\/2024\/10\/mat-voile-ombrage-a-fixer-contre-mur-ombrage-pergola-sur-mesure-restaurant-300x300.jpg 300w, https:\/\/www.espace-ombrage.com\/blog\/wp-content\/uploads\/2024\/10\/mat-voile-ombrage-a-fixer-contre-mur-ombrage-pergola-sur-mesure-restaurant-1024x1024.jpg 1024w, https:\/\/www.espace-ombrage.com\/blog\/wp-content\/uploads\/2024\/10\/mat-voile-ombrage-a-fixer-contre-mur-ombrage-pergola-sur-mesure-restaurant-150x150.jpg 150w, https:\/\/www.espace-ombrage.com\/blog\/wp-content\/uploads\/2024\/10\/mat-voile-ombrage-a-fixer-contre-mur-ombrage-pergola-sur-mesure-restaurant-768x768.jpg 768w\" sizes=\"(max-width: 1080px) 100vw, 1080px\" \/>\t\t\t\t\t\t\t\t\t\t\t\t\t\t\t<\/div>\n\t\t\t\t<\/div>\n\t\t\t\t\t<\/div>\n\t\t<\/div>\n\t\t\t\t<div class=\"elementor-column elementor-col-50 elementor-top-column elementor-element elementor-element-62579cb0\" data-id=\"62579cb0\" data-element_type=\"column\">\n\t\t\t<div class=\"elementor-widget-wrap elementor-element-populated\">\n\t\t\t\t\t\t<div class=\"elementor-element elementor-element-26f8eaa elementor-widget elementor-widget-heading\" data-id=\"26f8eaa\" data-element_type=\"widget\" data-widget_type=\"heading.default\">\n\t\t\t\t<div class=\"elementor-widget-container\">\n\t\t\t\t\t<h3 class=\"elementor-heading-title elementor-size-default\">Le mat voile d'ombrage \u00e0 sceller<\/h3>\t\t\t\t<\/div>\n\t\t\t\t<\/div>\n\t\t\t\t<div class=\"elementor-element elementor-element-7347610 elementor-widget elementor-widget-text-editor\" data-id=\"7347610\" data-element_type=\"widget\" data-widget_type=\"text-editor.default\">\n\t\t\t\t<div class=\"elementor-widget-container\">\n\t\t\t\t\t\t\t\t\t<p>La solution la plus r\u00e9sistante et la plus discr\u00e8te en hiver. Il faut <b>cr\u00e9er un plot b\u00e9ton de 40x40cm de section et 80cm de profondeur<\/b>. Une fois le fourreau scell\u00e9, il ne vous restera plus qu\u2019\u00e0 enfiler le renfort de 100cm puis le tube en aluminium de 300cm. Le <strong>m\u00e2t toile d\u2019ombrage<\/strong> fait donc <b>260cm de hauteur hors sol<\/b>.<\/p>\t\t\t\t\t\t\t\t<\/div>\n\t\t\t\t<\/div>\n\t\t\t\t<div class=\"elementor-element elementor-element-59affd15 elementor-widget elementor-widget-heading\" data-id=\"59affd15\" data-element_type=\"widget\" data-widget_type=\"heading.default\">\n\t\t\t\t<div class=\"elementor-widget-container\">\n\t\t\t\t\t<h3 class=\"elementor-heading-title elementor-size-default\">Le m\u00e2t voile d\u2019ombrage \u00e0 visser<\/h3>\t\t\t\t<\/div>\n\t\t\t\t<\/div>\n\t\t\t\t<div class=\"elementor-element elementor-element-5f2c766e elementor-widget elementor-widget-text-editor\" data-id=\"5f2c766e\" data-element_type=\"widget\" data-widget_type=\"text-editor.default\">\n\t\t\t\t<div class=\"elementor-widget-container\">\n\t\t\t\t\t\t\t\t\t<p>Une variante facile \u00e0 poser sur une dalle b\u00e9ton d\u00e9j\u00e0 existante. Il suffit de fixer l\u2019embase en 4 points puis d\u2019enfiler le <strong>poteau pour voile ombrage<\/strong>. Cette version existe en260cm de haut ou 300cm. <br \/>NB : Le <a href=\"https:\/\/www.espace-ombrage.com\/fr\/mats-et-accessoires\/6824-mat-reglable-xl-avec-hauban.html\" target=\"_blank\" rel=\"noopener\"><span style=\"text-decoration: underline;\"><strong>m\u00e2t voile d\u2019ombrage 3m XL<\/strong><\/span><\/a> de 300cm de haut est vendu avec un hauban \u00e0 installer 50cm derri\u00e8re le poteau<\/p>\t\t\t\t\t\t\t\t<\/div>\n\t\t\t\t<\/div>\n\t\t\t\t<div class=\"elementor-element elementor-element-2cfc32f elementor-widget elementor-widget-heading\" data-id=\"2cfc32f\" data-element_type=\"widget\" data-widget_type=\"heading.default\">\n\t\t\t\t<div class=\"elementor-widget-container\">\n\t\t\t\t\t<h3 class=\"elementor-heading-title elementor-size-default\">Le mat voile d\u2019ombrage fixation murale<\/h3>\t\t\t\t<\/div>\n\t\t\t\t<\/div>\n\t\t\t\t<div class=\"elementor-element elementor-element-72adebd elementor-widget elementor-widget-text-editor\" data-id=\"72adebd\" data-element_type=\"widget\" data-widget_type=\"text-editor.default\">\n\t\t\t\t<div class=\"elementor-widget-container\">\n\t\t\t\t\t\t\t\t\t<p>Si vous avez un mur de plus de 70cm de hauteur et que <a href=\"https:\/\/www.espace-ombrage.com\/blog\/comment-fixer-une-voile-dombrage-sans-percer\/\" target=\"_blank\" rel=\"noopener\"><span style=\"text-decoration: underline;\">vous ne pouvez pas ou ne voulez pas percer le sol<\/span><\/a>, alors cette solution est id\u00e9ale. Ce sont deux platines qui accueillent le poteau pour voile d\u2019ombrage. Cette version est \u00e9galement disponible en 260cm ou 300cm.<\/p>\t\t\t\t\t\t\t\t<\/div>\n\t\t\t\t<\/div>\n\t\t\t\t<div class=\"elementor-element elementor-element-a939f25 elementor-widget elementor-widget-heading\" data-id=\"a939f25\" data-element_type=\"widget\" data-widget_type=\"heading.default\">\n\t\t\t\t<div class=\"elementor-widget-container\">\n\t\t\t\t\t<h3 class=\"elementor-heading-title elementor-size-default\">Le mat \u00e0 lester<\/h3>\t\t\t\t<\/div>\n\t\t\t\t<\/div>\n\t\t\t\t<div class=\"elementor-element elementor-element-8dd4474 elementor-widget elementor-widget-text-editor\" data-id=\"8dd4474\" data-element_type=\"widget\" data-widget_type=\"text-editor.default\">\n\t\t\t\t<div class=\"elementor-widget-container\">\n\t\t\t\t\t\t\t\t\t<p>Le <a href=\"https:\/\/www.espace-ombrage.com\/fr\/mats-et-accessoires\/6811-support-pour-lest-en-acier-galvanise.html\" target=\"_blank\" rel=\"noopener\"><span style=\"text-decoration: underline;\">support pour lest<\/span><\/a> permet de cr\u00e9er des zones amovibles sans percer. Il faut pr\u00e9voir 15 \u00e0 20 dalles de 25kg et de dimensions 50x50cm pour chaque poteau. Nous vous recommandons de faire un coffrage en bois pour habiller ce <a href=\"https:\/\/www.espace-ombrage.com\/fr\/faq\/faqs\/fixation-voile-de-terrasse-sans-percage\" target=\"_blank\" rel=\"noopener\"><span style=\"text-decoration: underline;\"><strong>mat voile d&rsquo;ombrage sans percer<\/strong><\/span><\/a>.<\/p>\t\t\t\t\t\t\t\t<\/div>\n\t\t\t\t<\/div>\n\t\t\t\t\t<\/div>\n\t\t<\/div>\n\t\t\t\t\t<\/div>\n\t\t<\/section>\n\t\t\t\t<section class=\"elementor-section elementor-top-section elementor-element elementor-element-33be2245 elementor-section-full_width elementor-section-height-default elementor-section-height-default elementor-invisible\" data-id=\"33be2245\" data-element_type=\"section\" data-settings=\"{&quot;animation&quot;:&quot;fadeIn&quot;,&quot;background_background&quot;:&quot;classic&quot;}\">\n\t\t\t\t\t\t<div class=\"elementor-container elementor-column-gap-no\">\n\t\t\t\t\t<div class=\"elementor-column elementor-col-50 elementor-top-column elementor-element elementor-element-634ee101\" data-id=\"634ee101\" data-element_type=\"column\">\n\t\t\t<div class=\"elementor-widget-wrap elementor-element-populated\">\n\t\t\t\t\t\t<div class=\"elementor-element elementor-element-209b2528 elementor-widget elementor-widget-heading\" data-id=\"209b2528\" data-element_type=\"widget\" data-widget_type=\"heading.default\">\n\t\t\t\t<div class=\"elementor-widget-container\">\n\t\t\t\t\t<h2 class=\"elementor-heading-title elementor-size-default\">Le m\u00e2t voile d\u2019ombrage professionnel en acier galvanis\u00e9<\/h2>\t\t\t\t<\/div>\n\t\t\t\t<\/div>\n\t\t\t\t<div class=\"elementor-element elementor-element-40c251f8 elementor-widget elementor-widget-text-editor\" data-id=\"40c251f8\" data-element_type=\"widget\" data-widget_type=\"text-editor.default\">\n\t\t\t\t<div class=\"elementor-widget-container\">\n\t\t\t\t\t\t\t\t\t<p style=\"text-align: justify;\">Voici une deuxi\u00e8me solution de <strong>m\u00e2t pour voile d\u2019ombrage professionnel<\/strong>. C\u2019est une version qui est beaucoup plus robuste et r\u00e9serv\u00e9e aux professionnels.<\/p><p>Le <strong>m\u00e2t acier pour voile d\u2019ombrage galvanis\u00e9<\/strong> permet de gagner en robustesse. Ainsi, vous pourrez accrocher <b>plus de 28m2 de surface<\/b> de <a href=\"https:\/\/www.espace-ombrage.com\/fr\/3-voile-d-ombrage\" target=\"_blank\" rel=\"noopener\"><span style=\"text-decoration: underline;\"><strong>voile ombrage<\/strong><\/span><\/a> sans avoir besoin de hauban. Il faut pr\u00e9voir un plot b\u00e9ton de 50x50cm et 120cm de profondeur. L\u2019embase est \u00e0 visser, elle fait 30x30cm et doit \u00eatre fix\u00e9e en 6 points. Nous produisons ce<strong> poteau professionnel<\/strong> en s\u00e9rie d\u2019un diam\u00e8tre de 159mm et de 300cm de hauteur. Il est vendu avec deux anneaux en t\u00eate de <strong>m\u00e2t acier galva<\/strong>.<\/p><p><span style=\"text-decoration: underline;\">NB<\/span> : Nous pouvons nous adapter aux besoins sp\u00e9cifiques et produire un <strong>mat acier voile ombrage<\/strong> plus grand et\/ou de diam\u00e8tre plus important. Il vous suffit de nous faire une <a href=\"https:\/\/www.espace-ombrage.com\/fr\/content\/160-voile-d-ombrage-demandez-votre-devis-pour-les-voiles-australe-340-ou-acryl-300\" target=\"_blank\" rel=\"noopener\"><span style=\"text-decoration: underline;\">demande de devis<\/span><\/a>.<\/p>\t\t\t\t\t\t\t\t<\/div>\n\t\t\t\t<\/div>\n\t\t\t\t\t<\/div>\n\t\t<\/div>\n\t\t\t\t<div class=\"elementor-column elementor-col-50 elementor-top-column elementor-element elementor-element-50042fc4 elementor-hidden-tablet elementor-hidden-mobile\" data-id=\"50042fc4\" data-element_type=\"column\" data-settings=\"{&quot;background_background&quot;:&quot;classic&quot;}\">\n\t\t\t<div class=\"elementor-widget-wrap elementor-element-populated\">\n\t\t\t\t\t\t<div class=\"elementor-element elementor-element-6786fd11 elementor-widget elementor-widget-image\" data-id=\"6786fd11\" data-element_type=\"widget\" data-widget_type=\"image.default\">\n\t\t\t\t<div class=\"elementor-widget-container\">\n\t\t\t\t\t\t\t\t\t\t\t\t\t\t\t<img decoding=\"async\" width=\"1080\" height=\"1080\" src=\"https:\/\/www.espace-ombrage.com\/blog\/wp-content\/uploads\/2020\/02\/avantages-voiles-d-ombrage-couleurs.jpg\" class=\"attachment-full size-full wp-image-4586\" alt=\"Voiles d&#039;ombrages cour maternelle de plusieurs couleurs avec mat professionnel\" srcset=\"https:\/\/www.espace-ombrage.com\/blog\/wp-content\/uploads\/2020\/02\/avantages-voiles-d-ombrage-couleurs.jpg 1080w, https:\/\/www.espace-ombrage.com\/blog\/wp-content\/uploads\/2020\/02\/avantages-voiles-d-ombrage-couleurs-300x300.jpg 300w, https:\/\/www.espace-ombrage.com\/blog\/wp-content\/uploads\/2020\/02\/avantages-voiles-d-ombrage-couleurs-1024x1024.jpg 1024w, https:\/\/www.espace-ombrage.com\/blog\/wp-content\/uploads\/2020\/02\/avantages-voiles-d-ombrage-couleurs-150x150.jpg 150w, https:\/\/www.espace-ombrage.com\/blog\/wp-content\/uploads\/2020\/02\/avantages-voiles-d-ombrage-couleurs-768x768.jpg 768w\" sizes=\"(max-width: 1080px) 100vw, 1080px\" \/>\t\t\t\t\t\t\t\t\t\t\t\t\t\t\t<\/div>\n\t\t\t\t<\/div>\n\t\t\t\t\t<\/div>\n\t\t<\/div>\n\t\t\t\t\t<\/div>\n\t\t<\/section>\n\t\t\t\t<section class=\"elementor-section elementor-top-section elementor-element elementor-element-50c86136 elementor-section-full_width elementor-section-height-default elementor-section-height-default elementor-invisible\" data-id=\"50c86136\" data-element_type=\"section\" data-settings=\"{&quot;animation&quot;:&quot;fadeIn&quot;,&quot;background_background&quot;:&quot;classic&quot;}\">\n\t\t\t\t\t\t<div class=\"elementor-container elementor-column-gap-no\">\n\t\t\t\t\t<div class=\"elementor-column elementor-col-50 elementor-top-column elementor-element elementor-element-2a7b8a10 elementor-hidden-tablet elementor-hidden-mobile\" data-id=\"2a7b8a10\" data-element_type=\"column\" data-settings=\"{&quot;background_background&quot;:&quot;classic&quot;}\">\n\t\t\t<div class=\"elementor-widget-wrap elementor-element-populated\">\n\t\t\t\t\t\t<div class=\"elementor-element elementor-element-35b8991a elementor-widget elementor-widget-image\" data-id=\"35b8991a\" data-element_type=\"widget\" data-widget_type=\"image.default\">\n\t\t\t\t<div class=\"elementor-widget-container\">\n\t\t\t\t\t\t\t\t\t\t\t\t\t\t\t<img loading=\"lazy\" decoding=\"async\" width=\"1080\" height=\"1080\" src=\"https:\/\/www.espace-ombrage.com\/blog\/wp-content\/uploads\/2024\/06\/voile-design-espace-public.png\" class=\"attachment-full size-full wp-image-4035\" alt=\"Voile d&#039;ombrage professionnelle pour cour d&#039;\u00e9cole et espace publique avec des piquets en acier\" srcset=\"https:\/\/www.espace-ombrage.com\/blog\/wp-content\/uploads\/2024\/06\/voile-design-espace-public.png 1080w, https:\/\/www.espace-ombrage.com\/blog\/wp-content\/uploads\/2024\/06\/voile-design-espace-public-300x300.png 300w, https:\/\/www.espace-ombrage.com\/blog\/wp-content\/uploads\/2024\/06\/voile-design-espace-public-1024x1024.png 1024w, https:\/\/www.espace-ombrage.com\/blog\/wp-content\/uploads\/2024\/06\/voile-design-espace-public-150x150.png 150w, https:\/\/www.espace-ombrage.com\/blog\/wp-content\/uploads\/2024\/06\/voile-design-espace-public-768x768.png 768w\" sizes=\"(max-width: 1080px) 100vw, 1080px\" \/>\t\t\t\t\t\t\t\t\t\t\t\t\t\t\t<\/div>\n\t\t\t\t<\/div>\n\t\t\t\t\t<\/div>\n\t\t<\/div>\n\t\t\t\t<div class=\"elementor-column elementor-col-50 elementor-top-column elementor-element elementor-element-70725aae\" data-id=\"70725aae\" data-element_type=\"column\">\n\t\t\t<div class=\"elementor-widget-wrap elementor-element-populated\">\n\t\t\t\t\t\t<div class=\"elementor-element elementor-element-7c85e56b elementor-widget elementor-widget-text-editor\" data-id=\"7c85e56b\" data-element_type=\"widget\" data-widget_type=\"text-editor.default\">\n\t\t\t\t<div class=\"elementor-widget-container\">\n\t\t\t\t\t\t\t\t\t<p>Le m\u00e2t en acier galvanis\u00e9 pour toile professionnelle est une bonne option pour <a href=\"https:\/\/www.espace-ombrage.com\/fr\/content\/210-voiles-d-ombrage-pour-municipalite-creche-et-sante-publique\" target=\"_blank\" rel=\"noopener\"><span style=\"text-decoration: underline;\">les parcs de jeux et collectivit\u00e9s<\/span><\/a>. En effet, il s\u2019int\u00e8gre facilement dans ce genre d\u2019environnement, permet de cr\u00e9er des zones d\u2019ombres de surfaces importantes et ses accroches en hauteur emp\u00eachent les visiteurs de manipuler les voiles. D\u2019ailleurs, ces m\u00e2ts en acier galvanis\u00e9 sont compatibles avec nos <strong>voiles d\u2019ombrage avec c\u00e2ble<\/strong>. Ce sont des <strong>voiles d\u2019ombrage professionnelles semi-permanentes et micro-perfor\u00e9es<\/strong> qui r\u00e9sistent \u00e0 des vents sup\u00e9rieurs \u00e0 80km\/h qui peuvent \u00eatre produites dans des surfaces de :<\/p><ul><li>35m2 pour les <a href=\"https:\/\/www.espace-ombrage.com\/fr\/51-voile-d-ombrage-triangulaire\" target=\"_blank\" rel=\"noopener\"><span style=\"text-decoration: underline;\"><strong>voiles d\u2019ombrage triangulaires<\/strong><\/span><\/a><\/li><li>45m2 pour les <a href=\"https:\/\/www.espace-ombrage.com\/fr\/49-voile-d-ombrage-rectangulaire\" target=\"_blank\" rel=\"noopener\"><span style=\"text-decoration: underline;\"><strong>voiles ombrages rectangulaires<\/strong><\/span> <\/a>ou plus g\u00e9n\u00e9ralement quadrilat\u00e8res<\/li><li>55m2 pour les pentagones<\/li><\/ul>\t\t\t\t\t\t\t\t<\/div>\n\t\t\t\t<\/div>\n\t\t\t\t\t<\/div>\n\t\t<\/div>\n\t\t\t\t\t<\/div>\n\t\t<\/section>\n\t\t\t\t<section class=\"elementor-section elementor-top-section elementor-element elementor-element-a94f000 elementor-section-full_width elementor-section-height-min-height elementor-section-items-stretch elementor-section-content-middle elementor-section-height-default elementor-invisible\" data-id=\"a94f000\" data-element_type=\"section\" data-settings=\"{&quot;animation&quot;:&quot;fadeIn&quot;,&quot;background_background&quot;:&quot;classic&quot;}\">\n\t\t\t\t\t\t<div class=\"elementor-container elementor-column-gap-no\">\n\t\t\t\t\t<div class=\"elementor-column elementor-col-50 elementor-top-column elementor-element elementor-element-3927224e\" data-id=\"3927224e\" data-element_type=\"column\" data-settings=\"{&quot;background_background&quot;:&quot;classic&quot;}\">\n\t\t\t<div class=\"elementor-widget-wrap elementor-element-populated\">\n\t\t\t\t\t\t<div class=\"elementor-element elementor-element-6ba33b7b elementor-widget elementor-widget-text-editor\" data-id=\"6ba33b7b\" data-element_type=\"widget\" data-widget_type=\"text-editor.default\">\n\t\t\t\t<div class=\"elementor-widget-container\">\n\t\t\t\t\t\t\t\t\t<p>Vous souhaitez recevoir un projet en 3D et un devis pour \u00e9quiper votre terrasse? Envoyez-nous un plan de votre terrasse \u00e0 couvrir, qu\u2019il soit \u00e0 main lev\u00e9e ou un plan d\u2019architecte que vous avez ainsi que quelques photos et <a href=\"https:\/\/www.espace-ombrage.com\/fr\/content\/161-espace-pro\">demandez une \u00e9tude r\u00e9alis\u00e9e par nos experts.<\/a> Vous aurez un retour sous 72h, avec une projection en 3D de votre projet et un devis.\u00a0<\/p><p>Notre \u00e9quipe reste disponible par email \u00e0 <a href=\"mailto:contact@espace-ombrage.com\"><b>contact@espace-ombrage.com<\/b><\/a> ou par t\u00e9l\u00e9phone au <b>+33 3 62 27 60 60<\/b> pour r\u00e9pondre \u00e0 vos questions et vous accompagner dans votre projet.<\/p>\t\t\t\t\t\t\t\t<\/div>\n\t\t\t\t<\/div>\n\t\t\t\t\t<\/div>\n\t\t<\/div>\n\t\t\t\t<div class=\"elementor-column elementor-col-50 elementor-top-column elementor-element elementor-element-7abdde7c elementor-hidden-tablet elementor-hidden-mobile\" data-id=\"7abdde7c\" data-element_type=\"column\" data-settings=\"{&quot;background_background&quot;:&quot;classic&quot;}\">\n\t\t\t<div class=\"elementor-widget-wrap elementor-element-populated\">\n\t\t\t\t\t\t<div class=\"elementor-element elementor-element-30a65767 elementor-widget elementor-widget-image\" data-id=\"30a65767\" data-element_type=\"widget\" data-widget_type=\"image.default\">\n\t\t\t\t<div class=\"elementor-widget-container\">\n\t\t\t\t\t\t\t\t\t\t\t\t\t\t\t<img loading=\"lazy\" decoding=\"async\" width=\"1080\" height=\"1080\" src=\"https:\/\/www.espace-ombrage.com\/blog\/wp-content\/uploads\/2020\/02\/accessoire-housse-voile-sur-mesure-rangement.jpg\" class=\"attachment-full size-full wp-image-4560\" alt=\"Housse pour voile ombrage \u00e9lectrique sur mesure\" srcset=\"https:\/\/www.espace-ombrage.com\/blog\/wp-content\/uploads\/2020\/02\/accessoire-housse-voile-sur-mesure-rangement.jpg 1080w, https:\/\/www.espace-ombrage.com\/blog\/wp-content\/uploads\/2020\/02\/accessoire-housse-voile-sur-mesure-rangement-300x300.jpg 300w, https:\/\/www.espace-ombrage.com\/blog\/wp-content\/uploads\/2020\/02\/accessoire-housse-voile-sur-mesure-rangement-1024x1024.jpg 1024w, https:\/\/www.espace-ombrage.com\/blog\/wp-content\/uploads\/2020\/02\/accessoire-housse-voile-sur-mesure-rangement-150x150.jpg 150w, https:\/\/www.espace-ombrage.com\/blog\/wp-content\/uploads\/2020\/02\/accessoire-housse-voile-sur-mesure-rangement-768x768.jpg 768w\" sizes=\"(max-width: 1080px) 100vw, 1080px\" \/>\t\t\t\t\t\t\t\t\t\t\t\t\t\t\t<\/div>\n\t\t\t\t<\/div>\n\t\t\t\t\t<\/div>\n\t\t<\/div>\n\t\t\t\t\t<\/div>\n\t\t<\/section>\n\t\t\t\t<section class=\"elementor-section elementor-top-section elementor-element elementor-element-5918830 elementor-section-boxed elementor-section-height-default elementor-section-height-default\" data-id=\"5918830\" data-element_type=\"section\">\n\t\t\t\t\t\t<div class=\"elementor-container elementor-column-gap-default\">\n\t\t\t\t\t<div class=\"elementor-column elementor-col-100 elementor-top-column elementor-element elementor-element-4a1077da\" data-id=\"4a1077da\" data-element_type=\"column\">\n\t\t\t<div class=\"elementor-widget-wrap elementor-element-populated\">\n\t\t\t\t\t\t<div class=\"elementor-element elementor-element-5a97a84 elementor-share-buttons--view-icon elementor-share-buttons--shape-circle elementor-share-buttons--align-center elementor-share-buttons--skin-gradient elementor-grid-0 elementor-share-buttons--color-official elementor-widget elementor-widget-share-buttons\" data-id=\"5a97a84\" data-element_type=\"widget\" data-widget_type=\"share-buttons.default\">\n\t\t\t\t<div class=\"elementor-widget-container\">\n\t\t\t\t\t\t\t<div class=\"elementor-grid\">\n\t\t\t\t\t\t\t\t<div class=\"elementor-grid-item\">\n\t\t\t\t\t\t<div\n\t\t\t\t\t\t\tclass=\"elementor-share-btn elementor-share-btn_facebook\"\n\t\t\t\t\t\t\trole=\"button\"\n\t\t\t\t\t\t\ttabindex=\"0\"\n\t\t\t\t\t\t\taria-label=\"Partager sur facebook\"\n\t\t\t\t\t\t>\n\t\t\t\t\t\t\t\t\t\t\t\t\t\t\t<span class=\"elementor-share-btn__icon\">\n\t\t\t\t\t\t\t\t<i class=\"fab fa-facebook\" aria-hidden=\"true\"><\/i>\t\t\t\t\t\t\t<\/span>\n\t\t\t\t\t\t\t\t\t\t\t\t\t\t\t\t\t\t\t\t<\/div>\n\t\t\t\t\t<\/div>\n\t\t\t\t\t\t\t\t\t<div class=\"elementor-grid-item\">\n\t\t\t\t\t\t<div\n\t\t\t\t\t\t\tclass=\"elementor-share-btn elementor-share-btn_linkedin\"\n\t\t\t\t\t\t\trole=\"button\"\n\t\t\t\t\t\t\ttabindex=\"0\"\n\t\t\t\t\t\t\taria-label=\"Partager sur linkedin\"\n\t\t\t\t\t\t>\n\t\t\t\t\t\t\t\t\t\t\t\t\t\t\t<span class=\"elementor-share-btn__icon\">\n\t\t\t\t\t\t\t\t<i class=\"fab fa-linkedin\" aria-hidden=\"true\"><\/i>\t\t\t\t\t\t\t<\/span>\n\t\t\t\t\t\t\t\t\t\t\t\t\t\t\t\t\t\t\t\t<\/div>\n\t\t\t\t\t<\/div>\n\t\t\t\t\t\t\t\t\t<div class=\"elementor-grid-item\">\n\t\t\t\t\t\t<div\n\t\t\t\t\t\t\tclass=\"elementor-share-btn elementor-share-btn_whatsapp\"\n\t\t\t\t\t\t\trole=\"button\"\n\t\t\t\t\t\t\ttabindex=\"0\"\n\t\t\t\t\t\t\taria-label=\"Partager sur whatsapp\"\n\t\t\t\t\t\t>\n\t\t\t\t\t\t\t\t\t\t\t\t\t\t\t<span class=\"elementor-share-btn__icon\">\n\t\t\t\t\t\t\t\t<i class=\"fab fa-whatsapp\" aria-hidden=\"true\"><\/i>\t\t\t\t\t\t\t<\/span>\n\t\t\t\t\t\t\t\t\t\t\t\t\t\t\t\t\t\t\t\t<\/div>\n\t\t\t\t\t<\/div>\n\t\t\t\t\t\t<\/div>\n\t\t\t\t\t\t<\/div>\n\t\t\t\t<\/div>\n\t\t\t\t<div class=\"elementor-element elementor-element-23bd8106 elementor-post-navigation-borders-yes elementor-widget elementor-widget-post-navigation\" data-id=\"23bd8106\" data-element_type=\"widget\" data-widget_type=\"post-navigation.default\">\n\t\t\t\t<div class=\"elementor-widget-container\">\n\t\t\t\t\t\t\t<div class=\"elementor-post-navigation\">\n\t\t\t<div class=\"elementor-post-navigation__prev elementor-post-navigation__link\">\n\t\t\t\t<a href=\"https:\/\/www.espace-ombrage.com\/blog\/les-meilleures-pratiques-pour-installer-une-voile-dombrage-dans-une-cour-decole\/\" rel=\"prev\"><span class=\"post-navigation__arrow-wrapper post-navigation__arrow-prev\"><i class=\"fa fa-caret-left\" aria-hidden=\"true\"><\/i><span class=\"elementor-screen-only\">Pr\u00e9c\u00e9dent<\/span><\/span><span class=\"elementor-post-navigation__link__prev\"><span class=\"post-navigation__prev--label\">Pr\u00e9c\u00e9dent<\/span><span class=\"post-navigation__prev--title\">Les meilleures pratiques pour installer une voile d&rsquo;ombrage dans une cour d&rsquo;\u00e9cole ?<\/span><\/span><\/a>\t\t\t<\/div>\n\t\t\t\t\t\t\t<div class=\"elementor-post-navigation__separator-wrapper\">\n\t\t\t\t\t<div class=\"elementor-post-navigation__separator\"><\/div>\n\t\t\t\t<\/div>\n\t\t\t\t\t\t<div class=\"elementor-post-navigation__next elementor-post-navigation__link\">\n\t\t\t\t<a href=\"https:\/\/www.espace-ombrage.com\/blog\/comment-choisir-et-installer-sa-toile-de-pergola-sur-mesure\/\" rel=\"next\"><span class=\"elementor-post-navigation__link__next\"><span class=\"post-navigation__next--label\">Suivant<\/span><span class=\"post-navigation__next--title\">Comment choisir et installer sa toile de pergola sur mesure ?<\/span><\/span><span class=\"post-navigation__arrow-wrapper post-navigation__arrow-next\"><i class=\"fa fa-caret-right\" aria-hidden=\"true\"><\/i><span class=\"elementor-screen-only\">Suivant<\/span><\/span><\/a>\t\t\t<\/div>\n\t\t<\/div>\n\t\t\t\t\t\t<\/div>\n\t\t\t\t<\/div>\n\t\t\t\t\t<\/div>\n\t\t<\/div>\n\t\t\t\t\t<\/div>\n\t\t<\/section>\n\t\t\t\t<\/div>\n\t\t","protected":false},"excerpt":{"rendered":"<p>Le choix des m\u00e2ts et fixations pour voiles d\u2019ombrage est aussi important que la voile ombrage en elle-m\u00eame. D\u00e9couvrez la gamme compl\u00e8te propos\u00e9e par Espace Ombrage.<\/p>\n","protected":false},"author":2,"featured_media":5468,"comment_status":"open","ping_status":"open","sticky":false,"template":"","format":"standard","meta":{"footnotes":""},"categories":[10,5],"tags":[146,19,22,90,107,16,106,89],"class_list":["post-4823","post","type-post","status-publish","format-standard","has-post-thumbnail","hentry","category-espace-ombrage-en-b2b","category-nos-conseils","tag-mat-voile-dombrage-professionnel","tag-mat-voile-ombrage","tag-poteau-toile-ombrage","tag-professionnel","tag-professionnel-ombrage","tag-voile-dombrage","tag-voile-dombrage-professionnel","tag-voile-ombrage-professionnel"],"yoast_head":"<!-- This site is optimized with the Yoast SEO plugin v23.6 - https:\/\/yoast.com\/wordpress\/plugins\/seo\/ -->\n<title>Pourquoi opter pour des m\u00e2ts professionnels pour vos voiles d&#039;ombrage ? - Espace Ombrage<\/title>\n<meta name=\"description\" content=\"Il est important de choisir des mats professionnels p\u00e9rennes et s\u00e9curis\u00e9s pour profiter de l\u2019ombrage sur votre terrasse en toute s\u00e9r\u00e9nit\u00e9.\" \/>\n<meta name=\"robots\" content=\"index, follow, max-snippet:-1, max-image-preview:large, max-video-preview:-1\" \/>\n<link rel=\"canonical\" href=\"https:\/\/www.espace-ombrage.com\/blog\/pourquoi-opter-pour-des-mats-professionnels-pour-vos-voiles-dombrage\/\" \/>\n<meta property=\"og:locale\" content=\"fr_FR\" \/>\n<meta property=\"og:type\" content=\"article\" \/>\n<meta property=\"og:title\" content=\"Pourquoi opter pour des m\u00e2ts professionnels pour vos voiles d&#039;ombrage ? - Espace Ombrage\" \/>\n<meta property=\"og:description\" content=\"Il est important de choisir des mats professionnels p\u00e9rennes et s\u00e9curis\u00e9s pour profiter de l\u2019ombrage sur votre terrasse en toute s\u00e9r\u00e9nit\u00e9.\" \/>\n<meta property=\"og:url\" content=\"https:\/\/www.espace-ombrage.com\/blog\/pourquoi-opter-pour-des-mats-professionnels-pour-vos-voiles-dombrage\/\" \/>\n<meta property=\"og:site_name\" content=\"Espace Ombrage\" \/>\n<meta property=\"article:published_time\" content=\"2025-03-28T10:29:00+00:00\" \/>\n<meta property=\"article:modified_time\" content=\"2025-09-25T13:17:15+00:00\" \/>\n<meta property=\"og:image\" content=\"https:\/\/www.espace-ombrage.com\/blog\/wp-content\/uploads\/2025\/03\/toile-ombrage-gite.jpg\" \/>\n\t<meta property=\"og:image:width\" content=\"1080\" \/>\n\t<meta property=\"og:image:height\" content=\"1080\" \/>\n\t<meta property=\"og:image:type\" content=\"image\/jpeg\" \/>\n<meta name=\"author\" content=\"admin-ombrage\" \/>\n<meta name=\"twitter:card\" content=\"summary_large_image\" \/>\n<meta name=\"twitter:label1\" content=\"\u00c9crit par\" \/>\n\t<meta name=\"twitter:data1\" content=\"admin-ombrage\" \/>\n\t<meta name=\"twitter:label2\" content=\"Dur\u00e9e de lecture estim\u00e9e\" \/>\n\t<meta name=\"twitter:data2\" content=\"6 minutes\" \/>\n<script type=\"application\/ld+json\" class=\"yoast-schema-graph\">{\"@context\":\"https:\/\/schema.org\",\"@graph\":[{\"@type\":\"WebPage\",\"@id\":\"https:\/\/www.espace-ombrage.com\/blog\/pourquoi-opter-pour-des-mats-professionnels-pour-vos-voiles-dombrage\/\",\"url\":\"https:\/\/www.espace-ombrage.com\/blog\/pourquoi-opter-pour-des-mats-professionnels-pour-vos-voiles-dombrage\/\",\"name\":\"Pourquoi opter pour des m\u00e2ts professionnels pour vos voiles d'ombrage ? - Espace Ombrage\",\"isPartOf\":{\"@id\":\"https:\/\/www.espace-ombrage.com\/blog\/#website\"},\"primaryImageOfPage\":{\"@id\":\"https:\/\/www.espace-ombrage.com\/blog\/pourquoi-opter-pour-des-mats-professionnels-pour-vos-voiles-dombrage\/#primaryimage\"},\"image\":{\"@id\":\"https:\/\/www.espace-ombrage.com\/blog\/pourquoi-opter-pour-des-mats-professionnels-pour-vos-voiles-dombrage\/#primaryimage\"},\"thumbnailUrl\":\"https:\/\/www.espace-ombrage.com\/blog\/wp-content\/uploads\/2025\/03\/toile-ombrage-gite.jpg\",\"datePublished\":\"2025-03-28T10:29:00+00:00\",\"dateModified\":\"2025-09-25T13:17:15+00:00\",\"author\":{\"@id\":\"https:\/\/www.espace-ombrage.com\/blog\/#\/schema\/person\/9b223e71f82520b376e08b8d0d4c7691\"},\"description\":\"Il est important de choisir des mats professionnels p\u00e9rennes et s\u00e9curis\u00e9s pour profiter de l\u2019ombrage sur votre terrasse en toute s\u00e9r\u00e9nit\u00e9.\",\"breadcrumb\":{\"@id\":\"https:\/\/www.espace-ombrage.com\/blog\/pourquoi-opter-pour-des-mats-professionnels-pour-vos-voiles-dombrage\/#breadcrumb\"},\"inLanguage\":\"fr-FR\",\"potentialAction\":[{\"@type\":\"ReadAction\",\"target\":[\"https:\/\/www.espace-ombrage.com\/blog\/pourquoi-opter-pour-des-mats-professionnels-pour-vos-voiles-dombrage\/\"]}]},{\"@type\":\"ImageObject\",\"inLanguage\":\"fr-FR\",\"@id\":\"https:\/\/www.espace-ombrage.com\/blog\/pourquoi-opter-pour-des-mats-professionnels-pour-vos-voiles-dombrage\/#primaryimage\",\"url\":\"https:\/\/www.espace-ombrage.com\/blog\/wp-content\/uploads\/2025\/03\/toile-ombrage-gite.jpg\",\"contentUrl\":\"https:\/\/www.espace-ombrage.com\/blog\/wp-content\/uploads\/2025\/03\/toile-ombrage-gite.jpg\",\"width\":1080,\"height\":1080,\"caption\":\"Toile d'ombrage \u00e0 enrouleur ajour\u00e9e de coloris sable pour g\u00eetes et terrasses. La voile r\u00e9sistante au vent est fix\u00e9 gr\u00e2ce \u00e0 des m\u00e2ts\"},{\"@type\":\"BreadcrumbList\",\"@id\":\"https:\/\/www.espace-ombrage.com\/blog\/pourquoi-opter-pour-des-mats-professionnels-pour-vos-voiles-dombrage\/#breadcrumb\",\"itemListElement\":[{\"@type\":\"ListItem\",\"position\":1,\"name\":\"Espace Ombrage\",\"item\":\"https:\/\/www.espace-ombrage.com\/blog\/\"},{\"@type\":\"ListItem\",\"position\":2,\"name\":\"Pourquoi opter pour des m\u00e2ts professionnels pour vos voiles d&rsquo;ombrage ?\",\"item\":\"https:\/\/www.espace-ombrage.com\/blog\/pourquoi-opter-pour-des-mats-professionnels-pour-vos-voiles-dombrage\/\"}]},{\"@type\":\"WebSite\",\"@id\":\"https:\/\/www.espace-ombrage.com\/blog\/#website\",\"url\":\"https:\/\/www.espace-ombrage.com\/blog\/\",\"name\":\"Espace Ombrage\",\"description\":\"\",\"potentialAction\":[{\"@type\":\"SearchAction\",\"target\":{\"@type\":\"EntryPoint\",\"urlTemplate\":\"https:\/\/www.espace-ombrage.com\/blog\/?s={search_term_string}\"},\"query-input\":{\"@type\":\"PropertyValueSpecification\",\"valueRequired\":true,\"valueName\":\"search_term_string\"}}],\"inLanguage\":\"fr-FR\"},{\"@type\":\"Person\",\"@id\":\"https:\/\/www.espace-ombrage.com\/blog\/#\/schema\/person\/9b223e71f82520b376e08b8d0d4c7691\",\"name\":\"admin-ombrage\",\"image\":{\"@type\":\"ImageObject\",\"inLanguage\":\"fr-FR\",\"@id\":\"https:\/\/www.espace-ombrage.com\/blog\/#\/schema\/person\/image\/\",\"url\":\"https:\/\/secure.gravatar.com\/avatar\/da964888ae868660e9f41df5c83a352c8bbcfeb83d9ed86d4d1d93ca7b092bac?s=96&d=mm&r=g\",\"contentUrl\":\"https:\/\/secure.gravatar.com\/avatar\/da964888ae868660e9f41df5c83a352c8bbcfeb83d9ed86d4d1d93ca7b092bac?s=96&d=mm&r=g\",\"caption\":\"admin-ombrage\"},\"url\":\"https:\/\/www.espace-ombrage.com\/blog\/author\/admin-ombrage\/\"}]}<\/script>\n<!-- \/ Yoast SEO plugin. -->","yoast_head_json":{"title":"Pourquoi opter pour des m\u00e2ts professionnels pour vos voiles d'ombrage ? - Espace Ombrage","description":"Il est important de choisir des mats professionnels p\u00e9rennes et s\u00e9curis\u00e9s pour profiter de l\u2019ombrage sur votre terrasse en toute s\u00e9r\u00e9nit\u00e9.","robots":{"index":"index","follow":"follow","max-snippet":"max-snippet:-1","max-image-preview":"max-image-preview:large","max-video-preview":"max-video-preview:-1"},"canonical":"https:\/\/www.espace-ombrage.com\/blog\/pourquoi-opter-pour-des-mats-professionnels-pour-vos-voiles-dombrage\/","og_locale":"fr_FR","og_type":"article","og_title":"Pourquoi opter pour des m\u00e2ts professionnels pour vos voiles d'ombrage ? - Espace Ombrage","og_description":"Il est important de choisir des mats professionnels p\u00e9rennes et s\u00e9curis\u00e9s pour profiter de l\u2019ombrage sur votre terrasse en toute s\u00e9r\u00e9nit\u00e9.","og_url":"https:\/\/www.espace-ombrage.com\/blog\/pourquoi-opter-pour-des-mats-professionnels-pour-vos-voiles-dombrage\/","og_site_name":"Espace Ombrage","article_published_time":"2025-03-28T10:29:00+00:00","article_modified_time":"2025-09-25T13:17:15+00:00","og_image":[{"width":1080,"height":1080,"url":"https:\/\/www.espace-ombrage.com\/blog\/wp-content\/uploads\/2025\/03\/toile-ombrage-gite.jpg","type":"image\/jpeg"}],"author":"admin-ombrage","twitter_card":"summary_large_image","twitter_misc":{"\u00c9crit par":"admin-ombrage","Dur\u00e9e de lecture estim\u00e9e":"6 minutes"},"schema":{"@context":"https:\/\/schema.org","@graph":[{"@type":"WebPage","@id":"https:\/\/www.espace-ombrage.com\/blog\/pourquoi-opter-pour-des-mats-professionnels-pour-vos-voiles-dombrage\/","url":"https:\/\/www.espace-ombrage.com\/blog\/pourquoi-opter-pour-des-mats-professionnels-pour-vos-voiles-dombrage\/","name":"Pourquoi opter pour des m\u00e2ts professionnels pour vos voiles d'ombrage ? - Espace Ombrage","isPartOf":{"@id":"https:\/\/www.espace-ombrage.com\/blog\/#website"},"primaryImageOfPage":{"@id":"https:\/\/www.espace-ombrage.com\/blog\/pourquoi-opter-pour-des-mats-professionnels-pour-vos-voiles-dombrage\/#primaryimage"},"image":{"@id":"https:\/\/www.espace-ombrage.com\/blog\/pourquoi-opter-pour-des-mats-professionnels-pour-vos-voiles-dombrage\/#primaryimage"},"thumbnailUrl":"https:\/\/www.espace-ombrage.com\/blog\/wp-content\/uploads\/2025\/03\/toile-ombrage-gite.jpg","datePublished":"2025-03-28T10:29:00+00:00","dateModified":"2025-09-25T13:17:15+00:00","author":{"@id":"https:\/\/www.espace-ombrage.com\/blog\/#\/schema\/person\/9b223e71f82520b376e08b8d0d4c7691"},"description":"Il est important de choisir des mats professionnels p\u00e9rennes et s\u00e9curis\u00e9s pour profiter de l\u2019ombrage sur votre terrasse en toute s\u00e9r\u00e9nit\u00e9.","breadcrumb":{"@id":"https:\/\/www.espace-ombrage.com\/blog\/pourquoi-opter-pour-des-mats-professionnels-pour-vos-voiles-dombrage\/#breadcrumb"},"inLanguage":"fr-FR","potentialAction":[{"@type":"ReadAction","target":["https:\/\/www.espace-ombrage.com\/blog\/pourquoi-opter-pour-des-mats-professionnels-pour-vos-voiles-dombrage\/"]}]},{"@type":"ImageObject","inLanguage":"fr-FR","@id":"https:\/\/www.espace-ombrage.com\/blog\/pourquoi-opter-pour-des-mats-professionnels-pour-vos-voiles-dombrage\/#primaryimage","url":"https:\/\/www.espace-ombrage.com\/blog\/wp-content\/uploads\/2025\/03\/toile-ombrage-gite.jpg","contentUrl":"https:\/\/www.espace-ombrage.com\/blog\/wp-content\/uploads\/2025\/03\/toile-ombrage-gite.jpg","width":1080,"height":1080,"caption":"Toile d'ombrage \u00e0 enrouleur ajour\u00e9e de coloris sable pour g\u00eetes et terrasses. La voile r\u00e9sistante au vent est fix\u00e9 gr\u00e2ce \u00e0 des m\u00e2ts"},{"@type":"BreadcrumbList","@id":"https:\/\/www.espace-ombrage.com\/blog\/pourquoi-opter-pour-des-mats-professionnels-pour-vos-voiles-dombrage\/#breadcrumb","itemListElement":[{"@type":"ListItem","position":1,"name":"Espace Ombrage","item":"https:\/\/www.espace-ombrage.com\/blog\/"},{"@type":"ListItem","position":2,"name":"Pourquoi opter pour des m\u00e2ts professionnels pour vos voiles d&rsquo;ombrage ?","item":"https:\/\/www.espace-ombrage.com\/blog\/pourquoi-opter-pour-des-mats-professionnels-pour-vos-voiles-dombrage\/"}]},{"@type":"WebSite","@id":"https:\/\/www.espace-ombrage.com\/blog\/#website","url":"https:\/\/www.espace-ombrage.com\/blog\/","name":"Espace Ombrage","description":"","potentialAction":[{"@type":"SearchAction","target":{"@type":"EntryPoint","urlTemplate":"https:\/\/www.espace-ombrage.com\/blog\/?s={search_term_string}"},"query-input":{"@type":"PropertyValueSpecification","valueRequired":true,"valueName":"search_term_string"}}],"inLanguage":"fr-FR"},{"@type":"Person","@id":"https:\/\/www.espace-ombrage.com\/blog\/#\/schema\/person\/9b223e71f82520b376e08b8d0d4c7691","name":"admin-ombrage","image":{"@type":"ImageObject","inLanguage":"fr-FR","@id":"https:\/\/www.espace-ombrage.com\/blog\/#\/schema\/person\/image\/","url":"https:\/\/secure.gravatar.com\/avatar\/da964888ae868660e9f41df5c83a352c8bbcfeb83d9ed86d4d1d93ca7b092bac?s=96&d=mm&r=g","contentUrl":"https:\/\/secure.gravatar.com\/avatar\/da964888ae868660e9f41df5c83a352c8bbcfeb83d9ed86d4d1d93ca7b092bac?s=96&d=mm&r=g","caption":"admin-ombrage"},"url":"https:\/\/www.espace-ombrage.com\/blog\/author\/admin-ombrage\/"}]}},"_links":{"self":[{"href":"https:\/\/www.espace-ombrage.com\/blog\/wp-json\/wp\/v2\/posts\/4823","targetHints":{"allow":["GET"]}}],"collection":[{"href":"https:\/\/www.espace-ombrage.com\/blog\/wp-json\/wp\/v2\/posts"}],"about":[{"href":"https:\/\/www.espace-ombrage.com\/blog\/wp-json\/wp\/v2\/types\/post"}],"author":[{"embeddable":true,"href":"https:\/\/www.espace-ombrage.com\/blog\/wp-json\/wp\/v2\/users\/2"}],"replies":[{"embeddable":true,"href":"https:\/\/www.espace-ombrage.com\/blog\/wp-json\/wp\/v2\/comments?post=4823"}],"version-history":[{"count":24,"href":"https:\/\/www.espace-ombrage.com\/blog\/wp-json\/wp\/v2\/posts\/4823\/revisions"}],"predecessor-version":[{"id":5702,"href":"https:\/\/www.espace-ombrage.com\/blog\/wp-json\/wp\/v2\/posts\/4823\/revisions\/5702"}],"wp:featuredmedia":[{"embeddable":true,"href":"https:\/\/www.espace-ombrage.com\/blog\/wp-json\/wp\/v2\/media\/5468"}],"wp:attachment":[{"href":"https:\/\/www.espace-ombrage.com\/blog\/wp-json\/wp\/v2\/media?parent=4823"}],"wp:term":[{"taxonomy":"category","embeddable":true,"href":"https:\/\/www.espace-ombrage.com\/blog\/wp-json\/wp\/v2\/categories?post=4823"},{"taxonomy":"post_tag","embeddable":true,"href":"https:\/\/www.espace-ombrage.com\/blog\/wp-json\/wp\/v2\/tags?post=4823"}],"curies":[{"name":"wp","href":"https:\/\/api.w.org\/{rel}","templated":true}]}}