{"id":5003,"date":"2025-04-11T11:30:00","date_gmt":"2025-04-11T09:30:00","guid":{"rendered":"https:\/\/www.espace-ombrage.com\/blog\/?p=5003"},"modified":"2025-09-25T17:12:48","modified_gmt":"2025-09-25T15:12:48","slug":"creer-des-espaces-ombrages-modulables-pour-vos-evenements-en-exterieur","status":"publish","type":"post","link":"https:\/\/www.espace-ombrage.com\/blog\/creer-des-espaces-ombrages-modulables-pour-vos-evenements-en-exterieur\/","title":{"rendered":"Cr\u00e9er des espaces ombrag\u00e9s modulables pour vos \u00e9v\u00e9nements en ext\u00e9rieur"},"content":{"rendered":"\t\t<div data-elementor-type=\"wp-post\" data-elementor-id=\"5003\" class=\"elementor elementor-5003\" data-elementor-post-type=\"post\">\n\t\t\t\t\t\t<section class=\"elementor-section elementor-top-section elementor-element elementor-element-1933ef2b elementor-section-full_width elementor-section-content-bottom elementor-hidden-tablet elementor-section-height-default elementor-section-height-default\" data-id=\"1933ef2b\" data-element_type=\"section\">\n\t\t\t\t\t\t<div class=\"elementor-container elementor-column-gap-narrow\">\n\t\t\t\t\t<div class=\"elementor-column elementor-col-50 elementor-top-column elementor-element elementor-element-618e7f12\" data-id=\"618e7f12\" data-element_type=\"column\" data-settings=\"{&quot;background_background&quot;:&quot;classic&quot;}\">\n\t\t\t<div class=\"elementor-widget-wrap elementor-element-populated\">\n\t\t\t\t\t\t<div class=\"elementor-element elementor-element-810eb86 elementor-widget__width-initial elementor-widget elementor-widget-heading\" data-id=\"810eb86\" data-element_type=\"widget\" data-widget_type=\"heading.default\">\n\t\t\t\t<div class=\"elementor-widget-container\">\n\t\t\t\t\t<h1 class=\"elementor-heading-title elementor-size-default\">Cr\u00e9er des espaces ombrag\u00e9s modulables pour vos \u00e9v\u00e9nements en ext\u00e9rieur<\/h1>\t\t\t\t<\/div>\n\t\t\t\t<\/div>\n\t\t\t\t\t<\/div>\n\t\t<\/div>\n\t\t\t\t<div class=\"elementor-column elementor-col-25 elementor-top-column elementor-element elementor-element-7b63a215\" data-id=\"7b63a215\" data-element_type=\"column\">\n\t\t\t<div class=\"elementor-widget-wrap elementor-element-populated\">\n\t\t\t\t\t\t<div class=\"elementor-element elementor-element-1fed488c elementor-hidden-tablet elementor-hidden-mobile elementor-widget elementor-widget-image\" data-id=\"1fed488c\" data-element_type=\"widget\" data-widget_type=\"image.default\">\n\t\t\t\t<div class=\"elementor-widget-container\">\n\t\t\t\t\t\t\t\t\t\t\t\t\t\t\t<img fetchpriority=\"high\" decoding=\"async\" width=\"1080\" height=\"1080\" src=\"https:\/\/www.espace-ombrage.com\/blog\/wp-content\/uploads\/2024\/10\/voile-ombrage-ajouree-sur-place-publique-collectivites.jpg\" class=\"attachment-full size-full wp-image-5004\" alt=\"Des voiles d\u2019ombrage micro perfor\u00e9es et color\u00e9es sur une place publique pour collectivit\u00e9s et mairies\" srcset=\"https:\/\/www.espace-ombrage.com\/blog\/wp-content\/uploads\/2024\/10\/voile-ombrage-ajouree-sur-place-publique-collectivites.jpg 1080w, https:\/\/www.espace-ombrage.com\/blog\/wp-content\/uploads\/2024\/10\/voile-ombrage-ajouree-sur-place-publique-collectivites-300x300.jpg 300w, https:\/\/www.espace-ombrage.com\/blog\/wp-content\/uploads\/2024\/10\/voile-ombrage-ajouree-sur-place-publique-collectivites-1024x1024.jpg 1024w, https:\/\/www.espace-ombrage.com\/blog\/wp-content\/uploads\/2024\/10\/voile-ombrage-ajouree-sur-place-publique-collectivites-150x150.jpg 150w, https:\/\/www.espace-ombrage.com\/blog\/wp-content\/uploads\/2024\/10\/voile-ombrage-ajouree-sur-place-publique-collectivites-768x768.jpg 768w\" sizes=\"(max-width: 1080px) 100vw, 1080px\" \/>\t\t\t\t\t\t\t\t\t\t\t\t\t\t\t<\/div>\n\t\t\t\t<\/div>\n\t\t\t\t\t<\/div>\n\t\t<\/div>\n\t\t\t\t<div class=\"elementor-column elementor-col-25 elementor-top-column elementor-element elementor-element-321b86d5\" data-id=\"321b86d5\" data-element_type=\"column\">\n\t\t\t<div class=\"elementor-widget-wrap elementor-element-populated\">\n\t\t\t\t\t\t<div class=\"elementor-element elementor-element-5986aef7 elementor-widget-mobile__width-initial animated-slow elementor-widget-tablet__width-initial elementor-invisible elementor-widget elementor-widget-spacer\" data-id=\"5986aef7\" data-element_type=\"widget\" data-settings=\"{&quot;_animation&quot;:&quot;fadeInRight&quot;}\" data-widget_type=\"spacer.default\">\n\t\t\t\t<div class=\"elementor-widget-container\">\n\t\t\t\t\t\t\t<div class=\"elementor-spacer\">\n\t\t\t<div class=\"elementor-spacer-inner\"><\/div>\n\t\t<\/div>\n\t\t\t\t\t\t<\/div>\n\t\t\t\t<\/div>\n\t\t\t\t\t<\/div>\n\t\t<\/div>\n\t\t\t\t\t<\/div>\n\t\t<\/section>\n\t\t\t\t<section class=\"elementor-section elementor-top-section elementor-element elementor-element-36f2dc33 elementor-section-boxed elementor-section-height-default elementor-section-height-default elementor-invisible\" data-id=\"36f2dc33\" data-element_type=\"section\" data-settings=\"{&quot;animation&quot;:&quot;fadeIn&quot;}\">\n\t\t\t\t\t\t<div class=\"elementor-container elementor-column-gap-default\">\n\t\t\t\t\t<div class=\"elementor-column elementor-col-100 elementor-top-column elementor-element elementor-element-62c12e9d\" data-id=\"62c12e9d\" data-element_type=\"column\">\n\t\t\t<div class=\"elementor-widget-wrap elementor-element-populated\">\n\t\t\t\t\t\t<div class=\"elementor-element elementor-element-369fd52e elementor-widget__width-initial elementor-widget elementor-widget-text-editor\" data-id=\"369fd52e\" data-element_type=\"widget\" data-widget_type=\"text-editor.default\">\n\t\t\t\t<div class=\"elementor-widget-container\">\n\t\t\t\t\t\t\t\t\t<p>Que ce soit pour <a href=\"https:\/\/www.espace-ombrage.com\/fr\/content\/213-voiles-d-ombrage-pour-campings-et-loisirs\" target=\"_blank\" rel=\"noopener\"><span style=\"text-decoration: underline;\">des festivals, des rassemblements, des mariages ou tout autre \u00e9v\u00e9nement<\/span><\/a>, les <a href=\"https:\/\/www.espace-ombrage.com\/fr\/3-voile-d-ombrage\" target=\"_blank\" rel=\"noopener\"><span style=\"text-decoration: underline;\"><strong>voiles d\u2019ombrage<\/strong><\/span><\/a> peuvent \u00eatre une tr\u00e8s bonne solution tant pour cr\u00e9er des zones d\u2019ombre que pour prot\u00e9ger les convives de la pluie. Cet article vous pr\u00e9sentera des solutions cl\u00e9s en main pour cr\u00e9er des <b>aires d\u2019ombrage modulables pour des r\u00e9ceptions en ext\u00e9rieur<\/b> gr\u00e2ce \u00e0 des <a href=\"https:\/\/www.espace-ombrage.com\/fr\/mats-et-accessoires\/6811-support-pour-lest-en-acier-galvanise.html\" target=\"_blank\" rel=\"noopener\"><span style=\"text-decoration: underline;\"><strong>m\u00e2ts lest\u00e9s<\/strong><\/span><\/a> et des voiles d\u2019ombrage ajour\u00e9es ou d\u00e9perlantes.<\/p>\t\t\t\t\t\t\t\t<\/div>\n\t\t\t\t<\/div>\n\t\t\t\t<div class=\"elementor-element elementor-element-2f1fecfd elementor-align-center elementor-widget elementor-widget-button\" data-id=\"2f1fecfd\" data-element_type=\"widget\" data-widget_type=\"button.default\">\n\t\t\t\t<div class=\"elementor-widget-container\">\n\t\t\t\t\t\t\t\t\t<div class=\"elementor-button-wrapper\">\n\t\t\t\t\t<a class=\"elementor-button elementor-button-link elementor-size-sm\" href=\"https:\/\/www.espace-ombrage.com\/fr\/content\/161-espace-pro\" target=\"_blank\">\n\t\t\t\t\t\t<span class=\"elementor-button-content-wrapper\">\n\t\t\t\t\t\t\t\t\t<span class=\"elementor-button-text\">Je veux ma voile ombrage pour mon \u00e9v\u00e9nement<\/span>\n\t\t\t\t\t<\/span>\n\t\t\t\t\t<\/a>\n\t\t\t\t<\/div>\n\t\t\t\t\t\t\t\t<\/div>\n\t\t\t\t<\/div>\n\t\t\t\t\t<\/div>\n\t\t<\/div>\n\t\t\t\t\t<\/div>\n\t\t<\/section>\n\t\t\t\t<section class=\"elementor-section elementor-top-section elementor-element elementor-element-52b09769 elementor-section-full_width elementor-reverse-tablet elementor-reverse-mobile elementor-section-height-default elementor-section-height-default elementor-invisible\" data-id=\"52b09769\" data-element_type=\"section\" data-settings=\"{&quot;background_background&quot;:&quot;gradient&quot;,&quot;animation&quot;:&quot;fadeIn&quot;}\">\n\t\t\t\t\t\t<div class=\"elementor-container elementor-column-gap-no\">\n\t\t\t\t\t<div class=\"elementor-column elementor-col-50 elementor-top-column elementor-element elementor-element-2c8c350b\" data-id=\"2c8c350b\" data-element_type=\"column\">\n\t\t\t<div class=\"elementor-widget-wrap elementor-element-populated\">\n\t\t\t\t\t\t<div class=\"elementor-element elementor-element-1a8c21bb elementor-widget elementor-widget-heading\" data-id=\"1a8c21bb\" data-element_type=\"widget\" data-widget_type=\"heading.default\">\n\t\t\t\t<div class=\"elementor-widget-container\">\n\t\t\t\t\t<h2 class=\"elementor-heading-title elementor-size-default\">Quelle gamme de voile d\u2019ombrage choisir pour votre \u00e9v\u00e8nement ?<\/h2>\t\t\t\t<\/div>\n\t\t\t\t<\/div>\n\t\t\t\t<div class=\"elementor-element elementor-element-e045265 elementor-widget elementor-widget-text-editor\" data-id=\"e045265\" data-element_type=\"widget\" data-widget_type=\"text-editor.default\">\n\t\t\t\t<div class=\"elementor-widget-container\">\n\t\t\t\t\t\t\t\t\t<p>Il est tout d\u2019abord important de savoir \u00e0 quelle p\u00e9riode \u00e0 lieu la r\u00e9ception. En effet, les conditions m\u00e9t\u00e9orologiques conditionneront le choix des<strong> toiles ombrage.<\/strong><\/p><p>Chez <a href=\"https:\/\/www.espace-ombrage.com\/fr\/\" target=\"_blank\" rel=\"noopener\"><span style=\"text-decoration: underline;\">Espace Ombrage<\/span><\/a>, nous proposons des <a href=\"https:\/\/www.espace-ombrage.com\/fr\/9-voile-d-ombrage-resistante-au-vent\" target=\"_blank\" rel=\"noopener\"><span style=\"text-decoration: underline;\"><strong>voiles ombrage ajour\u00e9es<\/strong> <\/span><\/a>qui r\u00e9sistent aux vents tout en prot\u00e9geant efficacement des UV, telles que :<\/p><ul><li>L\u2019<a href=\"https:\/\/www.espace-ombrage.com\/fr\/voile-d-ombrage-resistante-au-vent\/100-australe-220.html\" target=\"_blank\" rel=\"noopener\"><span style=\"text-decoration: underline;\">Australe 220<\/span><\/a> : Une<a href=\"https:\/\/www.espace-ombrage.com\/fr\/content\/128-voile-dombrage-pas-chere\" target=\"_blank\" rel=\"noopener\"><span style=\"text-decoration: underline;\"><strong> voile d\u2019ombrage pas ch\u00e8re<\/strong><\/span><\/a> d\u2019un excellent rapport qualit\u00e9\/prix. Elle fait 220g\/m2, filtre jusqu\u2019\u00e0 90% des UV, elle est disponible dans 14 formats et 4 coloris. Cette <strong>voile d\u2019ombrage pour jardin<\/strong> est durable et r\u00e9pondra aux budgets contraints. Elle sera une alli\u00e9e excellente pour des <b>\u00e9v\u00e9nements ext\u00e9rieurs ponctuels.<\/b><\/li><li>L\u2019<a href=\"https:\/\/www.espace-ombrage.com\/fr\/voile-d-ombrage-resistante-au-vent\/120-australe-340.html\" target=\"_blank\" rel=\"noopener\"><span style=\"text-decoration: underline;\">Australe 340<\/span><\/a> : Si vous souhaitez une <a href=\"https:\/\/www.espace-ombrage.com\/fr\/content\/50-protection-soleil-voile-ombrage\" target=\"_blank\" rel=\"noopener\"><span style=\"text-decoration: underline;\"><strong>voile solaire<\/strong><\/span><\/a> plus durable et plus r\u00e9sistante aux vents, orientez-vous vers cette <strong>voile ombrage micro perfor\u00e9e haut de gamme<\/strong>. Elle p\u00e8se 340g\/m2, est renforc\u00e9e aux angles, disponible en formats standards ou en sur-mesure et dans 12 coloris. Elle filtre jusqu&rsquo;\u00e0 97% des UV.<\/li><\/ul><p>Ces deux premi\u00e8res gammes de voiles sont des solutions parfaites pour cr\u00e9er des <b>zones de fra\u00eecheur \u00e0 l\u2019abri des UV.<\/b> Elles sont faciles d\u2019utilisation, r\u00e9sistent bien aux vents et peuvent \u00eatre install\u00e9es \u00e0 l\u2019horizontal puisque l\u2019eau et l\u2019air traversent. Les voiles jardin sont trait\u00e9es contre la pluie donc elles ne s&rsquo;ab\u00eemeront pas sous l\u2019effet de l\u2019eau.<\/p>\t\t\t\t\t\t\t\t<\/div>\n\t\t\t\t<\/div>\n\t\t\t\t\t<\/div>\n\t\t<\/div>\n\t\t\t\t<div class=\"elementor-column elementor-col-50 elementor-top-column elementor-element elementor-element-39dcbacf\" data-id=\"39dcbacf\" data-element_type=\"column\" data-settings=\"{&quot;background_background&quot;:&quot;classic&quot;}\">\n\t\t\t<div class=\"elementor-widget-wrap elementor-element-populated\">\n\t\t\t\t\t\t<div class=\"elementor-element elementor-element-16401aab elementor-widget-mobile__width-initial elementor-widget elementor-widget-spacer\" data-id=\"16401aab\" data-element_type=\"widget\" data-widget_type=\"spacer.default\">\n\t\t\t\t<div class=\"elementor-widget-container\">\n\t\t\t\t\t\t\t<div class=\"elementor-spacer\">\n\t\t\t<div class=\"elementor-spacer-inner\"><\/div>\n\t\t<\/div>\n\t\t\t\t\t\t<\/div>\n\t\t\t\t<\/div>\n\t\t\t\t\t<\/div>\n\t\t<\/div>\n\t\t\t\t\t<\/div>\n\t\t<\/section>\n\t\t\t\t<section class=\"elementor-section elementor-top-section elementor-element elementor-element-2e0f4b49 elementor-section-full_width elementor-section-height-default elementor-section-height-default elementor-invisible\" data-id=\"2e0f4b49\" data-element_type=\"section\" data-settings=\"{&quot;animation&quot;:&quot;fadeIn&quot;}\">\n\t\t\t\t\t\t<div class=\"elementor-container elementor-column-gap-no\">\n\t\t\t\t\t<div class=\"elementor-column elementor-col-50 elementor-top-column elementor-element elementor-element-3e2db9ae elementor-hidden-tablet elementor-hidden-mobile\" data-id=\"3e2db9ae\" data-element_type=\"column\" data-settings=\"{&quot;background_background&quot;:&quot;classic&quot;}\">\n\t\t\t<div class=\"elementor-widget-wrap elementor-element-populated\">\n\t\t\t\t\t\t<div class=\"elementor-element elementor-element-5a5404a9 elementor-widget elementor-widget-image\" data-id=\"5a5404a9\" data-element_type=\"widget\" data-widget_type=\"image.default\">\n\t\t\t\t<div class=\"elementor-widget-container\">\n\t\t\t\t\t\t\t\t\t\t\t\t\t\t\t<img decoding=\"async\" width=\"1080\" height=\"1080\" src=\"https:\/\/www.espace-ombrage.com\/blog\/wp-content\/uploads\/2024\/03\/toiles-ombrage-triangles-guinguette-nuit.png\" class=\"attachment-full size-full wp-image-3542\" alt=\"Voiles d\u2019ombrage triangulaires avec guirlande pour une guinguette pendant une douce nuit d\u2019\u00e9t\u00e9\" srcset=\"https:\/\/www.espace-ombrage.com\/blog\/wp-content\/uploads\/2024\/03\/toiles-ombrage-triangles-guinguette-nuit.png 1080w, https:\/\/www.espace-ombrage.com\/blog\/wp-content\/uploads\/2024\/03\/toiles-ombrage-triangles-guinguette-nuit-300x300.png 300w, https:\/\/www.espace-ombrage.com\/blog\/wp-content\/uploads\/2024\/03\/toiles-ombrage-triangles-guinguette-nuit-1024x1024.png 1024w, https:\/\/www.espace-ombrage.com\/blog\/wp-content\/uploads\/2024\/03\/toiles-ombrage-triangles-guinguette-nuit-150x150.png 150w, https:\/\/www.espace-ombrage.com\/blog\/wp-content\/uploads\/2024\/03\/toiles-ombrage-triangles-guinguette-nuit-768x768.png 768w\" sizes=\"(max-width: 1080px) 100vw, 1080px\" \/>\t\t\t\t\t\t\t\t\t\t\t\t\t\t\t<\/div>\n\t\t\t\t<\/div>\n\t\t\t\t\t<\/div>\n\t\t<\/div>\n\t\t\t\t<div class=\"elementor-column elementor-col-50 elementor-top-column elementor-element elementor-element-4d2f374b\" data-id=\"4d2f374b\" data-element_type=\"column\">\n\t\t\t<div class=\"elementor-widget-wrap elementor-element-populated\">\n\t\t\t\t\t\t<div class=\"elementor-element elementor-element-56965b29 elementor-widget elementor-widget-text-editor\" data-id=\"56965b29\" data-element_type=\"widget\" data-widget_type=\"text-editor.default\">\n\t\t\t\t<div class=\"elementor-widget-container\">\n\t\t\t\t\t\t\t\t\t<p>Si vous souhaitez que les personnes soient \u00e9galement prot\u00e9g\u00e9es de la pluie, nous avons la solution ad\u00e9quate :<\/p><ul><li>La <a href=\"https:\/\/www.espace-ombrage.com\/fr\/voile-d-ombrage-deperlante\/9398-voile-impermeable-solar-200.html\" target=\"_blank\" rel=\"noopener\"><span style=\"text-decoration: underline;\">Solar 200<\/span><\/a> : Elle fait 200g\/m2, disponibles en taille standard, elle r\u00e9siste \u00e0 des vents jusqu\u2019\u00e0 60km\/h. Elle est disponible dans 12 formats et 4 coloris. Cette <strong>voile ombrage pas cher<\/strong> accessible en termes de prix et filtre jusqu\u2019\u00e0 90% des UV.<\/li><li>L\u2019<a href=\"https:\/\/www.espace-ombrage.com\/fr\/voile-d-ombrage-deperlante\/119-acryl-300.html\" target=\"_blank\" rel=\"noopener\"><span style=\"text-decoration: underline;\">Acryl 300<\/span><\/a> : Une voile imperm\u00e9able qui fait 300g\/m2, disponible en formats standards ou sur-mesure. Elle est disponible dans 25 coloris et filtre jusqu\u2019a 97% des UV.<\/li><\/ul><p>Ces deux <a href=\"https:\/\/www.espace-ombrage.com\/fr\/10-voile-d-ombrage-deperlante\" target=\"_blank\" rel=\"noopener\"><span style=\"text-decoration: underline;\"><strong>voiles d\u2019ombrage imperm\u00e9ables<\/strong><\/span><\/a> sont les solutions de pr\u00e9dilection si vous souhaitez une zone d\u2019ombre avec en plus <b>une protection \u00e0 la pluie.<\/b><\/p><p><span style=\"text-decoration: underline;\">Attention<\/span> : Puisque l\u2019eau et l\u2019air ne traversent pas, ces <a href=\"https:\/\/www.espace-ombrage.com\/fr\/content\/129-voile-dombrage-impermeable\" target=\"_blank\" rel=\"noopener\"><span style=\"text-decoration: underline;\"><strong>voiles ombrage d\u00e9perlantes<\/strong><\/span><\/a> sont plus sensibles aux vents et n\u00e9cessitent <b>une pente de 25% pour l\u2019\u00e9vacuation de l\u2019eau<\/b>.<\/p><p>Si vous voulez gagner en modularit\u00e9, il peut \u00eatre int\u00e9ressant de choisir des<a href=\"https:\/\/www.espace-ombrage.com\/fr\/39-voile-enrouleur\" target=\"_blank\" rel=\"noopener\"><strong> <u>voiles d\u2019ombrage avec enrouleur manuel.<\/u><\/strong><\/a> Cette option est disponible avec les voiles Australe 340 ou Acryl 300 dans les formats standards ou en sur-mesure. Cette option permet d\u2019enrouler ou de d\u00e9rouler la toile ombrage en une minute, en cas de vent ou tout simplement pour pouvoir profiter du soleil.<\/p>\t\t\t\t\t\t\t\t<\/div>\n\t\t\t\t<\/div>\n\t\t\t\t\t<\/div>\n\t\t<\/div>\n\t\t\t\t\t<\/div>\n\t\t<\/section>\n\t\t\t\t<section class=\"elementor-section elementor-top-section elementor-element elementor-element-70384fa6 elementor-section-full_width elementor-section-height-default elementor-section-height-default elementor-invisible\" data-id=\"70384fa6\" data-element_type=\"section\" data-settings=\"{&quot;animation&quot;:&quot;fadeIn&quot;,&quot;background_background&quot;:&quot;classic&quot;}\">\n\t\t\t\t\t\t<div class=\"elementor-container elementor-column-gap-no\">\n\t\t\t\t\t<div class=\"elementor-column elementor-col-50 elementor-top-column elementor-element elementor-element-4176103d\" data-id=\"4176103d\" data-element_type=\"column\">\n\t\t\t<div class=\"elementor-widget-wrap elementor-element-populated\">\n\t\t\t\t\t\t<div class=\"elementor-element elementor-element-5016f5d3 elementor-widget elementor-widget-heading\" data-id=\"5016f5d3\" data-element_type=\"widget\" data-widget_type=\"heading.default\">\n\t\t\t\t<div class=\"elementor-widget-container\">\n\t\t\t\t\t<h2 class=\"elementor-heading-title elementor-size-default\">Quels kits m\u00e2ts pour voile d'ombrage choisir ?<\/h2>\t\t\t\t<\/div>\n\t\t\t\t<\/div>\n\t\t\t\t<div class=\"elementor-element elementor-element-4b8e9639 elementor-widget elementor-widget-text-editor\" data-id=\"4b8e9639\" data-element_type=\"widget\" data-widget_type=\"text-editor.default\">\n\t\t\t\t<div class=\"elementor-widget-container\">\n\t\t\t\t\t\t\t\t\t<p style=\"text-align: justify;\">Diff\u00e9rents types de m\u00e2ts pour toile ombrage sont propos\u00e9s chez Espace Ombrage pour r\u00e9pondre \u00e0 vos besoins, m\u00eame plus sp\u00e9cifiques. <\/p>\t\t\t\t\t\t\t\t<\/div>\n\t\t\t\t<\/div>\n\t\t\t\t<div class=\"elementor-element elementor-element-5bd754fc elementor-widget elementor-widget-heading\" data-id=\"5bd754fc\" data-element_type=\"widget\" data-widget_type=\"heading.default\">\n\t\t\t\t<div class=\"elementor-widget-container\">\n\t\t\t\t\t<h3 class=\"elementor-heading-title elementor-size-default\">Les m\u00e2ts aluminium pour voile d\u2018ombrage Espace Ombrage<\/h3>\t\t\t\t<\/div>\n\t\t\t\t<\/div>\n\t\t\t\t<div class=\"elementor-element elementor-element-deff676 elementor-widget elementor-widget-text-editor\" data-id=\"deff676\" data-element_type=\"widget\" data-widget_type=\"text-editor.default\">\n\t\t\t\t<div class=\"elementor-widget-container\">\n\t\t\t\t\t\t\t\t\t<p>Nos <a href=\"https:\/\/www.espace-ombrage.com\/fr\/mats-et-accessoires\/10-mat-reglable-pour-voile-d-ombrage.html\" target=\"_blank\" rel=\"noopener\"><span style=\"text-decoration: underline;\"><strong>m\u00e2ts pour voiles ombrage<\/strong><\/span><\/a> sont tous amovibles quelle que soit l\u2019embase choisie (\u00e0 sceller, platine murales ou \u00e0 visser). Pour faire votre choix sur le type de poteau \u00e0 choisir, nous avons \u00e9crit un article de blog d\u00e9di\u00e9 : <a href=\"https:\/\/www.espace-ombrage.com\/blog\/quel-poteau-pour-voile-dombrage\/\" target=\"_blank\" rel=\"noopener\"><span style=\"text-decoration: underline;\"><strong>Quel poteau pour voile d\u2019ombrage ?<\/strong><\/span><\/a><\/p><p>Chaque <a href=\"https:\/\/www.espace-ombrage.com\/fr\/22-kit-mat-poteau-pour-voile-d-ombrage\" target=\"_blank\" rel=\"noopener\"><span style=\"text-decoration: underline;\"><strong>m\u00e2t pour voile ombrage<\/strong><\/span><\/a> est vendu avec son <a href=\"https:\/\/www.espace-ombrage.com\/fr\/fixations-pour-voile-d-ombrage\/15-systeme-de-tension.html\" target=\"_blank\" rel=\"noopener\"><span style=\"text-decoration: underline;\">syst\u00e8me de tension<\/span><\/a> (kit de poulies avec une corde nautique) pour tendre la voile jardin et ajuster les distances de tension selon le besoin. I<b>l est important de bien tendre une voile ombrage pour garantir sa bonne r\u00e9sistance au vent et l\u2019\u00e9vacuation de l\u2019eau pour les toiles imperm\u00e9ables<\/b>. De plus, les syst\u00e8mes de tension sur ces <a href=\"https:\/\/www.espace-ombrage.com\/fr\/14-mats-et-accessoires\" target=\"_blank\" rel=\"noopener\"><span style=\"text-decoration: underline;\"><strong>piquets pour toile solaire<\/strong><\/span><\/a> vous permettront de vous adapter \u00e0 l\u2019installation souhait\u00e9e et de rendre votre implantation toujours plus modulaire.<\/p>\t\t\t\t\t\t\t\t<\/div>\n\t\t\t\t<\/div>\n\t\t\t\t\t<\/div>\n\t\t<\/div>\n\t\t\t\t<div class=\"elementor-column elementor-col-50 elementor-top-column elementor-element elementor-element-4fd697d1 elementor-hidden-tablet elementor-hidden-mobile\" data-id=\"4fd697d1\" data-element_type=\"column\" data-settings=\"{&quot;background_background&quot;:&quot;classic&quot;}\">\n\t\t\t<div class=\"elementor-widget-wrap elementor-element-populated\">\n\t\t\t\t\t\t<div class=\"elementor-element elementor-element-552907ce elementor-widget elementor-widget-image\" data-id=\"552907ce\" data-element_type=\"widget\" data-widget_type=\"image.default\">\n\t\t\t\t<div class=\"elementor-widget-container\">\n\t\t\t\t\t\t\t\t\t\t\t\t\t\t\t<img decoding=\"async\" width=\"1080\" height=\"1080\" src=\"https:\/\/www.espace-ombrage.com\/blog\/wp-content\/uploads\/2024\/10\/voile-d-ombrage-deperlante-evenement-exterieur.jpg\" class=\"attachment-full size-full wp-image-5014\" alt=\"Voile d\u2019ombrage d\u00e9perlante pour un \u00e9v\u00e9nement ext\u00e9rieur sur une plage\" srcset=\"https:\/\/www.espace-ombrage.com\/blog\/wp-content\/uploads\/2024\/10\/voile-d-ombrage-deperlante-evenement-exterieur.jpg 1080w, https:\/\/www.espace-ombrage.com\/blog\/wp-content\/uploads\/2024\/10\/voile-d-ombrage-deperlante-evenement-exterieur-300x300.jpg 300w, https:\/\/www.espace-ombrage.com\/blog\/wp-content\/uploads\/2024\/10\/voile-d-ombrage-deperlante-evenement-exterieur-1024x1024.jpg 1024w, https:\/\/www.espace-ombrage.com\/blog\/wp-content\/uploads\/2024\/10\/voile-d-ombrage-deperlante-evenement-exterieur-150x150.jpg 150w, https:\/\/www.espace-ombrage.com\/blog\/wp-content\/uploads\/2024\/10\/voile-d-ombrage-deperlante-evenement-exterieur-768x768.jpg 768w\" sizes=\"(max-width: 1080px) 100vw, 1080px\" \/>\t\t\t\t\t\t\t\t\t\t\t\t\t\t\t<\/div>\n\t\t\t\t<\/div>\n\t\t\t\t\t<\/div>\n\t\t<\/div>\n\t\t\t\t\t<\/div>\n\t\t<\/section>\n\t\t\t\t<section class=\"elementor-section elementor-top-section elementor-element elementor-element-678c82b elementor-section-full_width elementor-section-height-default elementor-section-height-default elementor-invisible\" data-id=\"678c82b\" data-element_type=\"section\" data-settings=\"{&quot;animation&quot;:&quot;fadeIn&quot;,&quot;background_background&quot;:&quot;classic&quot;}\">\n\t\t\t\t\t\t<div class=\"elementor-container elementor-column-gap-no\">\n\t\t\t\t\t<div class=\"elementor-column elementor-col-50 elementor-top-column elementor-element elementor-element-46a302f elementor-hidden-tablet elementor-hidden-mobile\" data-id=\"46a302f\" data-element_type=\"column\" data-settings=\"{&quot;background_background&quot;:&quot;classic&quot;}\">\n\t\t\t<div class=\"elementor-widget-wrap elementor-element-populated\">\n\t\t\t\t\t\t<div class=\"elementor-element elementor-element-28bba7c4 elementor-widget elementor-widget-image\" data-id=\"28bba7c4\" data-element_type=\"widget\" data-widget_type=\"image.default\">\n\t\t\t\t<div class=\"elementor-widget-container\">\n\t\t\t\t\t\t\t\t\t\t\t\t\t\t\t<img loading=\"lazy\" decoding=\"async\" width=\"1080\" height=\"1080\" src=\"https:\/\/www.espace-ombrage.com\/blog\/wp-content\/uploads\/2024\/10\/mat-a-lester-voile-ombrage-collectivite-pour-place-public.jpg\" class=\"attachment-full size-full wp-image-5013\" alt=\"Mats pour voile ombrage \u00e0 lester avec voiles d\u2019ombrage sur une place publique\" srcset=\"https:\/\/www.espace-ombrage.com\/blog\/wp-content\/uploads\/2024\/10\/mat-a-lester-voile-ombrage-collectivite-pour-place-public.jpg 1080w, https:\/\/www.espace-ombrage.com\/blog\/wp-content\/uploads\/2024\/10\/mat-a-lester-voile-ombrage-collectivite-pour-place-public-300x300.jpg 300w, https:\/\/www.espace-ombrage.com\/blog\/wp-content\/uploads\/2024\/10\/mat-a-lester-voile-ombrage-collectivite-pour-place-public-1024x1024.jpg 1024w, https:\/\/www.espace-ombrage.com\/blog\/wp-content\/uploads\/2024\/10\/mat-a-lester-voile-ombrage-collectivite-pour-place-public-150x150.jpg 150w, https:\/\/www.espace-ombrage.com\/blog\/wp-content\/uploads\/2024\/10\/mat-a-lester-voile-ombrage-collectivite-pour-place-public-768x768.jpg 768w\" sizes=\"(max-width: 1080px) 100vw, 1080px\" \/>\t\t\t\t\t\t\t\t\t\t\t\t\t\t\t<\/div>\n\t\t\t\t<\/div>\n\t\t\t\t\t<\/div>\n\t\t<\/div>\n\t\t\t\t<div class=\"elementor-column elementor-col-50 elementor-top-column elementor-element elementor-element-1d1dabf5\" data-id=\"1d1dabf5\" data-element_type=\"column\">\n\t\t\t<div class=\"elementor-widget-wrap elementor-element-populated\">\n\t\t\t\t\t\t<div class=\"elementor-element elementor-element-328d0ab elementor-widget elementor-widget-heading\" data-id=\"328d0ab\" data-element_type=\"widget\" data-widget_type=\"heading.default\">\n\t\t\t\t<div class=\"elementor-widget-container\">\n\t\t\t\t\t<h3 class=\"elementor-heading-title elementor-size-default\">Le support pour lest pour m\u00e2t de voile d\u2019ombrage<\/h3>\t\t\t\t<\/div>\n\t\t\t\t<\/div>\n\t\t\t\t<div class=\"elementor-element elementor-element-253a5bc elementor-widget elementor-widget-text-editor\" data-id=\"253a5bc\" data-element_type=\"widget\" data-widget_type=\"text-editor.default\">\n\t\t\t\t<div class=\"elementor-widget-container\">\n\t\t\t\t\t\t\t\t\t<p>Pour gagner encore plus en adaptabilit\u00e9 et vous proposer une solution qui puisse \u00eatre install\u00e9e de mani\u00e8re \u00e9ph\u00e9m\u00e8re, nous vous recommandons de choisir un <strong>m\u00e2t pour voile d\u2019ombrage \u00e0 visser<\/strong> avec son support \u00e0 lester. Ce support fait 110 x 50cm et il faut pr\u00e9voir 15 \u00e0 20 dalles en b\u00e9ton de 50x50cm pour le bon maintien de la <a href=\"https:\/\/www.espace-ombrage.com\/fr\/content\/47-voile-d-ombrage-toiles-tendues-toiles-d-ombrage-voiles-d-ombre\" target=\"_blank\" rel=\"noopener\"><span style=\"text-decoration: underline;\"><strong>toile tendue<\/strong><\/span><\/a>. Pour \u00e9viter que le support et les dalles soient trop visibles, nous vous recommandons fortement de faire un coffrage en bois pour masquer les parties saillantes. Ce <a href=\"https:\/\/www.espace-ombrage.com\/fr\/mats-et-accessoires\/6811-support-pour-lest-en-acier-galvanise.html\" target=\"_blank\" rel=\"noopener\"><b><u>m\u00e2t \u00e0 lester<\/u><\/b><\/a> est une bonne option pour vos \u00e9v\u00e9nements \u00e9ph\u00e9m\u00e8res.<\/p>\t\t\t\t\t\t\t\t<\/div>\n\t\t\t\t<\/div>\n\t\t\t\t<div class=\"elementor-element elementor-element-29d58afe elementor-widget elementor-widget-heading\" data-id=\"29d58afe\" data-element_type=\"widget\" data-widget_type=\"heading.default\">\n\t\t\t\t<div class=\"elementor-widget-container\">\n\t\t\t\t\t<h2 class=\"elementor-heading-title elementor-size-default\">Notre recommandation pour votre installation de voiles ombrage<\/h2>\t\t\t\t<\/div>\n\t\t\t\t<\/div>\n\t\t\t\t<div class=\"elementor-element elementor-element-557c8741 elementor-widget elementor-widget-text-editor\" data-id=\"557c8741\" data-element_type=\"widget\" data-widget_type=\"text-editor.default\">\n\t\t\t\t<div class=\"elementor-widget-container\">\n\t\t\t\t\t\t\t\t\t<p>Si vous souhaitez une solution qui soit amovible mais \u00e9galement modulable pour votre \u00e9v\u00e9nement ext\u00e9rieur, nous vous recommandons de choisir des<strong> voiles d\u2019ombrage ajour\u00e9es (r\u00e9sistantes au vents)<\/strong> en <b>tailles standard<\/b> pour plus de facilit\u00e9 avec des <strong>m\u00e2ts \u00e0 visser avec un support \u00e0 lester<\/strong>. De cette mani\u00e8re, vous profiterez d\u2019une installation facile, polyvalente et efficace contre les UV en toute s\u00e9curit\u00e9.<\/p>\t\t\t\t\t\t\t\t<\/div>\n\t\t\t\t<\/div>\n\t\t\t\t\t<\/div>\n\t\t<\/div>\n\t\t\t\t\t<\/div>\n\t\t<\/section>\n\t\t\t\t<section class=\"elementor-section elementor-top-section elementor-element elementor-element-2cd035a9 elementor-section-full_width elementor-section-height-min-height elementor-section-items-stretch elementor-section-content-middle elementor-section-height-default elementor-invisible\" data-id=\"2cd035a9\" data-element_type=\"section\" data-settings=\"{&quot;animation&quot;:&quot;fadeIn&quot;,&quot;background_background&quot;:&quot;classic&quot;}\">\n\t\t\t\t\t\t<div class=\"elementor-container elementor-column-gap-no\">\n\t\t\t\t\t<div class=\"elementor-column elementor-col-50 elementor-top-column elementor-element elementor-element-7c46c986\" data-id=\"7c46c986\" data-element_type=\"column\" data-settings=\"{&quot;background_background&quot;:&quot;classic&quot;}\">\n\t\t\t<div class=\"elementor-widget-wrap elementor-element-populated\">\n\t\t\t\t\t\t<div class=\"elementor-element elementor-element-35019ee4 elementor-widget elementor-widget-text-editor\" data-id=\"35019ee4\" data-element_type=\"widget\" data-widget_type=\"text-editor.default\">\n\t\t\t\t<div class=\"elementor-widget-container\">\n\t\t\t\t\t\t\t\t\t<p>Vous souhaitez recevoir un projet en 3D et un devis pour \u00e9quiper votre terrasse? Envoyez-nous un plan de votre terrasse \u00e0 couvrir, qu\u2019il soit \u00e0 main lev\u00e9e ou un plan d\u2019architecte que vous avez ainsi que quelques photos et <a href=\"https:\/\/www.espace-ombrage.com\/fr\/content\/161-espace-pro\">demandez une \u00e9tude r\u00e9alis\u00e9e par nos experts.<\/a> Vous aurez un retour sous 72h, avec une projection en 3D de votre projet et un devis.\u00a0<\/p><p>Notre \u00e9quipe reste disponible par email \u00e0 <a href=\"mailto:contact@espace-ombrage.com\"><b>contact@espace-ombrage.com<\/b><\/a> ou par t\u00e9l\u00e9phone au <b>+33 3 62 27 60 60<\/b> pour r\u00e9pondre \u00e0 vos questions et vous accompagner dans votre projet.<\/p>\t\t\t\t\t\t\t\t<\/div>\n\t\t\t\t<\/div>\n\t\t\t\t\t<\/div>\n\t\t<\/div>\n\t\t\t\t<div class=\"elementor-column elementor-col-50 elementor-top-column elementor-element elementor-element-24606a5f elementor-hidden-tablet elementor-hidden-mobile\" data-id=\"24606a5f\" data-element_type=\"column\" data-settings=\"{&quot;background_background&quot;:&quot;classic&quot;}\">\n\t\t\t<div class=\"elementor-widget-wrap elementor-element-populated\">\n\t\t\t\t\t\t<div class=\"elementor-element elementor-element-ad137c5 elementor-widget elementor-widget-image\" data-id=\"ad137c5\" data-element_type=\"widget\" data-widget_type=\"image.default\">\n\t\t\t\t<div class=\"elementor-widget-container\">\n\t\t\t\t\t\t\t\t\t\t\t\t\t\t\t<img loading=\"lazy\" decoding=\"async\" width=\"1080\" height=\"1080\" src=\"https:\/\/www.espace-ombrage.com\/blog\/wp-content\/uploads\/2024\/07\/voile-pour-region-venteuse.png\" class=\"attachment-full size-full wp-image-4122\" alt=\"Une voile \u00e0 enrouleur pour r\u00e9gion venteuse\" srcset=\"https:\/\/www.espace-ombrage.com\/blog\/wp-content\/uploads\/2024\/07\/voile-pour-region-venteuse.png 1080w, https:\/\/www.espace-ombrage.com\/blog\/wp-content\/uploads\/2024\/07\/voile-pour-region-venteuse-300x300.png 300w, https:\/\/www.espace-ombrage.com\/blog\/wp-content\/uploads\/2024\/07\/voile-pour-region-venteuse-1024x1024.png 1024w, https:\/\/www.espace-ombrage.com\/blog\/wp-content\/uploads\/2024\/07\/voile-pour-region-venteuse-150x150.png 150w, https:\/\/www.espace-ombrage.com\/blog\/wp-content\/uploads\/2024\/07\/voile-pour-region-venteuse-768x768.png 768w\" sizes=\"(max-width: 1080px) 100vw, 1080px\" \/>\t\t\t\t\t\t\t\t\t\t\t\t\t\t\t<\/div>\n\t\t\t\t<\/div>\n\t\t\t\t\t<\/div>\n\t\t<\/div>\n\t\t\t\t\t<\/div>\n\t\t<\/section>\n\t\t\t\t<section class=\"elementor-section elementor-top-section elementor-element elementor-element-7f68baa elementor-section-boxed elementor-section-height-default elementor-section-height-default\" data-id=\"7f68baa\" data-element_type=\"section\">\n\t\t\t\t\t\t<div class=\"elementor-container elementor-column-gap-default\">\n\t\t\t\t\t<div class=\"elementor-column elementor-col-100 elementor-top-column elementor-element elementor-element-9718620\" data-id=\"9718620\" data-element_type=\"column\">\n\t\t\t<div class=\"elementor-widget-wrap elementor-element-populated\">\n\t\t\t\t\t\t<div class=\"elementor-element elementor-element-cac37a7 elementor-share-buttons--view-icon elementor-share-buttons--shape-circle elementor-share-buttons--align-center elementor-share-buttons--skin-gradient elementor-grid-0 elementor-share-buttons--color-official elementor-widget elementor-widget-share-buttons\" data-id=\"cac37a7\" data-element_type=\"widget\" data-widget_type=\"share-buttons.default\">\n\t\t\t\t<div class=\"elementor-widget-container\">\n\t\t\t\t\t\t\t<div class=\"elementor-grid\">\n\t\t\t\t\t\t\t\t<div class=\"elementor-grid-item\">\n\t\t\t\t\t\t<div\n\t\t\t\t\t\t\tclass=\"elementor-share-btn elementor-share-btn_facebook\"\n\t\t\t\t\t\t\trole=\"button\"\n\t\t\t\t\t\t\ttabindex=\"0\"\n\t\t\t\t\t\t\taria-label=\"Partager sur facebook\"\n\t\t\t\t\t\t>\n\t\t\t\t\t\t\t\t\t\t\t\t\t\t\t<span class=\"elementor-share-btn__icon\">\n\t\t\t\t\t\t\t\t<i class=\"fab fa-facebook\" aria-hidden=\"true\"><\/i>\t\t\t\t\t\t\t<\/span>\n\t\t\t\t\t\t\t\t\t\t\t\t\t\t\t\t\t\t\t\t<\/div>\n\t\t\t\t\t<\/div>\n\t\t\t\t\t\t\t\t\t<div class=\"elementor-grid-item\">\n\t\t\t\t\t\t<div\n\t\t\t\t\t\t\tclass=\"elementor-share-btn elementor-share-btn_linkedin\"\n\t\t\t\t\t\t\trole=\"button\"\n\t\t\t\t\t\t\ttabindex=\"0\"\n\t\t\t\t\t\t\taria-label=\"Partager sur linkedin\"\n\t\t\t\t\t\t>\n\t\t\t\t\t\t\t\t\t\t\t\t\t\t\t<span class=\"elementor-share-btn__icon\">\n\t\t\t\t\t\t\t\t<i class=\"fab fa-linkedin\" aria-hidden=\"true\"><\/i>\t\t\t\t\t\t\t<\/span>\n\t\t\t\t\t\t\t\t\t\t\t\t\t\t\t\t\t\t\t\t<\/div>\n\t\t\t\t\t<\/div>\n\t\t\t\t\t\t\t\t\t<div class=\"elementor-grid-item\">\n\t\t\t\t\t\t<div\n\t\t\t\t\t\t\tclass=\"elementor-share-btn elementor-share-btn_whatsapp\"\n\t\t\t\t\t\t\trole=\"button\"\n\t\t\t\t\t\t\ttabindex=\"0\"\n\t\t\t\t\t\t\taria-label=\"Partager sur whatsapp\"\n\t\t\t\t\t\t>\n\t\t\t\t\t\t\t\t\t\t\t\t\t\t\t<span class=\"elementor-share-btn__icon\">\n\t\t\t\t\t\t\t\t<i class=\"fab fa-whatsapp\" aria-hidden=\"true\"><\/i>\t\t\t\t\t\t\t<\/span>\n\t\t\t\t\t\t\t\t\t\t\t\t\t\t\t\t\t\t\t\t<\/div>\n\t\t\t\t\t<\/div>\n\t\t\t\t\t\t<\/div>\n\t\t\t\t\t\t<\/div>\n\t\t\t\t<\/div>\n\t\t\t\t\t<\/div>\n\t\t<\/div>\n\t\t\t\t\t<\/div>\n\t\t<\/section>\n\t\t\t\t<section class=\"elementor-section elementor-top-section elementor-element elementor-element-2975bd12 elementor-section-boxed elementor-section-height-default elementor-section-height-default\" data-id=\"2975bd12\" data-element_type=\"section\">\n\t\t\t\t\t\t<div class=\"elementor-container elementor-column-gap-default\">\n\t\t\t\t\t<div class=\"elementor-column elementor-col-100 elementor-top-column elementor-element elementor-element-19b0078f\" data-id=\"19b0078f\" data-element_type=\"column\">\n\t\t\t<div class=\"elementor-widget-wrap elementor-element-populated\">\n\t\t\t\t\t\t<div class=\"elementor-element elementor-element-1712124d elementor-post-navigation-borders-yes elementor-widget elementor-widget-post-navigation\" data-id=\"1712124d\" data-element_type=\"widget\" data-widget_type=\"post-navigation.default\">\n\t\t\t\t<div class=\"elementor-widget-container\">\n\t\t\t\t\t\t\t<div class=\"elementor-post-navigation\">\n\t\t\t<div class=\"elementor-post-navigation__prev elementor-post-navigation__link\">\n\t\t\t\t<a href=\"https:\/\/www.espace-ombrage.com\/blog\/comment-choisir-et-installer-sa-toile-de-pergola-sur-mesure\/\" rel=\"prev\"><span class=\"post-navigation__arrow-wrapper post-navigation__arrow-prev\"><i class=\"fa fa-caret-left\" aria-hidden=\"true\"><\/i><span class=\"elementor-screen-only\">Pr\u00e9c\u00e9dent<\/span><\/span><span class=\"elementor-post-navigation__link__prev\"><span class=\"post-navigation__prev--label\">Pr\u00e9c\u00e9dent<\/span><span class=\"post-navigation__prev--title\">Comment choisir et installer sa toile de pergola sur mesure ?<\/span><\/span><\/a>\t\t\t<\/div>\n\t\t\t\t\t\t\t<div class=\"elementor-post-navigation__separator-wrapper\">\n\t\t\t\t\t<div class=\"elementor-post-navigation__separator\"><\/div>\n\t\t\t\t<\/div>\n\t\t\t\t\t\t<div class=\"elementor-post-navigation__next elementor-post-navigation__link\">\n\t\t\t\t<a href=\"https:\/\/www.espace-ombrage.com\/blog\/etude-de-cas-transformation-dun-espace-exterieur-avec-des-voiles-dombrage\/\" rel=\"next\"><span class=\"elementor-post-navigation__link__next\"><span class=\"post-navigation__next--label\">Suivant<\/span><span class=\"post-navigation__next--title\">\u00c9tude de cas : Transformation d&rsquo;un espace ext\u00e9rieur avec des voiles d&rsquo;ombrage<\/span><\/span><span class=\"post-navigation__arrow-wrapper post-navigation__arrow-next\"><i class=\"fa fa-caret-right\" aria-hidden=\"true\"><\/i><span class=\"elementor-screen-only\">Suivant<\/span><\/span><\/a>\t\t\t<\/div>\n\t\t<\/div>\n\t\t\t\t\t\t<\/div>\n\t\t\t\t<\/div>\n\t\t\t\t\t<\/div>\n\t\t<\/div>\n\t\t\t\t\t<\/div>\n\t\t<\/section>\n\t\t\t\t<\/div>\n\t\t","protected":false},"excerpt":{"rendered":"<p>Que ce soit pour des festivals, des rassemblements, des mariages ou tout autre \u00e9v\u00e9nement, les voiles d\u2019ombrage peuvent \u00eatre une tr\u00e8s bonne solution tant pour cr\u00e9er des zones d\u2019ombre que pour prot\u00e9ger les convives de la pluie.<\/p>\n","protected":false},"author":2,"featured_media":5004,"comment_status":"open","ping_status":"open","sticky":false,"template":"elementor_header_footer","format":"standard","meta":{"footnotes":""},"categories":[10,5],"tags":[146,19,90,107,16,91,106],"class_list":["post-5003","post","type-post","status-publish","format-standard","has-post-thumbnail","hentry","category-espace-ombrage-en-b2b","category-nos-conseils","tag-mat-voile-dombrage-professionnel","tag-mat-voile-ombrage","tag-professionnel","tag-professionnel-ombrage","tag-voile-dombrage","tag-voile-dombrage-collectivite","tag-voile-dombrage-professionnel"],"yoast_head":"<!-- This site is optimized with the Yoast SEO plugin v23.6 - https:\/\/yoast.com\/wordpress\/plugins\/seo\/ -->\n<title>Cr\u00e9er des espaces ombrag\u00e9s modulables pour vos \u00e9v\u00e9nements en ext\u00e9rieur - Espace Ombrage<\/title>\n<meta name=\"description\" content=\"Que ce soit pour des festivals, des rassemblements, des mariages ou tout autre \u00e9v\u00e9nement, les voiles d\u2019ombrage peuvent \u00eatre une tr\u00e8s bonne solution tant pour cr\u00e9er des zones d\u2019ombre que pour prot\u00e9ger les convives de la pluie.\" \/>\n<meta name=\"robots\" content=\"index, follow, max-snippet:-1, max-image-preview:large, max-video-preview:-1\" \/>\n<link rel=\"canonical\" href=\"https:\/\/www.espace-ombrage.com\/blog\/creer-des-espaces-ombrages-modulables-pour-vos-evenements-en-exterieur\/\" \/>\n<meta property=\"og:locale\" content=\"fr_FR\" \/>\n<meta property=\"og:type\" content=\"article\" \/>\n<meta property=\"og:title\" content=\"Cr\u00e9er des espaces ombrag\u00e9s modulables pour vos \u00e9v\u00e9nements en ext\u00e9rieur - Espace Ombrage\" \/>\n<meta property=\"og:description\" content=\"Que ce soit pour des festivals, des rassemblements, des mariages ou tout autre \u00e9v\u00e9nement, les voiles d\u2019ombrage peuvent \u00eatre une tr\u00e8s bonne solution tant pour cr\u00e9er des zones d\u2019ombre que pour prot\u00e9ger les convives de la pluie.\" \/>\n<meta property=\"og:url\" content=\"https:\/\/www.espace-ombrage.com\/blog\/creer-des-espaces-ombrages-modulables-pour-vos-evenements-en-exterieur\/\" \/>\n<meta property=\"og:site_name\" content=\"Espace Ombrage\" \/>\n<meta property=\"article:published_time\" content=\"2025-04-11T09:30:00+00:00\" \/>\n<meta property=\"article:modified_time\" content=\"2025-09-25T15:12:48+00:00\" \/>\n<meta property=\"og:image\" content=\"https:\/\/www.espace-ombrage.com\/blog\/wp-content\/uploads\/2024\/10\/voile-ombrage-ajouree-sur-place-publique-collectivites.jpg\" \/>\n\t<meta property=\"og:image:width\" content=\"1080\" \/>\n\t<meta property=\"og:image:height\" content=\"1080\" \/>\n\t<meta property=\"og:image:type\" content=\"image\/jpeg\" \/>\n<meta name=\"author\" content=\"admin-ombrage\" \/>\n<meta name=\"twitter:card\" content=\"summary_large_image\" \/>\n<meta name=\"twitter:label1\" content=\"\u00c9crit par\" \/>\n\t<meta name=\"twitter:data1\" content=\"admin-ombrage\" \/>\n\t<meta name=\"twitter:label2\" content=\"Dur\u00e9e de lecture estim\u00e9e\" \/>\n\t<meta name=\"twitter:data2\" content=\"6 minutes\" \/>\n<script type=\"application\/ld+json\" class=\"yoast-schema-graph\">{\"@context\":\"https:\/\/schema.org\",\"@graph\":[{\"@type\":\"WebPage\",\"@id\":\"https:\/\/www.espace-ombrage.com\/blog\/creer-des-espaces-ombrages-modulables-pour-vos-evenements-en-exterieur\/\",\"url\":\"https:\/\/www.espace-ombrage.com\/blog\/creer-des-espaces-ombrages-modulables-pour-vos-evenements-en-exterieur\/\",\"name\":\"Cr\u00e9er des espaces ombrag\u00e9s modulables pour vos \u00e9v\u00e9nements en ext\u00e9rieur - Espace Ombrage\",\"isPartOf\":{\"@id\":\"https:\/\/www.espace-ombrage.com\/blog\/#website\"},\"primaryImageOfPage\":{\"@id\":\"https:\/\/www.espace-ombrage.com\/blog\/creer-des-espaces-ombrages-modulables-pour-vos-evenements-en-exterieur\/#primaryimage\"},\"image\":{\"@id\":\"https:\/\/www.espace-ombrage.com\/blog\/creer-des-espaces-ombrages-modulables-pour-vos-evenements-en-exterieur\/#primaryimage\"},\"thumbnailUrl\":\"https:\/\/www.espace-ombrage.com\/blog\/wp-content\/uploads\/2024\/10\/voile-ombrage-ajouree-sur-place-publique-collectivites.jpg\",\"datePublished\":\"2025-04-11T09:30:00+00:00\",\"dateModified\":\"2025-09-25T15:12:48+00:00\",\"author\":{\"@id\":\"https:\/\/www.espace-ombrage.com\/blog\/#\/schema\/person\/9b223e71f82520b376e08b8d0d4c7691\"},\"description\":\"Que ce soit pour des festivals, des rassemblements, des mariages ou tout autre \u00e9v\u00e9nement, les voiles d\u2019ombrage peuvent \u00eatre une tr\u00e8s bonne solution tant pour cr\u00e9er des zones d\u2019ombre que pour prot\u00e9ger les convives de la pluie.\",\"breadcrumb\":{\"@id\":\"https:\/\/www.espace-ombrage.com\/blog\/creer-des-espaces-ombrages-modulables-pour-vos-evenements-en-exterieur\/#breadcrumb\"},\"inLanguage\":\"fr-FR\",\"potentialAction\":[{\"@type\":\"ReadAction\",\"target\":[\"https:\/\/www.espace-ombrage.com\/blog\/creer-des-espaces-ombrages-modulables-pour-vos-evenements-en-exterieur\/\"]}]},{\"@type\":\"ImageObject\",\"inLanguage\":\"fr-FR\",\"@id\":\"https:\/\/www.espace-ombrage.com\/blog\/creer-des-espaces-ombrages-modulables-pour-vos-evenements-en-exterieur\/#primaryimage\",\"url\":\"https:\/\/www.espace-ombrage.com\/blog\/wp-content\/uploads\/2024\/10\/voile-ombrage-ajouree-sur-place-publique-collectivites.jpg\",\"contentUrl\":\"https:\/\/www.espace-ombrage.com\/blog\/wp-content\/uploads\/2024\/10\/voile-ombrage-ajouree-sur-place-publique-collectivites.jpg\",\"width\":1080,\"height\":1080,\"caption\":\"Des voiles d\u2019ombrage micro perfor\u00e9es et color\u00e9es sur une place publique pour collectivit\u00e9s et mairies\"},{\"@type\":\"BreadcrumbList\",\"@id\":\"https:\/\/www.espace-ombrage.com\/blog\/creer-des-espaces-ombrages-modulables-pour-vos-evenements-en-exterieur\/#breadcrumb\",\"itemListElement\":[{\"@type\":\"ListItem\",\"position\":1,\"name\":\"Espace Ombrage\",\"item\":\"https:\/\/www.espace-ombrage.com\/blog\/\"},{\"@type\":\"ListItem\",\"position\":2,\"name\":\"Cr\u00e9er des espaces ombrag\u00e9s modulables pour vos \u00e9v\u00e9nements en ext\u00e9rieur\",\"item\":\"https:\/\/www.espace-ombrage.com\/blog\/creer-des-espaces-ombrages-modulables-pour-vos-evenements-en-exterieur\/\"}]},{\"@type\":\"WebSite\",\"@id\":\"https:\/\/www.espace-ombrage.com\/blog\/#website\",\"url\":\"https:\/\/www.espace-ombrage.com\/blog\/\",\"name\":\"Espace Ombrage\",\"description\":\"\",\"potentialAction\":[{\"@type\":\"SearchAction\",\"target\":{\"@type\":\"EntryPoint\",\"urlTemplate\":\"https:\/\/www.espace-ombrage.com\/blog\/?s={search_term_string}\"},\"query-input\":{\"@type\":\"PropertyValueSpecification\",\"valueRequired\":true,\"valueName\":\"search_term_string\"}}],\"inLanguage\":\"fr-FR\"},{\"@type\":\"Person\",\"@id\":\"https:\/\/www.espace-ombrage.com\/blog\/#\/schema\/person\/9b223e71f82520b376e08b8d0d4c7691\",\"name\":\"admin-ombrage\",\"image\":{\"@type\":\"ImageObject\",\"inLanguage\":\"fr-FR\",\"@id\":\"https:\/\/www.espace-ombrage.com\/blog\/#\/schema\/person\/image\/\",\"url\":\"https:\/\/secure.gravatar.com\/avatar\/da964888ae868660e9f41df5c83a352c8bbcfeb83d9ed86d4d1d93ca7b092bac?s=96&d=mm&r=g\",\"contentUrl\":\"https:\/\/secure.gravatar.com\/avatar\/da964888ae868660e9f41df5c83a352c8bbcfeb83d9ed86d4d1d93ca7b092bac?s=96&d=mm&r=g\",\"caption\":\"admin-ombrage\"},\"url\":\"https:\/\/www.espace-ombrage.com\/blog\/author\/admin-ombrage\/\"}]}<\/script>\n<!-- \/ Yoast SEO plugin. -->","yoast_head_json":{"title":"Cr\u00e9er des espaces ombrag\u00e9s modulables pour vos \u00e9v\u00e9nements en ext\u00e9rieur - Espace Ombrage","description":"Que ce soit pour des festivals, des rassemblements, des mariages ou tout autre \u00e9v\u00e9nement, les voiles d\u2019ombrage peuvent \u00eatre une tr\u00e8s bonne solution tant pour cr\u00e9er des zones d\u2019ombre que pour prot\u00e9ger les convives de la pluie.","robots":{"index":"index","follow":"follow","max-snippet":"max-snippet:-1","max-image-preview":"max-image-preview:large","max-video-preview":"max-video-preview:-1"},"canonical":"https:\/\/www.espace-ombrage.com\/blog\/creer-des-espaces-ombrages-modulables-pour-vos-evenements-en-exterieur\/","og_locale":"fr_FR","og_type":"article","og_title":"Cr\u00e9er des espaces ombrag\u00e9s modulables pour vos \u00e9v\u00e9nements en ext\u00e9rieur - Espace Ombrage","og_description":"Que ce soit pour des festivals, des rassemblements, des mariages ou tout autre \u00e9v\u00e9nement, les voiles d\u2019ombrage peuvent \u00eatre une tr\u00e8s bonne solution tant pour cr\u00e9er des zones d\u2019ombre que pour prot\u00e9ger les convives de la pluie.","og_url":"https:\/\/www.espace-ombrage.com\/blog\/creer-des-espaces-ombrages-modulables-pour-vos-evenements-en-exterieur\/","og_site_name":"Espace Ombrage","article_published_time":"2025-04-11T09:30:00+00:00","article_modified_time":"2025-09-25T15:12:48+00:00","og_image":[{"width":1080,"height":1080,"url":"https:\/\/www.espace-ombrage.com\/blog\/wp-content\/uploads\/2024\/10\/voile-ombrage-ajouree-sur-place-publique-collectivites.jpg","type":"image\/jpeg"}],"author":"admin-ombrage","twitter_card":"summary_large_image","twitter_misc":{"\u00c9crit par":"admin-ombrage","Dur\u00e9e de lecture estim\u00e9e":"6 minutes"},"schema":{"@context":"https:\/\/schema.org","@graph":[{"@type":"WebPage","@id":"https:\/\/www.espace-ombrage.com\/blog\/creer-des-espaces-ombrages-modulables-pour-vos-evenements-en-exterieur\/","url":"https:\/\/www.espace-ombrage.com\/blog\/creer-des-espaces-ombrages-modulables-pour-vos-evenements-en-exterieur\/","name":"Cr\u00e9er des espaces ombrag\u00e9s modulables pour vos \u00e9v\u00e9nements en ext\u00e9rieur - Espace Ombrage","isPartOf":{"@id":"https:\/\/www.espace-ombrage.com\/blog\/#website"},"primaryImageOfPage":{"@id":"https:\/\/www.espace-ombrage.com\/blog\/creer-des-espaces-ombrages-modulables-pour-vos-evenements-en-exterieur\/#primaryimage"},"image":{"@id":"https:\/\/www.espace-ombrage.com\/blog\/creer-des-espaces-ombrages-modulables-pour-vos-evenements-en-exterieur\/#primaryimage"},"thumbnailUrl":"https:\/\/www.espace-ombrage.com\/blog\/wp-content\/uploads\/2024\/10\/voile-ombrage-ajouree-sur-place-publique-collectivites.jpg","datePublished":"2025-04-11T09:30:00+00:00","dateModified":"2025-09-25T15:12:48+00:00","author":{"@id":"https:\/\/www.espace-ombrage.com\/blog\/#\/schema\/person\/9b223e71f82520b376e08b8d0d4c7691"},"description":"Que ce soit pour des festivals, des rassemblements, des mariages ou tout autre \u00e9v\u00e9nement, les voiles d\u2019ombrage peuvent \u00eatre une tr\u00e8s bonne solution tant pour cr\u00e9er des zones d\u2019ombre que pour prot\u00e9ger les convives de la pluie.","breadcrumb":{"@id":"https:\/\/www.espace-ombrage.com\/blog\/creer-des-espaces-ombrages-modulables-pour-vos-evenements-en-exterieur\/#breadcrumb"},"inLanguage":"fr-FR","potentialAction":[{"@type":"ReadAction","target":["https:\/\/www.espace-ombrage.com\/blog\/creer-des-espaces-ombrages-modulables-pour-vos-evenements-en-exterieur\/"]}]},{"@type":"ImageObject","inLanguage":"fr-FR","@id":"https:\/\/www.espace-ombrage.com\/blog\/creer-des-espaces-ombrages-modulables-pour-vos-evenements-en-exterieur\/#primaryimage","url":"https:\/\/www.espace-ombrage.com\/blog\/wp-content\/uploads\/2024\/10\/voile-ombrage-ajouree-sur-place-publique-collectivites.jpg","contentUrl":"https:\/\/www.espace-ombrage.com\/blog\/wp-content\/uploads\/2024\/10\/voile-ombrage-ajouree-sur-place-publique-collectivites.jpg","width":1080,"height":1080,"caption":"Des voiles d\u2019ombrage micro perfor\u00e9es et color\u00e9es sur une place publique pour collectivit\u00e9s et mairies"},{"@type":"BreadcrumbList","@id":"https:\/\/www.espace-ombrage.com\/blog\/creer-des-espaces-ombrages-modulables-pour-vos-evenements-en-exterieur\/#breadcrumb","itemListElement":[{"@type":"ListItem","position":1,"name":"Espace Ombrage","item":"https:\/\/www.espace-ombrage.com\/blog\/"},{"@type":"ListItem","position":2,"name":"Cr\u00e9er des espaces ombrag\u00e9s modulables pour vos \u00e9v\u00e9nements en ext\u00e9rieur","item":"https:\/\/www.espace-ombrage.com\/blog\/creer-des-espaces-ombrages-modulables-pour-vos-evenements-en-exterieur\/"}]},{"@type":"WebSite","@id":"https:\/\/www.espace-ombrage.com\/blog\/#website","url":"https:\/\/www.espace-ombrage.com\/blog\/","name":"Espace Ombrage","description":"","potentialAction":[{"@type":"SearchAction","target":{"@type":"EntryPoint","urlTemplate":"https:\/\/www.espace-ombrage.com\/blog\/?s={search_term_string}"},"query-input":{"@type":"PropertyValueSpecification","valueRequired":true,"valueName":"search_term_string"}}],"inLanguage":"fr-FR"},{"@type":"Person","@id":"https:\/\/www.espace-ombrage.com\/blog\/#\/schema\/person\/9b223e71f82520b376e08b8d0d4c7691","name":"admin-ombrage","image":{"@type":"ImageObject","inLanguage":"fr-FR","@id":"https:\/\/www.espace-ombrage.com\/blog\/#\/schema\/person\/image\/","url":"https:\/\/secure.gravatar.com\/avatar\/da964888ae868660e9f41df5c83a352c8bbcfeb83d9ed86d4d1d93ca7b092bac?s=96&d=mm&r=g","contentUrl":"https:\/\/secure.gravatar.com\/avatar\/da964888ae868660e9f41df5c83a352c8bbcfeb83d9ed86d4d1d93ca7b092bac?s=96&d=mm&r=g","caption":"admin-ombrage"},"url":"https:\/\/www.espace-ombrage.com\/blog\/author\/admin-ombrage\/"}]}},"_links":{"self":[{"href":"https:\/\/www.espace-ombrage.com\/blog\/wp-json\/wp\/v2\/posts\/5003","targetHints":{"allow":["GET"]}}],"collection":[{"href":"https:\/\/www.espace-ombrage.com\/blog\/wp-json\/wp\/v2\/posts"}],"about":[{"href":"https:\/\/www.espace-ombrage.com\/blog\/wp-json\/wp\/v2\/types\/post"}],"author":[{"embeddable":true,"href":"https:\/\/www.espace-ombrage.com\/blog\/wp-json\/wp\/v2\/users\/2"}],"replies":[{"embeddable":true,"href":"https:\/\/www.espace-ombrage.com\/blog\/wp-json\/wp\/v2\/comments?post=5003"}],"version-history":[{"count":24,"href":"https:\/\/www.espace-ombrage.com\/blog\/wp-json\/wp\/v2\/posts\/5003\/revisions"}],"predecessor-version":[{"id":5787,"href":"https:\/\/www.espace-ombrage.com\/blog\/wp-json\/wp\/v2\/posts\/5003\/revisions\/5787"}],"wp:featuredmedia":[{"embeddable":true,"href":"https:\/\/www.espace-ombrage.com\/blog\/wp-json\/wp\/v2\/media\/5004"}],"wp:attachment":[{"href":"https:\/\/www.espace-ombrage.com\/blog\/wp-json\/wp\/v2\/media?parent=5003"}],"wp:term":[{"taxonomy":"category","embeddable":true,"href":"https:\/\/www.espace-ombrage.com\/blog\/wp-json\/wp\/v2\/categories?post=5003"},{"taxonomy":"post_tag","embeddable":true,"href":"https:\/\/www.espace-ombrage.com\/blog\/wp-json\/wp\/v2\/tags?post=5003"}],"curies":[{"name":"wp","href":"https:\/\/api.w.org\/{rel}","templated":true}]}}