{"id":7,"date":"2013-06-17T12:37:13","date_gmt":"2013-06-17T10:37:13","guid":{"rendered":"https:\/\/www.espace-ombrage.com\/blog\/2013\/06\/17\/zoom-sur-le-mat-reglable\/"},"modified":"2024-11-05T14:28:17","modified_gmt":"2024-11-05T13:28:17","slug":"zoom-sur-le-mat-reglable","status":"publish","type":"post","link":"https:\/\/www.espace-ombrage.com\/blog\/zoom-sur-le-mat-reglable\/","title":{"rendered":"Zoom sur le m\u00e2t r\u00e9glable !"},"content":{"rendered":"<p style=\"text-align: justify;\">D\u00e9couvrez un <a href=\"https:\/\/www.espace-ombrage.com\/fr\/mats-et-accessoires\/10-mat-reglable-pour-voile-d-ombrage.html\"><span style=\"text-decoration: underline;\"><strong>m\u00e2t pour voile d&rsquo;ombrage<\/strong><\/span><\/a> qui s&rsquo;adapte \u00e0 toutes les circonstances, au soleil, mais aussi \u00e0 vos envies. Il permet de profiter de l&rsquo;ombre tout au long de la journ\u00e9e. Avec une hauteur de 2,60 m ou 3\u2009m selon la version, ce <strong>poteau pour toile tendue<\/strong>\u00a0en aluminium est vendu avec une coulisse mont\u00e9e sur rail pour r\u00e9gler la hauteur, un syst\u00e8me de corde et poulies ainsi qu&rsquo;une embase. Suivez la trajectoire du soleil pour vous offrir une terrasse confortable et agr\u00e9able !<\/p>\n<p style=\"text-align: justify;\">Si le choix de la <strong>toile d&rsquo;ombrage<\/strong> est conditionn\u00e9 en grande partie par les conditions m\u00e9t\u00e9orologiques de la r\u00e9gion dans laquelle vous habitez, celui d&rsquo;<b>un <\/b><a href=\"https:\/\/www.espace-ombrage.com\/fr\/14-mats-et-accessoires\"><span style=\"text-decoration: underline;\"><strong>m\u00e2t r\u00e9glable<\/strong><\/span><\/a><b> n\u00e9cessaire pour une protection flexible<\/b> d\u00e9pend quant \u00e0 lui de la surface du sol dans lequel il sera plant\u00e9. En effet, selon qu&rsquo;il soit dur ou meuble, le mat\u00e9riel et la technique d&rsquo;installation varient. Avant de vous les pr\u00e9senter en d\u00e9tail, n&rsquo;h\u00e9sitez pas \u00e0 aller d\u00e9couvrir ce <strong>piquet pour voile d&rsquo;ombrage<\/strong> <strong>r\u00e9glable<\/strong> et ses diff\u00e9rentes embases sur notre <a href=\"https:\/\/www.espace-ombrage.com\/fr\/mats-et-accessoires\/10-mat-reglable-pour-voile-d-ombrage.html\" target=\"_blank\" rel=\"noopener noreferrer\"><span style=\"text-decoration: underline;\">boutique<\/span>.<\/a><\/p>\n<h2 style=\"text-align: justify;\">Comment installer un mat pour voile d&rsquo;ombrage sur sol meuble ?<\/h2>\n<p style=\"text-align: justify;\">Dans ce cas, votre choix va se porter une embase avec un fourreau \u00e0 sceller<span style=\"text-align: center;\"> dans un massif de b\u00e9ton. Cette solution est totalement amovible et discret en hiver. En effet, le fourreau permet d&rsquo;avoir un plot b\u00e9ton avec un trou dans lequel s&rsquo;ins\u00e8reront le renfort et le profil\u00e9 du <strong>m\u00e2t de toile tendue<\/strong>. Une fois ces deux derniers \u00e9l\u00e9ments retir\u00e9s en hiver, rien ne d\u00e9passera de votre pelouse ou massif. Un bouchon est vendu avec pour \u00e9viter l&rsquo;infiltration de l&rsquo;eau, le g\u00e8le ou encore les impuret\u00e9s.<\/span><\/p>\n<h3 style=\"text-align: justify;\">En quelques \u00e9tapes l&rsquo;installation d&rsquo;un poteau pour voile d&rsquo;ombrage&#8230;<\/h3>\n<ol style=\"text-align: justify;\">\n<li>Creusez un trou de 40\u00d740 cm et de 60 \u00e0 80\u2009cm de profondeur.<\/li>\n<li>Installez<span style=\"color: #333333;\">\u00a0le fourreau et faites couler un massif de b\u00e9ton.<\/span><\/li>\n<li><span style=\"color: #333333;\">Ins\u00e9rez le tube en acier dans le fourreau.<\/span><\/li>\n<li>Ins\u00e9rez le <strong>mat pour toile ombrage<\/strong> dans le tube en acier.<\/li>\n<\/ol>\n<p style=\"text-align: justify;\"><span style=\"text-decoration: underline;\">R\u00e9sultat :<\/span><\/p>\n<figure id=\"attachment_385\" aria-describedby=\"caption-attachment-385\" style=\"width: 225px\" class=\"wp-caption aligncenter\"><a href=\"https:\/\/www.espace-ombrage.com\/fr\/mats-et-accessoires\/10-mat-reglable-pour-voile-d-ombrage.html\"><img fetchpriority=\"high\" decoding=\"async\" class=\"wp-image-385 size-medium\" title=\"mat \u00e0 sceller pour voile ombrage\" src=\"https:\/\/www.espace-ombrage.com\/blog\/wp-content\/uploads\/2013\/06\/poteau-voile-a-sceller-225x300.jpg\" alt=\"Mat pour voile d'ombrage \u00e0 sceller dans le sol \" width=\"225\" height=\"300\" srcset=\"https:\/\/www.espace-ombrage.com\/blog\/wp-content\/uploads\/2013\/06\/poteau-voile-a-sceller-225x300.jpg 225w, https:\/\/www.espace-ombrage.com\/blog\/wp-content\/uploads\/2013\/06\/poteau-voile-a-sceller-768x1024.jpg 768w, https:\/\/www.espace-ombrage.com\/blog\/wp-content\/uploads\/2013\/06\/poteau-voile-a-sceller-1152x1536.jpg 1152w, https:\/\/www.espace-ombrage.com\/blog\/wp-content\/uploads\/2013\/06\/poteau-voile-a-sceller-1200x1600.jpg 1200w, https:\/\/www.espace-ombrage.com\/blog\/wp-content\/uploads\/2013\/06\/poteau-voile-a-sceller.jpg 1512w\" sizes=\"(max-width: 225px) 100vw, 225px\" \/><\/a><figcaption id=\"caption-attachment-385\" class=\"wp-caption-text\">Le <strong>piquet de voile<\/strong>\u00a0\u00e0 sceller permet de retirer l&rsquo;int\u00e9gralit\u00e9 du <strong>mat<\/strong> en hiver. Le fourreau est ferm\u00e9 par un bouchon.<\/figcaption><\/figure>\n<p style=\"text-align: justify;\"><span style=\"text-decoration: underline;\"><b>Astuce<\/b><\/span><b> :<\/b> le fourreau poss\u00e8de un c\u00f4t\u00e9 droit et un c\u00f4t\u00e9 biseaut\u00e9 pour vous permettre d&rsquo;incliner ou pas le <strong>piquet pour voile d&rsquo;ombrage<\/strong>\u00a0sans que vous ayez \u00e0 faire de calcul ! Un m\u00e2t inclin\u00e9 aura 8\u2009% de r\u00e9sistance de plus qu&rsquo;un <strong>poteau<\/strong>\u00a0droit.<\/p>\n<p style=\"text-align: justify;\">Parce qu&rsquo;une image vaut mille mots, nous vous avons concoct\u00e9 une <span style=\"text-decoration: underline;\"><a href=\"https:\/\/www.youtube.com\/watch?v=X53e4MIn0_0\" target=\"_blank\" rel=\"noopener noreferrer\">notice vid\u00e9o<\/a><\/span> sur internet, vous allez voir, l&rsquo;installation n&rsquo;est pas si compliqu\u00e9e !<\/p>\n<h2 style=\"text-align: justify;\">Comment installation un piquet pour voile d&rsquo;ombrage sur sol dur ?<\/h2>\n<p style=\"text-align: justify;\"><span style=\"color: #333333;\">La bonne id\u00e9e, c&rsquo;est de poser une embase fixe \u00e0 visser (inclin\u00e9e \u00e0 82\u00b0 ou 90\u00b0).<\/span><\/p>\n<p style=\"text-align: justify;\">Il s&rsquo;agit d&rsquo;une embase ronde en acier galvanis\u00e9 avec un renfort de 50\u2009cm. Il existe deux versions : \u00e0 90\u00b0 ou inclin\u00e9 \u00e0 82\u00b0.<br \/>\nIl suffit ensuite de se procurer des <a href=\"https:\/\/www.espace-ombrage.com\/fr\/produits-divers\/6780-ensemble-de-4-tiges-filetees.html\"><span style=\"text-decoration: underline;\">tiges filet\u00e9s M12<\/span><\/a>.<\/p>\n<p style=\"text-align: justify;\"><span style=\"text-decoration: underline;\">Bon \u00e0 savoir<\/span> : Il faut absolument une dalle de b\u00e9ton de 15\u2009cm d&rsquo;\u00e9paisseur (10\u2009cm si votre b\u00e9ton est arm\u00e9) pour \u00eatre s\u00fbr que la base soit bien robuste contre les forces de traction de la <strong>voile ombrage<\/strong>.<\/p>\n<p>Retrouvez la pr\u00e9sentation du <strong>piquet<\/strong>\u00a0\u00e0 visser sur la <span style=\"text-decoration: underline;\"><a href=\"https:\/\/www.youtube.com\/watch?v=uMmzC53GQuo\" target=\"_blank\" rel=\"noopener noreferrer\">vid\u00e9o d\u00e9di\u00e9e<\/a><\/span>.<\/p>\n<figure id=\"attachment_386\" aria-describedby=\"caption-attachment-386\" style=\"width: 300px\" class=\"wp-caption aligncenter\"><a href=\"https:\/\/www.espace-ombrage.com\/fr\/mats-et-accessoires\/10-mat-reglable-pour-voile-d-ombrage.html\"><img decoding=\"async\" class=\"wp-image-386 size-medium\" title=\"poteau voile d'ombrage\" src=\"https:\/\/www.espace-ombrage.com\/blog\/wp-content\/uploads\/2013\/06\/IMG20220114123259-300x225.jpg\" alt=\"mat voile d'ombrage \u00e0 visser au sol\" width=\"300\" height=\"225\" srcset=\"https:\/\/www.espace-ombrage.com\/blog\/wp-content\/uploads\/2013\/06\/IMG20220114123259-300x225.jpg 300w, https:\/\/www.espace-ombrage.com\/blog\/wp-content\/uploads\/2013\/06\/IMG20220114123259-1024x768.jpg 1024w, https:\/\/www.espace-ombrage.com\/blog\/wp-content\/uploads\/2013\/06\/IMG20220114123259-768x576.jpg 768w, https:\/\/www.espace-ombrage.com\/blog\/wp-content\/uploads\/2013\/06\/IMG20220114123259-1536x1152.jpg 1536w, https:\/\/www.espace-ombrage.com\/blog\/wp-content\/uploads\/2013\/06\/IMG20220114123259-2048x1536.jpg 2048w, https:\/\/www.espace-ombrage.com\/blog\/wp-content\/uploads\/2013\/06\/IMG20220114123259-1200x900.jpg 1200w, https:\/\/www.espace-ombrage.com\/blog\/wp-content\/uploads\/2013\/06\/IMG20220114123259-1980x1485.jpg 1980w\" sizes=\"(max-width: 300px) 100vw, 300px\" \/><\/a><figcaption id=\"caption-attachment-386\" class=\"wp-caption-text\">La platine du\u00a0<strong>mat de toile solaire<\/strong>\u00a0est viss\u00e9e ici sur un plot b\u00e9ton de 80cm de profondeur et 40cm de section. Vous pouvez la visser sur une terrasse avec une chape b\u00e9ton de 10 \u00e0 15 cm d&rsquo;\u00e9paisseur.<\/figcaption><\/figure>\n<p style=\"text-align: justify;\"><span style=\"text-decoration: underline;\"><b>Astuce<\/b><\/span><b> :<\/b> l&#8217;embase \u00e0 82\u00b0 apporte un c\u00f4t\u00e9 moderne en plus d&rsquo;\u00eatre plus solide.<\/p>\n<h2 style=\"text-align: justify;\">Comment installer un m\u00e2t voile d&rsquo;ombrage sur un mur ?<\/h2>\n<h3 style=\"text-align: justify;\">Fixer le poteau voile ombrage avec des platines murales sans toucher \u00e0 l&rsquo;\u00e9tanch\u00e9it\u00e9 de votre terrasse<\/h3>\n<p style=\"text-align: justify;\">Si vous ne souhaitez pas ou ne pouvez pas accrocher vos <strong>m\u00e2ts pour toile tendue<\/strong>\u00a0sur le sol de votre terrasse, nous avons une alternative ! <b>C&rsquo;est souvent le cas pour des terrasses sur\u00e9lev\u00e9es ou des toit-terrasses<\/b>. Il faut parfois faire attention aux questions d&rsquo;\u00e9tanch\u00e9it\u00e9 du toit. Il suffit d&rsquo;un muret de minimum 70\u2009cm de hauteur pour pouvoir y visser 2 platines murales dans lesquelles s&rsquo;enfilent le <a href=\"https:\/\/www.espace-ombrage.com\/fr\/content\/46-mats-poteau-voile-ombrage\"><span style=\"text-decoration: underline;\"><strong>m\u00e2t r\u00e9glable<\/strong><\/span><\/a>. Il reste amovible comme toutes nos versions de <strong>poteaux r\u00e9glables<\/strong>.<\/p>\n<p style=\"text-align: justify;\">D\u00e9couvrez ce produit ainsi que son installation en quelques secondes gr\u00e2ce \u00e0 la <span style=\"text-decoration: underline;\"><a href=\"https:\/\/www.youtube.com\/watch?v=vGeNF23CZ3s\" target=\"_blank\" rel=\"noopener noreferrer\">pr\u00e9sentation 3D<\/a><\/span>.<\/p>\n<figure id=\"attachment_181\" aria-describedby=\"caption-attachment-181\" style=\"width: 300px\" class=\"wp-caption alignnone\"><a href=\"https:\/\/www.espace-ombrage.com\/fr\/mats-et-accessoires\/10-mat-reglable-pour-voile-d-ombrage.html\"><img decoding=\"async\" class=\"wp-image-181 size-medium\" title=\"poteau voile d'ombrage fix\u00e9 sur mur\" src=\"https:\/\/www.espace-ombrage.com\/blog\/wp-content\/uploads\/2022\/07\/mat-platines-murales-300x225.jpeg\" alt=\"Poteau voile d'ombrage fix\u00e9 sur mur\" width=\"300\" height=\"225\" srcset=\"https:\/\/www.espace-ombrage.com\/blog\/wp-content\/uploads\/2022\/07\/mat-platines-murales-300x225.jpeg 300w, https:\/\/www.espace-ombrage.com\/blog\/wp-content\/uploads\/2022\/07\/mat-platines-murales-768x576.jpeg 768w, https:\/\/www.espace-ombrage.com\/blog\/wp-content\/uploads\/2022\/07\/mat-platines-murales.jpeg 1024w\" sizes=\"(max-width: 300px) 100vw, 300px\" \/><\/a><figcaption id=\"caption-attachment-181\" class=\"wp-caption-text\">Les platines murales peuvent \u00eatre fix\u00e9es sur un muret de 70cm de hauteur minimum.<\/figcaption><\/figure>\n<p style=\"text-align: justify;\">Comme vous l&rsquo;avez vu, nous souhaitons vous faciliter la vie. Nous vous avons pr\u00e9par\u00e9 des <span style=\"text-decoration: underline;\"><a href=\"https:\/\/www.youtube.com\/c\/Espace-ombrage\/videos\" target=\"_blank\" rel=\"noopener noreferrer\">vid\u00e9os d&rsquo;installation<\/a><\/span> d\u00e9taill\u00e9es pour que vous puissiez trouver l&#8217;emplacement du <strong>mat voile ombrage<\/strong>\u00a0et l&rsquo;installer sans vous tromper. Ces produits sont faits pour durer dans le temps et adapt\u00e9s aux environnements marins ou bords de mer.<\/p>\n<p style=\"text-align: justify;\">Si vous souhaitez un projet ou des conseils, nous sommes \u00e0 votre \u00e9coute ! Envoyez-nous un email \u00e0 <b>contact@espace-ombrage.com<\/b> ou par t\u00e9l\u00e9phone au <b>03 62 27 60 60<\/b>, nous serons ravis de vous aider.<\/p>\n","protected":false},"excerpt":{"rendered":"<p>D\u00e9couvrez un m\u00e2t qui s&rsquo;adapte \u00e0 toutes les circonstances, au soleil, mais aussi \u00e0 vos envies. Il permet de profiter de l&rsquo;ombre tout au long de la journ\u00e9e. Avec une hauteur de 2,60 m ou 3\u2009m selon la version, ce m\u00e2t en aluminium est vendu avec une coulisse mont\u00e9e sur rail pour r\u00e9gler la hauteur, un syst\u00e8me de corde et poulies ainsi qu&rsquo;une embase. Suivez la trajectoire du soleil pour vous offrir une terrasse confortable et agr\u00e9able !<\/p>\n","protected":false},"author":2,"featured_media":193,"comment_status":"open","ping_status":"open","sticky":false,"template":"","format":"standard","meta":{"footnotes":""},"categories":[5],"tags":[12],"class_list":["post-7","post","type-post","status-publish","format-standard","has-post-thumbnail","hentry","category-nos-conseils","tag-mat-reglable"],"yoast_head":"<!-- This site is optimized with the Yoast SEO plugin v23.6 - https:\/\/yoast.com\/wordpress\/plugins\/seo\/ -->\n<title>Zoom sur le m\u00e2t pour voile d&#039;ombrage r\u00e9glable ! | Espace Ombrage<\/title>\n<meta name=\"description\" content=\"Le m\u00e2t r\u00e9glable pour voile d&#039;ombrage est une solution mat\u00e9rielle qui allie qualit\u00e9 et flexibilit\u00e9. Il existe des m\u00e2ts \u00e0 sceller, \u00e0 visser, et \u00e0 platines murales.\" \/>\n<meta name=\"robots\" content=\"index, follow, max-snippet:-1, max-image-preview:large, max-video-preview:-1\" \/>\n<link rel=\"canonical\" href=\"https:\/\/www.espace-ombrage.com\/blog\/zoom-sur-le-mat-reglable\/\" \/>\n<meta property=\"og:locale\" content=\"fr_FR\" \/>\n<meta property=\"og:type\" content=\"article\" \/>\n<meta property=\"og:title\" content=\"Zoom sur le m\u00e2t pour voile d&#039;ombrage r\u00e9glable ! | Espace Ombrage\" \/>\n<meta property=\"og:description\" content=\"Le m\u00e2t r\u00e9glable pour voile d&#039;ombrage est une solution mat\u00e9rielle qui allie qualit\u00e9 et flexibilit\u00e9. Il existe des m\u00e2ts \u00e0 sceller, \u00e0 visser, et \u00e0 platines murales.\" \/>\n<meta property=\"og:url\" content=\"https:\/\/www.espace-ombrage.com\/blog\/zoom-sur-le-mat-reglable\/\" \/>\n<meta property=\"og:site_name\" content=\"Espace Ombrage\" \/>\n<meta property=\"article:published_time\" content=\"2013-06-17T10:37:13+00:00\" \/>\n<meta property=\"article:modified_time\" content=\"2024-11-05T13:28:17+00:00\" \/>\n<meta property=\"og:image\" content=\"https:\/\/www.espace-ombrage.com\/blog\/wp-content\/uploads\/2022\/07\/voile-ombrage-triangulaire.jpeg\" \/>\n\t<meta property=\"og:image:width\" content=\"1180\" \/>\n\t<meta property=\"og:image:height\" content=\"700\" \/>\n\t<meta property=\"og:image:type\" content=\"image\/jpeg\" \/>\n<meta name=\"author\" content=\"admin-ombrage\" \/>\n<meta name=\"twitter:card\" content=\"summary_large_image\" \/>\n<meta name=\"twitter:label1\" content=\"\u00c9crit par\" \/>\n\t<meta name=\"twitter:data1\" content=\"admin-ombrage\" \/>\n\t<meta name=\"twitter:label2\" content=\"Dur\u00e9e de lecture estim\u00e9e\" \/>\n\t<meta name=\"twitter:data2\" content=\"5 minutes\" \/>\n<script type=\"application\/ld+json\" class=\"yoast-schema-graph\">{\"@context\":\"https:\/\/schema.org\",\"@graph\":[{\"@type\":\"WebPage\",\"@id\":\"https:\/\/www.espace-ombrage.com\/blog\/zoom-sur-le-mat-reglable\/\",\"url\":\"https:\/\/www.espace-ombrage.com\/blog\/zoom-sur-le-mat-reglable\/\",\"name\":\"Zoom sur le m\u00e2t pour voile d'ombrage r\u00e9glable ! | Espace Ombrage\",\"isPartOf\":{\"@id\":\"https:\/\/www.espace-ombrage.com\/blog\/#website\"},\"primaryImageOfPage\":{\"@id\":\"https:\/\/www.espace-ombrage.com\/blog\/zoom-sur-le-mat-reglable\/#primaryimage\"},\"image\":{\"@id\":\"https:\/\/www.espace-ombrage.com\/blog\/zoom-sur-le-mat-reglable\/#primaryimage\"},\"thumbnailUrl\":\"https:\/\/www.espace-ombrage.com\/blog\/wp-content\/uploads\/2022\/07\/voile-ombrage-triangulaire.jpeg\",\"datePublished\":\"2013-06-17T10:37:13+00:00\",\"dateModified\":\"2024-11-05T13:28:17+00:00\",\"author\":{\"@id\":\"https:\/\/www.espace-ombrage.com\/blog\/#\/schema\/person\/9b223e71f82520b376e08b8d0d4c7691\"},\"description\":\"Le m\u00e2t r\u00e9glable pour voile d'ombrage est une solution mat\u00e9rielle qui allie qualit\u00e9 et flexibilit\u00e9. Il existe des m\u00e2ts \u00e0 sceller, \u00e0 visser, et \u00e0 platines murales.\",\"breadcrumb\":{\"@id\":\"https:\/\/www.espace-ombrage.com\/blog\/zoom-sur-le-mat-reglable\/#breadcrumb\"},\"inLanguage\":\"fr-FR\",\"potentialAction\":[{\"@type\":\"ReadAction\",\"target\":[\"https:\/\/www.espace-ombrage.com\/blog\/zoom-sur-le-mat-reglable\/\"]}]},{\"@type\":\"ImageObject\",\"inLanguage\":\"fr-FR\",\"@id\":\"https:\/\/www.espace-ombrage.com\/blog\/zoom-sur-le-mat-reglable\/#primaryimage\",\"url\":\"https:\/\/www.espace-ombrage.com\/blog\/wp-content\/uploads\/2022\/07\/voile-ombrage-triangulaire.jpeg\",\"contentUrl\":\"https:\/\/www.espace-ombrage.com\/blog\/wp-content\/uploads\/2022\/07\/voile-ombrage-triangulaire.jpeg\",\"width\":1180,\"height\":700,\"caption\":\"Voile d'ombrage triangulaire avec poteau voile ombrage\"},{\"@type\":\"BreadcrumbList\",\"@id\":\"https:\/\/www.espace-ombrage.com\/blog\/zoom-sur-le-mat-reglable\/#breadcrumb\",\"itemListElement\":[{\"@type\":\"ListItem\",\"position\":1,\"name\":\"Espace Ombrage\",\"item\":\"https:\/\/www.espace-ombrage.com\/blog\/\"},{\"@type\":\"ListItem\",\"position\":2,\"name\":\"Zoom sur le m\u00e2t r\u00e9glable !\",\"item\":\"https:\/\/www.espace-ombrage.com\/blog\/zoom-sur-le-mat-reglable\/\"}]},{\"@type\":\"WebSite\",\"@id\":\"https:\/\/www.espace-ombrage.com\/blog\/#website\",\"url\":\"https:\/\/www.espace-ombrage.com\/blog\/\",\"name\":\"Espace Ombrage\",\"description\":\"\",\"potentialAction\":[{\"@type\":\"SearchAction\",\"target\":{\"@type\":\"EntryPoint\",\"urlTemplate\":\"https:\/\/www.espace-ombrage.com\/blog\/?s={search_term_string}\"},\"query-input\":{\"@type\":\"PropertyValueSpecification\",\"valueRequired\":true,\"valueName\":\"search_term_string\"}}],\"inLanguage\":\"fr-FR\"},{\"@type\":\"Person\",\"@id\":\"https:\/\/www.espace-ombrage.com\/blog\/#\/schema\/person\/9b223e71f82520b376e08b8d0d4c7691\",\"name\":\"admin-ombrage\",\"image\":{\"@type\":\"ImageObject\",\"inLanguage\":\"fr-FR\",\"@id\":\"https:\/\/www.espace-ombrage.com\/blog\/#\/schema\/person\/image\/\",\"url\":\"https:\/\/secure.gravatar.com\/avatar\/da964888ae868660e9f41df5c83a352c8bbcfeb83d9ed86d4d1d93ca7b092bac?s=96&d=mm&r=g\",\"contentUrl\":\"https:\/\/secure.gravatar.com\/avatar\/da964888ae868660e9f41df5c83a352c8bbcfeb83d9ed86d4d1d93ca7b092bac?s=96&d=mm&r=g\",\"caption\":\"admin-ombrage\"},\"url\":\"https:\/\/www.espace-ombrage.com\/blog\/author\/admin-ombrage\/\"}]}<\/script>\n<!-- \/ Yoast SEO plugin. -->","yoast_head_json":{"title":"Zoom sur le m\u00e2t pour voile d'ombrage r\u00e9glable ! | Espace Ombrage","description":"Le m\u00e2t r\u00e9glable pour voile d'ombrage est une solution mat\u00e9rielle qui allie qualit\u00e9 et flexibilit\u00e9. Il existe des m\u00e2ts \u00e0 sceller, \u00e0 visser, et \u00e0 platines murales.","robots":{"index":"index","follow":"follow","max-snippet":"max-snippet:-1","max-image-preview":"max-image-preview:large","max-video-preview":"max-video-preview:-1"},"canonical":"https:\/\/www.espace-ombrage.com\/blog\/zoom-sur-le-mat-reglable\/","og_locale":"fr_FR","og_type":"article","og_title":"Zoom sur le m\u00e2t pour voile d'ombrage r\u00e9glable ! | Espace Ombrage","og_description":"Le m\u00e2t r\u00e9glable pour voile d'ombrage est une solution mat\u00e9rielle qui allie qualit\u00e9 et flexibilit\u00e9. Il existe des m\u00e2ts \u00e0 sceller, \u00e0 visser, et \u00e0 platines murales.","og_url":"https:\/\/www.espace-ombrage.com\/blog\/zoom-sur-le-mat-reglable\/","og_site_name":"Espace Ombrage","article_published_time":"2013-06-17T10:37:13+00:00","article_modified_time":"2024-11-05T13:28:17+00:00","og_image":[{"width":1180,"height":700,"url":"https:\/\/www.espace-ombrage.com\/blog\/wp-content\/uploads\/2022\/07\/voile-ombrage-triangulaire.jpeg","type":"image\/jpeg"}],"author":"admin-ombrage","twitter_card":"summary_large_image","twitter_misc":{"\u00c9crit par":"admin-ombrage","Dur\u00e9e de lecture estim\u00e9e":"5 minutes"},"schema":{"@context":"https:\/\/schema.org","@graph":[{"@type":"WebPage","@id":"https:\/\/www.espace-ombrage.com\/blog\/zoom-sur-le-mat-reglable\/","url":"https:\/\/www.espace-ombrage.com\/blog\/zoom-sur-le-mat-reglable\/","name":"Zoom sur le m\u00e2t pour voile d'ombrage r\u00e9glable ! | Espace Ombrage","isPartOf":{"@id":"https:\/\/www.espace-ombrage.com\/blog\/#website"},"primaryImageOfPage":{"@id":"https:\/\/www.espace-ombrage.com\/blog\/zoom-sur-le-mat-reglable\/#primaryimage"},"image":{"@id":"https:\/\/www.espace-ombrage.com\/blog\/zoom-sur-le-mat-reglable\/#primaryimage"},"thumbnailUrl":"https:\/\/www.espace-ombrage.com\/blog\/wp-content\/uploads\/2022\/07\/voile-ombrage-triangulaire.jpeg","datePublished":"2013-06-17T10:37:13+00:00","dateModified":"2024-11-05T13:28:17+00:00","author":{"@id":"https:\/\/www.espace-ombrage.com\/blog\/#\/schema\/person\/9b223e71f82520b376e08b8d0d4c7691"},"description":"Le m\u00e2t r\u00e9glable pour voile d'ombrage est une solution mat\u00e9rielle qui allie qualit\u00e9 et flexibilit\u00e9. Il existe des m\u00e2ts \u00e0 sceller, \u00e0 visser, et \u00e0 platines murales.","breadcrumb":{"@id":"https:\/\/www.espace-ombrage.com\/blog\/zoom-sur-le-mat-reglable\/#breadcrumb"},"inLanguage":"fr-FR","potentialAction":[{"@type":"ReadAction","target":["https:\/\/www.espace-ombrage.com\/blog\/zoom-sur-le-mat-reglable\/"]}]},{"@type":"ImageObject","inLanguage":"fr-FR","@id":"https:\/\/www.espace-ombrage.com\/blog\/zoom-sur-le-mat-reglable\/#primaryimage","url":"https:\/\/www.espace-ombrage.com\/blog\/wp-content\/uploads\/2022\/07\/voile-ombrage-triangulaire.jpeg","contentUrl":"https:\/\/www.espace-ombrage.com\/blog\/wp-content\/uploads\/2022\/07\/voile-ombrage-triangulaire.jpeg","width":1180,"height":700,"caption":"Voile d'ombrage triangulaire avec poteau voile ombrage"},{"@type":"BreadcrumbList","@id":"https:\/\/www.espace-ombrage.com\/blog\/zoom-sur-le-mat-reglable\/#breadcrumb","itemListElement":[{"@type":"ListItem","position":1,"name":"Espace Ombrage","item":"https:\/\/www.espace-ombrage.com\/blog\/"},{"@type":"ListItem","position":2,"name":"Zoom sur le m\u00e2t r\u00e9glable !","item":"https:\/\/www.espace-ombrage.com\/blog\/zoom-sur-le-mat-reglable\/"}]},{"@type":"WebSite","@id":"https:\/\/www.espace-ombrage.com\/blog\/#website","url":"https:\/\/www.espace-ombrage.com\/blog\/","name":"Espace Ombrage","description":"","potentialAction":[{"@type":"SearchAction","target":{"@type":"EntryPoint","urlTemplate":"https:\/\/www.espace-ombrage.com\/blog\/?s={search_term_string}"},"query-input":{"@type":"PropertyValueSpecification","valueRequired":true,"valueName":"search_term_string"}}],"inLanguage":"fr-FR"},{"@type":"Person","@id":"https:\/\/www.espace-ombrage.com\/blog\/#\/schema\/person\/9b223e71f82520b376e08b8d0d4c7691","name":"admin-ombrage","image":{"@type":"ImageObject","inLanguage":"fr-FR","@id":"https:\/\/www.espace-ombrage.com\/blog\/#\/schema\/person\/image\/","url":"https:\/\/secure.gravatar.com\/avatar\/da964888ae868660e9f41df5c83a352c8bbcfeb83d9ed86d4d1d93ca7b092bac?s=96&d=mm&r=g","contentUrl":"https:\/\/secure.gravatar.com\/avatar\/da964888ae868660e9f41df5c83a352c8bbcfeb83d9ed86d4d1d93ca7b092bac?s=96&d=mm&r=g","caption":"admin-ombrage"},"url":"https:\/\/www.espace-ombrage.com\/blog\/author\/admin-ombrage\/"}]}},"_links":{"self":[{"href":"https:\/\/www.espace-ombrage.com\/blog\/wp-json\/wp\/v2\/posts\/7","targetHints":{"allow":["GET"]}}],"collection":[{"href":"https:\/\/www.espace-ombrage.com\/blog\/wp-json\/wp\/v2\/posts"}],"about":[{"href":"https:\/\/www.espace-ombrage.com\/blog\/wp-json\/wp\/v2\/types\/post"}],"author":[{"embeddable":true,"href":"https:\/\/www.espace-ombrage.com\/blog\/wp-json\/wp\/v2\/users\/2"}],"replies":[{"embeddable":true,"href":"https:\/\/www.espace-ombrage.com\/blog\/wp-json\/wp\/v2\/comments?post=7"}],"version-history":[{"count":11,"href":"https:\/\/www.espace-ombrage.com\/blog\/wp-json\/wp\/v2\/posts\/7\/revisions"}],"predecessor-version":[{"id":2382,"href":"https:\/\/www.espace-ombrage.com\/blog\/wp-json\/wp\/v2\/posts\/7\/revisions\/2382"}],"wp:featuredmedia":[{"embeddable":true,"href":"https:\/\/www.espace-ombrage.com\/blog\/wp-json\/wp\/v2\/media\/193"}],"wp:attachment":[{"href":"https:\/\/www.espace-ombrage.com\/blog\/wp-json\/wp\/v2\/media?parent=7"}],"wp:term":[{"taxonomy":"category","embeddable":true,"href":"https:\/\/www.espace-ombrage.com\/blog\/wp-json\/wp\/v2\/categories?post=7"},{"taxonomy":"post_tag","embeddable":true,"href":"https:\/\/www.espace-ombrage.com\/blog\/wp-json\/wp\/v2\/tags?post=7"}],"curies":[{"name":"wp","href":"https:\/\/api.w.org\/{rel}","templated":true}]}}