{"id":76,"date":"2021-09-01T13:58:15","date_gmt":"2021-09-01T11:58:15","guid":{"rendered":"https:\/\/www.espace-ombrage.com\/blog\/2021\/09\/01\/quelle-gamme-de-voile-choisir-pour-sa-voile-de-jardin\/"},"modified":"2025-03-17T14:44:40","modified_gmt":"2025-03-17T13:44:40","slug":"quelle-gamme-de-voile-choisir-pour-sa-voile-de-jardin","status":"publish","type":"post","link":"https:\/\/www.espace-ombrage.com\/blog\/quelle-gamme-de-voile-choisir-pour-sa-voile-de-jardin\/","title":{"rendered":"Quelle gamme de voile choisir pour sa voile de jardin ?"},"content":{"rendered":"<p style=\"text-align: justify;\">Quel tissu, quel coloris, quel format pour sa <span style=\"text-decoration: underline;\"><a href=\"https:\/\/www.espace-ombrage.com\/fr\/3-voile-d-ombrage\" target=\"_blank\" rel=\"noopener noreferrer\"><strong>voile de jardin<\/strong>,<\/a> <\/span>etc. Toutes ces questions sont primordiales lorsqu\u2019on a un projet de <strong>voile d\u2019ombrage<\/strong> pour sa terrasse ou son jardin.<\/p>\n<p style=\"text-align: justify;\">Tout d\u2019abord, quelle gamme de voile choisir pour sa voile d\u2019ombrage ? Nous vous proposons plusieurs matie\u0300res, pour des usages diff\u00e9rents selon votre environnement et vos besoins.<\/p>\n<p style=\"text-align: justify;\">Chez <strong>Espace Ombrage<\/strong>, il existe diffe\u0301rentes gammes de voile de jardin.<\/p>\n<h2>Choisir sa gamme de voile de jardin<\/h2>\n<ul>\n<li style=\"text-align: justify;\"><a href=\"https:\/\/www.espace-ombrage.com\/fr\/voile-d-ombrage-resistante-au-vent\/100-australe-220.html\" target=\"_blank\" rel=\"noopener noreferrer\">L\u2019<span style=\"text-decoration: underline;\">Australe 220<\/span><\/a> est une <a href=\"https:\/\/www.espace-ombrage.com\/fr\/content\/128-voile-dombrage-pas-chere\"><strong><span style=\"text-decoration: underline;\">voile d&rsquo;ombrage pas ch\u00e8re<\/span><\/strong><\/a> de 220 grammes par m2. C\u2019est une toile ajoure\u0301e qui laisse passer l\u2019air et l\u2019eau. C\u2019est une toile qui prote\u0300ge votre terrasse et qui re\u0301siste a\u0300 des vents entre 60 et 80km\/h.<\/li>\n<li style=\"text-align: justify;\"><a href=\"https:\/\/www.espace-ombrage.com\/fr\/voile-d-ombrage-resistante-au-vent\/120-australe-340.html\" target=\"_blank\" rel=\"noopener noreferrer\">L\u2019<span style=\"text-decoration: underline;\">Australe 340<\/span><\/a> est une voile e\u0301galement ajour\u00e9e, qui cette fois fait 340 grammes par m2. C\u2019est une <strong>toile ajoure\u0301e<\/strong> qui re\u0301siste a\u0300 des vents allant jusqu\u2019a\u0300 80km\/h. La voile d\u2019ombrage Australe 340 be\u0301ne\u0301ficie d\u2019une couture renforce\u0301e aux angles, ce qui permet de re\u0301sister a\u0300 des vents plus forts.<\/li>\n<li><span style=\"text-decoration: underline;\"><a href=\"https:\/\/www.espace-ombrage.com\/fr\/voile-d-ombrage-deperlante\/9398-voile-impermeable-solar-200.html\" target=\"_blank\" rel=\"noopener\">La Solar 200<\/a><\/span> est notre <strong>voile d&rsquo;ombrage imperm\u00e9able d&rsquo;entr\u00e9e de gamme<\/strong>. Elle est d\u00e9j\u00e0 disponible en stock dans des tailles standards et r\u00e9siste \u00e0 des vents jusque 40km\/h. Attention, elle n\u00e9cessite une pente de 25% pour l&rsquo;\u00e9coulement naturel des eaux de pluie.<\/li>\n<li><a href=\"https:\/\/www.espace-ombrage.com\/fr\/voile-d-ombrage-deperlante\/119-acryl-300.html\" target=\"_blank\" rel=\"noopener noreferrer\">L\u2019<span style=\"text-decoration: underline;\">Acryl 300<\/span><\/a> est une <strong>toile imperme\u0301able<\/strong>. C\u2019est une toile d\u2019ombrage qui a les me\u0302mes caracte\u0301ristiques qu\u2019une ba\u0302che qui prote\u0300ge des averses. Comme pour la Solar 200, cette voile d\u2019ombrage ne\u0301cessite une pente de 25% lors de son installation. Cette pente doit e\u0302tre applique\u0301e pour e\u0301viter de cre\u0301er des poches d\u2019eau sur la toile. Elle re\u0301siste a\u0300 des forces de vents infe\u0301rieurs (60km\/h maximum) car cette toile ne laisse passer ni eau ni air.<\/li>\n<\/ul>\n<h2>Quel coloris choisir pour sa toile tendue dans son jardin ?<\/h2>\n<p style=\"text-align: justify;\">Aujourd&rsquo;hui, on prend soin de son espace ext\u00e9rieur de la m\u00eame fa\u00e7on que son int\u00e9rieur. On privil\u00e9gie les produits design et esth\u00e9tiques pour d\u00e9corer sa terrasse et sa maison.\u00a0Am\u00e9nager son jardin, assortir les coloris \u00e0 son univers sont des must.<\/p>\n<p style=\"text-align: justify;\">Les <strong>voiles d&rsquo;ombrage<\/strong> sont tendances. Ce sont des produits designs qui sont \u00e0 la fois d\u00e9coratifs et fonctionnels. La voile de jardin, c&rsquo;est un r\u00e9el plus pour am\u00e9nager sa terrasse ou son jardin.<\/p>\n<p style=\"text-align: justify;\">La forme est importante, mais la question qui revient le plus souvent concerne le coloris.<\/p>\n<p style=\"text-align: justify;\">Quel coloris choisir pour ma voile d&rsquo;ombrage ? Comment accorder ma d\u00e9coration ext\u00e9rieure \u00e0 ma voile ? Quel ton choisir, fonc\u00e9 ou clair ?<\/p>\n<p style=\"text-align: justify;\">Contrairement \u00e0 ce que l&rsquo;on pense, plus le coloris est fonc\u00e9, plus le sentiment de fra\u00eecheur est accentu\u00e9. En effet, la r\u00e9verb\u00e9ration du sol est ainsi att\u00e9nu\u00e9e sur l&rsquo;espace \u00e0 ombrager.<\/p>\n<p style=\"text-align: justify;\">Il est important de savoir que peu importe le coloris de votre voile, celui-ci n&rsquo;impactera pas la filtration des UV qui est sup\u00e9rieur ou \u00e9gale \u00e0 97%.<\/p>\n<p>Nos tons clairs sont les suivants :<\/p>\n<ul>\n<li>Pour les gammes de voile Acryl 300\n<ul>\n<li>Blanc<\/li>\n<li>Ecru<\/li>\n<li>Mastic<\/li>\n<li>Beige<\/li>\n<li>Sliver<\/li>\n<li>Olive<\/li>\n<\/ul>\n<\/li>\n<\/ul>\n<p><img fetchpriority=\"high\" decoding=\"async\" class=\"aligncenter\" src=\"https:\/\/www.espace-ombrage.com\/blog\/wp-content\/uploads\/2022\/07\/toile-ombrage-effet-vrille-1024x607.jpeg\" alt=\"Toile d'ombrage vrill\u00e9e\" width=\"580\" height=\"344\" \/><\/p>\n<ul>\n<li>Pour la gamme Australe 340, et Australe 220 les voici :\n<ul>\n<li>Blanc<\/li>\n<li>Naturel<\/li>\n<li>Ivoire (Australe 220)<\/li>\n<li>Sable<\/li>\n<\/ul>\n<\/li>\n<\/ul>\n<p><img decoding=\"async\" class=\"aligncenter\" src=\"https:\/\/www.espace-ombrage.com\/blog\/wp-content\/uploads\/2013\/07\/voile-ombrage-enrouleur-819x1024.jpeg\" alt=\"Voile d'ombrage imperm\u00e9able \u00e0 enrouleur\" width=\"328\" height=\"410\" \/><\/p>\n<p>Ce sont des coloris qui apporteront un c\u00f4t\u00e9 lumineux \u00e0 votre ext\u00e9rieur.<\/p>\n<p style=\"text-align: justify;\">Attendez-vous \u00e0 sortir les lunettes de soleil en-dessous, car la voile claire procurera un sentiment d&rsquo;\u00e9blouissement plus important notamment pour les voiles micro perfor\u00e9es.<\/p>\n<ul>\n<li style=\"text-align: justify;\">Voici les coloris fonc\u00e9s de la gamme de voile de jardin Australe 340 :\n<ul>\n<li>Anthracite<\/li>\n<li>M\u00e9tal<\/li>\n<li>Ocre<\/li>\n<li>Sapin<\/li>\n<li>Navy<\/li>\n<\/ul>\n<\/li>\n<\/ul>\n<p><img decoding=\"async\" class=\"aligncenter size-full wp-image-2533\" src=\"https:\/\/www.espace-ombrage.com\/blog\/wp-content\/uploads\/2021\/09\/toile-triangle-hotel.jpg\" alt=\"Toiles d'ombrage triangles ajour\u00e9es noirs et blanc pour terrasse h\u00f4tel\" width=\"300\" height=\"300\" srcset=\"https:\/\/www.espace-ombrage.com\/blog\/wp-content\/uploads\/2021\/09\/toile-triangle-hotel.jpg 300w, https:\/\/www.espace-ombrage.com\/blog\/wp-content\/uploads\/2021\/09\/toile-triangle-hotel-150x150.jpg 150w\" sizes=\"(max-width: 300px) 100vw, 300px\" \/><\/p>\n<p style=\"text-align: justify;\">Vous avez \u00e9galement des coloris interm\u00e9diaires comme le Cayenne, Ciel, Noisette ou \u00c9carlate.<\/p>\n<p>Les coloris fonc\u00e9s de notre gamme Acryl 300 sont :<\/p>\n<ul>\n<li>Anthracite<\/li>\n<li>Noir<\/li>\n<li>Oc\u00e9an<\/li>\n<li>Gris souris<\/li>\n<li>Bordeaux<\/li>\n<li>Mauve<\/li>\n<\/ul>\n<p><img loading=\"lazy\" decoding=\"async\" class=\"aligncenter  wp-image-2532\" src=\"https:\/\/www.espace-ombrage.com\/blog\/wp-content\/uploads\/2021\/09\/fixation-voile-d-ombrage-impermeable-terrasse.jpg\" alt=\"Voiles ombrage triangulaires imperm\u00e9ables avec piquets noirs pr\u00e8s d'une piscine\" width=\"300\" height=\"300\" srcset=\"https:\/\/www.espace-ombrage.com\/blog\/wp-content\/uploads\/2021\/09\/fixation-voile-d-ombrage-impermeable-terrasse.jpg 540w, https:\/\/www.espace-ombrage.com\/blog\/wp-content\/uploads\/2021\/09\/fixation-voile-d-ombrage-impermeable-terrasse-300x300.jpg 300w, https:\/\/www.espace-ombrage.com\/blog\/wp-content\/uploads\/2021\/09\/fixation-voile-d-ombrage-impermeable-terrasse-150x150.jpg 150w\" sizes=\"(max-width: 300px) 100vw, 300px\" \/><\/p>\n<h2>Comment se prot\u00e9ger de la chaleur sous les voiles d&rsquo;ombrage ?<\/h2>\n<p style=\"text-align: justify;\">Plus le coloris est fonce\u0301 plus il donne <b>un sentiment de fraicheur sous la voile<\/b> et plus le sentiment d\u2019e\u0301blouissement est atte\u0301nue\u0301. A vous de de\u0301cider quelles sont vos pre\u0301fe\u0301rences.<\/p>\n<p style=\"text-align: justify;\">Les coloris tendances du moment s\u2019orientent vers les tons naturel, sable et taupe ou les coloris gris.<br \/>\n<span style=\"text-decoration: underline;\">Varier les coloris clairs est tre\u0300s a\u0300 la mode en ce moment<\/span> : nous avons souvent des clients qui choisissent de cre\u0301er un espace convivial a\u0300 l\u2019aide d\u2019installation multi voiles aux tons sable, naturel et ivoire.<\/p>\n<p style=\"text-align: justify;\">En effet, jouer avec les coloris des voiles se fait de plus en plus. Choisir des couleurs comple\u0301mentaires comme le me\u0301tal et l\u2019anthracite donne un aspect design et de\u0301co et rappellera probablement les huisseries. Ajouter des tons chauds comme le cayenne et l\u2019ocre vont re\u0301chauffer l\u2019ambiance et e\u0301ventuellement rappeler le coloris des tuiles.<\/p>\n<p style=\"text-align: justify;\">On va se\u0301lectionner le coloris ciel et e\u0301carlate pour dynamiser une terrasse en bord de mer. 1001 fac\u0327ons de jouer avec l\u2019ombrage de sa terrasse.<\/p>\n<p style=\"text-align: justify;\">Si vous souhaitez demander un e\u0301chantillon, c\u2019est par ici :<\/p>\n<p style=\"text-align: center;\"><a href=\"https:\/\/www.espace-ombrage.com\/fr\/content\/8-demande-d-echantillon-de-voile-d-ombrage\"><span style=\"text-decoration: underline;\">Demander mon \u00e9chantillon <\/span><\/a><\/p>\n","protected":false},"excerpt":{"rendered":"<p>Quel tissu, quel coloris, quel format pour sa voile de jardin\u2026 Toutes ces questions sont primordiales lorsqu\u2019on a un projet de voile d\u2019ombrage pour sa terrasse ou son jardin.<br \/>\nTout d\u2019abord, quelle gamme de voile choisir pour sa voile d\u2019ombrage ? <\/p>\n","protected":false},"author":2,"featured_media":546,"comment_status":"open","ping_status":"open","sticky":false,"template":"","format":"standard","meta":{"footnotes":""},"categories":[5],"tags":[],"class_list":["post-76","post","type-post","status-publish","format-standard","has-post-thumbnail","hentry","category-nos-conseils"],"yoast_head":"<!-- This site is optimized with the Yoast SEO plugin v23.6 - https:\/\/yoast.com\/wordpress\/plugins\/seo\/ -->\n<title>Quelle gamme de voile, toile choisir pour sa voile, toile de jardin ? | Espace Ombrage<\/title>\n<meta name=\"description\" content=\"Quel tissu, quel coloris, quel format pour sa voile de jardin... Toutes ces questions sont primordiales lorsqu\u2019on a un projet de voile d\u2019ombrage pour sa terrasse ou son jardin.\" \/>\n<meta name=\"robots\" content=\"index, follow, max-snippet:-1, max-image-preview:large, max-video-preview:-1\" \/>\n<link rel=\"canonical\" href=\"https:\/\/www.espace-ombrage.com\/blog\/quelle-gamme-de-voile-choisir-pour-sa-voile-de-jardin\/\" \/>\n<meta property=\"og:locale\" content=\"fr_FR\" \/>\n<meta property=\"og:type\" content=\"article\" \/>\n<meta property=\"og:title\" content=\"Quelle gamme de voile, toile choisir pour sa voile, toile de jardin ? | Espace Ombrage\" \/>\n<meta property=\"og:description\" content=\"Quel tissu, quel coloris, quel format pour sa voile de jardin... Toutes ces questions sont primordiales lorsqu\u2019on a un projet de voile d\u2019ombrage pour sa terrasse ou son jardin.\" \/>\n<meta property=\"og:url\" content=\"https:\/\/www.espace-ombrage.com\/blog\/quelle-gamme-de-voile-choisir-pour-sa-voile-de-jardin\/\" \/>\n<meta property=\"og:site_name\" content=\"Espace Ombrage\" \/>\n<meta property=\"article:published_time\" content=\"2021-09-01T11:58:15+00:00\" \/>\n<meta property=\"article:modified_time\" content=\"2025-03-17T13:44:40+00:00\" \/>\n<meta property=\"og:image\" content=\"https:\/\/www.espace-ombrage.com\/blog\/wp-content\/uploads\/2021\/09\/gammes-coloris-voiles-scaled.jpg\" \/>\n\t<meta property=\"og:image:width\" content=\"2560\" \/>\n\t<meta property=\"og:image:height\" content=\"1920\" \/>\n\t<meta property=\"og:image:type\" content=\"image\/jpeg\" \/>\n<meta name=\"author\" content=\"admin-ombrage\" \/>\n<meta name=\"twitter:card\" content=\"summary_large_image\" \/>\n<meta name=\"twitter:label1\" content=\"\u00c9crit par\" \/>\n\t<meta name=\"twitter:data1\" content=\"admin-ombrage\" \/>\n\t<meta name=\"twitter:label2\" content=\"Dur\u00e9e de lecture estim\u00e9e\" \/>\n\t<meta name=\"twitter:data2\" content=\"5 minutes\" \/>\n<script type=\"application\/ld+json\" class=\"yoast-schema-graph\">{\"@context\":\"https:\/\/schema.org\",\"@graph\":[{\"@type\":\"WebPage\",\"@id\":\"https:\/\/www.espace-ombrage.com\/blog\/quelle-gamme-de-voile-choisir-pour-sa-voile-de-jardin\/\",\"url\":\"https:\/\/www.espace-ombrage.com\/blog\/quelle-gamme-de-voile-choisir-pour-sa-voile-de-jardin\/\",\"name\":\"Quelle gamme de voile, toile choisir pour sa voile, toile de jardin ? | Espace Ombrage\",\"isPartOf\":{\"@id\":\"https:\/\/www.espace-ombrage.com\/blog\/#website\"},\"primaryImageOfPage\":{\"@id\":\"https:\/\/www.espace-ombrage.com\/blog\/quelle-gamme-de-voile-choisir-pour-sa-voile-de-jardin\/#primaryimage\"},\"image\":{\"@id\":\"https:\/\/www.espace-ombrage.com\/blog\/quelle-gamme-de-voile-choisir-pour-sa-voile-de-jardin\/#primaryimage\"},\"thumbnailUrl\":\"https:\/\/www.espace-ombrage.com\/blog\/wp-content\/uploads\/2021\/09\/gammes-coloris-voiles-scaled.jpg\",\"datePublished\":\"2021-09-01T11:58:15+00:00\",\"dateModified\":\"2025-03-17T13:44:40+00:00\",\"author\":{\"@id\":\"https:\/\/www.espace-ombrage.com\/blog\/#\/schema\/person\/9b223e71f82520b376e08b8d0d4c7691\"},\"description\":\"Quel tissu, quel coloris, quel format pour sa voile de jardin... Toutes ces questions sont primordiales lorsqu\u2019on a un projet de voile d\u2019ombrage pour sa terrasse ou son jardin.\",\"breadcrumb\":{\"@id\":\"https:\/\/www.espace-ombrage.com\/blog\/quelle-gamme-de-voile-choisir-pour-sa-voile-de-jardin\/#breadcrumb\"},\"inLanguage\":\"fr-FR\",\"potentialAction\":[{\"@type\":\"ReadAction\",\"target\":[\"https:\/\/www.espace-ombrage.com\/blog\/quelle-gamme-de-voile-choisir-pour-sa-voile-de-jardin\/\"]}]},{\"@type\":\"ImageObject\",\"inLanguage\":\"fr-FR\",\"@id\":\"https:\/\/www.espace-ombrage.com\/blog\/quelle-gamme-de-voile-choisir-pour-sa-voile-de-jardin\/#primaryimage\",\"url\":\"https:\/\/www.espace-ombrage.com\/blog\/wp-content\/uploads\/2021\/09\/gammes-coloris-voiles-scaled.jpg\",\"contentUrl\":\"https:\/\/www.espace-ombrage.com\/blog\/wp-content\/uploads\/2021\/09\/gammes-coloris-voiles-scaled.jpg\",\"width\":2560,\"height\":1920,\"caption\":\"Coloris de nos toiles d\u00e9perlantes\"},{\"@type\":\"BreadcrumbList\",\"@id\":\"https:\/\/www.espace-ombrage.com\/blog\/quelle-gamme-de-voile-choisir-pour-sa-voile-de-jardin\/#breadcrumb\",\"itemListElement\":[{\"@type\":\"ListItem\",\"position\":1,\"name\":\"Espace Ombrage\",\"item\":\"https:\/\/www.espace-ombrage.com\/blog\/\"},{\"@type\":\"ListItem\",\"position\":2,\"name\":\"Quelle gamme de voile choisir pour sa voile de jardin ?\",\"item\":\"https:\/\/www.espace-ombrage.com\/blog\/quelle-gamme-de-voile-choisir-pour-sa-voile-de-jardin\/\"}]},{\"@type\":\"WebSite\",\"@id\":\"https:\/\/www.espace-ombrage.com\/blog\/#website\",\"url\":\"https:\/\/www.espace-ombrage.com\/blog\/\",\"name\":\"Espace Ombrage\",\"description\":\"\",\"potentialAction\":[{\"@type\":\"SearchAction\",\"target\":{\"@type\":\"EntryPoint\",\"urlTemplate\":\"https:\/\/www.espace-ombrage.com\/blog\/?s={search_term_string}\"},\"query-input\":{\"@type\":\"PropertyValueSpecification\",\"valueRequired\":true,\"valueName\":\"search_term_string\"}}],\"inLanguage\":\"fr-FR\"},{\"@type\":\"Person\",\"@id\":\"https:\/\/www.espace-ombrage.com\/blog\/#\/schema\/person\/9b223e71f82520b376e08b8d0d4c7691\",\"name\":\"admin-ombrage\",\"image\":{\"@type\":\"ImageObject\",\"inLanguage\":\"fr-FR\",\"@id\":\"https:\/\/www.espace-ombrage.com\/blog\/#\/schema\/person\/image\/\",\"url\":\"https:\/\/secure.gravatar.com\/avatar\/da964888ae868660e9f41df5c83a352c8bbcfeb83d9ed86d4d1d93ca7b092bac?s=96&d=mm&r=g\",\"contentUrl\":\"https:\/\/secure.gravatar.com\/avatar\/da964888ae868660e9f41df5c83a352c8bbcfeb83d9ed86d4d1d93ca7b092bac?s=96&d=mm&r=g\",\"caption\":\"admin-ombrage\"},\"url\":\"https:\/\/www.espace-ombrage.com\/blog\/author\/admin-ombrage\/\"}]}<\/script>\n<!-- \/ Yoast SEO plugin. -->","yoast_head_json":{"title":"Quelle gamme de voile, toile choisir pour sa voile, toile de jardin ? | Espace Ombrage","description":"Quel tissu, quel coloris, quel format pour sa voile de jardin... Toutes ces questions sont primordiales lorsqu\u2019on a un projet de voile d\u2019ombrage pour sa terrasse ou son jardin.","robots":{"index":"index","follow":"follow","max-snippet":"max-snippet:-1","max-image-preview":"max-image-preview:large","max-video-preview":"max-video-preview:-1"},"canonical":"https:\/\/www.espace-ombrage.com\/blog\/quelle-gamme-de-voile-choisir-pour-sa-voile-de-jardin\/","og_locale":"fr_FR","og_type":"article","og_title":"Quelle gamme de voile, toile choisir pour sa voile, toile de jardin ? | Espace Ombrage","og_description":"Quel tissu, quel coloris, quel format pour sa voile de jardin... Toutes ces questions sont primordiales lorsqu\u2019on a un projet de voile d\u2019ombrage pour sa terrasse ou son jardin.","og_url":"https:\/\/www.espace-ombrage.com\/blog\/quelle-gamme-de-voile-choisir-pour-sa-voile-de-jardin\/","og_site_name":"Espace Ombrage","article_published_time":"2021-09-01T11:58:15+00:00","article_modified_time":"2025-03-17T13:44:40+00:00","og_image":[{"width":2560,"height":1920,"url":"https:\/\/www.espace-ombrage.com\/blog\/wp-content\/uploads\/2021\/09\/gammes-coloris-voiles-scaled.jpg","type":"image\/jpeg"}],"author":"admin-ombrage","twitter_card":"summary_large_image","twitter_misc":{"\u00c9crit par":"admin-ombrage","Dur\u00e9e de lecture estim\u00e9e":"5 minutes"},"schema":{"@context":"https:\/\/schema.org","@graph":[{"@type":"WebPage","@id":"https:\/\/www.espace-ombrage.com\/blog\/quelle-gamme-de-voile-choisir-pour-sa-voile-de-jardin\/","url":"https:\/\/www.espace-ombrage.com\/blog\/quelle-gamme-de-voile-choisir-pour-sa-voile-de-jardin\/","name":"Quelle gamme de voile, toile choisir pour sa voile, toile de jardin ? | Espace Ombrage","isPartOf":{"@id":"https:\/\/www.espace-ombrage.com\/blog\/#website"},"primaryImageOfPage":{"@id":"https:\/\/www.espace-ombrage.com\/blog\/quelle-gamme-de-voile-choisir-pour-sa-voile-de-jardin\/#primaryimage"},"image":{"@id":"https:\/\/www.espace-ombrage.com\/blog\/quelle-gamme-de-voile-choisir-pour-sa-voile-de-jardin\/#primaryimage"},"thumbnailUrl":"https:\/\/www.espace-ombrage.com\/blog\/wp-content\/uploads\/2021\/09\/gammes-coloris-voiles-scaled.jpg","datePublished":"2021-09-01T11:58:15+00:00","dateModified":"2025-03-17T13:44:40+00:00","author":{"@id":"https:\/\/www.espace-ombrage.com\/blog\/#\/schema\/person\/9b223e71f82520b376e08b8d0d4c7691"},"description":"Quel tissu, quel coloris, quel format pour sa voile de jardin... Toutes ces questions sont primordiales lorsqu\u2019on a un projet de voile d\u2019ombrage pour sa terrasse ou son jardin.","breadcrumb":{"@id":"https:\/\/www.espace-ombrage.com\/blog\/quelle-gamme-de-voile-choisir-pour-sa-voile-de-jardin\/#breadcrumb"},"inLanguage":"fr-FR","potentialAction":[{"@type":"ReadAction","target":["https:\/\/www.espace-ombrage.com\/blog\/quelle-gamme-de-voile-choisir-pour-sa-voile-de-jardin\/"]}]},{"@type":"ImageObject","inLanguage":"fr-FR","@id":"https:\/\/www.espace-ombrage.com\/blog\/quelle-gamme-de-voile-choisir-pour-sa-voile-de-jardin\/#primaryimage","url":"https:\/\/www.espace-ombrage.com\/blog\/wp-content\/uploads\/2021\/09\/gammes-coloris-voiles-scaled.jpg","contentUrl":"https:\/\/www.espace-ombrage.com\/blog\/wp-content\/uploads\/2021\/09\/gammes-coloris-voiles-scaled.jpg","width":2560,"height":1920,"caption":"Coloris de nos toiles d\u00e9perlantes"},{"@type":"BreadcrumbList","@id":"https:\/\/www.espace-ombrage.com\/blog\/quelle-gamme-de-voile-choisir-pour-sa-voile-de-jardin\/#breadcrumb","itemListElement":[{"@type":"ListItem","position":1,"name":"Espace Ombrage","item":"https:\/\/www.espace-ombrage.com\/blog\/"},{"@type":"ListItem","position":2,"name":"Quelle gamme de voile choisir pour sa voile de jardin ?","item":"https:\/\/www.espace-ombrage.com\/blog\/quelle-gamme-de-voile-choisir-pour-sa-voile-de-jardin\/"}]},{"@type":"WebSite","@id":"https:\/\/www.espace-ombrage.com\/blog\/#website","url":"https:\/\/www.espace-ombrage.com\/blog\/","name":"Espace Ombrage","description":"","potentialAction":[{"@type":"SearchAction","target":{"@type":"EntryPoint","urlTemplate":"https:\/\/www.espace-ombrage.com\/blog\/?s={search_term_string}"},"query-input":{"@type":"PropertyValueSpecification","valueRequired":true,"valueName":"search_term_string"}}],"inLanguage":"fr-FR"},{"@type":"Person","@id":"https:\/\/www.espace-ombrage.com\/blog\/#\/schema\/person\/9b223e71f82520b376e08b8d0d4c7691","name":"admin-ombrage","image":{"@type":"ImageObject","inLanguage":"fr-FR","@id":"https:\/\/www.espace-ombrage.com\/blog\/#\/schema\/person\/image\/","url":"https:\/\/secure.gravatar.com\/avatar\/da964888ae868660e9f41df5c83a352c8bbcfeb83d9ed86d4d1d93ca7b092bac?s=96&d=mm&r=g","contentUrl":"https:\/\/secure.gravatar.com\/avatar\/da964888ae868660e9f41df5c83a352c8bbcfeb83d9ed86d4d1d93ca7b092bac?s=96&d=mm&r=g","caption":"admin-ombrage"},"url":"https:\/\/www.espace-ombrage.com\/blog\/author\/admin-ombrage\/"}]}},"_links":{"self":[{"href":"https:\/\/www.espace-ombrage.com\/blog\/wp-json\/wp\/v2\/posts\/76","targetHints":{"allow":["GET"]}}],"collection":[{"href":"https:\/\/www.espace-ombrage.com\/blog\/wp-json\/wp\/v2\/posts"}],"about":[{"href":"https:\/\/www.espace-ombrage.com\/blog\/wp-json\/wp\/v2\/types\/post"}],"author":[{"embeddable":true,"href":"https:\/\/www.espace-ombrage.com\/blog\/wp-json\/wp\/v2\/users\/2"}],"replies":[{"embeddable":true,"href":"https:\/\/www.espace-ombrage.com\/blog\/wp-json\/wp\/v2\/comments?post=76"}],"version-history":[{"count":30,"href":"https:\/\/www.espace-ombrage.com\/blog\/wp-json\/wp\/v2\/posts\/76\/revisions"}],"predecessor-version":[{"id":5425,"href":"https:\/\/www.espace-ombrage.com\/blog\/wp-json\/wp\/v2\/posts\/76\/revisions\/5425"}],"wp:featuredmedia":[{"embeddable":true,"href":"https:\/\/www.espace-ombrage.com\/blog\/wp-json\/wp\/v2\/media\/546"}],"wp:attachment":[{"href":"https:\/\/www.espace-ombrage.com\/blog\/wp-json\/wp\/v2\/media?parent=76"}],"wp:term":[{"taxonomy":"category","embeddable":true,"href":"https:\/\/www.espace-ombrage.com\/blog\/wp-json\/wp\/v2\/categories?post=76"},{"taxonomy":"post_tag","embeddable":true,"href":"https:\/\/www.espace-ombrage.com\/blog\/wp-json\/wp\/v2\/tags?post=76"}],"curies":[{"name":"wp","href":"https:\/\/api.w.org\/{rel}","templated":true}]}}